{"id":26298,"date":"2021-09-03T14:01:22","date_gmt":"2021-09-03T12:01:22","guid":{"rendered":"https:\/\/www.cfpmaresme.org\/?p=26298"},"modified":"2021-09-03T14:28:51","modified_gmt":"2021-09-03T12:28:51","slug":"referents-el-proyecto-de-mentoria-social-que-se-inicia-en-mataro-con-la-participacion-de-10-jovenes-acompanados-desde-el-cfp","status":"publish","type":"post","link":"https:\/\/cfpmaresme.org\/es\/referents-el-proyecto-de-mentoria-social-que-se-inicia-en-mataro-con-la-participacion-de-10-jovenes-acompanados-desde-el-cfp\/","title":{"rendered":"&#8216;Referents&#8217; el proyecto de mentor\u00eda social que se inicia en Matar\u00f3, con la participaci\u00f3n de 10 j\u00f3venes acompa\u00f1ados desde el CFP"},"content":{"rendered":"<h4>Una iniciativa organizada por AV Rocafonda con el soporte de Punt de Refer\u00e8ncia que cuenta con la colaboraci\u00f3n econ\u00f3mica de la Diputaci\u00f3 de Barcelona y del Ayuntamiento de Matar\u00f3.<\/h4>\n<p>&nbsp;<\/p>\n<p>La Associaci\u00f3 de Ve\u00efns Rocafonda est\u00e1 buscando <strong>mataronines y mataroninas<\/strong> <strong>de entre 30 y 65 a\u00f1os que tengan ganas de compartir vivencias con j\u00f3venes <\/strong>que hace poco que residen en la ciudad. Para explicar de forma m\u00e1s detallada el programa ha organizado una <strong>sesi\u00f3n informativa telem\u00e1tica<\/strong> el pr\u00f3ximo martes <strong>7 de septiembre a las 7 de la tarde<\/strong>. Para participar es necesario enviar un correo a la direcci\u00f3n <strong>info@avrocafonda.com<\/strong><\/p>\n<p>&nbsp;<\/p>\n<h3>La mentor\u00eda social: un espacio de convivencia y fusi\u00f3n cultural<\/h3>\n<p>La mentor\u00eda incentiva la creaci\u00f3n de v\u00ednculos entre personas que se encuentran en situaci\u00f3n de vulnerabilidad y otras que, voluntariamente, se ofrecen para ayudarlas. un profesional promociona esta relaci\u00f3n y la tutoriza.<\/p>\n<p>En el caso de \u2018Referents\u2019 las personas mentoras establecen un espacio de convivencia con juventud que hace poco que ha llegado al territorio. Durante estos ratos conversan, hacen actividades e intercambian experiencias. La persona adulta transmite a la joven la cultura y las tradiciones de aqu\u00ed y le explica todo aquello que le suscita inter\u00e9s. As\u00ed mismo, ve la realidad de la juventud que llega para iniciar una nueva vida. As\u00ed pues, se crea una fusi\u00f3n cultural durante estos encuentros.<\/p>\n<p>El objetivo doble: <strong>incluir a la juventud<\/strong> y <strong>romper prejuicios <\/strong>sobre este colectivo. As\u00ed, <strong>mejora la convivencia.<\/strong> Este espacio tambi\u00e9n propicia que las personas j\u00f3venes salgan de su entorno y se relacionen con otras de una edad distinta, que conocen bien la realidad del sitio en el que inician una nueva etapa vital.<\/p>\n<p>&nbsp;<\/p>\n<h3>Punt de refer\u00e8ncia, entidad experta en mentor\u00eda<\/h3>\n<p>La asociaci\u00f3n <a href=\"https:\/\/www.puntdereferencia.org\/\" target=\"_blank\" rel=\"noopener noreferrer\">Punt de refer\u00e8ncia<\/a> es pionera en ofrecer mentor\u00eda social a juventud extutelada a trav\u00e9s de distintos proyectos, como el\u00a0<a href=\"https:\/\/www.puntdereferencia.org\/project\/referents\/\" target=\"_blank\" rel=\"noopener noreferrer\"> \u2018Referents\u2019<\/a>. Su tarea va m\u00e1s all\u00e1 de promover los encuentros. Hay una persona profesional que se encarga de hacer la selecci\u00f3n de las personas mentoras, formarlas y, despu\u00e9s, hacer los emparejamientos con los j\u00f3venes. Adem\u00e1s, a lo largo de todo el proceso de mentor\u00eda, hace seguimiento y apoyo.<\/p>\n<p>La <strong>mentor\u00eda social<\/strong> es un<strong> recurso muy potente <\/strong>para que los j\u00f3venes que acaban de iniciar su proyecto vital a otro pa\u00eds se sientan acogidos y conozcan de manera c\u00f3moda y pr\u00f3xima la realidad cultural y social de esta. As\u00ed mismo, es una herramienta m\u00e1s para que la poblaci\u00f3n deje de lado los prejuicios hacia este colectivo y una v\u00eda de lucha contra el estigma.<\/p>\n<p>Formar parte de este proyecto desde el inicio es una muy buena noticia para el CFP. Desde aqu\u00ed queremos <strong>agradecer especialmente a AV Rocafonda y Punt de Refer\u00e8ncia<\/strong> que nos permita participar ayudando, as\u00ed, a la juventud que atendemos a tener una buena acogida y la posiblidad de dar a conocer su realidad.<\/p>\n","protected":false},"excerpt":{"rendered":"<p>Una iniciativa organizada por AV Rocafonda con el soporte de Punt de Refer\u00e8ncia que cuenta con la colaboraci\u00f3n econ\u00f3mica de la Diputaci\u00f3 de Barcelona y del Ayuntamiento de Matar\u00f3. &nbsp; La Associaci\u00f3 de Ve\u00efns Rocafonda est\u00e1 buscando mataronines y mataroninas de entre 30 y 65&#8230;<\/p>\n","protected":false},"author":2,"featured_media":26279,"comment_status":"open","ping_status":"open","sticky":false,"template":"","format":"standard","meta":{"footnotes":""},"categories":[1144,1244],"tags":[],"class_list":["post-26298","post","type-post","status-publish","format-standard","has-post-thumbnail","hentry","category-infancia-y-familia","category-pisos-jovenes"],"yoast_head":"<!-- This site is optimized with the Yoast SEO plugin v27.4 - https:\/\/yoast.com\/product\/yoast-seo-wordpress\/ -->\n<title>&#039;Referents&#039; el proyecto de mentor\u00eda social que se inicia en Matar\u00f3, con la participaci\u00f3n de 10 j\u00f3venes acompa\u00f1ados desde el CFP | CFP Maresme<\/title>\n<meta name=\"robots\" content=\"index, follow, max-snippet:-1, max-image-preview:large, max-video-preview:-1\" \/>\n<link rel=\"canonical\" href=\"https:\/\/cfpmaresme.org\/es\/referents-el-proyecto-de-mentoria-social-que-se-inicia-en-mataro-con-la-participacion-de-10-jovenes-acompanados-desde-el-cfp\/\" \/>\n<meta property=\"og:locale\" content=\"es_ES\" \/>\n<meta property=\"og:type\" content=\"article\" \/>\n<meta property=\"og:title\" content=\"&#039;Referents&#039; el proyecto de mentor\u00eda social que se inicia en Matar\u00f3, con la participaci\u00f3n de 10 j\u00f3venes acompa\u00f1ados desde el CFP | CFP Maresme\" \/>\n<meta property=\"og:description\" content=\"Una iniciativa organizada por AV Rocafonda con el soporte de Punt de Refer\u00e8ncia que cuenta con la colaboraci\u00f3n econ\u00f3mica de la Diputaci\u00f3 de Barcelona y del Ayuntamiento de Matar\u00f3. &nbsp; La Associaci\u00f3 de Ve\u00efns Rocafonda est\u00e1 buscando mataronines y mataroninas de entre 30 y 65...\" \/>\n<meta property=\"og:url\" content=\"https:\/\/cfpmaresme.org\/es\/referents-el-proyecto-de-mentoria-social-que-se-inicia-en-mataro-con-la-participacion-de-10-jovenes-acompanados-desde-el-cfp\/\" \/>\n<meta property=\"og:site_name\" content=\"CFP Maresme\" \/>\n<meta property=\"article:published_time\" content=\"2021-09-03T12:01:22+00:00\" \/>\n<meta property=\"article:modified_time\" content=\"2021-09-03T12:28:51+00:00\" \/>\n<meta property=\"og:image\" content=\"https:\/\/cfpmaresme.org\/wp-content\/uploads\/2021\/09\/mentoria-foto.jpg\" \/>\n\t<meta property=\"og:image:width\" content=\"1384\" \/>\n\t<meta property=\"og:image:height\" content=\"715\" \/>\n\t<meta property=\"og:image:type\" content=\"image\/jpeg\" \/>\n<meta name=\"author\" content=\"CFPMaresme\" \/>\n<meta name=\"twitter:card\" content=\"summary_large_image\" \/>\n<meta name=\"twitter:creator\" content=\"@cfpmaresme\" \/>\n<meta name=\"twitter:site\" content=\"@cfpmaresme\" \/>\n<meta name=\"twitter:label1\" content=\"Escrito por\" \/>\n\t<meta name=\"twitter:data1\" content=\"CFPMaresme\" \/>\n\t<meta name=\"twitter:label2\" content=\"Tiempo de lectura\" \/>\n\t<meta name=\"twitter:data2\" content=\"3 minutos\" \/>\n<script type=\"application\/ld+json\" class=\"yoast-schema-graph\">{\"@context\":\"https:\\\/\\\/schema.org\",\"@graph\":[{\"@type\":\"Article\",\"@id\":\"https:\\\/\\\/cfpmaresme.org\\\/es\\\/referents-el-proyecto-de-mentoria-social-que-se-inicia-en-mataro-con-la-participacion-de-10-jovenes-acompanados-desde-el-cfp\\\/#article\",\"isPartOf\":{\"@id\":\"https:\\\/\\\/cfpmaresme.org\\\/es\\\/referents-el-proyecto-de-mentoria-social-que-se-inicia-en-mataro-con-la-participacion-de-10-jovenes-acompanados-desde-el-cfp\\\/\"},\"author\":{\"name\":\"CFPMaresme\",\"@id\":\"https:\\\/\\\/cfpmaresme.org\\\/#\\\/schema\\\/person\\\/b2634bcd796fafc667ea4055f61b9b2c\"},\"headline\":\"&#8216;Referents&#8217; el proyecto de mentor\u00eda social que se inicia en Matar\u00f3, con la participaci\u00f3n de 10 j\u00f3venes acompa\u00f1ados desde el CFP\",\"datePublished\":\"2021-09-03T12:01:22+00:00\",\"dateModified\":\"2021-09-03T12:28:51+00:00\",\"mainEntityOfPage\":{\"@id\":\"https:\\\/\\\/cfpmaresme.org\\\/es\\\/referents-el-proyecto-de-mentoria-social-que-se-inicia-en-mataro-con-la-participacion-de-10-jovenes-acompanados-desde-el-cfp\\\/\"},\"wordCount\":535,\"commentCount\":0,\"image\":{\"@id\":\"https:\\\/\\\/cfpmaresme.org\\\/es\\\/referents-el-proyecto-de-mentoria-social-que-se-inicia-en-mataro-con-la-participacion-de-10-jovenes-acompanados-desde-el-cfp\\\/#primaryimage\"},\"thumbnailUrl\":\"https:\\\/\\\/cfpmaresme.org\\\/wp-content\\\/uploads\\\/2021\\\/09\\\/mentoria-foto.jpg\",\"articleSection\":[\"\u00c1rea de infancia, adolescencia y fam\u00edlia\",\"Pisos j\u00f3venes\"],\"inLanguage\":\"es\"},{\"@type\":\"WebPage\",\"@id\":\"https:\\\/\\\/cfpmaresme.org\\\/es\\\/referents-el-proyecto-de-mentoria-social-que-se-inicia-en-mataro-con-la-participacion-de-10-jovenes-acompanados-desde-el-cfp\\\/\",\"url\":\"https:\\\/\\\/cfpmaresme.org\\\/es\\\/referents-el-proyecto-de-mentoria-social-que-se-inicia-en-mataro-con-la-participacion-de-10-jovenes-acompanados-desde-el-cfp\\\/\",\"name\":\"'Referents' el proyecto de mentor\u00eda social que se inicia en Matar\u00f3, con la participaci\u00f3n de 10 j\u00f3venes acompa\u00f1ados desde el CFP | CFP Maresme\",\"isPartOf\":{\"@id\":\"https:\\\/\\\/cfpmaresme.org\\\/#website\"},\"primaryImageOfPage\":{\"@id\":\"https:\\\/\\\/cfpmaresme.org\\\/es\\\/referents-el-proyecto-de-mentoria-social-que-se-inicia-en-mataro-con-la-participacion-de-10-jovenes-acompanados-desde-el-cfp\\\/#primaryimage\"},\"image\":{\"@id\":\"https:\\\/\\\/cfpmaresme.org\\\/es\\\/referents-el-proyecto-de-mentoria-social-que-se-inicia-en-mataro-con-la-participacion-de-10-jovenes-acompanados-desde-el-cfp\\\/#primaryimage\"},\"thumbnailUrl\":\"https:\\\/\\\/cfpmaresme.org\\\/wp-content\\\/uploads\\\/2021\\\/09\\\/mentoria-foto.jpg\",\"datePublished\":\"2021-09-03T12:01:22+00:00\",\"dateModified\":\"2021-09-03T12:28:51+00:00\",\"author\":{\"@id\":\"https:\\\/\\\/cfpmaresme.org\\\/#\\\/schema\\\/person\\\/b2634bcd796fafc667ea4055f61b9b2c\"},\"breadcrumb\":{\"@id\":\"https:\\\/\\\/cfpmaresme.org\\\/es\\\/referents-el-proyecto-de-mentoria-social-que-se-inicia-en-mataro-con-la-participacion-de-10-jovenes-acompanados-desde-el-cfp\\\/#breadcrumb\"},\"inLanguage\":\"es\",\"potentialAction\":[{\"@type\":\"ReadAction\",\"target\":[\"https:\\\/\\\/cfpmaresme.org\\\/es\\\/referents-el-proyecto-de-mentoria-social-que-se-inicia-en-mataro-con-la-participacion-de-10-jovenes-acompanados-desde-el-cfp\\\/\"]}]},{\"@type\":\"ImageObject\",\"inLanguage\":\"es\",\"@id\":\"https:\\\/\\\/cfpmaresme.org\\\/es\\\/referents-el-proyecto-de-mentoria-social-que-se-inicia-en-mataro-con-la-participacion-de-10-jovenes-acompanados-desde-el-cfp\\\/#primaryimage\",\"url\":\"https:\\\/\\\/cfpmaresme.org\\\/wp-content\\\/uploads\\\/2021\\\/09\\\/mentoria-foto.jpg\",\"contentUrl\":\"https:\\\/\\\/cfpmaresme.org\\\/wp-content\\\/uploads\\\/2021\\\/09\\\/mentoria-foto.jpg\",\"width\":1384,\"height\":715},{\"@type\":\"BreadcrumbList\",\"@id\":\"https:\\\/\\\/cfpmaresme.org\\\/es\\\/referents-el-proyecto-de-mentoria-social-que-se-inicia-en-mataro-con-la-participacion-de-10-jovenes-acompanados-desde-el-cfp\\\/#breadcrumb\",\"itemListElement\":[{\"@type\":\"ListItem\",\"position\":1,\"name\":\"Home\",\"item\":\"https:\\\/\\\/cfpmaresme.org\\\/es\\\/\"},{\"@type\":\"ListItem\",\"position\":2,\"name\":\"&#8216;Referents&#8217; el proyecto de mentor\u00eda social que se inicia en Matar\u00f3, con la participaci\u00f3n de 10 j\u00f3venes acompa\u00f1ados desde el CFP\"}]},{\"@type\":\"WebSite\",\"@id\":\"https:\\\/\\\/cfpmaresme.org\\\/#website\",\"url\":\"https:\\\/\\\/cfpmaresme.org\\\/\",\"name\":\"CFP Maresme\",\"description\":\"Centre Formaci\u00f3 Prevenci\u00f3\",\"potentialAction\":[{\"@type\":\"SearchAction\",\"target\":{\"@type\":\"EntryPoint\",\"urlTemplate\":\"https:\\\/\\\/cfpmaresme.org\\\/?s={search_term_string}\"},\"query-input\":{\"@type\":\"PropertyValueSpecification\",\"valueRequired\":true,\"valueName\":\"search_term_string\"}}],\"inLanguage\":\"es\"},{\"@type\":\"Person\",\"@id\":\"https:\\\/\\\/cfpmaresme.org\\\/#\\\/schema\\\/person\\\/b2634bcd796fafc667ea4055f61b9b2c\",\"name\":\"CFPMaresme\"}]}<\/script>\n<!-- \/ Yoast SEO plugin. -->","yoast_head_json":{"title":"'Referents' el proyecto de mentor\u00eda social que se inicia en Matar\u00f3, con la participaci\u00f3n de 10 j\u00f3venes acompa\u00f1ados desde el CFP | CFP Maresme","robots":{"index":"index","follow":"follow","max-snippet":"max-snippet:-1","max-image-preview":"max-image-preview:large","max-video-preview":"max-video-preview:-1"},"canonical":"https:\/\/cfpmaresme.org\/es\/referents-el-proyecto-de-mentoria-social-que-se-inicia-en-mataro-con-la-participacion-de-10-jovenes-acompanados-desde-el-cfp\/","og_locale":"es_ES","og_type":"article","og_title":"'Referents' el proyecto de mentor\u00eda social que se inicia en Matar\u00f3, con la participaci\u00f3n de 10 j\u00f3venes acompa\u00f1ados desde el CFP | CFP Maresme","og_description":"Una iniciativa organizada por AV Rocafonda con el soporte de Punt de Refer\u00e8ncia que cuenta con la colaboraci\u00f3n econ\u00f3mica de la Diputaci\u00f3 de Barcelona y del Ayuntamiento de Matar\u00f3. &nbsp; La Associaci\u00f3 de Ve\u00efns Rocafonda est\u00e1 buscando mataronines y mataroninas de entre 30 y 65...","og_url":"https:\/\/cfpmaresme.org\/es\/referents-el-proyecto-de-mentoria-social-que-se-inicia-en-mataro-con-la-participacion-de-10-jovenes-acompanados-desde-el-cfp\/","og_site_name":"CFP Maresme","article_published_time":"2021-09-03T12:01:22+00:00","article_modified_time":"2021-09-03T12:28:51+00:00","og_image":[{"width":1384,"height":715,"url":"https:\/\/cfpmaresme.org\/wp-content\/uploads\/2021\/09\/mentoria-foto.jpg","type":"image\/jpeg"}],"author":"CFPMaresme","twitter_card":"summary_large_image","twitter_creator":"@cfpmaresme","twitter_site":"@cfpmaresme","twitter_misc":{"Escrito por":"CFPMaresme","Tiempo de lectura":"3 minutos"},"schema":{"@context":"https:\/\/schema.org","@graph":[{"@type":"Article","@id":"https:\/\/cfpmaresme.org\/es\/referents-el-proyecto-de-mentoria-social-que-se-inicia-en-mataro-con-la-participacion-de-10-jovenes-acompanados-desde-el-cfp\/#article","isPartOf":{"@id":"https:\/\/cfpmaresme.org\/es\/referents-el-proyecto-de-mentoria-social-que-se-inicia-en-mataro-con-la-participacion-de-10-jovenes-acompanados-desde-el-cfp\/"},"author":{"name":"CFPMaresme","@id":"https:\/\/cfpmaresme.org\/#\/schema\/person\/b2634bcd796fafc667ea4055f61b9b2c"},"headline":"&#8216;Referents&#8217; el proyecto de mentor\u00eda social que se inicia en Matar\u00f3, con la participaci\u00f3n de 10 j\u00f3venes acompa\u00f1ados desde el CFP","datePublished":"2021-09-03T12:01:22+00:00","dateModified":"2021-09-03T12:28:51+00:00","mainEntityOfPage":{"@id":"https:\/\/cfpmaresme.org\/es\/referents-el-proyecto-de-mentoria-social-que-se-inicia-en-mataro-con-la-participacion-de-10-jovenes-acompanados-desde-el-cfp\/"},"wordCount":535,"commentCount":0,"image":{"@id":"https:\/\/cfpmaresme.org\/es\/referents-el-proyecto-de-mentoria-social-que-se-inicia-en-mataro-con-la-participacion-de-10-jovenes-acompanados-desde-el-cfp\/#primaryimage"},"thumbnailUrl":"https:\/\/cfpmaresme.org\/wp-content\/uploads\/2021\/09\/mentoria-foto.jpg","articleSection":["\u00c1rea de infancia, adolescencia y fam\u00edlia","Pisos j\u00f3venes"],"inLanguage":"es"},{"@type":"WebPage","@id":"https:\/\/cfpmaresme.org\/es\/referents-el-proyecto-de-mentoria-social-que-se-inicia-en-mataro-con-la-participacion-de-10-jovenes-acompanados-desde-el-cfp\/","url":"https:\/\/cfpmaresme.org\/es\/referents-el-proyecto-de-mentoria-social-que-se-inicia-en-mataro-con-la-participacion-de-10-jovenes-acompanados-desde-el-cfp\/","name":"'Referents' el proyecto de mentor\u00eda social que se inicia en Matar\u00f3, con la participaci\u00f3n de 10 j\u00f3venes acompa\u00f1ados desde el CFP | CFP Maresme","isPartOf":{"@id":"https:\/\/cfpmaresme.org\/#website"},"primaryImageOfPage":{"@id":"https:\/\/cfpmaresme.org\/es\/referents-el-proyecto-de-mentoria-social-que-se-inicia-en-mataro-con-la-participacion-de-10-jovenes-acompanados-desde-el-cfp\/#primaryimage"},"image":{"@id":"https:\/\/cfpmaresme.org\/es\/referents-el-proyecto-de-mentoria-social-que-se-inicia-en-mataro-con-la-participacion-de-10-jovenes-acompanados-desde-el-cfp\/#primaryimage"},"thumbnailUrl":"https:\/\/cfpmaresme.org\/wp-content\/uploads\/2021\/09\/mentoria-foto.jpg","datePublished":"2021-09-03T12:01:22+00:00","dateModified":"2021-09-03T12:28:51+00:00","author":{"@id":"https:\/\/cfpmaresme.org\/#\/schema\/person\/b2634bcd796fafc667ea4055f61b9b2c"},"breadcrumb":{"@id":"https:\/\/cfpmaresme.org\/es\/referents-el-proyecto-de-mentoria-social-que-se-inicia-en-mataro-con-la-participacion-de-10-jovenes-acompanados-desde-el-cfp\/#breadcrumb"},"inLanguage":"es","potentialAction":[{"@type":"ReadAction","target":["https:\/\/cfpmaresme.org\/es\/referents-el-proyecto-de-mentoria-social-que-se-inicia-en-mataro-con-la-participacion-de-10-jovenes-acompanados-desde-el-cfp\/"]}]},{"@type":"ImageObject","inLanguage":"es","@id":"https:\/\/cfpmaresme.org\/es\/referents-el-proyecto-de-mentoria-social-que-se-inicia-en-mataro-con-la-participacion-de-10-jovenes-acompanados-desde-el-cfp\/#primaryimage","url":"https:\/\/cfpmaresme.org\/wp-content\/uploads\/2021\/09\/mentoria-foto.jpg","contentUrl":"https:\/\/cfpmaresme.org\/wp-content\/uploads\/2021\/09\/mentoria-foto.jpg","width":1384,"height":715},{"@type":"BreadcrumbList","@id":"https:\/\/cfpmaresme.org\/es\/referents-el-proyecto-de-mentoria-social-que-se-inicia-en-mataro-con-la-participacion-de-10-jovenes-acompanados-desde-el-cfp\/#breadcrumb","itemListElement":[{"@type":"ListItem","position":1,"name":"Home","item":"https:\/\/cfpmaresme.org\/es\/"},{"@type":"ListItem","position":2,"name":"&#8216;Referents&#8217; el proyecto de mentor\u00eda social que se inicia en Matar\u00f3, con la participaci\u00f3n de 10 j\u00f3venes acompa\u00f1ados desde el CFP"}]},{"@type":"WebSite","@id":"https:\/\/cfpmaresme.org\/#website","url":"https:\/\/cfpmaresme.org\/","name":"CFP Maresme","description":"Centre Formaci\u00f3 Prevenci\u00f3","potentialAction":[{"@type":"SearchAction","target":{"@type":"EntryPoint","urlTemplate":"https:\/\/cfpmaresme.org\/?s={search_term_string}"},"query-input":{"@type":"PropertyValueSpecification","valueRequired":true,"valueName":"search_term_string"}}],"inLanguage":"es"},{"@type":"Person","@id":"https:\/\/cfpmaresme.org\/#\/schema\/person\/b2634bcd796fafc667ea4055f61b9b2c","name":"CFPMaresme"}]}},"_links":{"self":[{"href":"https:\/\/cfpmaresme.org\/es\/wp-json\/wp\/v2\/posts\/26298","targetHints":{"allow":["GET"]}}],"collection":[{"href":"https:\/\/cfpmaresme.org\/es\/wp-json\/wp\/v2\/posts"}],"about":[{"href":"https:\/\/cfpmaresme.org\/es\/wp-json\/wp\/v2\/types\/post"}],"author":[{"embeddable":true,"href":"https:\/\/cfpmaresme.org\/es\/wp-json\/wp\/v2\/users\/2"}],"replies":[{"embeddable":true,"href":"https:\/\/cfpmaresme.org\/es\/wp-json\/wp\/v2\/comments?post=26298"}],"version-history":[{"count":3,"href":"https:\/\/cfpmaresme.org\/es\/wp-json\/wp\/v2\/posts\/26298\/revisions"}],"predecessor-version":[{"id":26301,"href":"https:\/\/cfpmaresme.org\/es\/wp-json\/wp\/v2\/posts\/26298\/revisions\/26301"}],"wp:featuredmedia":[{"embeddable":true,"href":"https:\/\/cfpmaresme.org\/es\/wp-json\/wp\/v2\/media\/26279"}],"wp:attachment":[{"href":"https:\/\/cfpmaresme.org\/es\/wp-json\/wp\/v2\/media?parent=26298"}],"wp:term":[{"taxonomy":"category","embeddable":true,"href":"https:\/\/cfpmaresme.org\/es\/wp-json\/wp\/v2\/categories?post=26298"},{"taxonomy":"post_tag","embeddable":true,"href":"https:\/\/cfpmaresme.org\/es\/wp-json\/wp\/v2\/tags?post=26298"}],"curies":[{"name":"wp","href":"https:\/\/api.w.org\/{rel}","templated":true}]}}