{"id":26384,"date":"2018-07-26T13:57:04","date_gmt":"2018-07-26T11:57:04","guid":{"rendered":"https:\/\/www.cfpmaresme.org\/?p=26384"},"modified":"2021-09-10T14:04:14","modified_gmt":"2021-09-10T12:04:14","slug":"una-vintena-de-treballadors-del-cfp-participa-en-los-equipos-de-soporte-de-les-santes","status":"publish","type":"post","link":"https:\/\/cfpmaresme.org\/es\/una-vintena-de-treballadors-del-cfp-participa-en-los-equipos-de-soporte-de-les-santes\/","title":{"rendered":"Una veintena de trabajadores del CFP participa en los equipos de soporte de Les Santes"},"content":{"rendered":"<p><strong>Hace m\u00e1s de veinte a\u00f1os que la Asociaci\u00f3n desarrolla tareas relacionadas con la fiesta popular<\/strong><\/p>\n<p>&nbsp;<\/p>\n<p>El CFP vuelve a estar presente en Les Santes de Matar\u00f3.\u00a0 La asociaci\u00f3n hace m\u00e1s de veinte a\u00f1os que ofrece equipos de soporte durante las fiestas. Este a\u00f1o una veintena de trabajadores y trabajadoras participa en las tareas relacionadas con los actos programados, como el montaje y desmontaje de sillas, mesas y tancas de seguridad, equipos en los puntos de abastecimiento para voluntarios y grupos de la ciudad, servicios de carga y descarga y de atenci\u00f3n y acogida al p\u00fablico a los espect\u00e1culos.<\/p>\n<p>La funci\u00f3n integradora del Centre se manifiesta en este sentido, ya que m\u00e1s de una cuarta parte de ellos son personas usuarias de alguno de los servicios de la asociaci\u00f3n. Provienen del equipo de Mantenimiento de Espacios Naturales y Solares, de los grupos de j\u00f3venes y adultos con problemas de salud mental, del programa Marmi y del Servicio Prelaboral del CFP.<\/p>\n<p>&nbsp;<\/p>\n<p>Tambi\u00e9n el servicio de repartimiento y distribuci\u00f3n de publicidad del CFP colabora con Les Santes repartiendo los programas de la fiesta por toda la ciudad. Han sido un grupo de trabajadores de la entidad que han pasado buz\u00f3n por buz\u00f3n entreg\u00e1ndolos para que llegasen a las clases de todo el mundo a tiempo.<\/p>\n","protected":false},"excerpt":{"rendered":"<p>Hace m\u00e1s de veinte a\u00f1os que la Asociaci\u00f3n desarrolla tareas relacionadas con la fiesta popular &nbsp; El CFP vuelve a estar presente en Les Santes de Matar\u00f3.\u00a0 La asociaci\u00f3n hace m\u00e1s de veinte a\u00f1os que ofrece equipos de soporte durante las fiestas. Este a\u00f1o una&#8230;<\/p>\n","protected":false},"author":2,"featured_media":17224,"comment_status":"open","ping_status":"open","sticky":false,"template":"","format":"standard","meta":{"footnotes":""},"categories":[1190],"tags":[],"class_list":["post-26384","post","type-post","status-publish","format-standard","has-post-thumbnail","hentry","category-servicios-a-las-empresas"],"yoast_head":"<!-- This site is optimized with the Yoast SEO plugin v27.4 - https:\/\/yoast.com\/product\/yoast-seo-wordpress\/ -->\n<title>Una veintena de trabajadores del CFP participa en los equipos de soporte de Les Santes | CFP Maresme<\/title>\n<meta name=\"robots\" content=\"index, follow, max-snippet:-1, max-image-preview:large, max-video-preview:-1\" \/>\n<link rel=\"canonical\" href=\"https:\/\/cfpmaresme.org\/es\/una-vintena-de-treballadors-del-cfp-participa-en-los-equipos-de-soporte-de-les-santes\/\" \/>\n<meta property=\"og:locale\" content=\"es_ES\" \/>\n<meta property=\"og:type\" content=\"article\" \/>\n<meta property=\"og:title\" content=\"Una veintena de trabajadores del CFP participa en los equipos de soporte de Les Santes | CFP Maresme\" \/>\n<meta property=\"og:description\" content=\"Hace m\u00e1s de veinte a\u00f1os que la Asociaci\u00f3n desarrolla tareas relacionadas con la fiesta popular &nbsp; El CFP vuelve a estar presente en Les Santes de Matar\u00f3.\u00a0 La asociaci\u00f3n hace m\u00e1s de veinte a\u00f1os que ofrece equipos de soporte durante las fiestas. Este a\u00f1o una...\" \/>\n<meta property=\"og:url\" content=\"https:\/\/cfpmaresme.org\/es\/una-vintena-de-treballadors-del-cfp-participa-en-los-equipos-de-soporte-de-les-santes\/\" \/>\n<meta property=\"og:site_name\" content=\"CFP Maresme\" \/>\n<meta property=\"article:published_time\" content=\"2018-07-26T11:57:04+00:00\" \/>\n<meta property=\"article:modified_time\" content=\"2021-09-10T12:04:14+00:00\" \/>\n<meta property=\"og:image\" content=\"https:\/\/cfpmaresme.org\/wp-content\/uploads\/2019\/01\/2018-07-26.jpg\" \/>\n\t<meta property=\"og:image:width\" content=\"584\" \/>\n\t<meta property=\"og:image:height\" content=\"361\" \/>\n\t<meta property=\"og:image:type\" content=\"image\/jpeg\" \/>\n<meta name=\"author\" content=\"CFPMaresme\" \/>\n<meta name=\"twitter:card\" content=\"summary_large_image\" \/>\n<meta name=\"twitter:creator\" content=\"@cfpmaresme\" \/>\n<meta name=\"twitter:site\" content=\"@cfpmaresme\" \/>\n<meta name=\"twitter:label1\" content=\"Escrito por\" \/>\n\t<meta name=\"twitter:data1\" content=\"CFPMaresme\" \/>\n\t<meta name=\"twitter:label2\" content=\"Tiempo de lectura\" \/>\n\t<meta name=\"twitter:data2\" content=\"1 minuto\" \/>\n<script type=\"application\/ld+json\" class=\"yoast-schema-graph\">{\"@context\":\"https:\\\/\\\/schema.org\",\"@graph\":[{\"@type\":\"Article\",\"@id\":\"https:\\\/\\\/cfpmaresme.org\\\/es\\\/una-vintena-de-treballadors-del-cfp-participa-en-los-equipos-de-soporte-de-les-santes\\\/#article\",\"isPartOf\":{\"@id\":\"https:\\\/\\\/cfpmaresme.org\\\/es\\\/una-vintena-de-treballadors-del-cfp-participa-en-los-equipos-de-soporte-de-les-santes\\\/\"},\"author\":{\"name\":\"CFPMaresme\",\"@id\":\"https:\\\/\\\/cfpmaresme.org\\\/#\\\/schema\\\/person\\\/b2634bcd796fafc667ea4055f61b9b2c\"},\"headline\":\"Una veintena de trabajadores del CFP participa en los equipos de soporte de Les Santes\",\"datePublished\":\"2018-07-26T11:57:04+00:00\",\"dateModified\":\"2021-09-10T12:04:14+00:00\",\"mainEntityOfPage\":{\"@id\":\"https:\\\/\\\/cfpmaresme.org\\\/es\\\/una-vintena-de-treballadors-del-cfp-participa-en-los-equipos-de-soporte-de-les-santes\\\/\"},\"wordCount\":248,\"commentCount\":0,\"image\":{\"@id\":\"https:\\\/\\\/cfpmaresme.org\\\/es\\\/una-vintena-de-treballadors-del-cfp-participa-en-los-equipos-de-soporte-de-les-santes\\\/#primaryimage\"},\"thumbnailUrl\":\"https:\\\/\\\/cfpmaresme.org\\\/wp-content\\\/uploads\\\/2019\\\/01\\\/2018-07-26.jpg\",\"articleSection\":[\"Servicios a las empresas\"],\"inLanguage\":\"es\"},{\"@type\":\"WebPage\",\"@id\":\"https:\\\/\\\/cfpmaresme.org\\\/es\\\/una-vintena-de-treballadors-del-cfp-participa-en-los-equipos-de-soporte-de-les-santes\\\/\",\"url\":\"https:\\\/\\\/cfpmaresme.org\\\/es\\\/una-vintena-de-treballadors-del-cfp-participa-en-los-equipos-de-soporte-de-les-santes\\\/\",\"name\":\"Una veintena de trabajadores del CFP participa en los equipos de soporte de Les Santes | CFP Maresme\",\"isPartOf\":{\"@id\":\"https:\\\/\\\/cfpmaresme.org\\\/#website\"},\"primaryImageOfPage\":{\"@id\":\"https:\\\/\\\/cfpmaresme.org\\\/es\\\/una-vintena-de-treballadors-del-cfp-participa-en-los-equipos-de-soporte-de-les-santes\\\/#primaryimage\"},\"image\":{\"@id\":\"https:\\\/\\\/cfpmaresme.org\\\/es\\\/una-vintena-de-treballadors-del-cfp-participa-en-los-equipos-de-soporte-de-les-santes\\\/#primaryimage\"},\"thumbnailUrl\":\"https:\\\/\\\/cfpmaresme.org\\\/wp-content\\\/uploads\\\/2019\\\/01\\\/2018-07-26.jpg\",\"datePublished\":\"2018-07-26T11:57:04+00:00\",\"dateModified\":\"2021-09-10T12:04:14+00:00\",\"author\":{\"@id\":\"https:\\\/\\\/cfpmaresme.org\\\/#\\\/schema\\\/person\\\/b2634bcd796fafc667ea4055f61b9b2c\"},\"breadcrumb\":{\"@id\":\"https:\\\/\\\/cfpmaresme.org\\\/es\\\/una-vintena-de-treballadors-del-cfp-participa-en-los-equipos-de-soporte-de-les-santes\\\/#breadcrumb\"},\"inLanguage\":\"es\",\"potentialAction\":[{\"@type\":\"ReadAction\",\"target\":[\"https:\\\/\\\/cfpmaresme.org\\\/es\\\/una-vintena-de-treballadors-del-cfp-participa-en-los-equipos-de-soporte-de-les-santes\\\/\"]}]},{\"@type\":\"ImageObject\",\"inLanguage\":\"es\",\"@id\":\"https:\\\/\\\/cfpmaresme.org\\\/es\\\/una-vintena-de-treballadors-del-cfp-participa-en-los-equipos-de-soporte-de-les-santes\\\/#primaryimage\",\"url\":\"https:\\\/\\\/cfpmaresme.org\\\/wp-content\\\/uploads\\\/2019\\\/01\\\/2018-07-26.jpg\",\"contentUrl\":\"https:\\\/\\\/cfpmaresme.org\\\/wp-content\\\/uploads\\\/2019\\\/01\\\/2018-07-26.jpg\",\"width\":584,\"height\":361},{\"@type\":\"BreadcrumbList\",\"@id\":\"https:\\\/\\\/cfpmaresme.org\\\/es\\\/una-vintena-de-treballadors-del-cfp-participa-en-los-equipos-de-soporte-de-les-santes\\\/#breadcrumb\",\"itemListElement\":[{\"@type\":\"ListItem\",\"position\":1,\"name\":\"Home\",\"item\":\"https:\\\/\\\/cfpmaresme.org\\\/es\\\/\"},{\"@type\":\"ListItem\",\"position\":2,\"name\":\"Una veintena de trabajadores del CFP participa en los equipos de soporte de Les Santes\"}]},{\"@type\":\"WebSite\",\"@id\":\"https:\\\/\\\/cfpmaresme.org\\\/#website\",\"url\":\"https:\\\/\\\/cfpmaresme.org\\\/\",\"name\":\"CFP Maresme\",\"description\":\"Centre Formaci\u00f3 Prevenci\u00f3\",\"potentialAction\":[{\"@type\":\"SearchAction\",\"target\":{\"@type\":\"EntryPoint\",\"urlTemplate\":\"https:\\\/\\\/cfpmaresme.org\\\/?s={search_term_string}\"},\"query-input\":{\"@type\":\"PropertyValueSpecification\",\"valueRequired\":true,\"valueName\":\"search_term_string\"}}],\"inLanguage\":\"es\"},{\"@type\":\"Person\",\"@id\":\"https:\\\/\\\/cfpmaresme.org\\\/#\\\/schema\\\/person\\\/b2634bcd796fafc667ea4055f61b9b2c\",\"name\":\"CFPMaresme\"}]}<\/script>\n<!-- \/ Yoast SEO plugin. -->","yoast_head_json":{"title":"Una veintena de trabajadores del CFP participa en los equipos de soporte de Les Santes | CFP Maresme","robots":{"index":"index","follow":"follow","max-snippet":"max-snippet:-1","max-image-preview":"max-image-preview:large","max-video-preview":"max-video-preview:-1"},"canonical":"https:\/\/cfpmaresme.org\/es\/una-vintena-de-treballadors-del-cfp-participa-en-los-equipos-de-soporte-de-les-santes\/","og_locale":"es_ES","og_type":"article","og_title":"Una veintena de trabajadores del CFP participa en los equipos de soporte de Les Santes | CFP Maresme","og_description":"Hace m\u00e1s de veinte a\u00f1os que la Asociaci\u00f3n desarrolla tareas relacionadas con la fiesta popular &nbsp; El CFP vuelve a estar presente en Les Santes de Matar\u00f3.\u00a0 La asociaci\u00f3n hace m\u00e1s de veinte a\u00f1os que ofrece equipos de soporte durante las fiestas. Este a\u00f1o una...","og_url":"https:\/\/cfpmaresme.org\/es\/una-vintena-de-treballadors-del-cfp-participa-en-los-equipos-de-soporte-de-les-santes\/","og_site_name":"CFP Maresme","article_published_time":"2018-07-26T11:57:04+00:00","article_modified_time":"2021-09-10T12:04:14+00:00","og_image":[{"width":584,"height":361,"url":"https:\/\/cfpmaresme.org\/wp-content\/uploads\/2019\/01\/2018-07-26.jpg","type":"image\/jpeg"}],"author":"CFPMaresme","twitter_card":"summary_large_image","twitter_creator":"@cfpmaresme","twitter_site":"@cfpmaresme","twitter_misc":{"Escrito por":"CFPMaresme","Tiempo de lectura":"1 minuto"},"schema":{"@context":"https:\/\/schema.org","@graph":[{"@type":"Article","@id":"https:\/\/cfpmaresme.org\/es\/una-vintena-de-treballadors-del-cfp-participa-en-los-equipos-de-soporte-de-les-santes\/#article","isPartOf":{"@id":"https:\/\/cfpmaresme.org\/es\/una-vintena-de-treballadors-del-cfp-participa-en-los-equipos-de-soporte-de-les-santes\/"},"author":{"name":"CFPMaresme","@id":"https:\/\/cfpmaresme.org\/#\/schema\/person\/b2634bcd796fafc667ea4055f61b9b2c"},"headline":"Una veintena de trabajadores del CFP participa en los equipos de soporte de Les Santes","datePublished":"2018-07-26T11:57:04+00:00","dateModified":"2021-09-10T12:04:14+00:00","mainEntityOfPage":{"@id":"https:\/\/cfpmaresme.org\/es\/una-vintena-de-treballadors-del-cfp-participa-en-los-equipos-de-soporte-de-les-santes\/"},"wordCount":248,"commentCount":0,"image":{"@id":"https:\/\/cfpmaresme.org\/es\/una-vintena-de-treballadors-del-cfp-participa-en-los-equipos-de-soporte-de-les-santes\/#primaryimage"},"thumbnailUrl":"https:\/\/cfpmaresme.org\/wp-content\/uploads\/2019\/01\/2018-07-26.jpg","articleSection":["Servicios a las empresas"],"inLanguage":"es"},{"@type":"WebPage","@id":"https:\/\/cfpmaresme.org\/es\/una-vintena-de-treballadors-del-cfp-participa-en-los-equipos-de-soporte-de-les-santes\/","url":"https:\/\/cfpmaresme.org\/es\/una-vintena-de-treballadors-del-cfp-participa-en-los-equipos-de-soporte-de-les-santes\/","name":"Una veintena de trabajadores del CFP participa en los equipos de soporte de Les Santes | CFP Maresme","isPartOf":{"@id":"https:\/\/cfpmaresme.org\/#website"},"primaryImageOfPage":{"@id":"https:\/\/cfpmaresme.org\/es\/una-vintena-de-treballadors-del-cfp-participa-en-los-equipos-de-soporte-de-les-santes\/#primaryimage"},"image":{"@id":"https:\/\/cfpmaresme.org\/es\/una-vintena-de-treballadors-del-cfp-participa-en-los-equipos-de-soporte-de-les-santes\/#primaryimage"},"thumbnailUrl":"https:\/\/cfpmaresme.org\/wp-content\/uploads\/2019\/01\/2018-07-26.jpg","datePublished":"2018-07-26T11:57:04+00:00","dateModified":"2021-09-10T12:04:14+00:00","author":{"@id":"https:\/\/cfpmaresme.org\/#\/schema\/person\/b2634bcd796fafc667ea4055f61b9b2c"},"breadcrumb":{"@id":"https:\/\/cfpmaresme.org\/es\/una-vintena-de-treballadors-del-cfp-participa-en-los-equipos-de-soporte-de-les-santes\/#breadcrumb"},"inLanguage":"es","potentialAction":[{"@type":"ReadAction","target":["https:\/\/cfpmaresme.org\/es\/una-vintena-de-treballadors-del-cfp-participa-en-los-equipos-de-soporte-de-les-santes\/"]}]},{"@type":"ImageObject","inLanguage":"es","@id":"https:\/\/cfpmaresme.org\/es\/una-vintena-de-treballadors-del-cfp-participa-en-los-equipos-de-soporte-de-les-santes\/#primaryimage","url":"https:\/\/cfpmaresme.org\/wp-content\/uploads\/2019\/01\/2018-07-26.jpg","contentUrl":"https:\/\/cfpmaresme.org\/wp-content\/uploads\/2019\/01\/2018-07-26.jpg","width":584,"height":361},{"@type":"BreadcrumbList","@id":"https:\/\/cfpmaresme.org\/es\/una-vintena-de-treballadors-del-cfp-participa-en-los-equipos-de-soporte-de-les-santes\/#breadcrumb","itemListElement":[{"@type":"ListItem","position":1,"name":"Home","item":"https:\/\/cfpmaresme.org\/es\/"},{"@type":"ListItem","position":2,"name":"Una veintena de trabajadores del CFP participa en los equipos de soporte de Les Santes"}]},{"@type":"WebSite","@id":"https:\/\/cfpmaresme.org\/#website","url":"https:\/\/cfpmaresme.org\/","name":"CFP Maresme","description":"Centre Formaci\u00f3 Prevenci\u00f3","potentialAction":[{"@type":"SearchAction","target":{"@type":"EntryPoint","urlTemplate":"https:\/\/cfpmaresme.org\/?s={search_term_string}"},"query-input":{"@type":"PropertyValueSpecification","valueRequired":true,"valueName":"search_term_string"}}],"inLanguage":"es"},{"@type":"Person","@id":"https:\/\/cfpmaresme.org\/#\/schema\/person\/b2634bcd796fafc667ea4055f61b9b2c","name":"CFPMaresme"}]}},"_links":{"self":[{"href":"https:\/\/cfpmaresme.org\/es\/wp-json\/wp\/v2\/posts\/26384","targetHints":{"allow":["GET"]}}],"collection":[{"href":"https:\/\/cfpmaresme.org\/es\/wp-json\/wp\/v2\/posts"}],"about":[{"href":"https:\/\/cfpmaresme.org\/es\/wp-json\/wp\/v2\/types\/post"}],"author":[{"embeddable":true,"href":"https:\/\/cfpmaresme.org\/es\/wp-json\/wp\/v2\/users\/2"}],"replies":[{"embeddable":true,"href":"https:\/\/cfpmaresme.org\/es\/wp-json\/wp\/v2\/comments?post=26384"}],"version-history":[{"count":3,"href":"https:\/\/cfpmaresme.org\/es\/wp-json\/wp\/v2\/posts\/26384\/revisions"}],"predecessor-version":[{"id":26387,"href":"https:\/\/cfpmaresme.org\/es\/wp-json\/wp\/v2\/posts\/26384\/revisions\/26387"}],"wp:featuredmedia":[{"embeddable":true,"href":"https:\/\/cfpmaresme.org\/es\/wp-json\/wp\/v2\/media\/17224"}],"wp:attachment":[{"href":"https:\/\/cfpmaresme.org\/es\/wp-json\/wp\/v2\/media?parent=26384"}],"wp:term":[{"taxonomy":"category","embeddable":true,"href":"https:\/\/cfpmaresme.org\/es\/wp-json\/wp\/v2\/categories?post=26384"},{"taxonomy":"post_tag","embeddable":true,"href":"https:\/\/cfpmaresme.org\/es\/wp-json\/wp\/v2\/tags?post=26384"}],"curies":[{"name":"wp","href":"https:\/\/api.w.org\/{rel}","templated":true}]}}