{"id":26524,"date":"2018-08-24T16:00:37","date_gmt":"2018-08-24T14:00:37","guid":{"rendered":"https:\/\/www.cfpmaresme.org\/?p=26524"},"modified":"2021-09-22T16:12:55","modified_gmt":"2021-09-22T14:12:55","slug":"llibre-actiu-punt-cultural-del-barri-de-cirera","status":"publish","type":"post","link":"https:\/\/cfpmaresme.org\/es\/llibre-actiu-punt-cultural-del-barri-de-cirera\/","title":{"rendered":"Llibre Actiu, punto cultural del barrio de Cirera"},"content":{"rendered":"<p>La Comisi\u00f3n de Fiestas del barrio mataron\u00edn cede cada a\u00f1o una p\u00e1gina de su programa de fiestas para la librer\u00eda de intercambio que tiene el CFP en Cirera<\/p>\n<p>&nbsp;<\/p>\n<p>Llibre Actiu es un equipamiento del Centre de Formaci\u00f3 i Prevenci\u00f3 situado desde el a\u00f1o 2009 en el barrio de Cirera de Matar\u00f3. Se trata de un servicio de intercambio de libros gestionado por personas con problemas de salud mental que est\u00e1 muy arraigado en el vecindario. Desde que la librer\u00eda abri\u00f3 las puertas en la Calle Monta\u00f1a de\u00a0 Cirera, la Comisi\u00f3n de Fiestas del barrio siempre la ha tenido en cuenta para su programa de actividades.<\/p>\n<p>&nbsp;<\/p>\n<p>Este a\u00f1o no ha sido una excepci\u00f3n. El programa de la Fiesta Popular de Cirera 2018, que se celebra del 25 de agosto al 2 de septiembre, incluye un anuncio de Llibre Actiu en una de sus p\u00e1ginas. Es por esto que desde la librer\u00eda y el Centre de Formaci\u00f3 i Prevenci\u00f3 agradecemos esta aportaci\u00f3n de la Comisi\u00f3n para dar a conocer todav\u00eda mejor Llibre Actiu.<\/p>\n<p>&nbsp;<\/p>\n<p>Este servicio siempre ha querido ser un punto cultural de referencia del barrio que permita a las personas que viven en \u00e9l el acceso a su extendido cat\u00e1logo de publicaciones. Acciones desinteresadas como esta favorecen sin duda la consolidaci\u00f3n de Llibre Actiu entre las persones que visitan habitualmente la librer\u00eda y tambi\u00e9n entre las que todav\u00eda no han venido.<\/p>\n","protected":false},"excerpt":{"rendered":"<p>La Comisi\u00f3n de Fiestas del barrio mataron\u00edn cede cada a\u00f1o una p\u00e1gina de su programa de fiestas para la librer\u00eda de intercambio que tiene el CFP en Cirera &nbsp; Llibre Actiu es un equipamiento del Centre de Formaci\u00f3 i Prevenci\u00f3 situado desde el a\u00f1o 2009&#8230;<\/p>\n","protected":false},"author":2,"featured_media":17236,"comment_status":"open","ping_status":"open","sticky":false,"template":"","format":"standard","meta":{"footnotes":""},"categories":[599,1199],"tags":[626,630,788,614,635,720,814,636,706,638,681],"class_list":["post-26524","post","type-post","status-publish","format-standard","has-post-thumbnail","hentry","category-llibre-actiu-es","category-servicios-de-rehabilitacion-comunitaria","tag-actiu-es","tag-centre-es","tag-cultura-es","tag-festes-es","tag-formacio-es","tag-intercanvi-es","tag-lectura-es","tag-llibre-es","tag-mental-es","tag-prevencio-es","tag-salut-es"],"yoast_head":"<!-- This site is optimized with the Yoast SEO plugin v27.4 - https:\/\/yoast.com\/product\/yoast-seo-wordpress\/ -->\n<title>Llibre Actiu, punto cultural del barrio de Cirera | CFP Maresme<\/title>\n<meta name=\"robots\" content=\"index, follow, max-snippet:-1, max-image-preview:large, max-video-preview:-1\" \/>\n<link rel=\"canonical\" href=\"https:\/\/cfpmaresme.org\/es\/llibre-actiu-punt-cultural-del-barri-de-cirera\/\" \/>\n<meta property=\"og:locale\" content=\"es_ES\" \/>\n<meta property=\"og:type\" content=\"article\" \/>\n<meta property=\"og:title\" content=\"Llibre Actiu, punto cultural del barrio de Cirera | CFP Maresme\" \/>\n<meta property=\"og:description\" content=\"La Comisi\u00f3n de Fiestas del barrio mataron\u00edn cede cada a\u00f1o una p\u00e1gina de su programa de fiestas para la librer\u00eda de intercambio que tiene el CFP en Cirera &nbsp; Llibre Actiu es un equipamiento del Centre de Formaci\u00f3 i Prevenci\u00f3 situado desde el a\u00f1o 2009...\" \/>\n<meta property=\"og:url\" content=\"https:\/\/cfpmaresme.org\/es\/llibre-actiu-punt-cultural-del-barri-de-cirera\/\" \/>\n<meta property=\"og:site_name\" content=\"CFP Maresme\" \/>\n<meta property=\"article:published_time\" content=\"2018-08-24T14:00:37+00:00\" \/>\n<meta property=\"article:modified_time\" content=\"2021-09-22T14:12:55+00:00\" \/>\n<meta property=\"og:image\" content=\"https:\/\/cfpmaresme.org\/wp-content\/uploads\/2019\/01\/2018-08-24.jpg\" \/>\n\t<meta property=\"og:image:width\" content=\"579\" \/>\n\t<meta property=\"og:image:height\" content=\"332\" \/>\n\t<meta property=\"og:image:type\" content=\"image\/jpeg\" \/>\n<meta name=\"author\" content=\"CFPMaresme\" \/>\n<meta name=\"twitter:card\" content=\"summary_large_image\" \/>\n<meta name=\"twitter:creator\" content=\"@cfpmaresme\" \/>\n<meta name=\"twitter:site\" content=\"@cfpmaresme\" \/>\n<meta name=\"twitter:label1\" content=\"Escrito por\" \/>\n\t<meta name=\"twitter:data1\" content=\"CFPMaresme\" \/>\n\t<meta name=\"twitter:label2\" content=\"Tiempo de lectura\" \/>\n\t<meta name=\"twitter:data2\" content=\"1 minuto\" \/>\n<script type=\"application\/ld+json\" class=\"yoast-schema-graph\">{\"@context\":\"https:\\\/\\\/schema.org\",\"@graph\":[{\"@type\":\"Article\",\"@id\":\"https:\\\/\\\/cfpmaresme.org\\\/es\\\/llibre-actiu-punt-cultural-del-barri-de-cirera\\\/#article\",\"isPartOf\":{\"@id\":\"https:\\\/\\\/cfpmaresme.org\\\/es\\\/llibre-actiu-punt-cultural-del-barri-de-cirera\\\/\"},\"author\":{\"name\":\"CFPMaresme\",\"@id\":\"https:\\\/\\\/cfpmaresme.org\\\/#\\\/schema\\\/person\\\/b2634bcd796fafc667ea4055f61b9b2c\"},\"headline\":\"Llibre Actiu, punto cultural del barrio de Cirera\",\"datePublished\":\"2018-08-24T14:00:37+00:00\",\"dateModified\":\"2021-09-22T14:12:55+00:00\",\"mainEntityOfPage\":{\"@id\":\"https:\\\/\\\/cfpmaresme.org\\\/es\\\/llibre-actiu-punt-cultural-del-barri-de-cirera\\\/\"},\"wordCount\":258,\"commentCount\":0,\"image\":{\"@id\":\"https:\\\/\\\/cfpmaresme.org\\\/es\\\/llibre-actiu-punt-cultural-del-barri-de-cirera\\\/#primaryimage\"},\"thumbnailUrl\":\"https:\\\/\\\/cfpmaresme.org\\\/wp-content\\\/uploads\\\/2019\\\/01\\\/2018-08-24.jpg\",\"keywords\":[\"actiu\",\"centre\",\"cultura\",\"festes\",\"formaci\u00f3\",\"intercanvi\",\"lectura\",\"llibre\",\"mental\",\"prevenci\u00f3\",\"salut\"],\"articleSection\":[\"Llibre Actiu\",\"Servicios de Rehabilitaci\u00f3n Comunitaria\"],\"inLanguage\":\"es\"},{\"@type\":\"WebPage\",\"@id\":\"https:\\\/\\\/cfpmaresme.org\\\/es\\\/llibre-actiu-punt-cultural-del-barri-de-cirera\\\/\",\"url\":\"https:\\\/\\\/cfpmaresme.org\\\/es\\\/llibre-actiu-punt-cultural-del-barri-de-cirera\\\/\",\"name\":\"Llibre Actiu, punto cultural del barrio de Cirera | CFP Maresme\",\"isPartOf\":{\"@id\":\"https:\\\/\\\/cfpmaresme.org\\\/#website\"},\"primaryImageOfPage\":{\"@id\":\"https:\\\/\\\/cfpmaresme.org\\\/es\\\/llibre-actiu-punt-cultural-del-barri-de-cirera\\\/#primaryimage\"},\"image\":{\"@id\":\"https:\\\/\\\/cfpmaresme.org\\\/es\\\/llibre-actiu-punt-cultural-del-barri-de-cirera\\\/#primaryimage\"},\"thumbnailUrl\":\"https:\\\/\\\/cfpmaresme.org\\\/wp-content\\\/uploads\\\/2019\\\/01\\\/2018-08-24.jpg\",\"datePublished\":\"2018-08-24T14:00:37+00:00\",\"dateModified\":\"2021-09-22T14:12:55+00:00\",\"author\":{\"@id\":\"https:\\\/\\\/cfpmaresme.org\\\/#\\\/schema\\\/person\\\/b2634bcd796fafc667ea4055f61b9b2c\"},\"breadcrumb\":{\"@id\":\"https:\\\/\\\/cfpmaresme.org\\\/es\\\/llibre-actiu-punt-cultural-del-barri-de-cirera\\\/#breadcrumb\"},\"inLanguage\":\"es\",\"potentialAction\":[{\"@type\":\"ReadAction\",\"target\":[\"https:\\\/\\\/cfpmaresme.org\\\/es\\\/llibre-actiu-punt-cultural-del-barri-de-cirera\\\/\"]}]},{\"@type\":\"ImageObject\",\"inLanguage\":\"es\",\"@id\":\"https:\\\/\\\/cfpmaresme.org\\\/es\\\/llibre-actiu-punt-cultural-del-barri-de-cirera\\\/#primaryimage\",\"url\":\"https:\\\/\\\/cfpmaresme.org\\\/wp-content\\\/uploads\\\/2019\\\/01\\\/2018-08-24.jpg\",\"contentUrl\":\"https:\\\/\\\/cfpmaresme.org\\\/wp-content\\\/uploads\\\/2019\\\/01\\\/2018-08-24.jpg\",\"width\":579,\"height\":332},{\"@type\":\"BreadcrumbList\",\"@id\":\"https:\\\/\\\/cfpmaresme.org\\\/es\\\/llibre-actiu-punt-cultural-del-barri-de-cirera\\\/#breadcrumb\",\"itemListElement\":[{\"@type\":\"ListItem\",\"position\":1,\"name\":\"Home\",\"item\":\"https:\\\/\\\/cfpmaresme.org\\\/es\\\/\"},{\"@type\":\"ListItem\",\"position\":2,\"name\":\"Llibre Actiu, punto cultural del barrio de Cirera\"}]},{\"@type\":\"WebSite\",\"@id\":\"https:\\\/\\\/cfpmaresme.org\\\/#website\",\"url\":\"https:\\\/\\\/cfpmaresme.org\\\/\",\"name\":\"CFP Maresme\",\"description\":\"Centre Formaci\u00f3 Prevenci\u00f3\",\"potentialAction\":[{\"@type\":\"SearchAction\",\"target\":{\"@type\":\"EntryPoint\",\"urlTemplate\":\"https:\\\/\\\/cfpmaresme.org\\\/?s={search_term_string}\"},\"query-input\":{\"@type\":\"PropertyValueSpecification\",\"valueRequired\":true,\"valueName\":\"search_term_string\"}}],\"inLanguage\":\"es\"},{\"@type\":\"Person\",\"@id\":\"https:\\\/\\\/cfpmaresme.org\\\/#\\\/schema\\\/person\\\/b2634bcd796fafc667ea4055f61b9b2c\",\"name\":\"CFPMaresme\"}]}<\/script>\n<!-- \/ Yoast SEO plugin. -->","yoast_head_json":{"title":"Llibre Actiu, punto cultural del barrio de Cirera | CFP Maresme","robots":{"index":"index","follow":"follow","max-snippet":"max-snippet:-1","max-image-preview":"max-image-preview:large","max-video-preview":"max-video-preview:-1"},"canonical":"https:\/\/cfpmaresme.org\/es\/llibre-actiu-punt-cultural-del-barri-de-cirera\/","og_locale":"es_ES","og_type":"article","og_title":"Llibre Actiu, punto cultural del barrio de Cirera | CFP Maresme","og_description":"La Comisi\u00f3n de Fiestas del barrio mataron\u00edn cede cada a\u00f1o una p\u00e1gina de su programa de fiestas para la librer\u00eda de intercambio que tiene el CFP en Cirera &nbsp; Llibre Actiu es un equipamiento del Centre de Formaci\u00f3 i Prevenci\u00f3 situado desde el a\u00f1o 2009...","og_url":"https:\/\/cfpmaresme.org\/es\/llibre-actiu-punt-cultural-del-barri-de-cirera\/","og_site_name":"CFP Maresme","article_published_time":"2018-08-24T14:00:37+00:00","article_modified_time":"2021-09-22T14:12:55+00:00","og_image":[{"width":579,"height":332,"url":"https:\/\/cfpmaresme.org\/wp-content\/uploads\/2019\/01\/2018-08-24.jpg","type":"image\/jpeg"}],"author":"CFPMaresme","twitter_card":"summary_large_image","twitter_creator":"@cfpmaresme","twitter_site":"@cfpmaresme","twitter_misc":{"Escrito por":"CFPMaresme","Tiempo de lectura":"1 minuto"},"schema":{"@context":"https:\/\/schema.org","@graph":[{"@type":"Article","@id":"https:\/\/cfpmaresme.org\/es\/llibre-actiu-punt-cultural-del-barri-de-cirera\/#article","isPartOf":{"@id":"https:\/\/cfpmaresme.org\/es\/llibre-actiu-punt-cultural-del-barri-de-cirera\/"},"author":{"name":"CFPMaresme","@id":"https:\/\/cfpmaresme.org\/#\/schema\/person\/b2634bcd796fafc667ea4055f61b9b2c"},"headline":"Llibre Actiu, punto cultural del barrio de Cirera","datePublished":"2018-08-24T14:00:37+00:00","dateModified":"2021-09-22T14:12:55+00:00","mainEntityOfPage":{"@id":"https:\/\/cfpmaresme.org\/es\/llibre-actiu-punt-cultural-del-barri-de-cirera\/"},"wordCount":258,"commentCount":0,"image":{"@id":"https:\/\/cfpmaresme.org\/es\/llibre-actiu-punt-cultural-del-barri-de-cirera\/#primaryimage"},"thumbnailUrl":"https:\/\/cfpmaresme.org\/wp-content\/uploads\/2019\/01\/2018-08-24.jpg","keywords":["actiu","centre","cultura","festes","formaci\u00f3","intercanvi","lectura","llibre","mental","prevenci\u00f3","salut"],"articleSection":["Llibre Actiu","Servicios de Rehabilitaci\u00f3n Comunitaria"],"inLanguage":"es"},{"@type":"WebPage","@id":"https:\/\/cfpmaresme.org\/es\/llibre-actiu-punt-cultural-del-barri-de-cirera\/","url":"https:\/\/cfpmaresme.org\/es\/llibre-actiu-punt-cultural-del-barri-de-cirera\/","name":"Llibre Actiu, punto cultural del barrio de Cirera | CFP Maresme","isPartOf":{"@id":"https:\/\/cfpmaresme.org\/#website"},"primaryImageOfPage":{"@id":"https:\/\/cfpmaresme.org\/es\/llibre-actiu-punt-cultural-del-barri-de-cirera\/#primaryimage"},"image":{"@id":"https:\/\/cfpmaresme.org\/es\/llibre-actiu-punt-cultural-del-barri-de-cirera\/#primaryimage"},"thumbnailUrl":"https:\/\/cfpmaresme.org\/wp-content\/uploads\/2019\/01\/2018-08-24.jpg","datePublished":"2018-08-24T14:00:37+00:00","dateModified":"2021-09-22T14:12:55+00:00","author":{"@id":"https:\/\/cfpmaresme.org\/#\/schema\/person\/b2634bcd796fafc667ea4055f61b9b2c"},"breadcrumb":{"@id":"https:\/\/cfpmaresme.org\/es\/llibre-actiu-punt-cultural-del-barri-de-cirera\/#breadcrumb"},"inLanguage":"es","potentialAction":[{"@type":"ReadAction","target":["https:\/\/cfpmaresme.org\/es\/llibre-actiu-punt-cultural-del-barri-de-cirera\/"]}]},{"@type":"ImageObject","inLanguage":"es","@id":"https:\/\/cfpmaresme.org\/es\/llibre-actiu-punt-cultural-del-barri-de-cirera\/#primaryimage","url":"https:\/\/cfpmaresme.org\/wp-content\/uploads\/2019\/01\/2018-08-24.jpg","contentUrl":"https:\/\/cfpmaresme.org\/wp-content\/uploads\/2019\/01\/2018-08-24.jpg","width":579,"height":332},{"@type":"BreadcrumbList","@id":"https:\/\/cfpmaresme.org\/es\/llibre-actiu-punt-cultural-del-barri-de-cirera\/#breadcrumb","itemListElement":[{"@type":"ListItem","position":1,"name":"Home","item":"https:\/\/cfpmaresme.org\/es\/"},{"@type":"ListItem","position":2,"name":"Llibre Actiu, punto cultural del barrio de Cirera"}]},{"@type":"WebSite","@id":"https:\/\/cfpmaresme.org\/#website","url":"https:\/\/cfpmaresme.org\/","name":"CFP Maresme","description":"Centre Formaci\u00f3 Prevenci\u00f3","potentialAction":[{"@type":"SearchAction","target":{"@type":"EntryPoint","urlTemplate":"https:\/\/cfpmaresme.org\/?s={search_term_string}"},"query-input":{"@type":"PropertyValueSpecification","valueRequired":true,"valueName":"search_term_string"}}],"inLanguage":"es"},{"@type":"Person","@id":"https:\/\/cfpmaresme.org\/#\/schema\/person\/b2634bcd796fafc667ea4055f61b9b2c","name":"CFPMaresme"}]}},"_links":{"self":[{"href":"https:\/\/cfpmaresme.org\/es\/wp-json\/wp\/v2\/posts\/26524","targetHints":{"allow":["GET"]}}],"collection":[{"href":"https:\/\/cfpmaresme.org\/es\/wp-json\/wp\/v2\/posts"}],"about":[{"href":"https:\/\/cfpmaresme.org\/es\/wp-json\/wp\/v2\/types\/post"}],"author":[{"embeddable":true,"href":"https:\/\/cfpmaresme.org\/es\/wp-json\/wp\/v2\/users\/2"}],"replies":[{"embeddable":true,"href":"https:\/\/cfpmaresme.org\/es\/wp-json\/wp\/v2\/comments?post=26524"}],"version-history":[{"count":3,"href":"https:\/\/cfpmaresme.org\/es\/wp-json\/wp\/v2\/posts\/26524\/revisions"}],"predecessor-version":[{"id":26562,"href":"https:\/\/cfpmaresme.org\/es\/wp-json\/wp\/v2\/posts\/26524\/revisions\/26562"}],"wp:featuredmedia":[{"embeddable":true,"href":"https:\/\/cfpmaresme.org\/es\/wp-json\/wp\/v2\/media\/17236"}],"wp:attachment":[{"href":"https:\/\/cfpmaresme.org\/es\/wp-json\/wp\/v2\/media?parent=26524"}],"wp:term":[{"taxonomy":"category","embeddable":true,"href":"https:\/\/cfpmaresme.org\/es\/wp-json\/wp\/v2\/categories?post=26524"},{"taxonomy":"post_tag","embeddable":true,"href":"https:\/\/cfpmaresme.org\/es\/wp-json\/wp\/v2\/tags?post=26524"}],"curies":[{"name":"wp","href":"https:\/\/api.w.org\/{rel}","templated":true}]}}