{"id":26526,"date":"2018-07-21T16:07:49","date_gmt":"2018-07-21T14:07:49","guid":{"rendered":"https:\/\/www.cfpmaresme.org\/?p=26526"},"modified":"2021-09-22T16:18:45","modified_gmt":"2021-09-22T14:18:45","slug":"la-fundacio-fedamar-presenta-el-nou-equip-de-la-penya-barcelonista-special-barca-al-src-maresme","status":"publish","type":"post","link":"https:\/\/cfpmaresme.org\/es\/la-fundacio-fedamar-presenta-el-nou-equip-de-la-penya-barcelonista-special-barca-al-src-maresme\/","title":{"rendered":"La Fundaci\u00f3 Fedamar presenta el nuevo equipo de la pe\u00f1a barcelonista Special Bar\u00e7a en el SRC Maresme"},"content":{"rendered":"<p><strong>El Servicio de Rehabilitaci\u00f3n Comunitaria Maresme fue el espacio donde se celebr\u00f3 la presentaci\u00f3n de la nueva formaci\u00f3n de Futbol 7 integrada por personas con distintos tipos de discapacidad<\/strong><\/p>\n<p>&nbsp;<\/p>\n<p>La Fundaci\u00f3 Fedamar y el Centre de Formaci\u00f3 i Prevenci\u00f3 se reunieron el pasado 21 de julio en el SRC Maresme para presentar el nuevo equipo de Futbol 7 de la Penya Barcelonista Special Bar\u00e7a en el Maresme. Esta ser\u00e1 la primera formaci\u00f3n del club blaugrana en la comarca que integrar\u00e1 a personas con diversas discapacidades, tanto f\u00edsicas como mentales.<\/p>\n<p>&nbsp;<\/p>\n<p>La Fundaci\u00f3 Fedamar ya lleva tiempo colaborando con el CFP, ya que su equipo de b\u00e1squet Fedamar Boet est\u00e1 integrado por algunos jugadores que son atendidos por nuestra entidad. Durante la celebraci\u00f3n, el coordinador de la Fundaci\u00f3 Fedamar Pere Prat quiso destacar que \u201cestamos agradecidos de poder hacer esta inauguraci\u00f3n al SRC Maresme. El CFP colabora mucho con nosotros y algunos de los chicos del equipo vienen del Servicio de Rehabilitaci\u00f3n\u00bb.<\/p>\n<p>&nbsp;<\/p>\n<p>Tambi\u00e9n el director de Fedamar Enric Cervera nos explic\u00f3 qu\u00e9 representa este nuevo proyecto deportivo en el Maresme. Cervera cree que \u201cpara nosotros significa poder dar m\u00e1s posibilidades a las personas con discapacidad que quieran hacer deporte y vestir los colores del Bar\u00e7a\u201d.<\/p>\n<p>&nbsp;<\/p>\n<p>En motivo de esta ocasi\u00f3n especial, que reuni\u00f3n unas cincuenta personas, el FC Barcelona cedi\u00f3 unas r\u00e9plicas de la Copa de La Lliga, la Copa del Rei y la Champions League porque los asistentes al acto se hiciesen fotograf\u00edas con ellas.<\/p>\n","protected":false},"excerpt":{"rendered":"<p>El Servicio de Rehabilitaci\u00f3n Comunitaria Maresme fue el espacio donde se celebr\u00f3 la presentaci\u00f3n de la nueva formaci\u00f3n de Futbol 7 integrada por personas con distintos tipos de discapacidad &nbsp; La Fundaci\u00f3 Fedamar y el Centre de Formaci\u00f3 i Prevenci\u00f3 se reunieron el pasado 21&#8230;<\/p>\n","protected":false},"author":2,"featured_media":17216,"comment_status":"open","ping_status":"open","sticky":false,"template":"","format":"standard","meta":{"footnotes":""},"categories":[1199],"tags":[884,806,739,645,766,748,651,654,623],"class_list":["post-26526","post","type-post","status-publish","format-standard","has-post-thumbnail","hentry","category-servicios-de-rehabilitacion-comunitaria","tag-barca-es","tag-barcelona-es","tag-basquet-es","tag-comunitaria-es","tag-fundacio-es","tag-futbol-es","tag-maresme-es","tag-rehabilitacio-es","tag-servei-es"],"yoast_head":"<!-- This site is optimized with the Yoast SEO plugin v27.4 - https:\/\/yoast.com\/product\/yoast-seo-wordpress\/ -->\n<title>La Fundaci\u00f3 Fedamar presenta el nuevo equipo de la pe\u00f1a barcelonista Special Bar\u00e7a en el SRC Maresme | CFP Maresme<\/title>\n<meta name=\"robots\" content=\"index, follow, max-snippet:-1, max-image-preview:large, max-video-preview:-1\" \/>\n<link rel=\"canonical\" href=\"https:\/\/cfpmaresme.org\/es\/la-fundacio-fedamar-presenta-el-nou-equip-de-la-penya-barcelonista-special-barca-al-src-maresme\/\" \/>\n<meta property=\"og:locale\" content=\"es_ES\" \/>\n<meta property=\"og:type\" content=\"article\" \/>\n<meta property=\"og:title\" content=\"La Fundaci\u00f3 Fedamar presenta el nuevo equipo de la pe\u00f1a barcelonista Special Bar\u00e7a en el SRC Maresme | CFP Maresme\" \/>\n<meta property=\"og:description\" content=\"El Servicio de Rehabilitaci\u00f3n Comunitaria Maresme fue el espacio donde se celebr\u00f3 la presentaci\u00f3n de la nueva formaci\u00f3n de Futbol 7 integrada por personas con distintos tipos de discapacidad &nbsp; La Fundaci\u00f3 Fedamar y el Centre de Formaci\u00f3 i Prevenci\u00f3 se reunieron el pasado 21...\" \/>\n<meta property=\"og:url\" content=\"https:\/\/cfpmaresme.org\/es\/la-fundacio-fedamar-presenta-el-nou-equip-de-la-penya-barcelonista-special-barca-al-src-maresme\/\" \/>\n<meta property=\"og:site_name\" content=\"CFP Maresme\" \/>\n<meta property=\"article:published_time\" content=\"2018-07-21T14:07:49+00:00\" \/>\n<meta property=\"article:modified_time\" content=\"2021-09-22T14:18:45+00:00\" \/>\n<meta property=\"og:image\" content=\"https:\/\/cfpmaresme.org\/wp-content\/uploads\/2019\/01\/2018-07-21.jpg\" \/>\n\t<meta property=\"og:image:width\" content=\"584\" \/>\n\t<meta property=\"og:image:height\" content=\"330\" \/>\n\t<meta property=\"og:image:type\" content=\"image\/jpeg\" \/>\n<meta name=\"author\" content=\"CFPMaresme\" \/>\n<meta name=\"twitter:card\" content=\"summary_large_image\" \/>\n<meta name=\"twitter:creator\" content=\"@cfpmaresme\" \/>\n<meta name=\"twitter:site\" content=\"@cfpmaresme\" \/>\n<meta name=\"twitter:label1\" content=\"Escrito por\" \/>\n\t<meta name=\"twitter:data1\" content=\"CFPMaresme\" \/>\n\t<meta name=\"twitter:label2\" content=\"Tiempo de lectura\" \/>\n\t<meta name=\"twitter:data2\" content=\"1 minuto\" \/>\n<script type=\"application\/ld+json\" class=\"yoast-schema-graph\">{\"@context\":\"https:\\\/\\\/schema.org\",\"@graph\":[{\"@type\":\"Article\",\"@id\":\"https:\\\/\\\/cfpmaresme.org\\\/es\\\/la-fundacio-fedamar-presenta-el-nou-equip-de-la-penya-barcelonista-special-barca-al-src-maresme\\\/#article\",\"isPartOf\":{\"@id\":\"https:\\\/\\\/cfpmaresme.org\\\/es\\\/la-fundacio-fedamar-presenta-el-nou-equip-de-la-penya-barcelonista-special-barca-al-src-maresme\\\/\"},\"author\":{\"name\":\"CFPMaresme\",\"@id\":\"https:\\\/\\\/cfpmaresme.org\\\/#\\\/schema\\\/person\\\/b2634bcd796fafc667ea4055f61b9b2c\"},\"headline\":\"La Fundaci\u00f3 Fedamar presenta el nuevo equipo de la pe\u00f1a barcelonista Special Bar\u00e7a en el SRC Maresme\",\"datePublished\":\"2018-07-21T14:07:49+00:00\",\"dateModified\":\"2021-09-22T14:18:45+00:00\",\"mainEntityOfPage\":{\"@id\":\"https:\\\/\\\/cfpmaresme.org\\\/es\\\/la-fundacio-fedamar-presenta-el-nou-equip-de-la-penya-barcelonista-special-barca-al-src-maresme\\\/\"},\"wordCount\":281,\"commentCount\":0,\"image\":{\"@id\":\"https:\\\/\\\/cfpmaresme.org\\\/es\\\/la-fundacio-fedamar-presenta-el-nou-equip-de-la-penya-barcelonista-special-barca-al-src-maresme\\\/#primaryimage\"},\"thumbnailUrl\":\"https:\\\/\\\/cfpmaresme.org\\\/wp-content\\\/uploads\\\/2019\\\/01\\\/2018-07-21.jpg\",\"keywords\":[\"bar\u00e7a\",\"barcelona\",\"b\u00e0squet\",\"comunit\u00e0ria\",\"fundaci\u00f3\",\"futbol\",\"maresme\",\"rehabilitaci\u00f3\",\"servei\"],\"articleSection\":[\"Servicios de Rehabilitaci\u00f3n Comunitaria\"],\"inLanguage\":\"es\"},{\"@type\":\"WebPage\",\"@id\":\"https:\\\/\\\/cfpmaresme.org\\\/es\\\/la-fundacio-fedamar-presenta-el-nou-equip-de-la-penya-barcelonista-special-barca-al-src-maresme\\\/\",\"url\":\"https:\\\/\\\/cfpmaresme.org\\\/es\\\/la-fundacio-fedamar-presenta-el-nou-equip-de-la-penya-barcelonista-special-barca-al-src-maresme\\\/\",\"name\":\"La Fundaci\u00f3 Fedamar presenta el nuevo equipo de la pe\u00f1a barcelonista Special Bar\u00e7a en el SRC Maresme | CFP Maresme\",\"isPartOf\":{\"@id\":\"https:\\\/\\\/cfpmaresme.org\\\/#website\"},\"primaryImageOfPage\":{\"@id\":\"https:\\\/\\\/cfpmaresme.org\\\/es\\\/la-fundacio-fedamar-presenta-el-nou-equip-de-la-penya-barcelonista-special-barca-al-src-maresme\\\/#primaryimage\"},\"image\":{\"@id\":\"https:\\\/\\\/cfpmaresme.org\\\/es\\\/la-fundacio-fedamar-presenta-el-nou-equip-de-la-penya-barcelonista-special-barca-al-src-maresme\\\/#primaryimage\"},\"thumbnailUrl\":\"https:\\\/\\\/cfpmaresme.org\\\/wp-content\\\/uploads\\\/2019\\\/01\\\/2018-07-21.jpg\",\"datePublished\":\"2018-07-21T14:07:49+00:00\",\"dateModified\":\"2021-09-22T14:18:45+00:00\",\"author\":{\"@id\":\"https:\\\/\\\/cfpmaresme.org\\\/#\\\/schema\\\/person\\\/b2634bcd796fafc667ea4055f61b9b2c\"},\"breadcrumb\":{\"@id\":\"https:\\\/\\\/cfpmaresme.org\\\/es\\\/la-fundacio-fedamar-presenta-el-nou-equip-de-la-penya-barcelonista-special-barca-al-src-maresme\\\/#breadcrumb\"},\"inLanguage\":\"es\",\"potentialAction\":[{\"@type\":\"ReadAction\",\"target\":[\"https:\\\/\\\/cfpmaresme.org\\\/es\\\/la-fundacio-fedamar-presenta-el-nou-equip-de-la-penya-barcelonista-special-barca-al-src-maresme\\\/\"]}]},{\"@type\":\"ImageObject\",\"inLanguage\":\"es\",\"@id\":\"https:\\\/\\\/cfpmaresme.org\\\/es\\\/la-fundacio-fedamar-presenta-el-nou-equip-de-la-penya-barcelonista-special-barca-al-src-maresme\\\/#primaryimage\",\"url\":\"https:\\\/\\\/cfpmaresme.org\\\/wp-content\\\/uploads\\\/2019\\\/01\\\/2018-07-21.jpg\",\"contentUrl\":\"https:\\\/\\\/cfpmaresme.org\\\/wp-content\\\/uploads\\\/2019\\\/01\\\/2018-07-21.jpg\",\"width\":584,\"height\":330},{\"@type\":\"BreadcrumbList\",\"@id\":\"https:\\\/\\\/cfpmaresme.org\\\/es\\\/la-fundacio-fedamar-presenta-el-nou-equip-de-la-penya-barcelonista-special-barca-al-src-maresme\\\/#breadcrumb\",\"itemListElement\":[{\"@type\":\"ListItem\",\"position\":1,\"name\":\"Home\",\"item\":\"https:\\\/\\\/cfpmaresme.org\\\/es\\\/\"},{\"@type\":\"ListItem\",\"position\":2,\"name\":\"La Fundaci\u00f3 Fedamar presenta el nuevo equipo de la pe\u00f1a barcelonista Special Bar\u00e7a en el SRC Maresme\"}]},{\"@type\":\"WebSite\",\"@id\":\"https:\\\/\\\/cfpmaresme.org\\\/#website\",\"url\":\"https:\\\/\\\/cfpmaresme.org\\\/\",\"name\":\"CFP Maresme\",\"description\":\"Centre Formaci\u00f3 Prevenci\u00f3\",\"potentialAction\":[{\"@type\":\"SearchAction\",\"target\":{\"@type\":\"EntryPoint\",\"urlTemplate\":\"https:\\\/\\\/cfpmaresme.org\\\/?s={search_term_string}\"},\"query-input\":{\"@type\":\"PropertyValueSpecification\",\"valueRequired\":true,\"valueName\":\"search_term_string\"}}],\"inLanguage\":\"es\"},{\"@type\":\"Person\",\"@id\":\"https:\\\/\\\/cfpmaresme.org\\\/#\\\/schema\\\/person\\\/b2634bcd796fafc667ea4055f61b9b2c\",\"name\":\"CFPMaresme\"}]}<\/script>\n<!-- \/ Yoast SEO plugin. -->","yoast_head_json":{"title":"La Fundaci\u00f3 Fedamar presenta el nuevo equipo de la pe\u00f1a barcelonista Special Bar\u00e7a en el SRC Maresme | CFP Maresme","robots":{"index":"index","follow":"follow","max-snippet":"max-snippet:-1","max-image-preview":"max-image-preview:large","max-video-preview":"max-video-preview:-1"},"canonical":"https:\/\/cfpmaresme.org\/es\/la-fundacio-fedamar-presenta-el-nou-equip-de-la-penya-barcelonista-special-barca-al-src-maresme\/","og_locale":"es_ES","og_type":"article","og_title":"La Fundaci\u00f3 Fedamar presenta el nuevo equipo de la pe\u00f1a barcelonista Special Bar\u00e7a en el SRC Maresme | CFP Maresme","og_description":"El Servicio de Rehabilitaci\u00f3n Comunitaria Maresme fue el espacio donde se celebr\u00f3 la presentaci\u00f3n de la nueva formaci\u00f3n de Futbol 7 integrada por personas con distintos tipos de discapacidad &nbsp; La Fundaci\u00f3 Fedamar y el Centre de Formaci\u00f3 i Prevenci\u00f3 se reunieron el pasado 21...","og_url":"https:\/\/cfpmaresme.org\/es\/la-fundacio-fedamar-presenta-el-nou-equip-de-la-penya-barcelonista-special-barca-al-src-maresme\/","og_site_name":"CFP Maresme","article_published_time":"2018-07-21T14:07:49+00:00","article_modified_time":"2021-09-22T14:18:45+00:00","og_image":[{"width":584,"height":330,"url":"https:\/\/cfpmaresme.org\/wp-content\/uploads\/2019\/01\/2018-07-21.jpg","type":"image\/jpeg"}],"author":"CFPMaresme","twitter_card":"summary_large_image","twitter_creator":"@cfpmaresme","twitter_site":"@cfpmaresme","twitter_misc":{"Escrito por":"CFPMaresme","Tiempo de lectura":"1 minuto"},"schema":{"@context":"https:\/\/schema.org","@graph":[{"@type":"Article","@id":"https:\/\/cfpmaresme.org\/es\/la-fundacio-fedamar-presenta-el-nou-equip-de-la-penya-barcelonista-special-barca-al-src-maresme\/#article","isPartOf":{"@id":"https:\/\/cfpmaresme.org\/es\/la-fundacio-fedamar-presenta-el-nou-equip-de-la-penya-barcelonista-special-barca-al-src-maresme\/"},"author":{"name":"CFPMaresme","@id":"https:\/\/cfpmaresme.org\/#\/schema\/person\/b2634bcd796fafc667ea4055f61b9b2c"},"headline":"La Fundaci\u00f3 Fedamar presenta el nuevo equipo de la pe\u00f1a barcelonista Special Bar\u00e7a en el SRC Maresme","datePublished":"2018-07-21T14:07:49+00:00","dateModified":"2021-09-22T14:18:45+00:00","mainEntityOfPage":{"@id":"https:\/\/cfpmaresme.org\/es\/la-fundacio-fedamar-presenta-el-nou-equip-de-la-penya-barcelonista-special-barca-al-src-maresme\/"},"wordCount":281,"commentCount":0,"image":{"@id":"https:\/\/cfpmaresme.org\/es\/la-fundacio-fedamar-presenta-el-nou-equip-de-la-penya-barcelonista-special-barca-al-src-maresme\/#primaryimage"},"thumbnailUrl":"https:\/\/cfpmaresme.org\/wp-content\/uploads\/2019\/01\/2018-07-21.jpg","keywords":["bar\u00e7a","barcelona","b\u00e0squet","comunit\u00e0ria","fundaci\u00f3","futbol","maresme","rehabilitaci\u00f3","servei"],"articleSection":["Servicios de Rehabilitaci\u00f3n Comunitaria"],"inLanguage":"es"},{"@type":"WebPage","@id":"https:\/\/cfpmaresme.org\/es\/la-fundacio-fedamar-presenta-el-nou-equip-de-la-penya-barcelonista-special-barca-al-src-maresme\/","url":"https:\/\/cfpmaresme.org\/es\/la-fundacio-fedamar-presenta-el-nou-equip-de-la-penya-barcelonista-special-barca-al-src-maresme\/","name":"La Fundaci\u00f3 Fedamar presenta el nuevo equipo de la pe\u00f1a barcelonista Special Bar\u00e7a en el SRC Maresme | CFP Maresme","isPartOf":{"@id":"https:\/\/cfpmaresme.org\/#website"},"primaryImageOfPage":{"@id":"https:\/\/cfpmaresme.org\/es\/la-fundacio-fedamar-presenta-el-nou-equip-de-la-penya-barcelonista-special-barca-al-src-maresme\/#primaryimage"},"image":{"@id":"https:\/\/cfpmaresme.org\/es\/la-fundacio-fedamar-presenta-el-nou-equip-de-la-penya-barcelonista-special-barca-al-src-maresme\/#primaryimage"},"thumbnailUrl":"https:\/\/cfpmaresme.org\/wp-content\/uploads\/2019\/01\/2018-07-21.jpg","datePublished":"2018-07-21T14:07:49+00:00","dateModified":"2021-09-22T14:18:45+00:00","author":{"@id":"https:\/\/cfpmaresme.org\/#\/schema\/person\/b2634bcd796fafc667ea4055f61b9b2c"},"breadcrumb":{"@id":"https:\/\/cfpmaresme.org\/es\/la-fundacio-fedamar-presenta-el-nou-equip-de-la-penya-barcelonista-special-barca-al-src-maresme\/#breadcrumb"},"inLanguage":"es","potentialAction":[{"@type":"ReadAction","target":["https:\/\/cfpmaresme.org\/es\/la-fundacio-fedamar-presenta-el-nou-equip-de-la-penya-barcelonista-special-barca-al-src-maresme\/"]}]},{"@type":"ImageObject","inLanguage":"es","@id":"https:\/\/cfpmaresme.org\/es\/la-fundacio-fedamar-presenta-el-nou-equip-de-la-penya-barcelonista-special-barca-al-src-maresme\/#primaryimage","url":"https:\/\/cfpmaresme.org\/wp-content\/uploads\/2019\/01\/2018-07-21.jpg","contentUrl":"https:\/\/cfpmaresme.org\/wp-content\/uploads\/2019\/01\/2018-07-21.jpg","width":584,"height":330},{"@type":"BreadcrumbList","@id":"https:\/\/cfpmaresme.org\/es\/la-fundacio-fedamar-presenta-el-nou-equip-de-la-penya-barcelonista-special-barca-al-src-maresme\/#breadcrumb","itemListElement":[{"@type":"ListItem","position":1,"name":"Home","item":"https:\/\/cfpmaresme.org\/es\/"},{"@type":"ListItem","position":2,"name":"La Fundaci\u00f3 Fedamar presenta el nuevo equipo de la pe\u00f1a barcelonista Special Bar\u00e7a en el SRC Maresme"}]},{"@type":"WebSite","@id":"https:\/\/cfpmaresme.org\/#website","url":"https:\/\/cfpmaresme.org\/","name":"CFP Maresme","description":"Centre Formaci\u00f3 Prevenci\u00f3","potentialAction":[{"@type":"SearchAction","target":{"@type":"EntryPoint","urlTemplate":"https:\/\/cfpmaresme.org\/?s={search_term_string}"},"query-input":{"@type":"PropertyValueSpecification","valueRequired":true,"valueName":"search_term_string"}}],"inLanguage":"es"},{"@type":"Person","@id":"https:\/\/cfpmaresme.org\/#\/schema\/person\/b2634bcd796fafc667ea4055f61b9b2c","name":"CFPMaresme"}]}},"_links":{"self":[{"href":"https:\/\/cfpmaresme.org\/es\/wp-json\/wp\/v2\/posts\/26526","targetHints":{"allow":["GET"]}}],"collection":[{"href":"https:\/\/cfpmaresme.org\/es\/wp-json\/wp\/v2\/posts"}],"about":[{"href":"https:\/\/cfpmaresme.org\/es\/wp-json\/wp\/v2\/types\/post"}],"author":[{"embeddable":true,"href":"https:\/\/cfpmaresme.org\/es\/wp-json\/wp\/v2\/users\/2"}],"replies":[{"embeddable":true,"href":"https:\/\/cfpmaresme.org\/es\/wp-json\/wp\/v2\/comments?post=26526"}],"version-history":[{"count":3,"href":"https:\/\/cfpmaresme.org\/es\/wp-json\/wp\/v2\/posts\/26526\/revisions"}],"predecessor-version":[{"id":26564,"href":"https:\/\/cfpmaresme.org\/es\/wp-json\/wp\/v2\/posts\/26526\/revisions\/26564"}],"wp:featuredmedia":[{"embeddable":true,"href":"https:\/\/cfpmaresme.org\/es\/wp-json\/wp\/v2\/media\/17216"}],"wp:attachment":[{"href":"https:\/\/cfpmaresme.org\/es\/wp-json\/wp\/v2\/media?parent=26526"}],"wp:term":[{"taxonomy":"category","embeddable":true,"href":"https:\/\/cfpmaresme.org\/es\/wp-json\/wp\/v2\/categories?post=26526"},{"taxonomy":"post_tag","embeddable":true,"href":"https:\/\/cfpmaresme.org\/es\/wp-json\/wp\/v2\/tags?post=26526"}],"curies":[{"name":"wp","href":"https:\/\/api.w.org\/{rel}","templated":true}]}}