{"id":26529,"date":"2018-07-18T16:18:42","date_gmt":"2018-07-18T14:18:42","guid":{"rendered":"https:\/\/www.cfpmaresme.org\/?p=26529"},"modified":"2021-09-22T16:23:25","modified_gmt":"2021-09-22T14:23:25","slug":"professionals-del-cap-de-premia-de-mar-ofereixen-la-tercera-xerrada-sobre-habits-saludables-al-src-burriac","status":"publish","type":"post","link":"https:\/\/cfpmaresme.org\/es\/professionals-del-cap-de-premia-de-mar-ofereixen-la-tercera-xerrada-sobre-habits-saludables-al-src-burriac\/","title":{"rendered":"Profesionales del cap de Premi\u00e0 de Mar ofrecen la tercera charla sobre h\u00e1bitos saludables en el SRC Burriac"},"content":{"rendered":"<p><strong>Esta ha sido la tercera sesi\u00f3n en que el Centro de Atenci\u00f3n Primaria de Premi\u00e0 de Mar forma sobre temas de salud a las personas que atiende el CFP<\/strong><\/p>\n<p>&nbsp;<\/p>\n<p>Dos enfermeros del Centro de Atenci\u00f3n Primaria de Premi\u00e0 de Mar visitaron las instalaciones del Servicio de Rehabilitaci\u00f3n Comunitaria Burriac del CFP para ofrecerles una charla sobre el h\u00e1bito del tabaquismo y sus consecuencias. Las educadoras del SRC tienen previsto que este sea el primero de muchos m\u00e1s talleres relacionados con la salud para concienciar a las personas que atiende la entidad de la importancia de tener cuidado de su bienestar f\u00edsico y mental.<\/p>\n<p>&nbsp;<\/p>\n<p>Las dos personas que impartieron el taller trabajan a diario con personas que sufren los efectos del tabaquismo y por esto pudieron exponer a los usuarios y usuarias la necesidad de dejar esta adicci\u00f3n en el caso que fumen o tambi\u00e9n la prevenci\u00f3n por no caer en la costumbre de esta sustancia si no son fumadores.<\/p>\n<p>&nbsp;<\/p>\n<p>El taller se produjo coincidiendo con el D\u00eda Mundial Sin Tabaco, que cada a\u00f1o se celebra el 31 de mayo.<\/p>\n","protected":false},"excerpt":{"rendered":"<p>Esta ha sido la tercera sesi\u00f3n en que el Centro de Atenci\u00f3n Primaria de Premi\u00e0 de Mar forma sobre temas de salud a las personas que atiende el CFP &nbsp; Dos enfermeros del Centro de Atenci\u00f3n Primaria de Premi\u00e0 de Mar visitaron las instalaciones del&#8230;<\/p>\n","protected":false},"author":2,"featured_media":17207,"comment_status":"open","ping_status":"open","sticky":false,"template":"","format":"standard","meta":{"footnotes":""},"categories":[1199],"tags":[669,630,645,635,677,638,654,681,623,657,845],"class_list":["post-26529","post","type-post","status-publish","format-standard","has-post-thumbnail","hentry","category-servicios-de-rehabilitacion-comunitaria","tag-burriac-es","tag-centre-es","tag-comunitaria-es","tag-formacio-es","tag-premia-es","tag-prevencio-es","tag-rehabilitacio-es","tag-salut-es","tag-servei-es","tag-taller-es","tag-xerrada-es"],"yoast_head":"<!-- This site is optimized with the Yoast SEO plugin v27.4 - https:\/\/yoast.com\/product\/yoast-seo-wordpress\/ -->\n<title>Profesionales del cap de Premi\u00e0 de Mar ofrecen la tercera charla sobre h\u00e1bitos saludables en el SRC Burriac | CFP Maresme<\/title>\n<meta name=\"robots\" content=\"index, follow, max-snippet:-1, max-image-preview:large, max-video-preview:-1\" \/>\n<link rel=\"canonical\" href=\"https:\/\/cfpmaresme.org\/es\/professionals-del-cap-de-premia-de-mar-ofereixen-la-tercera-xerrada-sobre-habits-saludables-al-src-burriac\/\" \/>\n<meta property=\"og:locale\" content=\"es_ES\" \/>\n<meta property=\"og:type\" content=\"article\" \/>\n<meta property=\"og:title\" content=\"Profesionales del cap de Premi\u00e0 de Mar ofrecen la tercera charla sobre h\u00e1bitos saludables en el SRC Burriac | CFP Maresme\" \/>\n<meta property=\"og:description\" content=\"Esta ha sido la tercera sesi\u00f3n en que el Centro de Atenci\u00f3n Primaria de Premi\u00e0 de Mar forma sobre temas de salud a las personas que atiende el CFP &nbsp; Dos enfermeros del Centro de Atenci\u00f3n Primaria de Premi\u00e0 de Mar visitaron las instalaciones del...\" \/>\n<meta property=\"og:url\" content=\"https:\/\/cfpmaresme.org\/es\/professionals-del-cap-de-premia-de-mar-ofereixen-la-tercera-xerrada-sobre-habits-saludables-al-src-burriac\/\" \/>\n<meta property=\"og:site_name\" content=\"CFP Maresme\" \/>\n<meta property=\"article:published_time\" content=\"2018-07-18T14:18:42+00:00\" \/>\n<meta property=\"article:modified_time\" content=\"2021-09-22T14:23:25+00:00\" \/>\n<meta property=\"og:image\" content=\"https:\/\/cfpmaresme.org\/wp-content\/uploads\/2019\/01\/2018-07-18.jpg\" \/>\n\t<meta property=\"og:image:width\" content=\"584\" \/>\n\t<meta property=\"og:image:height\" content=\"329\" \/>\n\t<meta property=\"og:image:type\" content=\"image\/jpeg\" \/>\n<meta name=\"author\" content=\"CFPMaresme\" \/>\n<meta name=\"twitter:card\" content=\"summary_large_image\" \/>\n<meta name=\"twitter:creator\" content=\"@cfpmaresme\" \/>\n<meta name=\"twitter:site\" content=\"@cfpmaresme\" \/>\n<meta name=\"twitter:label1\" content=\"Escrito por\" \/>\n\t<meta name=\"twitter:data1\" content=\"CFPMaresme\" \/>\n\t<meta name=\"twitter:label2\" content=\"Tiempo de lectura\" \/>\n\t<meta name=\"twitter:data2\" content=\"1 minuto\" \/>\n<script type=\"application\/ld+json\" class=\"yoast-schema-graph\">{\"@context\":\"https:\\\/\\\/schema.org\",\"@graph\":[{\"@type\":\"Article\",\"@id\":\"https:\\\/\\\/cfpmaresme.org\\\/es\\\/professionals-del-cap-de-premia-de-mar-ofereixen-la-tercera-xerrada-sobre-habits-saludables-al-src-burriac\\\/#article\",\"isPartOf\":{\"@id\":\"https:\\\/\\\/cfpmaresme.org\\\/es\\\/professionals-del-cap-de-premia-de-mar-ofereixen-la-tercera-xerrada-sobre-habits-saludables-al-src-burriac\\\/\"},\"author\":{\"name\":\"CFPMaresme\",\"@id\":\"https:\\\/\\\/cfpmaresme.org\\\/#\\\/schema\\\/person\\\/b2634bcd796fafc667ea4055f61b9b2c\"},\"headline\":\"Profesionales del cap de Premi\u00e0 de Mar ofrecen la tercera charla sobre h\u00e1bitos saludables en el SRC Burriac\",\"datePublished\":\"2018-07-18T14:18:42+00:00\",\"dateModified\":\"2021-09-22T14:23:25+00:00\",\"mainEntityOfPage\":{\"@id\":\"https:\\\/\\\/cfpmaresme.org\\\/es\\\/professionals-del-cap-de-premia-de-mar-ofereixen-la-tercera-xerrada-sobre-habits-saludables-al-src-burriac\\\/\"},\"wordCount\":212,\"commentCount\":0,\"image\":{\"@id\":\"https:\\\/\\\/cfpmaresme.org\\\/es\\\/professionals-del-cap-de-premia-de-mar-ofereixen-la-tercera-xerrada-sobre-habits-saludables-al-src-burriac\\\/#primaryimage\"},\"thumbnailUrl\":\"https:\\\/\\\/cfpmaresme.org\\\/wp-content\\\/uploads\\\/2019\\\/01\\\/2018-07-18.jpg\",\"keywords\":[\"burriac\",\"centre\",\"comunit\u00e0ria\",\"formaci\u00f3\",\"premi\u00e0\",\"prevenci\u00f3\",\"rehabilitaci\u00f3\",\"salut\",\"servei\",\"taller\",\"xerrada\"],\"articleSection\":[\"Servicios de Rehabilitaci\u00f3n Comunitaria\"],\"inLanguage\":\"es\"},{\"@type\":\"WebPage\",\"@id\":\"https:\\\/\\\/cfpmaresme.org\\\/es\\\/professionals-del-cap-de-premia-de-mar-ofereixen-la-tercera-xerrada-sobre-habits-saludables-al-src-burriac\\\/\",\"url\":\"https:\\\/\\\/cfpmaresme.org\\\/es\\\/professionals-del-cap-de-premia-de-mar-ofereixen-la-tercera-xerrada-sobre-habits-saludables-al-src-burriac\\\/\",\"name\":\"Profesionales del cap de Premi\u00e0 de Mar ofrecen la tercera charla sobre h\u00e1bitos saludables en el SRC Burriac | CFP Maresme\",\"isPartOf\":{\"@id\":\"https:\\\/\\\/cfpmaresme.org\\\/#website\"},\"primaryImageOfPage\":{\"@id\":\"https:\\\/\\\/cfpmaresme.org\\\/es\\\/professionals-del-cap-de-premia-de-mar-ofereixen-la-tercera-xerrada-sobre-habits-saludables-al-src-burriac\\\/#primaryimage\"},\"image\":{\"@id\":\"https:\\\/\\\/cfpmaresme.org\\\/es\\\/professionals-del-cap-de-premia-de-mar-ofereixen-la-tercera-xerrada-sobre-habits-saludables-al-src-burriac\\\/#primaryimage\"},\"thumbnailUrl\":\"https:\\\/\\\/cfpmaresme.org\\\/wp-content\\\/uploads\\\/2019\\\/01\\\/2018-07-18.jpg\",\"datePublished\":\"2018-07-18T14:18:42+00:00\",\"dateModified\":\"2021-09-22T14:23:25+00:00\",\"author\":{\"@id\":\"https:\\\/\\\/cfpmaresme.org\\\/#\\\/schema\\\/person\\\/b2634bcd796fafc667ea4055f61b9b2c\"},\"breadcrumb\":{\"@id\":\"https:\\\/\\\/cfpmaresme.org\\\/es\\\/professionals-del-cap-de-premia-de-mar-ofereixen-la-tercera-xerrada-sobre-habits-saludables-al-src-burriac\\\/#breadcrumb\"},\"inLanguage\":\"es\",\"potentialAction\":[{\"@type\":\"ReadAction\",\"target\":[\"https:\\\/\\\/cfpmaresme.org\\\/es\\\/professionals-del-cap-de-premia-de-mar-ofereixen-la-tercera-xerrada-sobre-habits-saludables-al-src-burriac\\\/\"]}]},{\"@type\":\"ImageObject\",\"inLanguage\":\"es\",\"@id\":\"https:\\\/\\\/cfpmaresme.org\\\/es\\\/professionals-del-cap-de-premia-de-mar-ofereixen-la-tercera-xerrada-sobre-habits-saludables-al-src-burriac\\\/#primaryimage\",\"url\":\"https:\\\/\\\/cfpmaresme.org\\\/wp-content\\\/uploads\\\/2019\\\/01\\\/2018-07-18.jpg\",\"contentUrl\":\"https:\\\/\\\/cfpmaresme.org\\\/wp-content\\\/uploads\\\/2019\\\/01\\\/2018-07-18.jpg\",\"width\":584,\"height\":329},{\"@type\":\"BreadcrumbList\",\"@id\":\"https:\\\/\\\/cfpmaresme.org\\\/es\\\/professionals-del-cap-de-premia-de-mar-ofereixen-la-tercera-xerrada-sobre-habits-saludables-al-src-burriac\\\/#breadcrumb\",\"itemListElement\":[{\"@type\":\"ListItem\",\"position\":1,\"name\":\"Home\",\"item\":\"https:\\\/\\\/cfpmaresme.org\\\/es\\\/\"},{\"@type\":\"ListItem\",\"position\":2,\"name\":\"Profesionales del cap de Premi\u00e0 de Mar ofrecen la tercera charla sobre h\u00e1bitos saludables en el SRC Burriac\"}]},{\"@type\":\"WebSite\",\"@id\":\"https:\\\/\\\/cfpmaresme.org\\\/#website\",\"url\":\"https:\\\/\\\/cfpmaresme.org\\\/\",\"name\":\"CFP Maresme\",\"description\":\"Centre Formaci\u00f3 Prevenci\u00f3\",\"potentialAction\":[{\"@type\":\"SearchAction\",\"target\":{\"@type\":\"EntryPoint\",\"urlTemplate\":\"https:\\\/\\\/cfpmaresme.org\\\/?s={search_term_string}\"},\"query-input\":{\"@type\":\"PropertyValueSpecification\",\"valueRequired\":true,\"valueName\":\"search_term_string\"}}],\"inLanguage\":\"es\"},{\"@type\":\"Person\",\"@id\":\"https:\\\/\\\/cfpmaresme.org\\\/#\\\/schema\\\/person\\\/b2634bcd796fafc667ea4055f61b9b2c\",\"name\":\"CFPMaresme\"}]}<\/script>\n<!-- \/ Yoast SEO plugin. -->","yoast_head_json":{"title":"Profesionales del cap de Premi\u00e0 de Mar ofrecen la tercera charla sobre h\u00e1bitos saludables en el SRC Burriac | CFP Maresme","robots":{"index":"index","follow":"follow","max-snippet":"max-snippet:-1","max-image-preview":"max-image-preview:large","max-video-preview":"max-video-preview:-1"},"canonical":"https:\/\/cfpmaresme.org\/es\/professionals-del-cap-de-premia-de-mar-ofereixen-la-tercera-xerrada-sobre-habits-saludables-al-src-burriac\/","og_locale":"es_ES","og_type":"article","og_title":"Profesionales del cap de Premi\u00e0 de Mar ofrecen la tercera charla sobre h\u00e1bitos saludables en el SRC Burriac | CFP Maresme","og_description":"Esta ha sido la tercera sesi\u00f3n en que el Centro de Atenci\u00f3n Primaria de Premi\u00e0 de Mar forma sobre temas de salud a las personas que atiende el CFP &nbsp; Dos enfermeros del Centro de Atenci\u00f3n Primaria de Premi\u00e0 de Mar visitaron las instalaciones del...","og_url":"https:\/\/cfpmaresme.org\/es\/professionals-del-cap-de-premia-de-mar-ofereixen-la-tercera-xerrada-sobre-habits-saludables-al-src-burriac\/","og_site_name":"CFP Maresme","article_published_time":"2018-07-18T14:18:42+00:00","article_modified_time":"2021-09-22T14:23:25+00:00","og_image":[{"width":584,"height":329,"url":"https:\/\/cfpmaresme.org\/wp-content\/uploads\/2019\/01\/2018-07-18.jpg","type":"image\/jpeg"}],"author":"CFPMaresme","twitter_card":"summary_large_image","twitter_creator":"@cfpmaresme","twitter_site":"@cfpmaresme","twitter_misc":{"Escrito por":"CFPMaresme","Tiempo de lectura":"1 minuto"},"schema":{"@context":"https:\/\/schema.org","@graph":[{"@type":"Article","@id":"https:\/\/cfpmaresme.org\/es\/professionals-del-cap-de-premia-de-mar-ofereixen-la-tercera-xerrada-sobre-habits-saludables-al-src-burriac\/#article","isPartOf":{"@id":"https:\/\/cfpmaresme.org\/es\/professionals-del-cap-de-premia-de-mar-ofereixen-la-tercera-xerrada-sobre-habits-saludables-al-src-burriac\/"},"author":{"name":"CFPMaresme","@id":"https:\/\/cfpmaresme.org\/#\/schema\/person\/b2634bcd796fafc667ea4055f61b9b2c"},"headline":"Profesionales del cap de Premi\u00e0 de Mar ofrecen la tercera charla sobre h\u00e1bitos saludables en el SRC Burriac","datePublished":"2018-07-18T14:18:42+00:00","dateModified":"2021-09-22T14:23:25+00:00","mainEntityOfPage":{"@id":"https:\/\/cfpmaresme.org\/es\/professionals-del-cap-de-premia-de-mar-ofereixen-la-tercera-xerrada-sobre-habits-saludables-al-src-burriac\/"},"wordCount":212,"commentCount":0,"image":{"@id":"https:\/\/cfpmaresme.org\/es\/professionals-del-cap-de-premia-de-mar-ofereixen-la-tercera-xerrada-sobre-habits-saludables-al-src-burriac\/#primaryimage"},"thumbnailUrl":"https:\/\/cfpmaresme.org\/wp-content\/uploads\/2019\/01\/2018-07-18.jpg","keywords":["burriac","centre","comunit\u00e0ria","formaci\u00f3","premi\u00e0","prevenci\u00f3","rehabilitaci\u00f3","salut","servei","taller","xerrada"],"articleSection":["Servicios de Rehabilitaci\u00f3n Comunitaria"],"inLanguage":"es"},{"@type":"WebPage","@id":"https:\/\/cfpmaresme.org\/es\/professionals-del-cap-de-premia-de-mar-ofereixen-la-tercera-xerrada-sobre-habits-saludables-al-src-burriac\/","url":"https:\/\/cfpmaresme.org\/es\/professionals-del-cap-de-premia-de-mar-ofereixen-la-tercera-xerrada-sobre-habits-saludables-al-src-burriac\/","name":"Profesionales del cap de Premi\u00e0 de Mar ofrecen la tercera charla sobre h\u00e1bitos saludables en el SRC Burriac | CFP Maresme","isPartOf":{"@id":"https:\/\/cfpmaresme.org\/#website"},"primaryImageOfPage":{"@id":"https:\/\/cfpmaresme.org\/es\/professionals-del-cap-de-premia-de-mar-ofereixen-la-tercera-xerrada-sobre-habits-saludables-al-src-burriac\/#primaryimage"},"image":{"@id":"https:\/\/cfpmaresme.org\/es\/professionals-del-cap-de-premia-de-mar-ofereixen-la-tercera-xerrada-sobre-habits-saludables-al-src-burriac\/#primaryimage"},"thumbnailUrl":"https:\/\/cfpmaresme.org\/wp-content\/uploads\/2019\/01\/2018-07-18.jpg","datePublished":"2018-07-18T14:18:42+00:00","dateModified":"2021-09-22T14:23:25+00:00","author":{"@id":"https:\/\/cfpmaresme.org\/#\/schema\/person\/b2634bcd796fafc667ea4055f61b9b2c"},"breadcrumb":{"@id":"https:\/\/cfpmaresme.org\/es\/professionals-del-cap-de-premia-de-mar-ofereixen-la-tercera-xerrada-sobre-habits-saludables-al-src-burriac\/#breadcrumb"},"inLanguage":"es","potentialAction":[{"@type":"ReadAction","target":["https:\/\/cfpmaresme.org\/es\/professionals-del-cap-de-premia-de-mar-ofereixen-la-tercera-xerrada-sobre-habits-saludables-al-src-burriac\/"]}]},{"@type":"ImageObject","inLanguage":"es","@id":"https:\/\/cfpmaresme.org\/es\/professionals-del-cap-de-premia-de-mar-ofereixen-la-tercera-xerrada-sobre-habits-saludables-al-src-burriac\/#primaryimage","url":"https:\/\/cfpmaresme.org\/wp-content\/uploads\/2019\/01\/2018-07-18.jpg","contentUrl":"https:\/\/cfpmaresme.org\/wp-content\/uploads\/2019\/01\/2018-07-18.jpg","width":584,"height":329},{"@type":"BreadcrumbList","@id":"https:\/\/cfpmaresme.org\/es\/professionals-del-cap-de-premia-de-mar-ofereixen-la-tercera-xerrada-sobre-habits-saludables-al-src-burriac\/#breadcrumb","itemListElement":[{"@type":"ListItem","position":1,"name":"Home","item":"https:\/\/cfpmaresme.org\/es\/"},{"@type":"ListItem","position":2,"name":"Profesionales del cap de Premi\u00e0 de Mar ofrecen la tercera charla sobre h\u00e1bitos saludables en el SRC Burriac"}]},{"@type":"WebSite","@id":"https:\/\/cfpmaresme.org\/#website","url":"https:\/\/cfpmaresme.org\/","name":"CFP Maresme","description":"Centre Formaci\u00f3 Prevenci\u00f3","potentialAction":[{"@type":"SearchAction","target":{"@type":"EntryPoint","urlTemplate":"https:\/\/cfpmaresme.org\/?s={search_term_string}"},"query-input":{"@type":"PropertyValueSpecification","valueRequired":true,"valueName":"search_term_string"}}],"inLanguage":"es"},{"@type":"Person","@id":"https:\/\/cfpmaresme.org\/#\/schema\/person\/b2634bcd796fafc667ea4055f61b9b2c","name":"CFPMaresme"}]}},"_links":{"self":[{"href":"https:\/\/cfpmaresme.org\/es\/wp-json\/wp\/v2\/posts\/26529","targetHints":{"allow":["GET"]}}],"collection":[{"href":"https:\/\/cfpmaresme.org\/es\/wp-json\/wp\/v2\/posts"}],"about":[{"href":"https:\/\/cfpmaresme.org\/es\/wp-json\/wp\/v2\/types\/post"}],"author":[{"embeddable":true,"href":"https:\/\/cfpmaresme.org\/es\/wp-json\/wp\/v2\/users\/2"}],"replies":[{"embeddable":true,"href":"https:\/\/cfpmaresme.org\/es\/wp-json\/wp\/v2\/comments?post=26529"}],"version-history":[{"count":3,"href":"https:\/\/cfpmaresme.org\/es\/wp-json\/wp\/v2\/posts\/26529\/revisions"}],"predecessor-version":[{"id":26566,"href":"https:\/\/cfpmaresme.org\/es\/wp-json\/wp\/v2\/posts\/26529\/revisions\/26566"}],"wp:featuredmedia":[{"embeddable":true,"href":"https:\/\/cfpmaresme.org\/es\/wp-json\/wp\/v2\/media\/17207"}],"wp:attachment":[{"href":"https:\/\/cfpmaresme.org\/es\/wp-json\/wp\/v2\/media?parent=26529"}],"wp:term":[{"taxonomy":"category","embeddable":true,"href":"https:\/\/cfpmaresme.org\/es\/wp-json\/wp\/v2\/categories?post=26529"},{"taxonomy":"post_tag","embeddable":true,"href":"https:\/\/cfpmaresme.org\/es\/wp-json\/wp\/v2\/tags?post=26529"}],"curies":[{"name":"wp","href":"https:\/\/api.w.org\/{rel}","templated":true}]}}