{"id":26532,"date":"2018-07-13T16:21:43","date_gmt":"2018-07-13T14:21:43","guid":{"rendered":"https:\/\/www.cfpmaresme.org\/?p=26532"},"modified":"2021-09-23T12:25:39","modified_gmt":"2021-09-23T10:25:39","slug":"finalitzen-les-temporades-de-bricura-i-pati-interior","status":"publish","type":"post","link":"https:\/\/cfpmaresme.org\/es\/finalitzen-les-temporades-de-bricura-i-pati-interior\/","title":{"rendered":"Finalizan las temporadas de Bricura y Pati Interior"},"content":{"rendered":"<p><strong>Este mes de julio se han grabado los dos \u00faltimos programas de los espacios radiof\u00f3nicos en los que participan usuarios y usuarias del Centre de Formaci\u00f3 i Prevenci\u00f3<\/strong><\/p>\n<p>&nbsp;<\/p>\n<p>Los integrantes de los programas Bricura y Pati Interior ya tienen vacaciones. A principios de julio grabaron los \u00faltimos cap\u00edtulos de la temporada. Durante el pr\u00f3ximo mes de septiembre empezar\u00e1n a trabajar con nuevos contenidos y ser\u00e1 en octubre cuando los podremos volver a escuchar a las dos otras radios locales donde se emiten estos espacios, Matar\u00f3 R\u00e0dio y R\u00e0dio Premi\u00e0 de Mar.<\/p>\n<p>&nbsp;<\/p>\n<p>Pati Interior es un programa de Matar\u00f3 R\u00e0dio que lleva m\u00e1s de 7 a\u00f1os a la parrilla de esta emisora. Est\u00e1 formado por cuatro eprsonas. Bricura es un espacio que este a\u00f1o ha empezado su camino en R\u00e0dio Premi\u00e0 de Mar. Hace unos a\u00f1os, los usuarios y usuarias del Servicio de Rehabilitaci\u00f3n Comunitaria Burriac ya hab\u00edan intervenido dentro de un programa m\u00e1s grande, pero ha sido este a\u00f1o cuando han podido consolidar sus contenidos dentro de un magazine de una hora de duraci\u00f3n. El equipo est\u00e1 integrado por 5 personas.<\/p>\n<p>Estos dos programas forman parte del \u00e1mbito de actividades comunitarias de los dos Servicios de Rehabilitaci\u00f3n que gestiona el Centre de Formaci\u00f3 i Prevenci\u00f3. Su intenci\u00f3n es hacer participar a las personas con problemas de salud mental de la vida p\u00fablica y normalizar su situaci\u00f3n y romper el estigma a trav\u00e9s de los medios de comunicaci\u00f3n.<\/p>\n","protected":false},"excerpt":{"rendered":"<p>Este mes de julio se han grabado los dos \u00faltimos programas de los espacios radiof\u00f3nicos en los que participan usuarios y usuarias del Centre de Formaci\u00f3 i Prevenci\u00f3 &nbsp; Los integrantes de los programas Bricura y Pati Interior ya tienen vacaciones. A principios de julio&#8230;<\/p>\n","protected":false},"author":2,"featured_media":16431,"comment_status":"open","ping_status":"open","sticky":false,"template":"","format":"standard","meta":{"footnotes":""},"categories":[1199],"tags":[669,630,771,908,635,651,617,677,638,1003,654,623],"class_list":["post-26532","post","type-post","status-publish","format-standard","has-post-thumbnail","hentry","category-servicios-de-rehabilitacion-comunitaria","tag-burriac-es","tag-centre-es","tag-comunicacio-es","tag-estigma-es","tag-formacio-es","tag-maresme-es","tag-mataro-es","tag-premia-es","tag-prevencio-es","tag-radio-es","tag-rehabilitacio-es","tag-servei-es"],"yoast_head":"<!-- This site is optimized with the Yoast SEO plugin v27.4 - https:\/\/yoast.com\/product\/yoast-seo-wordpress\/ -->\n<title>Finalizan las temporadas de Bricura y Pati Interior | CFP Maresme<\/title>\n<meta name=\"robots\" content=\"index, follow, max-snippet:-1, max-image-preview:large, max-video-preview:-1\" \/>\n<link rel=\"canonical\" href=\"https:\/\/cfpmaresme.org\/es\/finalitzen-les-temporades-de-bricura-i-pati-interior\/\" \/>\n<meta property=\"og:locale\" content=\"es_ES\" \/>\n<meta property=\"og:type\" content=\"article\" \/>\n<meta property=\"og:title\" content=\"Finalizan las temporadas de Bricura y Pati Interior | CFP Maresme\" \/>\n<meta property=\"og:description\" content=\"Este mes de julio se han grabado los dos \u00faltimos programas de los espacios radiof\u00f3nicos en los que participan usuarios y usuarias del Centre de Formaci\u00f3 i Prevenci\u00f3 &nbsp; Los integrantes de los programas Bricura y Pati Interior ya tienen vacaciones. A principios de julio...\" \/>\n<meta property=\"og:url\" content=\"https:\/\/cfpmaresme.org\/es\/finalitzen-les-temporades-de-bricura-i-pati-interior\/\" \/>\n<meta property=\"og:site_name\" content=\"CFP Maresme\" \/>\n<meta property=\"article:published_time\" content=\"2018-07-13T14:21:43+00:00\" \/>\n<meta property=\"article:modified_time\" content=\"2021-09-23T10:25:39+00:00\" \/>\n<meta property=\"og:image\" content=\"https:\/\/cfpmaresme.org\/wp-content\/uploads\/2018\/06\/pati-interior-bricura.png\" \/>\n\t<meta property=\"og:image:width\" content=\"190\" \/>\n\t<meta property=\"og:image:height\" content=\"96\" \/>\n\t<meta property=\"og:image:type\" content=\"image\/png\" \/>\n<meta name=\"author\" content=\"CFPMaresme\" \/>\n<meta name=\"twitter:card\" content=\"summary_large_image\" \/>\n<meta name=\"twitter:creator\" content=\"@cfpmaresme\" \/>\n<meta name=\"twitter:site\" content=\"@cfpmaresme\" \/>\n<meta name=\"twitter:label1\" content=\"Escrito por\" \/>\n\t<meta name=\"twitter:data1\" content=\"CFPMaresme\" \/>\n\t<meta name=\"twitter:label2\" content=\"Tiempo de lectura\" \/>\n\t<meta name=\"twitter:data2\" content=\"1 minuto\" \/>\n<script type=\"application\/ld+json\" class=\"yoast-schema-graph\">{\"@context\":\"https:\\\/\\\/schema.org\",\"@graph\":[{\"@type\":\"Article\",\"@id\":\"https:\\\/\\\/cfpmaresme.org\\\/es\\\/finalitzen-les-temporades-de-bricura-i-pati-interior\\\/#article\",\"isPartOf\":{\"@id\":\"https:\\\/\\\/cfpmaresme.org\\\/es\\\/finalitzen-les-temporades-de-bricura-i-pati-interior\\\/\"},\"author\":{\"name\":\"CFPMaresme\",\"@id\":\"https:\\\/\\\/cfpmaresme.org\\\/#\\\/schema\\\/person\\\/b2634bcd796fafc667ea4055f61b9b2c\"},\"headline\":\"Finalizan las temporadas de Bricura y Pati Interior\",\"datePublished\":\"2018-07-13T14:21:43+00:00\",\"dateModified\":\"2021-09-23T10:25:39+00:00\",\"mainEntityOfPage\":{\"@id\":\"https:\\\/\\\/cfpmaresme.org\\\/es\\\/finalitzen-les-temporades-de-bricura-i-pati-interior\\\/\"},\"wordCount\":268,\"commentCount\":0,\"image\":{\"@id\":\"https:\\\/\\\/cfpmaresme.org\\\/es\\\/finalitzen-les-temporades-de-bricura-i-pati-interior\\\/#primaryimage\"},\"thumbnailUrl\":\"https:\\\/\\\/cfpmaresme.org\\\/wp-content\\\/uploads\\\/2018\\\/06\\\/pati-interior-bricura.png\",\"keywords\":[\"burriac\",\"centre\",\"comunicaci\u00f3\",\"estigma\",\"formaci\u00f3\",\"maresme\",\"matar\u00f3\",\"premi\u00e0\",\"prevenci\u00f3\",\"radio\",\"rehabilitaci\u00f3\",\"servei\"],\"articleSection\":[\"Servicios de Rehabilitaci\u00f3n Comunitaria\"],\"inLanguage\":\"es\"},{\"@type\":\"WebPage\",\"@id\":\"https:\\\/\\\/cfpmaresme.org\\\/es\\\/finalitzen-les-temporades-de-bricura-i-pati-interior\\\/\",\"url\":\"https:\\\/\\\/cfpmaresme.org\\\/es\\\/finalitzen-les-temporades-de-bricura-i-pati-interior\\\/\",\"name\":\"Finalizan las temporadas de Bricura y Pati Interior | CFP Maresme\",\"isPartOf\":{\"@id\":\"https:\\\/\\\/cfpmaresme.org\\\/#website\"},\"primaryImageOfPage\":{\"@id\":\"https:\\\/\\\/cfpmaresme.org\\\/es\\\/finalitzen-les-temporades-de-bricura-i-pati-interior\\\/#primaryimage\"},\"image\":{\"@id\":\"https:\\\/\\\/cfpmaresme.org\\\/es\\\/finalitzen-les-temporades-de-bricura-i-pati-interior\\\/#primaryimage\"},\"thumbnailUrl\":\"https:\\\/\\\/cfpmaresme.org\\\/wp-content\\\/uploads\\\/2018\\\/06\\\/pati-interior-bricura.png\",\"datePublished\":\"2018-07-13T14:21:43+00:00\",\"dateModified\":\"2021-09-23T10:25:39+00:00\",\"author\":{\"@id\":\"https:\\\/\\\/cfpmaresme.org\\\/#\\\/schema\\\/person\\\/b2634bcd796fafc667ea4055f61b9b2c\"},\"breadcrumb\":{\"@id\":\"https:\\\/\\\/cfpmaresme.org\\\/es\\\/finalitzen-les-temporades-de-bricura-i-pati-interior\\\/#breadcrumb\"},\"inLanguage\":\"es\",\"potentialAction\":[{\"@type\":\"ReadAction\",\"target\":[\"https:\\\/\\\/cfpmaresme.org\\\/es\\\/finalitzen-les-temporades-de-bricura-i-pati-interior\\\/\"]}]},{\"@type\":\"ImageObject\",\"inLanguage\":\"es\",\"@id\":\"https:\\\/\\\/cfpmaresme.org\\\/es\\\/finalitzen-les-temporades-de-bricura-i-pati-interior\\\/#primaryimage\",\"url\":\"https:\\\/\\\/cfpmaresme.org\\\/wp-content\\\/uploads\\\/2018\\\/06\\\/pati-interior-bricura.png\",\"contentUrl\":\"https:\\\/\\\/cfpmaresme.org\\\/wp-content\\\/uploads\\\/2018\\\/06\\\/pati-interior-bricura.png\",\"width\":190,\"height\":96},{\"@type\":\"BreadcrumbList\",\"@id\":\"https:\\\/\\\/cfpmaresme.org\\\/es\\\/finalitzen-les-temporades-de-bricura-i-pati-interior\\\/#breadcrumb\",\"itemListElement\":[{\"@type\":\"ListItem\",\"position\":1,\"name\":\"Home\",\"item\":\"https:\\\/\\\/cfpmaresme.org\\\/es\\\/\"},{\"@type\":\"ListItem\",\"position\":2,\"name\":\"Finalizan las temporadas de Bricura y Pati Interior\"}]},{\"@type\":\"WebSite\",\"@id\":\"https:\\\/\\\/cfpmaresme.org\\\/#website\",\"url\":\"https:\\\/\\\/cfpmaresme.org\\\/\",\"name\":\"CFP Maresme\",\"description\":\"Centre Formaci\u00f3 Prevenci\u00f3\",\"potentialAction\":[{\"@type\":\"SearchAction\",\"target\":{\"@type\":\"EntryPoint\",\"urlTemplate\":\"https:\\\/\\\/cfpmaresme.org\\\/?s={search_term_string}\"},\"query-input\":{\"@type\":\"PropertyValueSpecification\",\"valueRequired\":true,\"valueName\":\"search_term_string\"}}],\"inLanguage\":\"es\"},{\"@type\":\"Person\",\"@id\":\"https:\\\/\\\/cfpmaresme.org\\\/#\\\/schema\\\/person\\\/b2634bcd796fafc667ea4055f61b9b2c\",\"name\":\"CFPMaresme\"}]}<\/script>\n<!-- \/ Yoast SEO plugin. -->","yoast_head_json":{"title":"Finalizan las temporadas de Bricura y Pati Interior | CFP Maresme","robots":{"index":"index","follow":"follow","max-snippet":"max-snippet:-1","max-image-preview":"max-image-preview:large","max-video-preview":"max-video-preview:-1"},"canonical":"https:\/\/cfpmaresme.org\/es\/finalitzen-les-temporades-de-bricura-i-pati-interior\/","og_locale":"es_ES","og_type":"article","og_title":"Finalizan las temporadas de Bricura y Pati Interior | CFP Maresme","og_description":"Este mes de julio se han grabado los dos \u00faltimos programas de los espacios radiof\u00f3nicos en los que participan usuarios y usuarias del Centre de Formaci\u00f3 i Prevenci\u00f3 &nbsp; Los integrantes de los programas Bricura y Pati Interior ya tienen vacaciones. A principios de julio...","og_url":"https:\/\/cfpmaresme.org\/es\/finalitzen-les-temporades-de-bricura-i-pati-interior\/","og_site_name":"CFP Maresme","article_published_time":"2018-07-13T14:21:43+00:00","article_modified_time":"2021-09-23T10:25:39+00:00","og_image":[{"width":190,"height":96,"url":"https:\/\/cfpmaresme.org\/wp-content\/uploads\/2018\/06\/pati-interior-bricura.png","type":"image\/png"}],"author":"CFPMaresme","twitter_card":"summary_large_image","twitter_creator":"@cfpmaresme","twitter_site":"@cfpmaresme","twitter_misc":{"Escrito por":"CFPMaresme","Tiempo de lectura":"1 minuto"},"schema":{"@context":"https:\/\/schema.org","@graph":[{"@type":"Article","@id":"https:\/\/cfpmaresme.org\/es\/finalitzen-les-temporades-de-bricura-i-pati-interior\/#article","isPartOf":{"@id":"https:\/\/cfpmaresme.org\/es\/finalitzen-les-temporades-de-bricura-i-pati-interior\/"},"author":{"name":"CFPMaresme","@id":"https:\/\/cfpmaresme.org\/#\/schema\/person\/b2634bcd796fafc667ea4055f61b9b2c"},"headline":"Finalizan las temporadas de Bricura y Pati Interior","datePublished":"2018-07-13T14:21:43+00:00","dateModified":"2021-09-23T10:25:39+00:00","mainEntityOfPage":{"@id":"https:\/\/cfpmaresme.org\/es\/finalitzen-les-temporades-de-bricura-i-pati-interior\/"},"wordCount":268,"commentCount":0,"image":{"@id":"https:\/\/cfpmaresme.org\/es\/finalitzen-les-temporades-de-bricura-i-pati-interior\/#primaryimage"},"thumbnailUrl":"https:\/\/cfpmaresme.org\/wp-content\/uploads\/2018\/06\/pati-interior-bricura.png","keywords":["burriac","centre","comunicaci\u00f3","estigma","formaci\u00f3","maresme","matar\u00f3","premi\u00e0","prevenci\u00f3","radio","rehabilitaci\u00f3","servei"],"articleSection":["Servicios de Rehabilitaci\u00f3n Comunitaria"],"inLanguage":"es"},{"@type":"WebPage","@id":"https:\/\/cfpmaresme.org\/es\/finalitzen-les-temporades-de-bricura-i-pati-interior\/","url":"https:\/\/cfpmaresme.org\/es\/finalitzen-les-temporades-de-bricura-i-pati-interior\/","name":"Finalizan las temporadas de Bricura y Pati Interior | CFP Maresme","isPartOf":{"@id":"https:\/\/cfpmaresme.org\/#website"},"primaryImageOfPage":{"@id":"https:\/\/cfpmaresme.org\/es\/finalitzen-les-temporades-de-bricura-i-pati-interior\/#primaryimage"},"image":{"@id":"https:\/\/cfpmaresme.org\/es\/finalitzen-les-temporades-de-bricura-i-pati-interior\/#primaryimage"},"thumbnailUrl":"https:\/\/cfpmaresme.org\/wp-content\/uploads\/2018\/06\/pati-interior-bricura.png","datePublished":"2018-07-13T14:21:43+00:00","dateModified":"2021-09-23T10:25:39+00:00","author":{"@id":"https:\/\/cfpmaresme.org\/#\/schema\/person\/b2634bcd796fafc667ea4055f61b9b2c"},"breadcrumb":{"@id":"https:\/\/cfpmaresme.org\/es\/finalitzen-les-temporades-de-bricura-i-pati-interior\/#breadcrumb"},"inLanguage":"es","potentialAction":[{"@type":"ReadAction","target":["https:\/\/cfpmaresme.org\/es\/finalitzen-les-temporades-de-bricura-i-pati-interior\/"]}]},{"@type":"ImageObject","inLanguage":"es","@id":"https:\/\/cfpmaresme.org\/es\/finalitzen-les-temporades-de-bricura-i-pati-interior\/#primaryimage","url":"https:\/\/cfpmaresme.org\/wp-content\/uploads\/2018\/06\/pati-interior-bricura.png","contentUrl":"https:\/\/cfpmaresme.org\/wp-content\/uploads\/2018\/06\/pati-interior-bricura.png","width":190,"height":96},{"@type":"BreadcrumbList","@id":"https:\/\/cfpmaresme.org\/es\/finalitzen-les-temporades-de-bricura-i-pati-interior\/#breadcrumb","itemListElement":[{"@type":"ListItem","position":1,"name":"Home","item":"https:\/\/cfpmaresme.org\/es\/"},{"@type":"ListItem","position":2,"name":"Finalizan las temporadas de Bricura y Pati Interior"}]},{"@type":"WebSite","@id":"https:\/\/cfpmaresme.org\/#website","url":"https:\/\/cfpmaresme.org\/","name":"CFP Maresme","description":"Centre Formaci\u00f3 Prevenci\u00f3","potentialAction":[{"@type":"SearchAction","target":{"@type":"EntryPoint","urlTemplate":"https:\/\/cfpmaresme.org\/?s={search_term_string}"},"query-input":{"@type":"PropertyValueSpecification","valueRequired":true,"valueName":"search_term_string"}}],"inLanguage":"es"},{"@type":"Person","@id":"https:\/\/cfpmaresme.org\/#\/schema\/person\/b2634bcd796fafc667ea4055f61b9b2c","name":"CFPMaresme"}]}},"_links":{"self":[{"href":"https:\/\/cfpmaresme.org\/es\/wp-json\/wp\/v2\/posts\/26532","targetHints":{"allow":["GET"]}}],"collection":[{"href":"https:\/\/cfpmaresme.org\/es\/wp-json\/wp\/v2\/posts"}],"about":[{"href":"https:\/\/cfpmaresme.org\/es\/wp-json\/wp\/v2\/types\/post"}],"author":[{"embeddable":true,"href":"https:\/\/cfpmaresme.org\/es\/wp-json\/wp\/v2\/users\/2"}],"replies":[{"embeddable":true,"href":"https:\/\/cfpmaresme.org\/es\/wp-json\/wp\/v2\/comments?post=26532"}],"version-history":[{"count":3,"href":"https:\/\/cfpmaresme.org\/es\/wp-json\/wp\/v2\/posts\/26532\/revisions"}],"predecessor-version":[{"id":26570,"href":"https:\/\/cfpmaresme.org\/es\/wp-json\/wp\/v2\/posts\/26532\/revisions\/26570"}],"wp:featuredmedia":[{"embeddable":true,"href":"https:\/\/cfpmaresme.org\/es\/wp-json\/wp\/v2\/media\/16431"}],"wp:attachment":[{"href":"https:\/\/cfpmaresme.org\/es\/wp-json\/wp\/v2\/media?parent=26532"}],"wp:term":[{"taxonomy":"category","embeddable":true,"href":"https:\/\/cfpmaresme.org\/es\/wp-json\/wp\/v2\/categories?post=26532"},{"taxonomy":"post_tag","embeddable":true,"href":"https:\/\/cfpmaresme.org\/es\/wp-json\/wp\/v2\/tags?post=26532"}],"curies":[{"name":"wp","href":"https:\/\/api.w.org\/{rel}","templated":true}]}}