{"id":26534,"date":"2018-06-12T16:24:26","date_gmt":"2018-06-12T14:24:26","guid":{"rendered":"https:\/\/www.cfpmaresme.org\/?p=26534"},"modified":"2021-09-23T12:47:05","modified_gmt":"2021-09-23T10:47:05","slug":"el-benestar-emocional-mitjancant-lequinoterapia","status":"publish","type":"post","link":"https:\/\/cfpmaresme.org\/es\/el-benestar-emocional-mitjancant-lequinoterapia\/","title":{"rendered":"El bienestar emocional mediante la equinoterapia"},"content":{"rendered":"<p><strong>Los usuarios y usuarias del SRC Maresme practican esta actividad en la que crean v\u00ednculos con el animal que les aportan beneficios tanto f\u00edsicos como psicol\u00f3gicos\u00a0\u00a0<\/strong><\/p>\n<p>&nbsp;<\/p>\n<p>Es bien conocido que la participaci\u00f3n de animales en terapias de tipo cognitivo y psicomotriz resulta en muchos casos efectiva y beneficiosa para las personas que las practican. Tanto es as\u00ed que la \u00abzooterapia\u00bb, nombre con el que se engloban estas pr\u00e1cticas, se desarrolla para el tratamiento de muy diversas patolog\u00edas y tambi\u00e9n con distintas especies animales. Podemos encontrar terapias con perros, gatos, aves, conejos, delfines o laque nos ocupa en este caso, la equinoterapia, con la presencia de caballos.<\/p>\n<p>&nbsp;<\/p>\n<p>Los usuarios y usuarias del Servicio de Rehabilitaci\u00f3n Comunitaria Maresme del Centre de Formaci\u00f3 i Prevenci\u00f3 asisten desde hace tres a\u00f1os a la H\u00edpica de Cal Senyor, situada en Vilassar de Dalt. All\u00ed, con una frecuencia quinzenal,\u00a0 realizan actividades terap\u00e9uticas con sus caballos. La interacci\u00f3n con el animal y el v\u00ednculo que se establece permiten a los usuar5ios una parte de trabajo f\u00edsico, de equilibrio y coordinaci\u00f3n, donde se estimulan determinadas \u00e1reas del Sistema Nervioso Central.<\/p>\n<p>&nbsp;<\/p>\n<p>Por otro lado, a nivel emocional la equinoterapia permite abordar cuestiones como la confianza en el otro, la comunicaci\u00f3n, el hecho de dar y recibir afecto, que quiz\u00e1s de otra manera no se podr\u00edan trabajar. Es fundamental la presencia de los animales para tratar tem\u00e1ticas que, a menudo, van m\u00e1s all\u00e1 de la racionalidad humana.<\/p>\n<p>&nbsp;<\/p>\n<p>Mediante la intervenci\u00f3n de un equinoterapeuta, los usuarios y usuarias empiezan la actividad con la preparaci\u00f3n del caballo. En esta primera parte se peina y lava al animal, y se hace una peque\u00f1a primera toma de contacto, acarici\u00e1ndolo y toc\u00e1ndolo suavemente, para crear un v\u00ednculo inicial con la montura. Despu\u00e9s llega el momento que los usuarios y usuarias esperan con m\u00e1s ilusi\u00f3n: Pasear montados encima del caballo.<\/p>\n<p>&nbsp;<\/p>\n<p>Cada persona hace el recorrido de la terapia a su ritmo. Es la equinoterapeuta\u00a0 la que decide cuando los usuarios est\u00e1n preparados para establecer un punto m\u00e1s de confianza con el caballo. De esta manera todo el mundo puede disfrutar de la actividad sin estr\u00e9s ni forzando m\u00e1s de la cuenta. Dos de estos caballos (los que aparecen en las fotograf\u00edas) son Blanca y Pr\u00edncep, dos ejemplares muy acostumbrados y preparados para relacionarse con personas. Gracias a ellos, los participantes en esta terapia pueden disfrutar de la experiencia de trabajar con estos animales tan nobles.<\/p>\n<p>&nbsp;<\/p>\n","protected":false},"excerpt":{"rendered":"<p>Los usuarios y usuarias del SRC Maresme practican esta actividad en la que crean v\u00ednculos con el animal que les aportan beneficios tanto f\u00edsicos como psicol\u00f3gicos\u00a0\u00a0 &nbsp; Es bien conocido que la participaci\u00f3n de animales en terapias de tipo cognitivo y psicomotriz resulta en muchos&#8230;<\/p>\n","protected":false},"author":2,"featured_media":17181,"comment_status":"open","ping_status":"open","sticky":false,"template":"","format":"standard","meta":{"footnotes":""},"categories":[1199],"tags":[645,651,617,654,623],"class_list":["post-26534","post","type-post","status-publish","format-standard","has-post-thumbnail","hentry","category-servicios-de-rehabilitacion-comunitaria","tag-comunitaria-es","tag-maresme-es","tag-mataro-es","tag-rehabilitacio-es","tag-servei-es"],"yoast_head":"<!-- This site is optimized with the Yoast SEO plugin v27.4 - https:\/\/yoast.com\/product\/yoast-seo-wordpress\/ -->\n<title>El bienestar emocional mediante la equinoterapia | CFP Maresme<\/title>\n<meta name=\"robots\" content=\"index, follow, max-snippet:-1, max-image-preview:large, max-video-preview:-1\" \/>\n<link rel=\"canonical\" href=\"https:\/\/cfpmaresme.org\/es\/el-benestar-emocional-mitjancant-lequinoterapia\/\" \/>\n<meta property=\"og:locale\" content=\"es_ES\" \/>\n<meta property=\"og:type\" content=\"article\" \/>\n<meta property=\"og:title\" content=\"El bienestar emocional mediante la equinoterapia | CFP Maresme\" \/>\n<meta property=\"og:description\" content=\"Los usuarios y usuarias del SRC Maresme practican esta actividad en la que crean v\u00ednculos con el animal que les aportan beneficios tanto f\u00edsicos como psicol\u00f3gicos\u00a0\u00a0 &nbsp; Es bien conocido que la participaci\u00f3n de animales en terapias de tipo cognitivo y psicomotriz resulta en muchos...\" \/>\n<meta property=\"og:url\" content=\"https:\/\/cfpmaresme.org\/es\/el-benestar-emocional-mitjancant-lequinoterapia\/\" \/>\n<meta property=\"og:site_name\" content=\"CFP Maresme\" \/>\n<meta property=\"article:published_time\" content=\"2018-06-12T14:24:26+00:00\" \/>\n<meta property=\"article:modified_time\" content=\"2021-09-23T10:47:05+00:00\" \/>\n<meta property=\"og:image\" content=\"https:\/\/cfpmaresme.org\/wp-content\/uploads\/2019\/01\/2018-06-21.jpg\" \/>\n\t<meta property=\"og:image:width\" content=\"584\" \/>\n\t<meta property=\"og:image:height\" content=\"370\" \/>\n\t<meta property=\"og:image:type\" content=\"image\/jpeg\" \/>\n<meta name=\"author\" content=\"CFPMaresme\" \/>\n<meta name=\"twitter:card\" content=\"summary_large_image\" \/>\n<meta name=\"twitter:creator\" content=\"@cfpmaresme\" \/>\n<meta name=\"twitter:site\" content=\"@cfpmaresme\" \/>\n<meta name=\"twitter:label1\" content=\"Escrito por\" \/>\n\t<meta name=\"twitter:data1\" content=\"CFPMaresme\" \/>\n\t<meta name=\"twitter:label2\" content=\"Tiempo de lectura\" \/>\n\t<meta name=\"twitter:data2\" content=\"2 minutos\" \/>\n<script type=\"application\/ld+json\" class=\"yoast-schema-graph\">{\"@context\":\"https:\\\/\\\/schema.org\",\"@graph\":[{\"@type\":\"Article\",\"@id\":\"https:\\\/\\\/cfpmaresme.org\\\/es\\\/el-benestar-emocional-mitjancant-lequinoterapia\\\/#article\",\"isPartOf\":{\"@id\":\"https:\\\/\\\/cfpmaresme.org\\\/es\\\/el-benestar-emocional-mitjancant-lequinoterapia\\\/\"},\"author\":{\"name\":\"CFPMaresme\",\"@id\":\"https:\\\/\\\/cfpmaresme.org\\\/#\\\/schema\\\/person\\\/b2634bcd796fafc667ea4055f61b9b2c\"},\"headline\":\"El bienestar emocional mediante la equinoterapia\",\"datePublished\":\"2018-06-12T14:24:26+00:00\",\"dateModified\":\"2021-09-23T10:47:05+00:00\",\"mainEntityOfPage\":{\"@id\":\"https:\\\/\\\/cfpmaresme.org\\\/es\\\/el-benestar-emocional-mitjancant-lequinoterapia\\\/\"},\"wordCount\":447,\"commentCount\":0,\"image\":{\"@id\":\"https:\\\/\\\/cfpmaresme.org\\\/es\\\/el-benestar-emocional-mitjancant-lequinoterapia\\\/#primaryimage\"},\"thumbnailUrl\":\"https:\\\/\\\/cfpmaresme.org\\\/wp-content\\\/uploads\\\/2019\\\/01\\\/2018-06-21.jpg\",\"keywords\":[\"comunit\u00e0ria\",\"maresme\",\"matar\u00f3\",\"rehabilitaci\u00f3\",\"servei\"],\"articleSection\":[\"Servicios de Rehabilitaci\u00f3n Comunitaria\"],\"inLanguage\":\"es\"},{\"@type\":\"WebPage\",\"@id\":\"https:\\\/\\\/cfpmaresme.org\\\/es\\\/el-benestar-emocional-mitjancant-lequinoterapia\\\/\",\"url\":\"https:\\\/\\\/cfpmaresme.org\\\/es\\\/el-benestar-emocional-mitjancant-lequinoterapia\\\/\",\"name\":\"El bienestar emocional mediante la equinoterapia | CFP Maresme\",\"isPartOf\":{\"@id\":\"https:\\\/\\\/cfpmaresme.org\\\/#website\"},\"primaryImageOfPage\":{\"@id\":\"https:\\\/\\\/cfpmaresme.org\\\/es\\\/el-benestar-emocional-mitjancant-lequinoterapia\\\/#primaryimage\"},\"image\":{\"@id\":\"https:\\\/\\\/cfpmaresme.org\\\/es\\\/el-benestar-emocional-mitjancant-lequinoterapia\\\/#primaryimage\"},\"thumbnailUrl\":\"https:\\\/\\\/cfpmaresme.org\\\/wp-content\\\/uploads\\\/2019\\\/01\\\/2018-06-21.jpg\",\"datePublished\":\"2018-06-12T14:24:26+00:00\",\"dateModified\":\"2021-09-23T10:47:05+00:00\",\"author\":{\"@id\":\"https:\\\/\\\/cfpmaresme.org\\\/#\\\/schema\\\/person\\\/b2634bcd796fafc667ea4055f61b9b2c\"},\"breadcrumb\":{\"@id\":\"https:\\\/\\\/cfpmaresme.org\\\/es\\\/el-benestar-emocional-mitjancant-lequinoterapia\\\/#breadcrumb\"},\"inLanguage\":\"es\",\"potentialAction\":[{\"@type\":\"ReadAction\",\"target\":[\"https:\\\/\\\/cfpmaresme.org\\\/es\\\/el-benestar-emocional-mitjancant-lequinoterapia\\\/\"]}]},{\"@type\":\"ImageObject\",\"inLanguage\":\"es\",\"@id\":\"https:\\\/\\\/cfpmaresme.org\\\/es\\\/el-benestar-emocional-mitjancant-lequinoterapia\\\/#primaryimage\",\"url\":\"https:\\\/\\\/cfpmaresme.org\\\/wp-content\\\/uploads\\\/2019\\\/01\\\/2018-06-21.jpg\",\"contentUrl\":\"https:\\\/\\\/cfpmaresme.org\\\/wp-content\\\/uploads\\\/2019\\\/01\\\/2018-06-21.jpg\",\"width\":584,\"height\":370},{\"@type\":\"BreadcrumbList\",\"@id\":\"https:\\\/\\\/cfpmaresme.org\\\/es\\\/el-benestar-emocional-mitjancant-lequinoterapia\\\/#breadcrumb\",\"itemListElement\":[{\"@type\":\"ListItem\",\"position\":1,\"name\":\"Home\",\"item\":\"https:\\\/\\\/cfpmaresme.org\\\/es\\\/\"},{\"@type\":\"ListItem\",\"position\":2,\"name\":\"El bienestar emocional mediante la equinoterapia\"}]},{\"@type\":\"WebSite\",\"@id\":\"https:\\\/\\\/cfpmaresme.org\\\/#website\",\"url\":\"https:\\\/\\\/cfpmaresme.org\\\/\",\"name\":\"CFP Maresme\",\"description\":\"Centre Formaci\u00f3 Prevenci\u00f3\",\"potentialAction\":[{\"@type\":\"SearchAction\",\"target\":{\"@type\":\"EntryPoint\",\"urlTemplate\":\"https:\\\/\\\/cfpmaresme.org\\\/?s={search_term_string}\"},\"query-input\":{\"@type\":\"PropertyValueSpecification\",\"valueRequired\":true,\"valueName\":\"search_term_string\"}}],\"inLanguage\":\"es\"},{\"@type\":\"Person\",\"@id\":\"https:\\\/\\\/cfpmaresme.org\\\/#\\\/schema\\\/person\\\/b2634bcd796fafc667ea4055f61b9b2c\",\"name\":\"CFPMaresme\"}]}<\/script>\n<!-- \/ Yoast SEO plugin. -->","yoast_head_json":{"title":"El bienestar emocional mediante la equinoterapia | CFP Maresme","robots":{"index":"index","follow":"follow","max-snippet":"max-snippet:-1","max-image-preview":"max-image-preview:large","max-video-preview":"max-video-preview:-1"},"canonical":"https:\/\/cfpmaresme.org\/es\/el-benestar-emocional-mitjancant-lequinoterapia\/","og_locale":"es_ES","og_type":"article","og_title":"El bienestar emocional mediante la equinoterapia | CFP Maresme","og_description":"Los usuarios y usuarias del SRC Maresme practican esta actividad en la que crean v\u00ednculos con el animal que les aportan beneficios tanto f\u00edsicos como psicol\u00f3gicos\u00a0\u00a0 &nbsp; Es bien conocido que la participaci\u00f3n de animales en terapias de tipo cognitivo y psicomotriz resulta en muchos...","og_url":"https:\/\/cfpmaresme.org\/es\/el-benestar-emocional-mitjancant-lequinoterapia\/","og_site_name":"CFP Maresme","article_published_time":"2018-06-12T14:24:26+00:00","article_modified_time":"2021-09-23T10:47:05+00:00","og_image":[{"width":584,"height":370,"url":"https:\/\/cfpmaresme.org\/wp-content\/uploads\/2019\/01\/2018-06-21.jpg","type":"image\/jpeg"}],"author":"CFPMaresme","twitter_card":"summary_large_image","twitter_creator":"@cfpmaresme","twitter_site":"@cfpmaresme","twitter_misc":{"Escrito por":"CFPMaresme","Tiempo de lectura":"2 minutos"},"schema":{"@context":"https:\/\/schema.org","@graph":[{"@type":"Article","@id":"https:\/\/cfpmaresme.org\/es\/el-benestar-emocional-mitjancant-lequinoterapia\/#article","isPartOf":{"@id":"https:\/\/cfpmaresme.org\/es\/el-benestar-emocional-mitjancant-lequinoterapia\/"},"author":{"name":"CFPMaresme","@id":"https:\/\/cfpmaresme.org\/#\/schema\/person\/b2634bcd796fafc667ea4055f61b9b2c"},"headline":"El bienestar emocional mediante la equinoterapia","datePublished":"2018-06-12T14:24:26+00:00","dateModified":"2021-09-23T10:47:05+00:00","mainEntityOfPage":{"@id":"https:\/\/cfpmaresme.org\/es\/el-benestar-emocional-mitjancant-lequinoterapia\/"},"wordCount":447,"commentCount":0,"image":{"@id":"https:\/\/cfpmaresme.org\/es\/el-benestar-emocional-mitjancant-lequinoterapia\/#primaryimage"},"thumbnailUrl":"https:\/\/cfpmaresme.org\/wp-content\/uploads\/2019\/01\/2018-06-21.jpg","keywords":["comunit\u00e0ria","maresme","matar\u00f3","rehabilitaci\u00f3","servei"],"articleSection":["Servicios de Rehabilitaci\u00f3n Comunitaria"],"inLanguage":"es"},{"@type":"WebPage","@id":"https:\/\/cfpmaresme.org\/es\/el-benestar-emocional-mitjancant-lequinoterapia\/","url":"https:\/\/cfpmaresme.org\/es\/el-benestar-emocional-mitjancant-lequinoterapia\/","name":"El bienestar emocional mediante la equinoterapia | CFP Maresme","isPartOf":{"@id":"https:\/\/cfpmaresme.org\/#website"},"primaryImageOfPage":{"@id":"https:\/\/cfpmaresme.org\/es\/el-benestar-emocional-mitjancant-lequinoterapia\/#primaryimage"},"image":{"@id":"https:\/\/cfpmaresme.org\/es\/el-benestar-emocional-mitjancant-lequinoterapia\/#primaryimage"},"thumbnailUrl":"https:\/\/cfpmaresme.org\/wp-content\/uploads\/2019\/01\/2018-06-21.jpg","datePublished":"2018-06-12T14:24:26+00:00","dateModified":"2021-09-23T10:47:05+00:00","author":{"@id":"https:\/\/cfpmaresme.org\/#\/schema\/person\/b2634bcd796fafc667ea4055f61b9b2c"},"breadcrumb":{"@id":"https:\/\/cfpmaresme.org\/es\/el-benestar-emocional-mitjancant-lequinoterapia\/#breadcrumb"},"inLanguage":"es","potentialAction":[{"@type":"ReadAction","target":["https:\/\/cfpmaresme.org\/es\/el-benestar-emocional-mitjancant-lequinoterapia\/"]}]},{"@type":"ImageObject","inLanguage":"es","@id":"https:\/\/cfpmaresme.org\/es\/el-benestar-emocional-mitjancant-lequinoterapia\/#primaryimage","url":"https:\/\/cfpmaresme.org\/wp-content\/uploads\/2019\/01\/2018-06-21.jpg","contentUrl":"https:\/\/cfpmaresme.org\/wp-content\/uploads\/2019\/01\/2018-06-21.jpg","width":584,"height":370},{"@type":"BreadcrumbList","@id":"https:\/\/cfpmaresme.org\/es\/el-benestar-emocional-mitjancant-lequinoterapia\/#breadcrumb","itemListElement":[{"@type":"ListItem","position":1,"name":"Home","item":"https:\/\/cfpmaresme.org\/es\/"},{"@type":"ListItem","position":2,"name":"El bienestar emocional mediante la equinoterapia"}]},{"@type":"WebSite","@id":"https:\/\/cfpmaresme.org\/#website","url":"https:\/\/cfpmaresme.org\/","name":"CFP Maresme","description":"Centre Formaci\u00f3 Prevenci\u00f3","potentialAction":[{"@type":"SearchAction","target":{"@type":"EntryPoint","urlTemplate":"https:\/\/cfpmaresme.org\/?s={search_term_string}"},"query-input":{"@type":"PropertyValueSpecification","valueRequired":true,"valueName":"search_term_string"}}],"inLanguage":"es"},{"@type":"Person","@id":"https:\/\/cfpmaresme.org\/#\/schema\/person\/b2634bcd796fafc667ea4055f61b9b2c","name":"CFPMaresme"}]}},"_links":{"self":[{"href":"https:\/\/cfpmaresme.org\/es\/wp-json\/wp\/v2\/posts\/26534","targetHints":{"allow":["GET"]}}],"collection":[{"href":"https:\/\/cfpmaresme.org\/es\/wp-json\/wp\/v2\/posts"}],"about":[{"href":"https:\/\/cfpmaresme.org\/es\/wp-json\/wp\/v2\/types\/post"}],"author":[{"embeddable":true,"href":"https:\/\/cfpmaresme.org\/es\/wp-json\/wp\/v2\/users\/2"}],"replies":[{"embeddable":true,"href":"https:\/\/cfpmaresme.org\/es\/wp-json\/wp\/v2\/comments?post=26534"}],"version-history":[{"count":3,"href":"https:\/\/cfpmaresme.org\/es\/wp-json\/wp\/v2\/posts\/26534\/revisions"}],"predecessor-version":[{"id":26572,"href":"https:\/\/cfpmaresme.org\/es\/wp-json\/wp\/v2\/posts\/26534\/revisions\/26572"}],"wp:featuredmedia":[{"embeddable":true,"href":"https:\/\/cfpmaresme.org\/es\/wp-json\/wp\/v2\/media\/17181"}],"wp:attachment":[{"href":"https:\/\/cfpmaresme.org\/es\/wp-json\/wp\/v2\/media?parent=26534"}],"wp:term":[{"taxonomy":"category","embeddable":true,"href":"https:\/\/cfpmaresme.org\/es\/wp-json\/wp\/v2\/categories?post=26534"},{"taxonomy":"post_tag","embeddable":true,"href":"https:\/\/cfpmaresme.org\/es\/wp-json\/wp\/v2\/tags?post=26534"}],"curies":[{"name":"wp","href":"https:\/\/api.w.org\/{rel}","templated":true}]}}