{"id":26536,"date":"2018-06-01T16:26:59","date_gmt":"2018-06-01T14:26:59","guid":{"rendered":"https:\/\/www.cfpmaresme.org\/?p=26536"},"modified":"2021-09-23T13:00:33","modified_gmt":"2021-09-23T11:00:33","slug":"els-usuaris-i-usuaries-del-src-burriac-assisteixen-a-una-xerrada-contra-el-tabaquisme","status":"publish","type":"post","link":"https:\/\/cfpmaresme.org\/es\/els-usuaris-i-usuaries-del-src-burriac-assisteixen-a-una-xerrada-contra-el-tabaquisme\/","title":{"rendered":"Los usuarios y usuarias del SRC Burriac asisten a una charla contra el tabaquismo"},"content":{"rendered":"<p><strong>La actividad se enmarca dentro de una serie de talleres sobre salud que organiza este servicio del CFP y en motivo del D\u00eda Mundial Sin Tabaco<\/strong><\/p>\n<p>&nbsp;<\/p>\n<p>Dos enfermeros del Centro de Atenci\u00f3n Primaria de Premi\u00e0 de Mar visitaron las instalaciones del Servicio de Rehabilitaci\u00f3n Comunitaria Burriac del CFP para ofrecerles una charla sobre el h\u00e1bito del tabaquismo y sus consecuencias. Las educadoras del SRC tienen previsto que este sea el primero de muchos m\u00e1s talleres relacionados con la salud para concienciar a las personas que atiende la entidad de la importancia de cuidar su bienestar f\u00edsico y mental.<\/p>\n<p>&nbsp;<\/p>\n<p>Las dos personas que impartieron el taller trabajan a diario con personas que sufren los efectos del tabaquismo y por esto pudieron exponer a los usuarios y usuarias la necesidad de dejar esta adicci\u00f3n en el caso que fumen o tambi\u00e9n la prevenci\u00f3n para no caer en el consumo de esta sustancia si no son fumadores.<\/p>\n<p>El taller se produjo coincidiendo con el D\u00eda Mundial Sin Tabaco, que cada a\u00f1o se celebra el 31 de mayo.<\/p>\n","protected":false},"excerpt":{"rendered":"<p>La actividad se enmarca dentro de una serie de talleres sobre salud que organiza este servicio del CFP y en motivo del D\u00eda Mundial Sin Tabaco &nbsp; Dos enfermeros del Centro de Atenci\u00f3n Primaria de Premi\u00e0 de Mar visitaron las instalaciones del Servicio de Rehabilitaci\u00f3n&#8230;<\/p>\n","protected":false},"author":2,"featured_media":17177,"comment_status":"open","ping_status":"open","sticky":false,"template":"","format":"standard","meta":{"footnotes":""},"categories":[1199],"tags":[693,669,645,928,706,677,654,681,623,657,845],"class_list":["post-26536","post","type-post","status-publish","format-standard","has-post-thumbnail","hentry","category-servicios-de-rehabilitacion-comunitaria","tag-benestar-es","tag-burriac-es","tag-comunitaria-es","tag-fisic-es","tag-mental-es","tag-premia-es","tag-rehabilitacio-es","tag-salut-es","tag-servei-es","tag-taller-es","tag-xerrada-es"],"yoast_head":"<!-- This site is optimized with the Yoast SEO plugin v27.4 - https:\/\/yoast.com\/product\/yoast-seo-wordpress\/ -->\n<title>Los usuarios y usuarias del SRC Burriac asisten a una charla contra el tabaquismo | CFP Maresme<\/title>\n<meta name=\"robots\" content=\"index, follow, max-snippet:-1, max-image-preview:large, max-video-preview:-1\" \/>\n<link rel=\"canonical\" href=\"https:\/\/cfpmaresme.org\/es\/els-usuaris-i-usuaries-del-src-burriac-assisteixen-a-una-xerrada-contra-el-tabaquisme\/\" \/>\n<meta property=\"og:locale\" content=\"es_ES\" \/>\n<meta property=\"og:type\" content=\"article\" \/>\n<meta property=\"og:title\" content=\"Los usuarios y usuarias del SRC Burriac asisten a una charla contra el tabaquismo | CFP Maresme\" \/>\n<meta property=\"og:description\" content=\"La actividad se enmarca dentro de una serie de talleres sobre salud que organiza este servicio del CFP y en motivo del D\u00eda Mundial Sin Tabaco &nbsp; Dos enfermeros del Centro de Atenci\u00f3n Primaria de Premi\u00e0 de Mar visitaron las instalaciones del Servicio de Rehabilitaci\u00f3n...\" \/>\n<meta property=\"og:url\" content=\"https:\/\/cfpmaresme.org\/es\/els-usuaris-i-usuaries-del-src-burriac-assisteixen-a-una-xerrada-contra-el-tabaquisme\/\" \/>\n<meta property=\"og:site_name\" content=\"CFP Maresme\" \/>\n<meta property=\"article:published_time\" content=\"2018-06-01T14:26:59+00:00\" \/>\n<meta property=\"article:modified_time\" content=\"2021-09-23T11:00:33+00:00\" \/>\n<meta property=\"og:image\" content=\"https:\/\/cfpmaresme.org\/wp-content\/uploads\/2019\/01\/2018-06-01.jpg\" \/>\n\t<meta property=\"og:image:width\" content=\"584\" \/>\n\t<meta property=\"og:image:height\" content=\"388\" \/>\n\t<meta property=\"og:image:type\" content=\"image\/jpeg\" \/>\n<meta name=\"author\" content=\"CFPMaresme\" \/>\n<meta name=\"twitter:card\" content=\"summary_large_image\" \/>\n<meta name=\"twitter:creator\" content=\"@cfpmaresme\" \/>\n<meta name=\"twitter:site\" content=\"@cfpmaresme\" \/>\n<meta name=\"twitter:label1\" content=\"Escrito por\" \/>\n\t<meta name=\"twitter:data1\" content=\"CFPMaresme\" \/>\n\t<meta name=\"twitter:label2\" content=\"Tiempo de lectura\" \/>\n\t<meta name=\"twitter:data2\" content=\"1 minuto\" \/>\n<script type=\"application\/ld+json\" class=\"yoast-schema-graph\">{\"@context\":\"https:\\\/\\\/schema.org\",\"@graph\":[{\"@type\":\"Article\",\"@id\":\"https:\\\/\\\/cfpmaresme.org\\\/es\\\/els-usuaris-i-usuaries-del-src-burriac-assisteixen-a-una-xerrada-contra-el-tabaquisme\\\/#article\",\"isPartOf\":{\"@id\":\"https:\\\/\\\/cfpmaresme.org\\\/es\\\/els-usuaris-i-usuaries-del-src-burriac-assisteixen-a-una-xerrada-contra-el-tabaquisme\\\/\"},\"author\":{\"name\":\"CFPMaresme\",\"@id\":\"https:\\\/\\\/cfpmaresme.org\\\/#\\\/schema\\\/person\\\/b2634bcd796fafc667ea4055f61b9b2c\"},\"headline\":\"Los usuarios y usuarias del SRC Burriac asisten a una charla contra el tabaquismo\",\"datePublished\":\"2018-06-01T14:26:59+00:00\",\"dateModified\":\"2021-09-23T11:00:33+00:00\",\"mainEntityOfPage\":{\"@id\":\"https:\\\/\\\/cfpmaresme.org\\\/es\\\/els-usuaris-i-usuaries-del-src-burriac-assisteixen-a-una-xerrada-contra-el-tabaquisme\\\/\"},\"wordCount\":200,\"commentCount\":0,\"image\":{\"@id\":\"https:\\\/\\\/cfpmaresme.org\\\/es\\\/els-usuaris-i-usuaries-del-src-burriac-assisteixen-a-una-xerrada-contra-el-tabaquisme\\\/#primaryimage\"},\"thumbnailUrl\":\"https:\\\/\\\/cfpmaresme.org\\\/wp-content\\\/uploads\\\/2019\\\/01\\\/2018-06-01.jpg\",\"keywords\":[\"benestar\",\"burriac\",\"comunit\u00e0ria\",\"f\u00edsic\",\"mental\",\"premi\u00e0\",\"rehabilitaci\u00f3\",\"salut\",\"servei\",\"taller\",\"xerrada\"],\"articleSection\":[\"Servicios de Rehabilitaci\u00f3n Comunitaria\"],\"inLanguage\":\"es\"},{\"@type\":\"WebPage\",\"@id\":\"https:\\\/\\\/cfpmaresme.org\\\/es\\\/els-usuaris-i-usuaries-del-src-burriac-assisteixen-a-una-xerrada-contra-el-tabaquisme\\\/\",\"url\":\"https:\\\/\\\/cfpmaresme.org\\\/es\\\/els-usuaris-i-usuaries-del-src-burriac-assisteixen-a-una-xerrada-contra-el-tabaquisme\\\/\",\"name\":\"Los usuarios y usuarias del SRC Burriac asisten a una charla contra el tabaquismo | CFP Maresme\",\"isPartOf\":{\"@id\":\"https:\\\/\\\/cfpmaresme.org\\\/#website\"},\"primaryImageOfPage\":{\"@id\":\"https:\\\/\\\/cfpmaresme.org\\\/es\\\/els-usuaris-i-usuaries-del-src-burriac-assisteixen-a-una-xerrada-contra-el-tabaquisme\\\/#primaryimage\"},\"image\":{\"@id\":\"https:\\\/\\\/cfpmaresme.org\\\/es\\\/els-usuaris-i-usuaries-del-src-burriac-assisteixen-a-una-xerrada-contra-el-tabaquisme\\\/#primaryimage\"},\"thumbnailUrl\":\"https:\\\/\\\/cfpmaresme.org\\\/wp-content\\\/uploads\\\/2019\\\/01\\\/2018-06-01.jpg\",\"datePublished\":\"2018-06-01T14:26:59+00:00\",\"dateModified\":\"2021-09-23T11:00:33+00:00\",\"author\":{\"@id\":\"https:\\\/\\\/cfpmaresme.org\\\/#\\\/schema\\\/person\\\/b2634bcd796fafc667ea4055f61b9b2c\"},\"breadcrumb\":{\"@id\":\"https:\\\/\\\/cfpmaresme.org\\\/es\\\/els-usuaris-i-usuaries-del-src-burriac-assisteixen-a-una-xerrada-contra-el-tabaquisme\\\/#breadcrumb\"},\"inLanguage\":\"es\",\"potentialAction\":[{\"@type\":\"ReadAction\",\"target\":[\"https:\\\/\\\/cfpmaresme.org\\\/es\\\/els-usuaris-i-usuaries-del-src-burriac-assisteixen-a-una-xerrada-contra-el-tabaquisme\\\/\"]}]},{\"@type\":\"ImageObject\",\"inLanguage\":\"es\",\"@id\":\"https:\\\/\\\/cfpmaresme.org\\\/es\\\/els-usuaris-i-usuaries-del-src-burriac-assisteixen-a-una-xerrada-contra-el-tabaquisme\\\/#primaryimage\",\"url\":\"https:\\\/\\\/cfpmaresme.org\\\/wp-content\\\/uploads\\\/2019\\\/01\\\/2018-06-01.jpg\",\"contentUrl\":\"https:\\\/\\\/cfpmaresme.org\\\/wp-content\\\/uploads\\\/2019\\\/01\\\/2018-06-01.jpg\",\"width\":584,\"height\":388},{\"@type\":\"BreadcrumbList\",\"@id\":\"https:\\\/\\\/cfpmaresme.org\\\/es\\\/els-usuaris-i-usuaries-del-src-burriac-assisteixen-a-una-xerrada-contra-el-tabaquisme\\\/#breadcrumb\",\"itemListElement\":[{\"@type\":\"ListItem\",\"position\":1,\"name\":\"Home\",\"item\":\"https:\\\/\\\/cfpmaresme.org\\\/es\\\/\"},{\"@type\":\"ListItem\",\"position\":2,\"name\":\"Los usuarios y usuarias del SRC Burriac asisten a una charla contra el tabaquismo\"}]},{\"@type\":\"WebSite\",\"@id\":\"https:\\\/\\\/cfpmaresme.org\\\/#website\",\"url\":\"https:\\\/\\\/cfpmaresme.org\\\/\",\"name\":\"CFP Maresme\",\"description\":\"Centre Formaci\u00f3 Prevenci\u00f3\",\"potentialAction\":[{\"@type\":\"SearchAction\",\"target\":{\"@type\":\"EntryPoint\",\"urlTemplate\":\"https:\\\/\\\/cfpmaresme.org\\\/?s={search_term_string}\"},\"query-input\":{\"@type\":\"PropertyValueSpecification\",\"valueRequired\":true,\"valueName\":\"search_term_string\"}}],\"inLanguage\":\"es\"},{\"@type\":\"Person\",\"@id\":\"https:\\\/\\\/cfpmaresme.org\\\/#\\\/schema\\\/person\\\/b2634bcd796fafc667ea4055f61b9b2c\",\"name\":\"CFPMaresme\"}]}<\/script>\n<!-- \/ Yoast SEO plugin. -->","yoast_head_json":{"title":"Los usuarios y usuarias del SRC Burriac asisten a una charla contra el tabaquismo | CFP Maresme","robots":{"index":"index","follow":"follow","max-snippet":"max-snippet:-1","max-image-preview":"max-image-preview:large","max-video-preview":"max-video-preview:-1"},"canonical":"https:\/\/cfpmaresme.org\/es\/els-usuaris-i-usuaries-del-src-burriac-assisteixen-a-una-xerrada-contra-el-tabaquisme\/","og_locale":"es_ES","og_type":"article","og_title":"Los usuarios y usuarias del SRC Burriac asisten a una charla contra el tabaquismo | CFP Maresme","og_description":"La actividad se enmarca dentro de una serie de talleres sobre salud que organiza este servicio del CFP y en motivo del D\u00eda Mundial Sin Tabaco &nbsp; Dos enfermeros del Centro de Atenci\u00f3n Primaria de Premi\u00e0 de Mar visitaron las instalaciones del Servicio de Rehabilitaci\u00f3n...","og_url":"https:\/\/cfpmaresme.org\/es\/els-usuaris-i-usuaries-del-src-burriac-assisteixen-a-una-xerrada-contra-el-tabaquisme\/","og_site_name":"CFP Maresme","article_published_time":"2018-06-01T14:26:59+00:00","article_modified_time":"2021-09-23T11:00:33+00:00","og_image":[{"width":584,"height":388,"url":"https:\/\/cfpmaresme.org\/wp-content\/uploads\/2019\/01\/2018-06-01.jpg","type":"image\/jpeg"}],"author":"CFPMaresme","twitter_card":"summary_large_image","twitter_creator":"@cfpmaresme","twitter_site":"@cfpmaresme","twitter_misc":{"Escrito por":"CFPMaresme","Tiempo de lectura":"1 minuto"},"schema":{"@context":"https:\/\/schema.org","@graph":[{"@type":"Article","@id":"https:\/\/cfpmaresme.org\/es\/els-usuaris-i-usuaries-del-src-burriac-assisteixen-a-una-xerrada-contra-el-tabaquisme\/#article","isPartOf":{"@id":"https:\/\/cfpmaresme.org\/es\/els-usuaris-i-usuaries-del-src-burriac-assisteixen-a-una-xerrada-contra-el-tabaquisme\/"},"author":{"name":"CFPMaresme","@id":"https:\/\/cfpmaresme.org\/#\/schema\/person\/b2634bcd796fafc667ea4055f61b9b2c"},"headline":"Los usuarios y usuarias del SRC Burriac asisten a una charla contra el tabaquismo","datePublished":"2018-06-01T14:26:59+00:00","dateModified":"2021-09-23T11:00:33+00:00","mainEntityOfPage":{"@id":"https:\/\/cfpmaresme.org\/es\/els-usuaris-i-usuaries-del-src-burriac-assisteixen-a-una-xerrada-contra-el-tabaquisme\/"},"wordCount":200,"commentCount":0,"image":{"@id":"https:\/\/cfpmaresme.org\/es\/els-usuaris-i-usuaries-del-src-burriac-assisteixen-a-una-xerrada-contra-el-tabaquisme\/#primaryimage"},"thumbnailUrl":"https:\/\/cfpmaresme.org\/wp-content\/uploads\/2019\/01\/2018-06-01.jpg","keywords":["benestar","burriac","comunit\u00e0ria","f\u00edsic","mental","premi\u00e0","rehabilitaci\u00f3","salut","servei","taller","xerrada"],"articleSection":["Servicios de Rehabilitaci\u00f3n Comunitaria"],"inLanguage":"es"},{"@type":"WebPage","@id":"https:\/\/cfpmaresme.org\/es\/els-usuaris-i-usuaries-del-src-burriac-assisteixen-a-una-xerrada-contra-el-tabaquisme\/","url":"https:\/\/cfpmaresme.org\/es\/els-usuaris-i-usuaries-del-src-burriac-assisteixen-a-una-xerrada-contra-el-tabaquisme\/","name":"Los usuarios y usuarias del SRC Burriac asisten a una charla contra el tabaquismo | CFP Maresme","isPartOf":{"@id":"https:\/\/cfpmaresme.org\/#website"},"primaryImageOfPage":{"@id":"https:\/\/cfpmaresme.org\/es\/els-usuaris-i-usuaries-del-src-burriac-assisteixen-a-una-xerrada-contra-el-tabaquisme\/#primaryimage"},"image":{"@id":"https:\/\/cfpmaresme.org\/es\/els-usuaris-i-usuaries-del-src-burriac-assisteixen-a-una-xerrada-contra-el-tabaquisme\/#primaryimage"},"thumbnailUrl":"https:\/\/cfpmaresme.org\/wp-content\/uploads\/2019\/01\/2018-06-01.jpg","datePublished":"2018-06-01T14:26:59+00:00","dateModified":"2021-09-23T11:00:33+00:00","author":{"@id":"https:\/\/cfpmaresme.org\/#\/schema\/person\/b2634bcd796fafc667ea4055f61b9b2c"},"breadcrumb":{"@id":"https:\/\/cfpmaresme.org\/es\/els-usuaris-i-usuaries-del-src-burriac-assisteixen-a-una-xerrada-contra-el-tabaquisme\/#breadcrumb"},"inLanguage":"es","potentialAction":[{"@type":"ReadAction","target":["https:\/\/cfpmaresme.org\/es\/els-usuaris-i-usuaries-del-src-burriac-assisteixen-a-una-xerrada-contra-el-tabaquisme\/"]}]},{"@type":"ImageObject","inLanguage":"es","@id":"https:\/\/cfpmaresme.org\/es\/els-usuaris-i-usuaries-del-src-burriac-assisteixen-a-una-xerrada-contra-el-tabaquisme\/#primaryimage","url":"https:\/\/cfpmaresme.org\/wp-content\/uploads\/2019\/01\/2018-06-01.jpg","contentUrl":"https:\/\/cfpmaresme.org\/wp-content\/uploads\/2019\/01\/2018-06-01.jpg","width":584,"height":388},{"@type":"BreadcrumbList","@id":"https:\/\/cfpmaresme.org\/es\/els-usuaris-i-usuaries-del-src-burriac-assisteixen-a-una-xerrada-contra-el-tabaquisme\/#breadcrumb","itemListElement":[{"@type":"ListItem","position":1,"name":"Home","item":"https:\/\/cfpmaresme.org\/es\/"},{"@type":"ListItem","position":2,"name":"Los usuarios y usuarias del SRC Burriac asisten a una charla contra el tabaquismo"}]},{"@type":"WebSite","@id":"https:\/\/cfpmaresme.org\/#website","url":"https:\/\/cfpmaresme.org\/","name":"CFP Maresme","description":"Centre Formaci\u00f3 Prevenci\u00f3","potentialAction":[{"@type":"SearchAction","target":{"@type":"EntryPoint","urlTemplate":"https:\/\/cfpmaresme.org\/?s={search_term_string}"},"query-input":{"@type":"PropertyValueSpecification","valueRequired":true,"valueName":"search_term_string"}}],"inLanguage":"es"},{"@type":"Person","@id":"https:\/\/cfpmaresme.org\/#\/schema\/person\/b2634bcd796fafc667ea4055f61b9b2c","name":"CFPMaresme"}]}},"_links":{"self":[{"href":"https:\/\/cfpmaresme.org\/es\/wp-json\/wp\/v2\/posts\/26536","targetHints":{"allow":["GET"]}}],"collection":[{"href":"https:\/\/cfpmaresme.org\/es\/wp-json\/wp\/v2\/posts"}],"about":[{"href":"https:\/\/cfpmaresme.org\/es\/wp-json\/wp\/v2\/types\/post"}],"author":[{"embeddable":true,"href":"https:\/\/cfpmaresme.org\/es\/wp-json\/wp\/v2\/users\/2"}],"replies":[{"embeddable":true,"href":"https:\/\/cfpmaresme.org\/es\/wp-json\/wp\/v2\/comments?post=26536"}],"version-history":[{"count":3,"href":"https:\/\/cfpmaresme.org\/es\/wp-json\/wp\/v2\/posts\/26536\/revisions"}],"predecessor-version":[{"id":26574,"href":"https:\/\/cfpmaresme.org\/es\/wp-json\/wp\/v2\/posts\/26536\/revisions\/26574"}],"wp:featuredmedia":[{"embeddable":true,"href":"https:\/\/cfpmaresme.org\/es\/wp-json\/wp\/v2\/media\/17177"}],"wp:attachment":[{"href":"https:\/\/cfpmaresme.org\/es\/wp-json\/wp\/v2\/media?parent=26536"}],"wp:term":[{"taxonomy":"category","embeddable":true,"href":"https:\/\/cfpmaresme.org\/es\/wp-json\/wp\/v2\/categories?post=26536"},{"taxonomy":"post_tag","embeddable":true,"href":"https:\/\/cfpmaresme.org\/es\/wp-json\/wp\/v2\/tags?post=26536"}],"curies":[{"name":"wp","href":"https:\/\/api.w.org\/{rel}","templated":true}]}}