{"id":26538,"date":"2018-05-04T16:30:04","date_gmt":"2018-05-04T14:30:04","guid":{"rendered":"https:\/\/www.cfpmaresme.org\/?p=26538"},"modified":"2021-09-24T12:01:17","modified_gmt":"2021-09-24T10:01:17","slug":"el-taller-de-risoterapia-dels-usuaris-del-src-burriac-sacomiada-en-un-acte-a-premia-de-mar","status":"publish","type":"post","link":"https:\/\/cfpmaresme.org\/es\/el-taller-de-risoterapia-dels-usuaris-del-src-burriac-sacomiada-en-un-acte-a-premia-de-mar\/","title":{"rendered":"El taller de risoterapia de los usuarios del SRC Burriac se despide en un acto en Premi\u00e0 de Mar"},"content":{"rendered":"<p><strong>La clausura se celebr\u00f3 en la biblioteca Mart\u00ed Rossell\u00f3 i Lloveras de Premi\u00e0 de Mar con la presencia de usuarios, educadores y familiares\u00a0<\/strong><\/p>\n<p>&nbsp;<\/p>\n<p>La biblioteca Mart\u00ed Rossell\u00f3 i Lloveras de Premi\u00e0 de Mar fue el lugar escogido para hacer balance de la experiencia de risoterapia que los usuarios del SRC Burriac juntamente con la gente mayor del Casal de Curaci\u00f3n de Vilassar de Mar y la Casa Ben\u00e9fica Premianense protagonizaron entre los meses de marzo y abril. Silvia Isern, la profesora de este taller, dio las gracias a los participantes y destac\u00f3 el car\u00e1cter social y enriquecedor de la iniciativa.<\/p>\n<p>&nbsp;<\/p>\n<p>De hecho, asistieron al acto representantes de todos los grupos que formaron parte de los talleres. Todos estuvieron de acuerdo en que realizar esta actividad les hab\u00eda aportado beneficios a nivel personal y que estar\u00eda muy bien poderlo volver a repetir el pr\u00f3ximo a\u00f1o.<\/p>\n<p>&nbsp;<\/p>\n<p>La charla que serv\u00eda de finalizaci\u00f3n del taller tambi\u00e9n tuvo representaci\u00f3n de los profesionales de los dos casales de gente mayor participantes y tambi\u00e9n el consistorio de Premi\u00e0 de Mar, mediante la presencia de la regidora delegada de Medio Ambiente y Salud P\u00fablica, Olga Safont.<\/p>\n","protected":false},"excerpt":{"rendered":"<p>La clausura se celebr\u00f3 en la biblioteca Mart\u00ed Rossell\u00f3 i Lloveras de Premi\u00e0 de Mar con la presencia de usuarios, educadores y familiares\u00a0 &nbsp; La biblioteca Mart\u00ed Rossell\u00f3 i Lloveras de Premi\u00e0 de Mar fue el lugar escogido para hacer balance de la experiencia de&#8230;<\/p>\n","protected":false},"author":2,"featured_media":17151,"comment_status":"open","ping_status":"open","sticky":false,"template":"","format":"standard","meta":{"footnotes":""},"categories":[1199],"tags":[],"class_list":["post-26538","post","type-post","status-publish","format-standard","has-post-thumbnail","hentry","category-servicios-de-rehabilitacion-comunitaria"],"yoast_head":"<!-- This site is optimized with the Yoast SEO plugin v27.4 - https:\/\/yoast.com\/product\/yoast-seo-wordpress\/ -->\n<title>El taller de risoterapia de los usuarios del SRC Burriac se despide en un acto en Premi\u00e0 de Mar | CFP Maresme<\/title>\n<meta name=\"robots\" content=\"index, follow, max-snippet:-1, max-image-preview:large, max-video-preview:-1\" \/>\n<link rel=\"canonical\" href=\"https:\/\/cfpmaresme.org\/es\/el-taller-de-risoterapia-dels-usuaris-del-src-burriac-sacomiada-en-un-acte-a-premia-de-mar\/\" \/>\n<meta property=\"og:locale\" content=\"es_ES\" \/>\n<meta property=\"og:type\" content=\"article\" \/>\n<meta property=\"og:title\" content=\"El taller de risoterapia de los usuarios del SRC Burriac se despide en un acto en Premi\u00e0 de Mar | CFP Maresme\" \/>\n<meta property=\"og:description\" content=\"La clausura se celebr\u00f3 en la biblioteca Mart\u00ed Rossell\u00f3 i Lloveras de Premi\u00e0 de Mar con la presencia de usuarios, educadores y familiares\u00a0 &nbsp; La biblioteca Mart\u00ed Rossell\u00f3 i Lloveras de Premi\u00e0 de Mar fue el lugar escogido para hacer balance de la experiencia de...\" \/>\n<meta property=\"og:url\" content=\"https:\/\/cfpmaresme.org\/es\/el-taller-de-risoterapia-dels-usuaris-del-src-burriac-sacomiada-en-un-acte-a-premia-de-mar\/\" \/>\n<meta property=\"og:site_name\" content=\"CFP Maresme\" \/>\n<meta property=\"article:published_time\" content=\"2018-05-04T14:30:04+00:00\" \/>\n<meta property=\"article:modified_time\" content=\"2021-09-24T10:01:17+00:00\" \/>\n<meta property=\"og:image\" content=\"https:\/\/cfpmaresme.org\/wp-content\/uploads\/2019\/01\/2018-05-04.png\" \/>\n\t<meta property=\"og:image:width\" content=\"584\" \/>\n\t<meta property=\"og:image:height\" content=\"341\" \/>\n\t<meta property=\"og:image:type\" content=\"image\/png\" \/>\n<meta name=\"author\" content=\"CFPMaresme\" \/>\n<meta name=\"twitter:card\" content=\"summary_large_image\" \/>\n<meta name=\"twitter:creator\" content=\"@cfpmaresme\" \/>\n<meta name=\"twitter:site\" content=\"@cfpmaresme\" \/>\n<meta name=\"twitter:label1\" content=\"Escrito por\" \/>\n\t<meta name=\"twitter:data1\" content=\"CFPMaresme\" \/>\n\t<meta name=\"twitter:label2\" content=\"Tiempo de lectura\" \/>\n\t<meta name=\"twitter:data2\" content=\"1 minuto\" \/>\n<script type=\"application\/ld+json\" class=\"yoast-schema-graph\">{\"@context\":\"https:\\\/\\\/schema.org\",\"@graph\":[{\"@type\":\"Article\",\"@id\":\"https:\\\/\\\/cfpmaresme.org\\\/es\\\/el-taller-de-risoterapia-dels-usuaris-del-src-burriac-sacomiada-en-un-acte-a-premia-de-mar\\\/#article\",\"isPartOf\":{\"@id\":\"https:\\\/\\\/cfpmaresme.org\\\/es\\\/el-taller-de-risoterapia-dels-usuaris-del-src-burriac-sacomiada-en-un-acte-a-premia-de-mar\\\/\"},\"author\":{\"name\":\"CFPMaresme\",\"@id\":\"https:\\\/\\\/cfpmaresme.org\\\/#\\\/schema\\\/person\\\/b2634bcd796fafc667ea4055f61b9b2c\"},\"headline\":\"El taller de risoterapia de los usuarios del SRC Burriac se despide en un acto en Premi\u00e0 de Mar\",\"datePublished\":\"2018-05-04T14:30:04+00:00\",\"dateModified\":\"2021-09-24T10:01:17+00:00\",\"mainEntityOfPage\":{\"@id\":\"https:\\\/\\\/cfpmaresme.org\\\/es\\\/el-taller-de-risoterapia-dels-usuaris-del-src-burriac-sacomiada-en-un-acte-a-premia-de-mar\\\/\"},\"wordCount\":224,\"commentCount\":0,\"image\":{\"@id\":\"https:\\\/\\\/cfpmaresme.org\\\/es\\\/el-taller-de-risoterapia-dels-usuaris-del-src-burriac-sacomiada-en-un-acte-a-premia-de-mar\\\/#primaryimage\"},\"thumbnailUrl\":\"https:\\\/\\\/cfpmaresme.org\\\/wp-content\\\/uploads\\\/2019\\\/01\\\/2018-05-04.png\",\"articleSection\":[\"Servicios de Rehabilitaci\u00f3n Comunitaria\"],\"inLanguage\":\"es\"},{\"@type\":\"WebPage\",\"@id\":\"https:\\\/\\\/cfpmaresme.org\\\/es\\\/el-taller-de-risoterapia-dels-usuaris-del-src-burriac-sacomiada-en-un-acte-a-premia-de-mar\\\/\",\"url\":\"https:\\\/\\\/cfpmaresme.org\\\/es\\\/el-taller-de-risoterapia-dels-usuaris-del-src-burriac-sacomiada-en-un-acte-a-premia-de-mar\\\/\",\"name\":\"El taller de risoterapia de los usuarios del SRC Burriac se despide en un acto en Premi\u00e0 de Mar | CFP Maresme\",\"isPartOf\":{\"@id\":\"https:\\\/\\\/cfpmaresme.org\\\/#website\"},\"primaryImageOfPage\":{\"@id\":\"https:\\\/\\\/cfpmaresme.org\\\/es\\\/el-taller-de-risoterapia-dels-usuaris-del-src-burriac-sacomiada-en-un-acte-a-premia-de-mar\\\/#primaryimage\"},\"image\":{\"@id\":\"https:\\\/\\\/cfpmaresme.org\\\/es\\\/el-taller-de-risoterapia-dels-usuaris-del-src-burriac-sacomiada-en-un-acte-a-premia-de-mar\\\/#primaryimage\"},\"thumbnailUrl\":\"https:\\\/\\\/cfpmaresme.org\\\/wp-content\\\/uploads\\\/2019\\\/01\\\/2018-05-04.png\",\"datePublished\":\"2018-05-04T14:30:04+00:00\",\"dateModified\":\"2021-09-24T10:01:17+00:00\",\"author\":{\"@id\":\"https:\\\/\\\/cfpmaresme.org\\\/#\\\/schema\\\/person\\\/b2634bcd796fafc667ea4055f61b9b2c\"},\"breadcrumb\":{\"@id\":\"https:\\\/\\\/cfpmaresme.org\\\/es\\\/el-taller-de-risoterapia-dels-usuaris-del-src-burriac-sacomiada-en-un-acte-a-premia-de-mar\\\/#breadcrumb\"},\"inLanguage\":\"es\",\"potentialAction\":[{\"@type\":\"ReadAction\",\"target\":[\"https:\\\/\\\/cfpmaresme.org\\\/es\\\/el-taller-de-risoterapia-dels-usuaris-del-src-burriac-sacomiada-en-un-acte-a-premia-de-mar\\\/\"]}]},{\"@type\":\"ImageObject\",\"inLanguage\":\"es\",\"@id\":\"https:\\\/\\\/cfpmaresme.org\\\/es\\\/el-taller-de-risoterapia-dels-usuaris-del-src-burriac-sacomiada-en-un-acte-a-premia-de-mar\\\/#primaryimage\",\"url\":\"https:\\\/\\\/cfpmaresme.org\\\/wp-content\\\/uploads\\\/2019\\\/01\\\/2018-05-04.png\",\"contentUrl\":\"https:\\\/\\\/cfpmaresme.org\\\/wp-content\\\/uploads\\\/2019\\\/01\\\/2018-05-04.png\",\"width\":584,\"height\":341},{\"@type\":\"BreadcrumbList\",\"@id\":\"https:\\\/\\\/cfpmaresme.org\\\/es\\\/el-taller-de-risoterapia-dels-usuaris-del-src-burriac-sacomiada-en-un-acte-a-premia-de-mar\\\/#breadcrumb\",\"itemListElement\":[{\"@type\":\"ListItem\",\"position\":1,\"name\":\"Home\",\"item\":\"https:\\\/\\\/cfpmaresme.org\\\/es\\\/\"},{\"@type\":\"ListItem\",\"position\":2,\"name\":\"El taller de risoterapia de los usuarios del SRC Burriac se despide en un acto en Premi\u00e0 de Mar\"}]},{\"@type\":\"WebSite\",\"@id\":\"https:\\\/\\\/cfpmaresme.org\\\/#website\",\"url\":\"https:\\\/\\\/cfpmaresme.org\\\/\",\"name\":\"CFP Maresme\",\"description\":\"Centre Formaci\u00f3 Prevenci\u00f3\",\"potentialAction\":[{\"@type\":\"SearchAction\",\"target\":{\"@type\":\"EntryPoint\",\"urlTemplate\":\"https:\\\/\\\/cfpmaresme.org\\\/?s={search_term_string}\"},\"query-input\":{\"@type\":\"PropertyValueSpecification\",\"valueRequired\":true,\"valueName\":\"search_term_string\"}}],\"inLanguage\":\"es\"},{\"@type\":\"Person\",\"@id\":\"https:\\\/\\\/cfpmaresme.org\\\/#\\\/schema\\\/person\\\/b2634bcd796fafc667ea4055f61b9b2c\",\"name\":\"CFPMaresme\"}]}<\/script>\n<!-- \/ Yoast SEO plugin. -->","yoast_head_json":{"title":"El taller de risoterapia de los usuarios del SRC Burriac se despide en un acto en Premi\u00e0 de Mar | CFP Maresme","robots":{"index":"index","follow":"follow","max-snippet":"max-snippet:-1","max-image-preview":"max-image-preview:large","max-video-preview":"max-video-preview:-1"},"canonical":"https:\/\/cfpmaresme.org\/es\/el-taller-de-risoterapia-dels-usuaris-del-src-burriac-sacomiada-en-un-acte-a-premia-de-mar\/","og_locale":"es_ES","og_type":"article","og_title":"El taller de risoterapia de los usuarios del SRC Burriac se despide en un acto en Premi\u00e0 de Mar | CFP Maresme","og_description":"La clausura se celebr\u00f3 en la biblioteca Mart\u00ed Rossell\u00f3 i Lloveras de Premi\u00e0 de Mar con la presencia de usuarios, educadores y familiares\u00a0 &nbsp; La biblioteca Mart\u00ed Rossell\u00f3 i Lloveras de Premi\u00e0 de Mar fue el lugar escogido para hacer balance de la experiencia de...","og_url":"https:\/\/cfpmaresme.org\/es\/el-taller-de-risoterapia-dels-usuaris-del-src-burriac-sacomiada-en-un-acte-a-premia-de-mar\/","og_site_name":"CFP Maresme","article_published_time":"2018-05-04T14:30:04+00:00","article_modified_time":"2021-09-24T10:01:17+00:00","og_image":[{"width":584,"height":341,"url":"https:\/\/cfpmaresme.org\/wp-content\/uploads\/2019\/01\/2018-05-04.png","type":"image\/png"}],"author":"CFPMaresme","twitter_card":"summary_large_image","twitter_creator":"@cfpmaresme","twitter_site":"@cfpmaresme","twitter_misc":{"Escrito por":"CFPMaresme","Tiempo de lectura":"1 minuto"},"schema":{"@context":"https:\/\/schema.org","@graph":[{"@type":"Article","@id":"https:\/\/cfpmaresme.org\/es\/el-taller-de-risoterapia-dels-usuaris-del-src-burriac-sacomiada-en-un-acte-a-premia-de-mar\/#article","isPartOf":{"@id":"https:\/\/cfpmaresme.org\/es\/el-taller-de-risoterapia-dels-usuaris-del-src-burriac-sacomiada-en-un-acte-a-premia-de-mar\/"},"author":{"name":"CFPMaresme","@id":"https:\/\/cfpmaresme.org\/#\/schema\/person\/b2634bcd796fafc667ea4055f61b9b2c"},"headline":"El taller de risoterapia de los usuarios del SRC Burriac se despide en un acto en Premi\u00e0 de Mar","datePublished":"2018-05-04T14:30:04+00:00","dateModified":"2021-09-24T10:01:17+00:00","mainEntityOfPage":{"@id":"https:\/\/cfpmaresme.org\/es\/el-taller-de-risoterapia-dels-usuaris-del-src-burriac-sacomiada-en-un-acte-a-premia-de-mar\/"},"wordCount":224,"commentCount":0,"image":{"@id":"https:\/\/cfpmaresme.org\/es\/el-taller-de-risoterapia-dels-usuaris-del-src-burriac-sacomiada-en-un-acte-a-premia-de-mar\/#primaryimage"},"thumbnailUrl":"https:\/\/cfpmaresme.org\/wp-content\/uploads\/2019\/01\/2018-05-04.png","articleSection":["Servicios de Rehabilitaci\u00f3n Comunitaria"],"inLanguage":"es"},{"@type":"WebPage","@id":"https:\/\/cfpmaresme.org\/es\/el-taller-de-risoterapia-dels-usuaris-del-src-burriac-sacomiada-en-un-acte-a-premia-de-mar\/","url":"https:\/\/cfpmaresme.org\/es\/el-taller-de-risoterapia-dels-usuaris-del-src-burriac-sacomiada-en-un-acte-a-premia-de-mar\/","name":"El taller de risoterapia de los usuarios del SRC Burriac se despide en un acto en Premi\u00e0 de Mar | CFP Maresme","isPartOf":{"@id":"https:\/\/cfpmaresme.org\/#website"},"primaryImageOfPage":{"@id":"https:\/\/cfpmaresme.org\/es\/el-taller-de-risoterapia-dels-usuaris-del-src-burriac-sacomiada-en-un-acte-a-premia-de-mar\/#primaryimage"},"image":{"@id":"https:\/\/cfpmaresme.org\/es\/el-taller-de-risoterapia-dels-usuaris-del-src-burriac-sacomiada-en-un-acte-a-premia-de-mar\/#primaryimage"},"thumbnailUrl":"https:\/\/cfpmaresme.org\/wp-content\/uploads\/2019\/01\/2018-05-04.png","datePublished":"2018-05-04T14:30:04+00:00","dateModified":"2021-09-24T10:01:17+00:00","author":{"@id":"https:\/\/cfpmaresme.org\/#\/schema\/person\/b2634bcd796fafc667ea4055f61b9b2c"},"breadcrumb":{"@id":"https:\/\/cfpmaresme.org\/es\/el-taller-de-risoterapia-dels-usuaris-del-src-burriac-sacomiada-en-un-acte-a-premia-de-mar\/#breadcrumb"},"inLanguage":"es","potentialAction":[{"@type":"ReadAction","target":["https:\/\/cfpmaresme.org\/es\/el-taller-de-risoterapia-dels-usuaris-del-src-burriac-sacomiada-en-un-acte-a-premia-de-mar\/"]}]},{"@type":"ImageObject","inLanguage":"es","@id":"https:\/\/cfpmaresme.org\/es\/el-taller-de-risoterapia-dels-usuaris-del-src-burriac-sacomiada-en-un-acte-a-premia-de-mar\/#primaryimage","url":"https:\/\/cfpmaresme.org\/wp-content\/uploads\/2019\/01\/2018-05-04.png","contentUrl":"https:\/\/cfpmaresme.org\/wp-content\/uploads\/2019\/01\/2018-05-04.png","width":584,"height":341},{"@type":"BreadcrumbList","@id":"https:\/\/cfpmaresme.org\/es\/el-taller-de-risoterapia-dels-usuaris-del-src-burriac-sacomiada-en-un-acte-a-premia-de-mar\/#breadcrumb","itemListElement":[{"@type":"ListItem","position":1,"name":"Home","item":"https:\/\/cfpmaresme.org\/es\/"},{"@type":"ListItem","position":2,"name":"El taller de risoterapia de los usuarios del SRC Burriac se despide en un acto en Premi\u00e0 de Mar"}]},{"@type":"WebSite","@id":"https:\/\/cfpmaresme.org\/#website","url":"https:\/\/cfpmaresme.org\/","name":"CFP Maresme","description":"Centre Formaci\u00f3 Prevenci\u00f3","potentialAction":[{"@type":"SearchAction","target":{"@type":"EntryPoint","urlTemplate":"https:\/\/cfpmaresme.org\/?s={search_term_string}"},"query-input":{"@type":"PropertyValueSpecification","valueRequired":true,"valueName":"search_term_string"}}],"inLanguage":"es"},{"@type":"Person","@id":"https:\/\/cfpmaresme.org\/#\/schema\/person\/b2634bcd796fafc667ea4055f61b9b2c","name":"CFPMaresme"}]}},"_links":{"self":[{"href":"https:\/\/cfpmaresme.org\/es\/wp-json\/wp\/v2\/posts\/26538","targetHints":{"allow":["GET"]}}],"collection":[{"href":"https:\/\/cfpmaresme.org\/es\/wp-json\/wp\/v2\/posts"}],"about":[{"href":"https:\/\/cfpmaresme.org\/es\/wp-json\/wp\/v2\/types\/post"}],"author":[{"embeddable":true,"href":"https:\/\/cfpmaresme.org\/es\/wp-json\/wp\/v2\/users\/2"}],"replies":[{"embeddable":true,"href":"https:\/\/cfpmaresme.org\/es\/wp-json\/wp\/v2\/comments?post=26538"}],"version-history":[{"count":3,"href":"https:\/\/cfpmaresme.org\/es\/wp-json\/wp\/v2\/posts\/26538\/revisions"}],"predecessor-version":[{"id":26584,"href":"https:\/\/cfpmaresme.org\/es\/wp-json\/wp\/v2\/posts\/26538\/revisions\/26584"}],"wp:featuredmedia":[{"embeddable":true,"href":"https:\/\/cfpmaresme.org\/es\/wp-json\/wp\/v2\/media\/17151"}],"wp:attachment":[{"href":"https:\/\/cfpmaresme.org\/es\/wp-json\/wp\/v2\/media?parent=26538"}],"wp:term":[{"taxonomy":"category","embeddable":true,"href":"https:\/\/cfpmaresme.org\/es\/wp-json\/wp\/v2\/categories?post=26538"},{"taxonomy":"post_tag","embeddable":true,"href":"https:\/\/cfpmaresme.org\/es\/wp-json\/wp\/v2\/tags?post=26538"}],"curies":[{"name":"wp","href":"https:\/\/api.w.org\/{rel}","templated":true}]}}