{"id":26705,"date":"2021-09-27T11:15:30","date_gmt":"2021-09-27T09:15:30","guid":{"rendered":"https:\/\/www.cfpmaresme.org\/?p=26705"},"modified":"2022-05-23T12:38:18","modified_gmt":"2022-05-23T10:38:18","slug":"a-alguien-que-entra-en-este-circuito-le-diria-que-tenga-esperanza-y-paciencia-es-un-trabajo-de-tiempo","status":"publish","type":"post","link":"https:\/\/cfpmaresme.org\/es\/a-alguien-que-entra-en-este-circuito-le-diria-que-tenga-esperanza-y-paciencia-es-un-trabajo-de-tiempo\/","title":{"rendered":"\u00abA alguien que entra en este circuito le dir\u00eda que tenga esperanza y paciencia. Es un trabajo de tiempo\u00bb"},"content":{"rendered":"<h4>Por Carla Cruells, Responsable de Comunicaci\u00f3n del CFP<\/h4>\n<p>&nbsp;<\/p>\n<h4>Perfil:<\/h4>\n<p>B. es trabajador fijo del CFP. La suya es <strong>una historia de recuperaci\u00f3n<\/strong>. El a\u00f1o 2017 inici\u00f3 su estancia en el <a href=\"\/?page_id=16541\" target=\"_blank\" rel=\"noopener noreferrer\">servicio Prelaboral<\/a>. Tal y como destaca Susanna L\u00f3pez, su referente, era un chico inquieto intelectualmente que combinaba su asistencia al recurso con el estudio y aficiones personales. Estudiaba ingl\u00e9s y un Grado Medio de M\u00fasica y, adem\u00e1s, hizo varias formaciones en el SOC y en el Ayuntamiento de Matar\u00f3. Durante estos a\u00f1os y, hasta d\u00eda de hoy, ha dado mucha importancia al deporte, yendo al gimnasio, y cuidado su alimentaci\u00f3n.<\/p>\n<p>Dedicarse al mundo cultural, era lo que m\u00e1s deseaba. As\u00ed, entr\u00f3 en el equipo comercial del CFP. Salvador d\u2019Horta, responsable del servicio, explica que al principio solo hac\u00eda la zona de Matar\u00f3 i que le llevaban el trabajo a casa y ahora ya va solo en tren y, a parte de colgar carteles, lleva folletones a comercios y entidades p\u00fablicas y va \u00e9l a buscar el trabajo. Adem\u00e1s, vive solo. As\u00ed, siempre con el apoyo de su familia <strong>tiene una vida aut\u00f3noma.<\/strong> Salvador destaca que \u00e9l es el encargado de urgencias del equipo ya que se adapta much\u00edsimo a las necesidades que surgen, su car\u00e1cter lo hace id\u00f3neo. Adem\u00e1s, explica que lo contrataron porque ve\u00edan actitud y ganas y poco a poco han notado mucho la mejora.<\/p>\n<h3>Prelaboral<\/h3>\n<h4>\u00bfC\u00f3mo recuerdas tu estancia al servicio Prelaboral? \u00bfQu\u00e9 te aport\u00f3?<\/h4>\n<p>Estuve un a\u00f1o y poco en el Prelaboral haciendo los talleres de carpinter\u00eda, de reparaci\u00f3n de bicicletas y de electricidad. Tambi\u00e9n ven\u00eda una psic\u00f3loga y hac\u00edamos terapia de grupo y, evidentemente, b\u00fasqueda de trabajo.<br \/>\nMe ayud\u00f3 a prepararme para ir a trabajar: buscar trabajo y, sobre todo, coger unos h\u00e1bitos. Por mi trabajo actual, en el departamento de <a href=\"\/?page_id=16566\" target=\"_blank\" rel=\"noopener noreferrer\">Reparto y Distribuci\u00f3n de Publicidad <\/a>\u00a0me han servido algunas actividades como hacer entrevistas o bien hablar en p\u00fablico.<\/p>\n<h4>\u00bfC\u00f3mo viv\u00edas la posibilidad de encontrar trabajo en un futuro cuando estabas all\u00ed?<\/h4>\n<p>Yo ten\u00eda muchas ganas desde el primer d\u00eda pero lo ve\u00eda muy lejos porque llevaba tiempo&#8230; el 2011 fui a la OTL en Premi\u00e0 tambi\u00e9n a buscar trabajo, no sali\u00f3 nada. Entonces, empec\u00e9 a buscar trabajo, no sali\u00f3 nada. El 2016 me destinaron a un recurso aqu\u00ed en Matar\u00f3 de Bienestar Social y de aqu\u00ed me derivaron en el CFP, en el <a href=\"\/?page_id=16544\" target=\"_blank\" rel=\"noopener noreferrer\">recurso de Intermediaci\u00f3n Laboral<\/a>, donde me dieron herramientas para buscar trabajo.<\/p>\n<p>Cuesta mucho encontrar trabajo. Antes de trabajar en carteles, trabaj\u00e9 en el Primavera Sound e hice accesos: entradas VIP, controlar quien llevaba pulsera y dejarlos entrar, pero poca cosa m\u00e1s.<\/p>\n<h4>Susana nos coment\u00f3 que ten\u00edas mucho inter\u00e9s en entrar\u00a0 al mundo cultural&#8230;<\/h4>\n<p>S\u00ed, hasta el inicio de la pandemia estudi\u00e9 m\u00fasica, iba a Barcelona a hacer talleres y me quer\u00eda dedicar a esto pero las cosas cambiaron un poco y todo est\u00e1 parado. Yo tengo estudios, me queda una asignatura para acabar el Grado Medio de M\u00fasica.<\/p>\n<h4>\u00bfQu\u00e9 es lo que m\u00e1s te ayud\u00f3 del acompa\u00f1amiento que te hicieron desde el equipo del CFP?<\/h4>\n<p>Susanna me ayud\u00f3 mucho, es la persona con la que ten\u00eda m\u00e1s contacto. Nos encontr\u00e1bamos y trabaj\u00e1bamos y concret\u00e1bamos cosas. Me dec\u00eda, por ejemplo, hazte tal tipo de curr\u00edculum por este sector o env\u00edalos aqu\u00ed&#8230;Me guiaba un poco.<\/p>\n<p>&nbsp;<\/p>\n<h3>Reparto y Distribuci\u00f3n de Publicidad<\/h3>\n<h4>\u00bfNos podr\u00edas explicar c\u00f3mo es tu d\u00eda a d\u00eda en el trabajo?<\/h4>\n<p>Mi trabajo es pegar carteles, hacer buzoneo, repartir flyers y dejar programas de actividades a comercios.<br \/>\n<strong>Cada d\u00eda es diferente<\/strong>: a veces quedamos en el despacho o en la Plaza de las Teresas o voy a la polic\u00eda yo mismo a buscar los carteles. Me muevo por Matar\u00f3 y por algunas poblaciones del Maresme, desde Sant Pol hasta Premi\u00e0 . En definitiva, a las que llego en tren o bus porque no tengo carnet.<\/p>\n<p>La jornada tambi\u00e9n depende de cuando llegan los carteles y de cuando nos avisamos porque, <strong>muchas veces<\/strong>, es de ahora por ahora y <strong>me cambian la planificaci\u00f3n<\/strong> de la jornada. Salva, mi responsable, me lleva el trabajo de este d\u00eda o de X d\u00edas seg\u00fan lo que tenemos que hacer. No hago un horario fijo porque depende del tiempo, de en qu\u00e9 lugar se tiene que ir, del horario comercial si es el caso&#8230;Y de las urgencias. Por ejemplo, puede ser que por la ma\u00f1ana haya trabajado pero salga una cosa que no puede esperar a por la tarde. No es una cosa cerrada de 4 horas al d\u00eda. Yo me he acostumbrado a esta din\u00e1mica.<\/p>\n<h4>\u00bfQu\u00e9 has aprendido de tu trabajo en el CFP?<\/h4>\n<p>De mi trabajo en carteles he aprendido <strong>a adaptarme al cambio<\/strong>. A veces aparecen mil imprevistos y s\u00e9 llevarlos con paciencia.<\/p>\n<p>&nbsp;<\/p>\n<h3>Salud Mental, autonom\u00eda y estigma<\/h3>\n<h4>La tuya es una historia de recuperaci\u00f3n. \u00bfQu\u00e9 dir\u00edas a una persona que empieza a aceptar que convive con una problem\u00e1tica de salud mental de tu experiencia?<\/h4>\n<p>A alguien que entra en este circuito le dir\u00eda que tenga esperanza y paciencia y que vaya poco a poco. Es un trabajo de tiempo.<\/p>\n<h4>Crees que todav\u00eda hay estigma social hacia las personas que conviven con una problem\u00e1tica de salud mental?<\/h4>\n<p>S\u00ed, hay estigma social porque la gente tiene miedo a lo que es distinto. La diferencia nos aleja porque no se hace el esfuerzo de entenderla.<\/p>\n<h4>\u00bfTe has encontrado en alg\u00fan momento en el que se ha hecho evidente?<\/h4>\n<p>Quiz\u00e1s al principio de la enfermedad <strong>la gente<\/strong> no sab\u00eda ni qu\u00e9 decirme, <strong>no sab\u00eda ni si preguntarme c\u00f3mo estaba. <\/strong>Estuve mucho tiempo encerrado en casa y el primer d\u00eda que sal\u00ed era todo muy grande. Ir a hacer una vuelta por Plaza Santa Ana era muy grande. Pens\u00e9: Si cada d\u00eda haces un poco m\u00e1s&#8230;Estaba habituado a estar encerrado en casa y pas\u00e9 un a\u00f1o quiz\u00e1s. El cambio es muy grande.<\/p>\n<h4>Imag\u00ednate ahora a lo que te dedicas&#8230;<\/h4>\n<p>S\u00ed, fue hace 20 a\u00f1os pero es una mejora grande.<\/p>\n<h4>Vives solo y tienes un trabajo, esto muestra tu autonom\u00eda. \u00bfC\u00f3mo la valoras? \u00bfNecesitas ayuda en tu d\u00eda a d\u00eda en alg\u00fan aspecto en concreto?<\/h4>\n<p>Yo todo lo hago solo. Llevo muchos a\u00f1os haci\u00e9ndolo todo solo. Incluso cuando viv\u00eda con mis padres compraba yo. Me llevo mi contabilidad desde que vivo solo y bien, en definitiva,<strong> soy aut\u00f3nomo.<\/strong><\/p>\n<h4>\u00bfQu\u00e9 ha supuesto para ti el acompa\u00f1amiento de tu familia? \u00bfQu\u00e9 papel juega hoy en d\u00eda?<\/h4>\n<p>La familia es clave. Si hay un buen di\u00e1logo, un buen ambiente y un buen coj\u00edn todo es mucho m\u00e1s f\u00e1cil. Desde que tuve la enfermedad hasta ahora siempre me han apoyado y no me han dejado nunca de lado. Ni mis padres, ni mis hermanos, ni mis amigos. <strong>Sin ellos hubiese sido mucho m\u00e1s dif\u00edcil.\u00a0<\/strong><\/p>\n","protected":false},"excerpt":{"rendered":"<p>Por Carla Cruells, Responsable de Comunicaci\u00f3n del CFP &nbsp; Perfil: B. es trabajador fijo del CFP. La suya es una historia de recuperaci\u00f3n. El a\u00f1o 2017 inici\u00f3 su estancia en el servicio Prelaboral. Tal y como destaca Susanna L\u00f3pez, su referente, era un chico inquieto&#8230;<\/p>\n","protected":false},"author":2,"featured_media":26710,"comment_status":"open","ping_status":"open","sticky":false,"template":"","format":"standard","meta":{"footnotes":""},"categories":[1258],"tags":[],"class_list":["post-26705","post","type-post","status-publish","format-standard","has-post-thumbnail","hentry","category-entrevistas"],"yoast_head":"<!-- This site is optimized with the Yoast SEO plugin v27.4 - https:\/\/yoast.com\/product\/yoast-seo-wordpress\/ -->\n<title>&quot;A alguien que entra en este circuito le dir\u00eda que tenga esperanza y paciencia. Es un trabajo de tiempo&quot; | CFP Maresme<\/title>\n<meta name=\"robots\" content=\"index, follow, max-snippet:-1, max-image-preview:large, max-video-preview:-1\" \/>\n<link rel=\"canonical\" href=\"https:\/\/cfpmaresme.org\/es\/a-alguien-que-entra-en-este-circuito-le-diria-que-tenga-esperanza-y-paciencia-es-un-trabajo-de-tiempo\/\" \/>\n<meta property=\"og:locale\" content=\"es_ES\" \/>\n<meta property=\"og:type\" content=\"article\" \/>\n<meta property=\"og:title\" content=\"&quot;A alguien que entra en este circuito le dir\u00eda que tenga esperanza y paciencia. Es un trabajo de tiempo&quot; | CFP Maresme\" \/>\n<meta property=\"og:description\" content=\"Por Carla Cruells, Responsable de Comunicaci\u00f3n del CFP &nbsp; Perfil: B. es trabajador fijo del CFP. La suya es una historia de recuperaci\u00f3n. El a\u00f1o 2017 inici\u00f3 su estancia en el servicio Prelaboral. Tal y como destaca Susanna L\u00f3pez, su referente, era un chico inquieto...\" \/>\n<meta property=\"og:url\" content=\"https:\/\/cfpmaresme.org\/es\/a-alguien-que-entra-en-este-circuito-le-diria-que-tenga-esperanza-y-paciencia-es-un-trabajo-de-tiempo\/\" \/>\n<meta property=\"og:site_name\" content=\"CFP Maresme\" \/>\n<meta property=\"article:published_time\" content=\"2021-09-27T09:15:30+00:00\" \/>\n<meta property=\"article:modified_time\" content=\"2022-05-23T10:38:18+00:00\" \/>\n<meta property=\"og:image\" content=\"https:\/\/cfpmaresme.org\/wp-content\/uploads\/2021\/09\/banner-en-castell\u00e0.jpg\" \/>\n\t<meta property=\"og:image:width\" content=\"673\" \/>\n\t<meta property=\"og:image:height\" content=\"144\" \/>\n\t<meta property=\"og:image:type\" content=\"image\/jpeg\" \/>\n<meta name=\"author\" content=\"CFPMaresme\" \/>\n<meta name=\"twitter:card\" content=\"summary_large_image\" \/>\n<meta name=\"twitter:creator\" content=\"@cfpmaresme\" \/>\n<meta name=\"twitter:site\" content=\"@cfpmaresme\" \/>\n<meta name=\"twitter:label1\" content=\"Escrito por\" \/>\n\t<meta name=\"twitter:data1\" content=\"CFPMaresme\" \/>\n\t<meta name=\"twitter:label2\" content=\"Tiempo de lectura\" \/>\n\t<meta name=\"twitter:data2\" content=\"6 minutos\" \/>\n<script type=\"application\/ld+json\" class=\"yoast-schema-graph\">{\"@context\":\"https:\\\/\\\/schema.org\",\"@graph\":[{\"@type\":\"Article\",\"@id\":\"https:\\\/\\\/cfpmaresme.org\\\/es\\\/a-alguien-que-entra-en-este-circuito-le-diria-que-tenga-esperanza-y-paciencia-es-un-trabajo-de-tiempo\\\/#article\",\"isPartOf\":{\"@id\":\"https:\\\/\\\/cfpmaresme.org\\\/es\\\/a-alguien-que-entra-en-este-circuito-le-diria-que-tenga-esperanza-y-paciencia-es-un-trabajo-de-tiempo\\\/\"},\"author\":{\"name\":\"CFPMaresme\",\"@id\":\"https:\\\/\\\/cfpmaresme.org\\\/#\\\/schema\\\/person\\\/b2634bcd796fafc667ea4055f61b9b2c\"},\"headline\":\"\u00abA alguien que entra en este circuito le dir\u00eda que tenga esperanza y paciencia. Es un trabajo de tiempo\u00bb\",\"datePublished\":\"2021-09-27T09:15:30+00:00\",\"dateModified\":\"2022-05-23T10:38:18+00:00\",\"mainEntityOfPage\":{\"@id\":\"https:\\\/\\\/cfpmaresme.org\\\/es\\\/a-alguien-que-entra-en-este-circuito-le-diria-que-tenga-esperanza-y-paciencia-es-un-trabajo-de-tiempo\\\/\"},\"wordCount\":1238,\"commentCount\":0,\"image\":{\"@id\":\"https:\\\/\\\/cfpmaresme.org\\\/es\\\/a-alguien-que-entra-en-este-circuito-le-diria-que-tenga-esperanza-y-paciencia-es-un-trabajo-de-tiempo\\\/#primaryimage\"},\"thumbnailUrl\":\"https:\\\/\\\/cfpmaresme.org\\\/wp-content\\\/uploads\\\/2021\\\/09\\\/banner-en-castell\u00e0.jpg\",\"articleSection\":[\"Entrevistas\"],\"inLanguage\":\"es\"},{\"@type\":\"WebPage\",\"@id\":\"https:\\\/\\\/cfpmaresme.org\\\/es\\\/a-alguien-que-entra-en-este-circuito-le-diria-que-tenga-esperanza-y-paciencia-es-un-trabajo-de-tiempo\\\/\",\"url\":\"https:\\\/\\\/cfpmaresme.org\\\/es\\\/a-alguien-que-entra-en-este-circuito-le-diria-que-tenga-esperanza-y-paciencia-es-un-trabajo-de-tiempo\\\/\",\"name\":\"\\\"A alguien que entra en este circuito le dir\u00eda que tenga esperanza y paciencia. Es un trabajo de tiempo\\\" | CFP Maresme\",\"isPartOf\":{\"@id\":\"https:\\\/\\\/cfpmaresme.org\\\/#website\"},\"primaryImageOfPage\":{\"@id\":\"https:\\\/\\\/cfpmaresme.org\\\/es\\\/a-alguien-que-entra-en-este-circuito-le-diria-que-tenga-esperanza-y-paciencia-es-un-trabajo-de-tiempo\\\/#primaryimage\"},\"image\":{\"@id\":\"https:\\\/\\\/cfpmaresme.org\\\/es\\\/a-alguien-que-entra-en-este-circuito-le-diria-que-tenga-esperanza-y-paciencia-es-un-trabajo-de-tiempo\\\/#primaryimage\"},\"thumbnailUrl\":\"https:\\\/\\\/cfpmaresme.org\\\/wp-content\\\/uploads\\\/2021\\\/09\\\/banner-en-castell\u00e0.jpg\",\"datePublished\":\"2021-09-27T09:15:30+00:00\",\"dateModified\":\"2022-05-23T10:38:18+00:00\",\"author\":{\"@id\":\"https:\\\/\\\/cfpmaresme.org\\\/#\\\/schema\\\/person\\\/b2634bcd796fafc667ea4055f61b9b2c\"},\"breadcrumb\":{\"@id\":\"https:\\\/\\\/cfpmaresme.org\\\/es\\\/a-alguien-que-entra-en-este-circuito-le-diria-que-tenga-esperanza-y-paciencia-es-un-trabajo-de-tiempo\\\/#breadcrumb\"},\"inLanguage\":\"es\",\"potentialAction\":[{\"@type\":\"ReadAction\",\"target\":[\"https:\\\/\\\/cfpmaresme.org\\\/es\\\/a-alguien-que-entra-en-este-circuito-le-diria-que-tenga-esperanza-y-paciencia-es-un-trabajo-de-tiempo\\\/\"]}]},{\"@type\":\"ImageObject\",\"inLanguage\":\"es\",\"@id\":\"https:\\\/\\\/cfpmaresme.org\\\/es\\\/a-alguien-que-entra-en-este-circuito-le-diria-que-tenga-esperanza-y-paciencia-es-un-trabajo-de-tiempo\\\/#primaryimage\",\"url\":\"https:\\\/\\\/cfpmaresme.org\\\/wp-content\\\/uploads\\\/2021\\\/09\\\/banner-en-castell\u00e0.jpg\",\"contentUrl\":\"https:\\\/\\\/cfpmaresme.org\\\/wp-content\\\/uploads\\\/2021\\\/09\\\/banner-en-castell\u00e0.jpg\",\"width\":673,\"height\":144},{\"@type\":\"BreadcrumbList\",\"@id\":\"https:\\\/\\\/cfpmaresme.org\\\/es\\\/a-alguien-que-entra-en-este-circuito-le-diria-que-tenga-esperanza-y-paciencia-es-un-trabajo-de-tiempo\\\/#breadcrumb\",\"itemListElement\":[{\"@type\":\"ListItem\",\"position\":1,\"name\":\"Home\",\"item\":\"https:\\\/\\\/cfpmaresme.org\\\/es\\\/\"},{\"@type\":\"ListItem\",\"position\":2,\"name\":\"\u00abA alguien que entra en este circuito le dir\u00eda que tenga esperanza y paciencia. Es un trabajo de tiempo\u00bb\"}]},{\"@type\":\"WebSite\",\"@id\":\"https:\\\/\\\/cfpmaresme.org\\\/#website\",\"url\":\"https:\\\/\\\/cfpmaresme.org\\\/\",\"name\":\"CFP Maresme\",\"description\":\"Centre Formaci\u00f3 Prevenci\u00f3\",\"potentialAction\":[{\"@type\":\"SearchAction\",\"target\":{\"@type\":\"EntryPoint\",\"urlTemplate\":\"https:\\\/\\\/cfpmaresme.org\\\/?s={search_term_string}\"},\"query-input\":{\"@type\":\"PropertyValueSpecification\",\"valueRequired\":true,\"valueName\":\"search_term_string\"}}],\"inLanguage\":\"es\"},{\"@type\":\"Person\",\"@id\":\"https:\\\/\\\/cfpmaresme.org\\\/#\\\/schema\\\/person\\\/b2634bcd796fafc667ea4055f61b9b2c\",\"name\":\"CFPMaresme\"}]}<\/script>\n<!-- \/ Yoast SEO plugin. -->","yoast_head_json":{"title":"\"A alguien que entra en este circuito le dir\u00eda que tenga esperanza y paciencia. Es un trabajo de tiempo\" | CFP Maresme","robots":{"index":"index","follow":"follow","max-snippet":"max-snippet:-1","max-image-preview":"max-image-preview:large","max-video-preview":"max-video-preview:-1"},"canonical":"https:\/\/cfpmaresme.org\/es\/a-alguien-que-entra-en-este-circuito-le-diria-que-tenga-esperanza-y-paciencia-es-un-trabajo-de-tiempo\/","og_locale":"es_ES","og_type":"article","og_title":"\"A alguien que entra en este circuito le dir\u00eda que tenga esperanza y paciencia. Es un trabajo de tiempo\" | CFP Maresme","og_description":"Por Carla Cruells, Responsable de Comunicaci\u00f3n del CFP &nbsp; Perfil: B. es trabajador fijo del CFP. La suya es una historia de recuperaci\u00f3n. El a\u00f1o 2017 inici\u00f3 su estancia en el servicio Prelaboral. Tal y como destaca Susanna L\u00f3pez, su referente, era un chico inquieto...","og_url":"https:\/\/cfpmaresme.org\/es\/a-alguien-que-entra-en-este-circuito-le-diria-que-tenga-esperanza-y-paciencia-es-un-trabajo-de-tiempo\/","og_site_name":"CFP Maresme","article_published_time":"2021-09-27T09:15:30+00:00","article_modified_time":"2022-05-23T10:38:18+00:00","og_image":[{"width":673,"height":144,"url":"https:\/\/cfpmaresme.org\/wp-content\/uploads\/2021\/09\/banner-en-castell\u00e0.jpg","type":"image\/jpeg"}],"author":"CFPMaresme","twitter_card":"summary_large_image","twitter_creator":"@cfpmaresme","twitter_site":"@cfpmaresme","twitter_misc":{"Escrito por":"CFPMaresme","Tiempo de lectura":"6 minutos"},"schema":{"@context":"https:\/\/schema.org","@graph":[{"@type":"Article","@id":"https:\/\/cfpmaresme.org\/es\/a-alguien-que-entra-en-este-circuito-le-diria-que-tenga-esperanza-y-paciencia-es-un-trabajo-de-tiempo\/#article","isPartOf":{"@id":"https:\/\/cfpmaresme.org\/es\/a-alguien-que-entra-en-este-circuito-le-diria-que-tenga-esperanza-y-paciencia-es-un-trabajo-de-tiempo\/"},"author":{"name":"CFPMaresme","@id":"https:\/\/cfpmaresme.org\/#\/schema\/person\/b2634bcd796fafc667ea4055f61b9b2c"},"headline":"\u00abA alguien que entra en este circuito le dir\u00eda que tenga esperanza y paciencia. Es un trabajo de tiempo\u00bb","datePublished":"2021-09-27T09:15:30+00:00","dateModified":"2022-05-23T10:38:18+00:00","mainEntityOfPage":{"@id":"https:\/\/cfpmaresme.org\/es\/a-alguien-que-entra-en-este-circuito-le-diria-que-tenga-esperanza-y-paciencia-es-un-trabajo-de-tiempo\/"},"wordCount":1238,"commentCount":0,"image":{"@id":"https:\/\/cfpmaresme.org\/es\/a-alguien-que-entra-en-este-circuito-le-diria-que-tenga-esperanza-y-paciencia-es-un-trabajo-de-tiempo\/#primaryimage"},"thumbnailUrl":"https:\/\/cfpmaresme.org\/wp-content\/uploads\/2021\/09\/banner-en-castell\u00e0.jpg","articleSection":["Entrevistas"],"inLanguage":"es"},{"@type":"WebPage","@id":"https:\/\/cfpmaresme.org\/es\/a-alguien-que-entra-en-este-circuito-le-diria-que-tenga-esperanza-y-paciencia-es-un-trabajo-de-tiempo\/","url":"https:\/\/cfpmaresme.org\/es\/a-alguien-que-entra-en-este-circuito-le-diria-que-tenga-esperanza-y-paciencia-es-un-trabajo-de-tiempo\/","name":"\"A alguien que entra en este circuito le dir\u00eda que tenga esperanza y paciencia. Es un trabajo de tiempo\" | CFP Maresme","isPartOf":{"@id":"https:\/\/cfpmaresme.org\/#website"},"primaryImageOfPage":{"@id":"https:\/\/cfpmaresme.org\/es\/a-alguien-que-entra-en-este-circuito-le-diria-que-tenga-esperanza-y-paciencia-es-un-trabajo-de-tiempo\/#primaryimage"},"image":{"@id":"https:\/\/cfpmaresme.org\/es\/a-alguien-que-entra-en-este-circuito-le-diria-que-tenga-esperanza-y-paciencia-es-un-trabajo-de-tiempo\/#primaryimage"},"thumbnailUrl":"https:\/\/cfpmaresme.org\/wp-content\/uploads\/2021\/09\/banner-en-castell\u00e0.jpg","datePublished":"2021-09-27T09:15:30+00:00","dateModified":"2022-05-23T10:38:18+00:00","author":{"@id":"https:\/\/cfpmaresme.org\/#\/schema\/person\/b2634bcd796fafc667ea4055f61b9b2c"},"breadcrumb":{"@id":"https:\/\/cfpmaresme.org\/es\/a-alguien-que-entra-en-este-circuito-le-diria-que-tenga-esperanza-y-paciencia-es-un-trabajo-de-tiempo\/#breadcrumb"},"inLanguage":"es","potentialAction":[{"@type":"ReadAction","target":["https:\/\/cfpmaresme.org\/es\/a-alguien-que-entra-en-este-circuito-le-diria-que-tenga-esperanza-y-paciencia-es-un-trabajo-de-tiempo\/"]}]},{"@type":"ImageObject","inLanguage":"es","@id":"https:\/\/cfpmaresme.org\/es\/a-alguien-que-entra-en-este-circuito-le-diria-que-tenga-esperanza-y-paciencia-es-un-trabajo-de-tiempo\/#primaryimage","url":"https:\/\/cfpmaresme.org\/wp-content\/uploads\/2021\/09\/banner-en-castell\u00e0.jpg","contentUrl":"https:\/\/cfpmaresme.org\/wp-content\/uploads\/2021\/09\/banner-en-castell\u00e0.jpg","width":673,"height":144},{"@type":"BreadcrumbList","@id":"https:\/\/cfpmaresme.org\/es\/a-alguien-que-entra-en-este-circuito-le-diria-que-tenga-esperanza-y-paciencia-es-un-trabajo-de-tiempo\/#breadcrumb","itemListElement":[{"@type":"ListItem","position":1,"name":"Home","item":"https:\/\/cfpmaresme.org\/es\/"},{"@type":"ListItem","position":2,"name":"\u00abA alguien que entra en este circuito le dir\u00eda que tenga esperanza y paciencia. Es un trabajo de tiempo\u00bb"}]},{"@type":"WebSite","@id":"https:\/\/cfpmaresme.org\/#website","url":"https:\/\/cfpmaresme.org\/","name":"CFP Maresme","description":"Centre Formaci\u00f3 Prevenci\u00f3","potentialAction":[{"@type":"SearchAction","target":{"@type":"EntryPoint","urlTemplate":"https:\/\/cfpmaresme.org\/?s={search_term_string}"},"query-input":{"@type":"PropertyValueSpecification","valueRequired":true,"valueName":"search_term_string"}}],"inLanguage":"es"},{"@type":"Person","@id":"https:\/\/cfpmaresme.org\/#\/schema\/person\/b2634bcd796fafc667ea4055f61b9b2c","name":"CFPMaresme"}]}},"_links":{"self":[{"href":"https:\/\/cfpmaresme.org\/es\/wp-json\/wp\/v2\/posts\/26705","targetHints":{"allow":["GET"]}}],"collection":[{"href":"https:\/\/cfpmaresme.org\/es\/wp-json\/wp\/v2\/posts"}],"about":[{"href":"https:\/\/cfpmaresme.org\/es\/wp-json\/wp\/v2\/types\/post"}],"author":[{"embeddable":true,"href":"https:\/\/cfpmaresme.org\/es\/wp-json\/wp\/v2\/users\/2"}],"replies":[{"embeddable":true,"href":"https:\/\/cfpmaresme.org\/es\/wp-json\/wp\/v2\/comments?post=26705"}],"version-history":[{"count":5,"href":"https:\/\/cfpmaresme.org\/es\/wp-json\/wp\/v2\/posts\/26705\/revisions"}],"predecessor-version":[{"id":26712,"href":"https:\/\/cfpmaresme.org\/es\/wp-json\/wp\/v2\/posts\/26705\/revisions\/26712"}],"wp:featuredmedia":[{"embeddable":true,"href":"https:\/\/cfpmaresme.org\/es\/wp-json\/wp\/v2\/media\/26710"}],"wp:attachment":[{"href":"https:\/\/cfpmaresme.org\/es\/wp-json\/wp\/v2\/media?parent=26705"}],"wp:term":[{"taxonomy":"category","embeddable":true,"href":"https:\/\/cfpmaresme.org\/es\/wp-json\/wp\/v2\/categories?post=26705"},{"taxonomy":"post_tag","embeddable":true,"href":"https:\/\/cfpmaresme.org\/es\/wp-json\/wp\/v2\/tags?post=26705"}],"curies":[{"name":"wp","href":"https:\/\/api.w.org\/{rel}","templated":true}]}}