{"id":26782,"date":"2021-10-08T12:43:13","date_gmt":"2021-10-08T10:43:13","guid":{"rendered":"https:\/\/www.cfpmaresme.org\/?p=26782"},"modified":"2021-10-13T12:53:03","modified_gmt":"2021-10-13T10:53:03","slug":"entrega-de-premios-y-de-postales-del-concurso-volart-el-acto-central-del-cfp-enmarcado-en-el-dia-mundial-de-la-salud-mental","status":"publish","type":"post","link":"https:\/\/cfpmaresme.org\/es\/entrega-de-premios-y-de-postales-del-concurso-volart-el-acto-central-del-cfp-enmarcado-en-el-dia-mundial-de-la-salud-mental\/","title":{"rendered":"Entrega de premios y de postales del concurso VOLART, el acto central del CFP enmarcado en el D\u00eda Mundial de la Salud Mental"},"content":{"rendered":"<p>Hoy hemos realizado la entrega de premios a las personas ganadoras y de postales a la entidad destinataria, el Centro de Acogida Can Soleret del <a href=\"\/?p=25083\" target=\"_blank\" rel=\"noopener noreferrer\">concurso VOLART<\/a>.<\/p>\n<p>Ha sido un encuentro familiar, debido a las limitaciones de aforo, que ha contado con la presencial de las personas ganadoras y sus acompa\u00f1antes; Laura Seijo, Regidora de Bienestar Social y Promoci\u00f3n de la Salud del Ayuntamiento de Matar\u00f3; representantes de Can Soleret y del Club Social Andana; del jurado de VOLART y del CFP. Entre ellos, Jaume Clup\u00e9s, Director de la entidad.<\/p>\n<p>&nbsp;<\/p>\n<h3>Presencia de diversas entidades entre las postales ganadoras<\/h3>\n<p>El azar ha decidido que las personas ganadoras formen parte de distintas entidades participantes. Cosa muy positiva, pues son muchas las que se han unido. Concretamente, han participado personas atendidas desde La Comunitat Terap\u00e8utica del Maresme, Fundaci\u00f3 Joia, Els 3 turons, Arep, l\u2019SRC Pi i Molist de l\u2019Hospital Sant Pau, Fundaci\u00f3 Nou Cam\u00ed, Clubs Socials Fundaci\u00f3 Lar y el CFP.<\/p>\n<p>La postal ganadora ha sido la de Goretti S\u00e1nchez, persona vinculada a Arep. Cuenta con un mensaje alentador y de \u00e1nimo y una imagen llena de vida y color.<\/p>\n<p><img loading=\"lazy\" decoding=\"async\" class=\"aligncenter wp-image-26743\" src=\"https:\/\/www.cfpmaresme.org\/wp-content\/uploads\/2021\/10\/36_guanyadora-300x212.jpg\" alt=\"\" width=\"600\" height=\"423\" srcset=\"https:\/\/cfpmaresme.org\/wp-content\/uploads\/2021\/10\/36_guanyadora-300x212.jpg 300w, https:\/\/cfpmaresme.org\/wp-content\/uploads\/2021\/10\/36_guanyadora-1024x722.jpg 1024w, https:\/\/cfpmaresme.org\/wp-content\/uploads\/2021\/10\/36_guanyadora-768x542.jpg 768w, https:\/\/cfpmaresme.org\/wp-content\/uploads\/2021\/10\/36_guanyadora-1536x1084.jpg 1536w, https:\/\/cfpmaresme.org\/wp-content\/uploads\/2021\/10\/36_guanyadora-700x494.jpg 700w, https:\/\/cfpmaresme.org\/wp-content\/uploads\/2021\/10\/36_guanyadora.jpg 1742w\" sizes=\"auto, (max-width: 600px) 100vw, 600px\" \/><\/p>\n<p>Las seleccionadas son de Carla Farina, de la Comunitat Terap\u00e8utica del Maresme, Juli Bofill y Rafael Avales, del grupo de j\u00f3venes y Alterarte del CFP, respectivamente.<\/p>\n<p><img loading=\"lazy\" decoding=\"async\" class=\"alignnone wp-image-26747\" src=\"https:\/\/www.cfpmaresme.org\/wp-content\/uploads\/2021\/10\/51-300x233.jpg\" alt=\"\" width=\"400\" height=\"311\" srcset=\"https:\/\/cfpmaresme.org\/wp-content\/uploads\/2021\/10\/51-300x233.jpg 300w, https:\/\/cfpmaresme.org\/wp-content\/uploads\/2021\/10\/51-1024x795.jpg 1024w, https:\/\/cfpmaresme.org\/wp-content\/uploads\/2021\/10\/51-768x596.jpg 768w, https:\/\/cfpmaresme.org\/wp-content\/uploads\/2021\/10\/51-1536x1193.jpg 1536w, https:\/\/cfpmaresme.org\/wp-content\/uploads\/2021\/10\/51-2048x1590.jpg 2048w, https:\/\/cfpmaresme.org\/wp-content\/uploads\/2021\/10\/51-700x543.jpg 700w\" sizes=\"auto, (max-width: 400px) 100vw, 400px\" \/> <img loading=\"lazy\" decoding=\"async\" class=\"alignnone wp-image-26749\" src=\"https:\/\/www.cfpmaresme.org\/wp-content\/uploads\/2021\/10\/91-300x212.jpg\" alt=\"\" width=\"400\" height=\"282\" srcset=\"https:\/\/cfpmaresme.org\/wp-content\/uploads\/2021\/10\/91-300x212.jpg 300w, https:\/\/cfpmaresme.org\/wp-content\/uploads\/2021\/10\/91-1024x722.jpg 1024w, https:\/\/cfpmaresme.org\/wp-content\/uploads\/2021\/10\/91-768x542.jpg 768w, https:\/\/cfpmaresme.org\/wp-content\/uploads\/2021\/10\/91-1536x1084.jpg 1536w, https:\/\/cfpmaresme.org\/wp-content\/uploads\/2021\/10\/91-700x494.jpg 700w, https:\/\/cfpmaresme.org\/wp-content\/uploads\/2021\/10\/91.jpg 1742w\" sizes=\"auto, (max-width: 400px) 100vw, 400px\" \/> <img loading=\"lazy\" decoding=\"async\" class=\"alignnone wp-image-26751\" src=\"https:\/\/www.cfpmaresme.org\/wp-content\/uploads\/2021\/10\/94-300x230.jpg\" alt=\"\" width=\"400\" height=\"307\" srcset=\"https:\/\/cfpmaresme.org\/wp-content\/uploads\/2021\/10\/94-300x230.jpg 300w, https:\/\/cfpmaresme.org\/wp-content\/uploads\/2021\/10\/94-1024x786.jpg 1024w, https:\/\/cfpmaresme.org\/wp-content\/uploads\/2021\/10\/94-768x590.jpg 768w, https:\/\/cfpmaresme.org\/wp-content\/uploads\/2021\/10\/94-1536x1179.jpg 1536w, https:\/\/cfpmaresme.org\/wp-content\/uploads\/2021\/10\/94-2048x1572.jpg 2048w, https:\/\/cfpmaresme.org\/wp-content\/uploads\/2021\/10\/94-700x537.jpg 700w\" sizes=\"auto, (max-width: 400px) 100vw, 400px\" \/><\/p>\n<p>&nbsp;<\/p>\n<h3>Un concurso comunitario e inclusivo, en el marco del D\u00eda Mundial de la Salud Mental<\/h3>\n<p>VOLART nace este a\u00f1o con la voluntad de mostrar la realidad de las personas que conviven con una problem\u00e1tica de salud mental, sensibilizar a la ciudadan\u00eda y luchar contra el estigma. As\u00ed mismo, pretende ser un acto que cree sinergias entre colectivos y despierte la empat\u00eda. En esta edici\u00f3n , bajo la tem\u00e1tica de \u00abUn refugio\u00bb, entre personas vinculadas a recursos de salud mental y miembros del Centro de Acogida Can Soleret.<\/p>\n<p>&nbsp;<\/p>\n<p><iframe loading=\"lazy\" title=\"YouTube video player\" src=\"https:\/\/www.youtube.com\/embed\/eRSsXsMMzvk\" width=\"560\" height=\"315\" frameborder=\"0\" allowfullscreen=\"allowfullscreen\" data-mce-fragment=\"1\"><\/iframe><\/p>\n<p>La idea es que devenga un acto festivo, inclusivo y comunitario. De momento, con la primera edici\u00f3n, estamos m\u00e1s que satisfechos\/as debido al buen recibimiento y participaci\u00f3n: 94 obras.<\/p>\n<p>Queremos agradecer a todos los artistas que han participado y tambi\u00e9n a las personas referentes de sus entidades que los hayan acompa\u00f1ado en la propuesta. Muchas, <strong>\u00a1much\u00edsimas gracias!\u00a0<\/strong><\/p>\n","protected":false},"excerpt":{"rendered":"<p>Hoy hemos realizado la entrega de premios a las personas ganadoras y de postales a la entidad destinataria, el Centro de Acogida Can Soleret del concurso VOLART. Ha sido un encuentro familiar, debido a las limitaciones de aforo, que ha contado con la presencial de&#8230;<\/p>\n","protected":false},"author":2,"featured_media":26755,"comment_status":"open","ping_status":"open","sticky":false,"template":"","format":"standard","meta":{"footnotes":""},"categories":[1187,1249],"tags":[],"class_list":["post-26782","post","type-post","status-publish","format-standard","has-post-thumbnail","hentry","category-cfp-maresme-es","category-concurso-volart-es"],"yoast_head":"<!-- This site is optimized with the Yoast SEO plugin v27.4 - https:\/\/yoast.com\/product\/yoast-seo-wordpress\/ -->\n<title>Entrega de premios y de postales del concurso VOLART, el acto central del CFP enmarcado en el D\u00eda Mundial de la Salud Mental | CFP Maresme<\/title>\n<meta name=\"robots\" content=\"index, follow, max-snippet:-1, max-image-preview:large, max-video-preview:-1\" \/>\n<link rel=\"canonical\" href=\"https:\/\/cfpmaresme.org\/es\/entrega-de-premios-y-de-postales-del-concurso-volart-el-acto-central-del-cfp-enmarcado-en-el-dia-mundial-de-la-salud-mental\/\" \/>\n<meta property=\"og:locale\" content=\"es_ES\" \/>\n<meta property=\"og:type\" content=\"article\" \/>\n<meta property=\"og:title\" content=\"Entrega de premios y de postales del concurso VOLART, el acto central del CFP enmarcado en el D\u00eda Mundial de la Salud Mental | CFP Maresme\" \/>\n<meta property=\"og:description\" content=\"Hoy hemos realizado la entrega de premios a las personas ganadoras y de postales a la entidad destinataria, el Centro de Acogida Can Soleret del concurso VOLART. Ha sido un encuentro familiar, debido a las limitaciones de aforo, que ha contado con la presencial de...\" \/>\n<meta property=\"og:url\" content=\"https:\/\/cfpmaresme.org\/es\/entrega-de-premios-y-de-postales-del-concurso-volart-el-acto-central-del-cfp-enmarcado-en-el-dia-mundial-de-la-salud-mental\/\" \/>\n<meta property=\"og:site_name\" content=\"CFP Maresme\" \/>\n<meta property=\"article:published_time\" content=\"2021-10-08T10:43:13+00:00\" \/>\n<meta property=\"article:modified_time\" content=\"2021-10-13T10:53:03+00:00\" \/>\n<meta property=\"og:image\" content=\"https:\/\/cfpmaresme.org\/wp-content\/uploads\/2021\/10\/entrega-premis-volart.jpg\" \/>\n\t<meta property=\"og:image:width\" content=\"1207\" \/>\n\t<meta property=\"og:image:height\" content=\"784\" \/>\n\t<meta property=\"og:image:type\" content=\"image\/jpeg\" \/>\n<meta name=\"author\" content=\"CFPMaresme\" \/>\n<meta name=\"twitter:card\" content=\"summary_large_image\" \/>\n<meta name=\"twitter:creator\" content=\"@cfpmaresme\" \/>\n<meta name=\"twitter:site\" content=\"@cfpmaresme\" \/>\n<meta name=\"twitter:label1\" content=\"Escrito por\" \/>\n\t<meta name=\"twitter:data1\" content=\"CFPMaresme\" \/>\n\t<meta name=\"twitter:label2\" content=\"Tiempo de lectura\" \/>\n\t<meta name=\"twitter:data2\" content=\"2 minutos\" \/>\n<script type=\"application\/ld+json\" class=\"yoast-schema-graph\">{\"@context\":\"https:\\\/\\\/schema.org\",\"@graph\":[{\"@type\":\"Article\",\"@id\":\"https:\\\/\\\/cfpmaresme.org\\\/es\\\/entrega-de-premios-y-de-postales-del-concurso-volart-el-acto-central-del-cfp-enmarcado-en-el-dia-mundial-de-la-salud-mental\\\/#article\",\"isPartOf\":{\"@id\":\"https:\\\/\\\/cfpmaresme.org\\\/es\\\/entrega-de-premios-y-de-postales-del-concurso-volart-el-acto-central-del-cfp-enmarcado-en-el-dia-mundial-de-la-salud-mental\\\/\"},\"author\":{\"name\":\"CFPMaresme\",\"@id\":\"https:\\\/\\\/cfpmaresme.org\\\/#\\\/schema\\\/person\\\/b2634bcd796fafc667ea4055f61b9b2c\"},\"headline\":\"Entrega de premios y de postales del concurso VOLART, el acto central del CFP enmarcado en el D\u00eda Mundial de la Salud Mental\",\"datePublished\":\"2021-10-08T10:43:13+00:00\",\"dateModified\":\"2021-10-13T10:53:03+00:00\",\"mainEntityOfPage\":{\"@id\":\"https:\\\/\\\/cfpmaresme.org\\\/es\\\/entrega-de-premios-y-de-postales-del-concurso-volart-el-acto-central-del-cfp-enmarcado-en-el-dia-mundial-de-la-salud-mental\\\/\"},\"wordCount\":404,\"commentCount\":0,\"image\":{\"@id\":\"https:\\\/\\\/cfpmaresme.org\\\/es\\\/entrega-de-premios-y-de-postales-del-concurso-volart-el-acto-central-del-cfp-enmarcado-en-el-dia-mundial-de-la-salud-mental\\\/#primaryimage\"},\"thumbnailUrl\":\"https:\\\/\\\/cfpmaresme.org\\\/wp-content\\\/uploads\\\/2021\\\/10\\\/entrega-premis-volart.jpg\",\"articleSection\":[\"CFP Maresme\",\"Concurso Volart\"],\"inLanguage\":\"es\"},{\"@type\":\"WebPage\",\"@id\":\"https:\\\/\\\/cfpmaresme.org\\\/es\\\/entrega-de-premios-y-de-postales-del-concurso-volart-el-acto-central-del-cfp-enmarcado-en-el-dia-mundial-de-la-salud-mental\\\/\",\"url\":\"https:\\\/\\\/cfpmaresme.org\\\/es\\\/entrega-de-premios-y-de-postales-del-concurso-volart-el-acto-central-del-cfp-enmarcado-en-el-dia-mundial-de-la-salud-mental\\\/\",\"name\":\"Entrega de premios y de postales del concurso VOLART, el acto central del CFP enmarcado en el D\u00eda Mundial de la Salud Mental | CFP Maresme\",\"isPartOf\":{\"@id\":\"https:\\\/\\\/cfpmaresme.org\\\/#website\"},\"primaryImageOfPage\":{\"@id\":\"https:\\\/\\\/cfpmaresme.org\\\/es\\\/entrega-de-premios-y-de-postales-del-concurso-volart-el-acto-central-del-cfp-enmarcado-en-el-dia-mundial-de-la-salud-mental\\\/#primaryimage\"},\"image\":{\"@id\":\"https:\\\/\\\/cfpmaresme.org\\\/es\\\/entrega-de-premios-y-de-postales-del-concurso-volart-el-acto-central-del-cfp-enmarcado-en-el-dia-mundial-de-la-salud-mental\\\/#primaryimage\"},\"thumbnailUrl\":\"https:\\\/\\\/cfpmaresme.org\\\/wp-content\\\/uploads\\\/2021\\\/10\\\/entrega-premis-volart.jpg\",\"datePublished\":\"2021-10-08T10:43:13+00:00\",\"dateModified\":\"2021-10-13T10:53:03+00:00\",\"author\":{\"@id\":\"https:\\\/\\\/cfpmaresme.org\\\/#\\\/schema\\\/person\\\/b2634bcd796fafc667ea4055f61b9b2c\"},\"breadcrumb\":{\"@id\":\"https:\\\/\\\/cfpmaresme.org\\\/es\\\/entrega-de-premios-y-de-postales-del-concurso-volart-el-acto-central-del-cfp-enmarcado-en-el-dia-mundial-de-la-salud-mental\\\/#breadcrumb\"},\"inLanguage\":\"es\",\"potentialAction\":[{\"@type\":\"ReadAction\",\"target\":[\"https:\\\/\\\/cfpmaresme.org\\\/es\\\/entrega-de-premios-y-de-postales-del-concurso-volart-el-acto-central-del-cfp-enmarcado-en-el-dia-mundial-de-la-salud-mental\\\/\"]}]},{\"@type\":\"ImageObject\",\"inLanguage\":\"es\",\"@id\":\"https:\\\/\\\/cfpmaresme.org\\\/es\\\/entrega-de-premios-y-de-postales-del-concurso-volart-el-acto-central-del-cfp-enmarcado-en-el-dia-mundial-de-la-salud-mental\\\/#primaryimage\",\"url\":\"https:\\\/\\\/cfpmaresme.org\\\/wp-content\\\/uploads\\\/2021\\\/10\\\/entrega-premis-volart.jpg\",\"contentUrl\":\"https:\\\/\\\/cfpmaresme.org\\\/wp-content\\\/uploads\\\/2021\\\/10\\\/entrega-premis-volart.jpg\",\"width\":1207,\"height\":784},{\"@type\":\"BreadcrumbList\",\"@id\":\"https:\\\/\\\/cfpmaresme.org\\\/es\\\/entrega-de-premios-y-de-postales-del-concurso-volart-el-acto-central-del-cfp-enmarcado-en-el-dia-mundial-de-la-salud-mental\\\/#breadcrumb\",\"itemListElement\":[{\"@type\":\"ListItem\",\"position\":1,\"name\":\"Home\",\"item\":\"https:\\\/\\\/cfpmaresme.org\\\/es\\\/\"},{\"@type\":\"ListItem\",\"position\":2,\"name\":\"Entrega de premios y de postales del concurso VOLART, el acto central del CFP enmarcado en el D\u00eda Mundial de la Salud Mental\"}]},{\"@type\":\"WebSite\",\"@id\":\"https:\\\/\\\/cfpmaresme.org\\\/#website\",\"url\":\"https:\\\/\\\/cfpmaresme.org\\\/\",\"name\":\"CFP Maresme\",\"description\":\"Centre Formaci\u00f3 Prevenci\u00f3\",\"potentialAction\":[{\"@type\":\"SearchAction\",\"target\":{\"@type\":\"EntryPoint\",\"urlTemplate\":\"https:\\\/\\\/cfpmaresme.org\\\/?s={search_term_string}\"},\"query-input\":{\"@type\":\"PropertyValueSpecification\",\"valueRequired\":true,\"valueName\":\"search_term_string\"}}],\"inLanguage\":\"es\"},{\"@type\":\"Person\",\"@id\":\"https:\\\/\\\/cfpmaresme.org\\\/#\\\/schema\\\/person\\\/b2634bcd796fafc667ea4055f61b9b2c\",\"name\":\"CFPMaresme\"}]}<\/script>\n<!-- \/ Yoast SEO plugin. -->","yoast_head_json":{"title":"Entrega de premios y de postales del concurso VOLART, el acto central del CFP enmarcado en el D\u00eda Mundial de la Salud Mental | CFP Maresme","robots":{"index":"index","follow":"follow","max-snippet":"max-snippet:-1","max-image-preview":"max-image-preview:large","max-video-preview":"max-video-preview:-1"},"canonical":"https:\/\/cfpmaresme.org\/es\/entrega-de-premios-y-de-postales-del-concurso-volart-el-acto-central-del-cfp-enmarcado-en-el-dia-mundial-de-la-salud-mental\/","og_locale":"es_ES","og_type":"article","og_title":"Entrega de premios y de postales del concurso VOLART, el acto central del CFP enmarcado en el D\u00eda Mundial de la Salud Mental | CFP Maresme","og_description":"Hoy hemos realizado la entrega de premios a las personas ganadoras y de postales a la entidad destinataria, el Centro de Acogida Can Soleret del concurso VOLART. Ha sido un encuentro familiar, debido a las limitaciones de aforo, que ha contado con la presencial de...","og_url":"https:\/\/cfpmaresme.org\/es\/entrega-de-premios-y-de-postales-del-concurso-volart-el-acto-central-del-cfp-enmarcado-en-el-dia-mundial-de-la-salud-mental\/","og_site_name":"CFP Maresme","article_published_time":"2021-10-08T10:43:13+00:00","article_modified_time":"2021-10-13T10:53:03+00:00","og_image":[{"width":1207,"height":784,"url":"https:\/\/cfpmaresme.org\/wp-content\/uploads\/2021\/10\/entrega-premis-volart.jpg","type":"image\/jpeg"}],"author":"CFPMaresme","twitter_card":"summary_large_image","twitter_creator":"@cfpmaresme","twitter_site":"@cfpmaresme","twitter_misc":{"Escrito por":"CFPMaresme","Tiempo de lectura":"2 minutos"},"schema":{"@context":"https:\/\/schema.org","@graph":[{"@type":"Article","@id":"https:\/\/cfpmaresme.org\/es\/entrega-de-premios-y-de-postales-del-concurso-volart-el-acto-central-del-cfp-enmarcado-en-el-dia-mundial-de-la-salud-mental\/#article","isPartOf":{"@id":"https:\/\/cfpmaresme.org\/es\/entrega-de-premios-y-de-postales-del-concurso-volart-el-acto-central-del-cfp-enmarcado-en-el-dia-mundial-de-la-salud-mental\/"},"author":{"name":"CFPMaresme","@id":"https:\/\/cfpmaresme.org\/#\/schema\/person\/b2634bcd796fafc667ea4055f61b9b2c"},"headline":"Entrega de premios y de postales del concurso VOLART, el acto central del CFP enmarcado en el D\u00eda Mundial de la Salud Mental","datePublished":"2021-10-08T10:43:13+00:00","dateModified":"2021-10-13T10:53:03+00:00","mainEntityOfPage":{"@id":"https:\/\/cfpmaresme.org\/es\/entrega-de-premios-y-de-postales-del-concurso-volart-el-acto-central-del-cfp-enmarcado-en-el-dia-mundial-de-la-salud-mental\/"},"wordCount":404,"commentCount":0,"image":{"@id":"https:\/\/cfpmaresme.org\/es\/entrega-de-premios-y-de-postales-del-concurso-volart-el-acto-central-del-cfp-enmarcado-en-el-dia-mundial-de-la-salud-mental\/#primaryimage"},"thumbnailUrl":"https:\/\/cfpmaresme.org\/wp-content\/uploads\/2021\/10\/entrega-premis-volart.jpg","articleSection":["CFP Maresme","Concurso Volart"],"inLanguage":"es"},{"@type":"WebPage","@id":"https:\/\/cfpmaresme.org\/es\/entrega-de-premios-y-de-postales-del-concurso-volart-el-acto-central-del-cfp-enmarcado-en-el-dia-mundial-de-la-salud-mental\/","url":"https:\/\/cfpmaresme.org\/es\/entrega-de-premios-y-de-postales-del-concurso-volart-el-acto-central-del-cfp-enmarcado-en-el-dia-mundial-de-la-salud-mental\/","name":"Entrega de premios y de postales del concurso VOLART, el acto central del CFP enmarcado en el D\u00eda Mundial de la Salud Mental | CFP Maresme","isPartOf":{"@id":"https:\/\/cfpmaresme.org\/#website"},"primaryImageOfPage":{"@id":"https:\/\/cfpmaresme.org\/es\/entrega-de-premios-y-de-postales-del-concurso-volart-el-acto-central-del-cfp-enmarcado-en-el-dia-mundial-de-la-salud-mental\/#primaryimage"},"image":{"@id":"https:\/\/cfpmaresme.org\/es\/entrega-de-premios-y-de-postales-del-concurso-volart-el-acto-central-del-cfp-enmarcado-en-el-dia-mundial-de-la-salud-mental\/#primaryimage"},"thumbnailUrl":"https:\/\/cfpmaresme.org\/wp-content\/uploads\/2021\/10\/entrega-premis-volart.jpg","datePublished":"2021-10-08T10:43:13+00:00","dateModified":"2021-10-13T10:53:03+00:00","author":{"@id":"https:\/\/cfpmaresme.org\/#\/schema\/person\/b2634bcd796fafc667ea4055f61b9b2c"},"breadcrumb":{"@id":"https:\/\/cfpmaresme.org\/es\/entrega-de-premios-y-de-postales-del-concurso-volart-el-acto-central-del-cfp-enmarcado-en-el-dia-mundial-de-la-salud-mental\/#breadcrumb"},"inLanguage":"es","potentialAction":[{"@type":"ReadAction","target":["https:\/\/cfpmaresme.org\/es\/entrega-de-premios-y-de-postales-del-concurso-volart-el-acto-central-del-cfp-enmarcado-en-el-dia-mundial-de-la-salud-mental\/"]}]},{"@type":"ImageObject","inLanguage":"es","@id":"https:\/\/cfpmaresme.org\/es\/entrega-de-premios-y-de-postales-del-concurso-volart-el-acto-central-del-cfp-enmarcado-en-el-dia-mundial-de-la-salud-mental\/#primaryimage","url":"https:\/\/cfpmaresme.org\/wp-content\/uploads\/2021\/10\/entrega-premis-volart.jpg","contentUrl":"https:\/\/cfpmaresme.org\/wp-content\/uploads\/2021\/10\/entrega-premis-volart.jpg","width":1207,"height":784},{"@type":"BreadcrumbList","@id":"https:\/\/cfpmaresme.org\/es\/entrega-de-premios-y-de-postales-del-concurso-volart-el-acto-central-del-cfp-enmarcado-en-el-dia-mundial-de-la-salud-mental\/#breadcrumb","itemListElement":[{"@type":"ListItem","position":1,"name":"Home","item":"https:\/\/cfpmaresme.org\/es\/"},{"@type":"ListItem","position":2,"name":"Entrega de premios y de postales del concurso VOLART, el acto central del CFP enmarcado en el D\u00eda Mundial de la Salud Mental"}]},{"@type":"WebSite","@id":"https:\/\/cfpmaresme.org\/#website","url":"https:\/\/cfpmaresme.org\/","name":"CFP Maresme","description":"Centre Formaci\u00f3 Prevenci\u00f3","potentialAction":[{"@type":"SearchAction","target":{"@type":"EntryPoint","urlTemplate":"https:\/\/cfpmaresme.org\/?s={search_term_string}"},"query-input":{"@type":"PropertyValueSpecification","valueRequired":true,"valueName":"search_term_string"}}],"inLanguage":"es"},{"@type":"Person","@id":"https:\/\/cfpmaresme.org\/#\/schema\/person\/b2634bcd796fafc667ea4055f61b9b2c","name":"CFPMaresme"}]}},"_links":{"self":[{"href":"https:\/\/cfpmaresme.org\/es\/wp-json\/wp\/v2\/posts\/26782","targetHints":{"allow":["GET"]}}],"collection":[{"href":"https:\/\/cfpmaresme.org\/es\/wp-json\/wp\/v2\/posts"}],"about":[{"href":"https:\/\/cfpmaresme.org\/es\/wp-json\/wp\/v2\/types\/post"}],"author":[{"embeddable":true,"href":"https:\/\/cfpmaresme.org\/es\/wp-json\/wp\/v2\/users\/2"}],"replies":[{"embeddable":true,"href":"https:\/\/cfpmaresme.org\/es\/wp-json\/wp\/v2\/comments?post=26782"}],"version-history":[{"count":3,"href":"https:\/\/cfpmaresme.org\/es\/wp-json\/wp\/v2\/posts\/26782\/revisions"}],"predecessor-version":[{"id":26785,"href":"https:\/\/cfpmaresme.org\/es\/wp-json\/wp\/v2\/posts\/26782\/revisions\/26785"}],"wp:featuredmedia":[{"embeddable":true,"href":"https:\/\/cfpmaresme.org\/es\/wp-json\/wp\/v2\/media\/26755"}],"wp:attachment":[{"href":"https:\/\/cfpmaresme.org\/es\/wp-json\/wp\/v2\/media?parent=26782"}],"wp:term":[{"taxonomy":"category","embeddable":true,"href":"https:\/\/cfpmaresme.org\/es\/wp-json\/wp\/v2\/categories?post=26782"},{"taxonomy":"post_tag","embeddable":true,"href":"https:\/\/cfpmaresme.org\/es\/wp-json\/wp\/v2\/tags?post=26782"}],"curies":[{"name":"wp","href":"https:\/\/api.w.org\/{rel}","templated":true}]}}