{"id":52259,"date":"2021-11-25T12:25:48","date_gmt":"2021-11-25T10:25:48","guid":{"rendered":"https:\/\/www.cfpmaresme.org\/?p=52259"},"modified":"2021-11-25T12:42:17","modified_gmt":"2021-11-25T10:42:17","slug":"mataro-camina-por-la-salud-mental-a-la-9a-edicion-de-la-marcha-por-la-salud-mental","status":"publish","type":"post","link":"https:\/\/cfpmaresme.org\/es\/mataro-camina-por-la-salud-mental-a-la-9a-edicion-de-la-marcha-por-la-salud-mental\/","title":{"rendered":"Matar\u00f3 camina por la salud mental a la 9\u00aa edici\u00f3n de la Marcha por la Salud Mental"},"content":{"rendered":"<p>El domingo 21 de noviembre se celebr\u00f3 la novena Marcha para la Salud Mental en la capital maresmenca. Una edici\u00f3n en la que la organizaci\u00f3n preve\u00eda que habr\u00eda un fuerte descenso de asistentes debido a la crisis sanitaria que est\u00e1bamos viviendo y que, por suerte, no ha sido as\u00ed. Hasta <strong>715 personas<\/strong> caminaron para visibilizar la realidad de las personas que conviven con una problem\u00e1tica de salud mental y luchar contra el estigma.<\/p>\n<p>La Marcha para la Salud Mental est\u00e1 organizada por Forum Salut Mental, federaci\u00f3n de entidades de la que formamos parte, y cuenta con el soporte del Ayuntamiento de Matar\u00f3. Diversas entidades y empresas, como Arep, Salud Mental Catalu\u00f1a, la Colla Maimakansu y el CFP formamos parte de la comisi\u00f3n organizativa.<\/p>\n<p>&nbsp;<\/p>\n<h3>Alta colaboraci\u00f3n de voluntarios y voluntarias<\/h3>\n<p>La Marcha no ser\u00eda posible sin las personas voluntarias. Este a\u00f1o ha habido\u00a0 <strong>un centenar de voluntarios\/as<\/strong>. Han realizado todo tipo de tareas: avituallamiento, montaje y desmontaje, fotograf\u00edas, hacer y dar desayuno al finalizar la marcha, tareas previas de preparaci\u00f3n (o intendencia), indicar a los participantes el recorrido y un largo etc\u00e9tera. <img loading=\"lazy\" decoding=\"async\" class=\"alignright wp-image-44994\" src=\"https:\/\/www.cfpmaresme.org\/wp-content\/uploads\/2021\/11\/pixelada-en-png-i-retallada-300x256.jpg\" alt=\"\" width=\"250\" height=\"213\" srcset=\"https:\/\/cfpmaresme.org\/wp-content\/uploads\/2021\/11\/pixelada-en-png-i-retallada-300x256.jpg 300w, https:\/\/cfpmaresme.org\/wp-content\/uploads\/2021\/11\/pixelada-en-png-i-retallada-768x655.jpg 768w, https:\/\/cfpmaresme.org\/wp-content\/uploads\/2021\/11\/pixelada-en-png-i-retallada-700x597.jpg 700w, https:\/\/cfpmaresme.org\/wp-content\/uploads\/2021\/11\/pixelada-en-png-i-retallada.jpg 941w\" sizes=\"auto, (max-width: 250px) 100vw, 250px\" \/><\/p>\n<p>Entre las personas voluntarias hay miembros de las entidades organizadoras, personas vinculadas a la ciudad como Rosa Guanyab\u00e9ns, d\u2019ERC-MES-AM, alumnos de tercero de ESO de la Escuela Sol-Ixent i del Instituto Puig i Cadafalch que participan al Programa Comunitario del departamento de Educaci\u00f3n de la Generalitat de Catalunya, persones de la colla Maimakansu, de las asociaciones Matar\u00f3 Camina y Maresme Oncol\u00f2gic y del SRC Maresme del CFP.<\/p>\n<p>&nbsp;<\/p>\n<h3>Disparatazo de saluda, dos rutas y un desayuno final con vistas al mar y m\u00fasica<\/h3>\n<p>La Marcha se inici\u00f3 a las 9 de la ma\u00f1ana en la Playa Callao. La mayor\u00eda de participantes esperaban a primera hora para empezar a caminar por la Salud\u00a0 Mental. David Bote, alcalde de Matar\u00f3, y diversos regidores, como Laura Seijo, estuvieron presentes.<\/p>\n<p>Hab\u00eda dos posibles recorridos: uno de 8 kms, por el Paseo Mar\u00edtimo, y uno de 12 Kms, hasta cerca de la ermita de Sant Miquel de Mata.<\/p>\n<p>Todos los participantes gozaron de un desayuno con vistas al mar en el mismo punto de inicio y la emanizaci\u00f3n musical de Disco M\u00f3bil Quim.<\/p>\n<p>La Marcha se produjo sin incidentes, en un ambiente festivo y deportivo, enmarcado en la voluntad de mostrar la realidad de las personas que conviven con una problem\u00e1tica de Salud Mental y luchar contra el estigma hacia este colectivo.<\/p>\n<p>Desde aqu\u00ed queremos agradecer su participaci\u00f3n, sea organizando, como voluntarias o como marchistas.<\/p>\n<p>El a\u00f1o que viene ya har\u00e1 una d\u00e9cada que todo esto empez\u00f3. \u00a1Se dice r\u00e1pid0!<\/p>\n<p><img loading=\"lazy\" decoding=\"async\" class=\"wp-image-44998 size-large aligncenter\" src=\"https:\/\/www.cfpmaresme.org\/wp-content\/uploads\/2021\/11\/3-fotos-1024x273.jpg\" alt=\"\" width=\"1024\" height=\"273\" srcset=\"https:\/\/cfpmaresme.org\/wp-content\/uploads\/2021\/11\/3-fotos-1024x273.jpg 1024w, https:\/\/cfpmaresme.org\/wp-content\/uploads\/2021\/11\/3-fotos-300x80.jpg 300w, https:\/\/cfpmaresme.org\/wp-content\/uploads\/2021\/11\/3-fotos-768x205.jpg 768w, https:\/\/cfpmaresme.org\/wp-content\/uploads\/2021\/11\/3-fotos-700x186.jpg 700w, https:\/\/cfpmaresme.org\/wp-content\/uploads\/2021\/11\/3-fotos.jpg 1329w\" sizes=\"auto, (max-width: 1024px) 100vw, 1024px\" \/><\/p>\n","protected":false},"excerpt":{"rendered":"<p>El domingo 21 de noviembre se celebr\u00f3 la novena Marcha para la Salud Mental en la capital maresmenca. Una edici\u00f3n en la que la organizaci\u00f3n preve\u00eda que habr\u00eda un fuerte descenso de asistentes debido a la crisis sanitaria que est\u00e1bamos viviendo y que, por suerte,&#8230;<\/p>\n","protected":false},"author":2,"featured_media":44993,"comment_status":"open","ping_status":"open","sticky":false,"template":"","format":"standard","meta":{"footnotes":""},"categories":[1187],"tags":[],"class_list":["post-52259","post","type-post","status-publish","format-standard","has-post-thumbnail","hentry","category-cfp-maresme-es"],"yoast_head":"<!-- This site is optimized with the Yoast SEO plugin v27.4 - https:\/\/yoast.com\/product\/yoast-seo-wordpress\/ -->\n<title>Matar\u00f3 camina por la salud mental a la 9\u00aa edici\u00f3n de la Marcha por la Salud Mental | CFP Maresme<\/title>\n<meta name=\"robots\" content=\"index, follow, max-snippet:-1, max-image-preview:large, max-video-preview:-1\" \/>\n<link rel=\"canonical\" href=\"https:\/\/cfpmaresme.org\/es\/mataro-camina-por-la-salud-mental-a-la-9a-edicion-de-la-marcha-por-la-salud-mental\/\" \/>\n<meta property=\"og:locale\" content=\"es_ES\" \/>\n<meta property=\"og:type\" content=\"article\" \/>\n<meta property=\"og:title\" content=\"Matar\u00f3 camina por la salud mental a la 9\u00aa edici\u00f3n de la Marcha por la Salud Mental | CFP Maresme\" \/>\n<meta property=\"og:description\" content=\"El domingo 21 de noviembre se celebr\u00f3 la novena Marcha para la Salud Mental en la capital maresmenca. Una edici\u00f3n en la que la organizaci\u00f3n preve\u00eda que habr\u00eda un fuerte descenso de asistentes debido a la crisis sanitaria que est\u00e1bamos viviendo y que, por suerte,...\" \/>\n<meta property=\"og:url\" content=\"https:\/\/cfpmaresme.org\/es\/mataro-camina-por-la-salud-mental-a-la-9a-edicion-de-la-marcha-por-la-salud-mental\/\" \/>\n<meta property=\"og:site_name\" content=\"CFP Maresme\" \/>\n<meta property=\"article:published_time\" content=\"2021-11-25T10:25:48+00:00\" \/>\n<meta property=\"article:modified_time\" content=\"2021-11-25T10:42:17+00:00\" \/>\n<meta property=\"og:image\" content=\"https:\/\/cfpmaresme.org\/wp-content\/uploads\/2021\/11\/banner.jpg\" \/>\n\t<meta property=\"og:image:width\" content=\"1189\" \/>\n\t<meta property=\"og:image:height\" content=\"633\" \/>\n\t<meta property=\"og:image:type\" content=\"image\/jpeg\" \/>\n<meta name=\"author\" content=\"CFPMaresme\" \/>\n<meta name=\"twitter:card\" content=\"summary_large_image\" \/>\n<meta name=\"twitter:creator\" content=\"@cfpmaresme\" \/>\n<meta name=\"twitter:site\" content=\"@cfpmaresme\" \/>\n<meta name=\"twitter:label1\" content=\"Escrito por\" \/>\n\t<meta name=\"twitter:data1\" content=\"CFPMaresme\" \/>\n\t<meta name=\"twitter:label2\" content=\"Tiempo de lectura\" \/>\n\t<meta name=\"twitter:data2\" content=\"2 minutos\" \/>\n<script type=\"application\/ld+json\" class=\"yoast-schema-graph\">{\"@context\":\"https:\\\/\\\/schema.org\",\"@graph\":[{\"@type\":\"Article\",\"@id\":\"https:\\\/\\\/cfpmaresme.org\\\/es\\\/mataro-camina-por-la-salud-mental-a-la-9a-edicion-de-la-marcha-por-la-salud-mental\\\/#article\",\"isPartOf\":{\"@id\":\"https:\\\/\\\/cfpmaresme.org\\\/es\\\/mataro-camina-por-la-salud-mental-a-la-9a-edicion-de-la-marcha-por-la-salud-mental\\\/\"},\"author\":{\"name\":\"CFPMaresme\",\"@id\":\"https:\\\/\\\/cfpmaresme.org\\\/#\\\/schema\\\/person\\\/b2634bcd796fafc667ea4055f61b9b2c\"},\"headline\":\"Matar\u00f3 camina por la salud mental a la 9\u00aa edici\u00f3n de la Marcha por la Salud Mental\",\"datePublished\":\"2021-11-25T10:25:48+00:00\",\"dateModified\":\"2021-11-25T10:42:17+00:00\",\"mainEntityOfPage\":{\"@id\":\"https:\\\/\\\/cfpmaresme.org\\\/es\\\/mataro-camina-por-la-salud-mental-a-la-9a-edicion-de-la-marcha-por-la-salud-mental\\\/\"},\"wordCount\":471,\"commentCount\":0,\"image\":{\"@id\":\"https:\\\/\\\/cfpmaresme.org\\\/es\\\/mataro-camina-por-la-salud-mental-a-la-9a-edicion-de-la-marcha-por-la-salud-mental\\\/#primaryimage\"},\"thumbnailUrl\":\"https:\\\/\\\/cfpmaresme.org\\\/wp-content\\\/uploads\\\/2021\\\/11\\\/banner.jpg\",\"articleSection\":[\"CFP Maresme\"],\"inLanguage\":\"es\"},{\"@type\":\"WebPage\",\"@id\":\"https:\\\/\\\/cfpmaresme.org\\\/es\\\/mataro-camina-por-la-salud-mental-a-la-9a-edicion-de-la-marcha-por-la-salud-mental\\\/\",\"url\":\"https:\\\/\\\/cfpmaresme.org\\\/es\\\/mataro-camina-por-la-salud-mental-a-la-9a-edicion-de-la-marcha-por-la-salud-mental\\\/\",\"name\":\"Matar\u00f3 camina por la salud mental a la 9\u00aa edici\u00f3n de la Marcha por la Salud Mental | CFP Maresme\",\"isPartOf\":{\"@id\":\"https:\\\/\\\/cfpmaresme.org\\\/#website\"},\"primaryImageOfPage\":{\"@id\":\"https:\\\/\\\/cfpmaresme.org\\\/es\\\/mataro-camina-por-la-salud-mental-a-la-9a-edicion-de-la-marcha-por-la-salud-mental\\\/#primaryimage\"},\"image\":{\"@id\":\"https:\\\/\\\/cfpmaresme.org\\\/es\\\/mataro-camina-por-la-salud-mental-a-la-9a-edicion-de-la-marcha-por-la-salud-mental\\\/#primaryimage\"},\"thumbnailUrl\":\"https:\\\/\\\/cfpmaresme.org\\\/wp-content\\\/uploads\\\/2021\\\/11\\\/banner.jpg\",\"datePublished\":\"2021-11-25T10:25:48+00:00\",\"dateModified\":\"2021-11-25T10:42:17+00:00\",\"author\":{\"@id\":\"https:\\\/\\\/cfpmaresme.org\\\/#\\\/schema\\\/person\\\/b2634bcd796fafc667ea4055f61b9b2c\"},\"breadcrumb\":{\"@id\":\"https:\\\/\\\/cfpmaresme.org\\\/es\\\/mataro-camina-por-la-salud-mental-a-la-9a-edicion-de-la-marcha-por-la-salud-mental\\\/#breadcrumb\"},\"inLanguage\":\"es\",\"potentialAction\":[{\"@type\":\"ReadAction\",\"target\":[\"https:\\\/\\\/cfpmaresme.org\\\/es\\\/mataro-camina-por-la-salud-mental-a-la-9a-edicion-de-la-marcha-por-la-salud-mental\\\/\"]}]},{\"@type\":\"ImageObject\",\"inLanguage\":\"es\",\"@id\":\"https:\\\/\\\/cfpmaresme.org\\\/es\\\/mataro-camina-por-la-salud-mental-a-la-9a-edicion-de-la-marcha-por-la-salud-mental\\\/#primaryimage\",\"url\":\"https:\\\/\\\/cfpmaresme.org\\\/wp-content\\\/uploads\\\/2021\\\/11\\\/banner.jpg\",\"contentUrl\":\"https:\\\/\\\/cfpmaresme.org\\\/wp-content\\\/uploads\\\/2021\\\/11\\\/banner.jpg\",\"width\":1189,\"height\":633},{\"@type\":\"BreadcrumbList\",\"@id\":\"https:\\\/\\\/cfpmaresme.org\\\/es\\\/mataro-camina-por-la-salud-mental-a-la-9a-edicion-de-la-marcha-por-la-salud-mental\\\/#breadcrumb\",\"itemListElement\":[{\"@type\":\"ListItem\",\"position\":1,\"name\":\"Home\",\"item\":\"https:\\\/\\\/cfpmaresme.org\\\/es\\\/\"},{\"@type\":\"ListItem\",\"position\":2,\"name\":\"Matar\u00f3 camina por la salud mental a la 9\u00aa edici\u00f3n de la Marcha por la Salud Mental\"}]},{\"@type\":\"WebSite\",\"@id\":\"https:\\\/\\\/cfpmaresme.org\\\/#website\",\"url\":\"https:\\\/\\\/cfpmaresme.org\\\/\",\"name\":\"CFP Maresme\",\"description\":\"Centre Formaci\u00f3 Prevenci\u00f3\",\"potentialAction\":[{\"@type\":\"SearchAction\",\"target\":{\"@type\":\"EntryPoint\",\"urlTemplate\":\"https:\\\/\\\/cfpmaresme.org\\\/?s={search_term_string}\"},\"query-input\":{\"@type\":\"PropertyValueSpecification\",\"valueRequired\":true,\"valueName\":\"search_term_string\"}}],\"inLanguage\":\"es\"},{\"@type\":\"Person\",\"@id\":\"https:\\\/\\\/cfpmaresme.org\\\/#\\\/schema\\\/person\\\/b2634bcd796fafc667ea4055f61b9b2c\",\"name\":\"CFPMaresme\"}]}<\/script>\n<!-- \/ Yoast SEO plugin. -->","yoast_head_json":{"title":"Matar\u00f3 camina por la salud mental a la 9\u00aa edici\u00f3n de la Marcha por la Salud Mental | CFP Maresme","robots":{"index":"index","follow":"follow","max-snippet":"max-snippet:-1","max-image-preview":"max-image-preview:large","max-video-preview":"max-video-preview:-1"},"canonical":"https:\/\/cfpmaresme.org\/es\/mataro-camina-por-la-salud-mental-a-la-9a-edicion-de-la-marcha-por-la-salud-mental\/","og_locale":"es_ES","og_type":"article","og_title":"Matar\u00f3 camina por la salud mental a la 9\u00aa edici\u00f3n de la Marcha por la Salud Mental | CFP Maresme","og_description":"El domingo 21 de noviembre se celebr\u00f3 la novena Marcha para la Salud Mental en la capital maresmenca. Una edici\u00f3n en la que la organizaci\u00f3n preve\u00eda que habr\u00eda un fuerte descenso de asistentes debido a la crisis sanitaria que est\u00e1bamos viviendo y que, por suerte,...","og_url":"https:\/\/cfpmaresme.org\/es\/mataro-camina-por-la-salud-mental-a-la-9a-edicion-de-la-marcha-por-la-salud-mental\/","og_site_name":"CFP Maresme","article_published_time":"2021-11-25T10:25:48+00:00","article_modified_time":"2021-11-25T10:42:17+00:00","og_image":[{"width":1189,"height":633,"url":"https:\/\/cfpmaresme.org\/wp-content\/uploads\/2021\/11\/banner.jpg","type":"image\/jpeg"}],"author":"CFPMaresme","twitter_card":"summary_large_image","twitter_creator":"@cfpmaresme","twitter_site":"@cfpmaresme","twitter_misc":{"Escrito por":"CFPMaresme","Tiempo de lectura":"2 minutos"},"schema":{"@context":"https:\/\/schema.org","@graph":[{"@type":"Article","@id":"https:\/\/cfpmaresme.org\/es\/mataro-camina-por-la-salud-mental-a-la-9a-edicion-de-la-marcha-por-la-salud-mental\/#article","isPartOf":{"@id":"https:\/\/cfpmaresme.org\/es\/mataro-camina-por-la-salud-mental-a-la-9a-edicion-de-la-marcha-por-la-salud-mental\/"},"author":{"name":"CFPMaresme","@id":"https:\/\/cfpmaresme.org\/#\/schema\/person\/b2634bcd796fafc667ea4055f61b9b2c"},"headline":"Matar\u00f3 camina por la salud mental a la 9\u00aa edici\u00f3n de la Marcha por la Salud Mental","datePublished":"2021-11-25T10:25:48+00:00","dateModified":"2021-11-25T10:42:17+00:00","mainEntityOfPage":{"@id":"https:\/\/cfpmaresme.org\/es\/mataro-camina-por-la-salud-mental-a-la-9a-edicion-de-la-marcha-por-la-salud-mental\/"},"wordCount":471,"commentCount":0,"image":{"@id":"https:\/\/cfpmaresme.org\/es\/mataro-camina-por-la-salud-mental-a-la-9a-edicion-de-la-marcha-por-la-salud-mental\/#primaryimage"},"thumbnailUrl":"https:\/\/cfpmaresme.org\/wp-content\/uploads\/2021\/11\/banner.jpg","articleSection":["CFP Maresme"],"inLanguage":"es"},{"@type":"WebPage","@id":"https:\/\/cfpmaresme.org\/es\/mataro-camina-por-la-salud-mental-a-la-9a-edicion-de-la-marcha-por-la-salud-mental\/","url":"https:\/\/cfpmaresme.org\/es\/mataro-camina-por-la-salud-mental-a-la-9a-edicion-de-la-marcha-por-la-salud-mental\/","name":"Matar\u00f3 camina por la salud mental a la 9\u00aa edici\u00f3n de la Marcha por la Salud Mental | CFP Maresme","isPartOf":{"@id":"https:\/\/cfpmaresme.org\/#website"},"primaryImageOfPage":{"@id":"https:\/\/cfpmaresme.org\/es\/mataro-camina-por-la-salud-mental-a-la-9a-edicion-de-la-marcha-por-la-salud-mental\/#primaryimage"},"image":{"@id":"https:\/\/cfpmaresme.org\/es\/mataro-camina-por-la-salud-mental-a-la-9a-edicion-de-la-marcha-por-la-salud-mental\/#primaryimage"},"thumbnailUrl":"https:\/\/cfpmaresme.org\/wp-content\/uploads\/2021\/11\/banner.jpg","datePublished":"2021-11-25T10:25:48+00:00","dateModified":"2021-11-25T10:42:17+00:00","author":{"@id":"https:\/\/cfpmaresme.org\/#\/schema\/person\/b2634bcd796fafc667ea4055f61b9b2c"},"breadcrumb":{"@id":"https:\/\/cfpmaresme.org\/es\/mataro-camina-por-la-salud-mental-a-la-9a-edicion-de-la-marcha-por-la-salud-mental\/#breadcrumb"},"inLanguage":"es","potentialAction":[{"@type":"ReadAction","target":["https:\/\/cfpmaresme.org\/es\/mataro-camina-por-la-salud-mental-a-la-9a-edicion-de-la-marcha-por-la-salud-mental\/"]}]},{"@type":"ImageObject","inLanguage":"es","@id":"https:\/\/cfpmaresme.org\/es\/mataro-camina-por-la-salud-mental-a-la-9a-edicion-de-la-marcha-por-la-salud-mental\/#primaryimage","url":"https:\/\/cfpmaresme.org\/wp-content\/uploads\/2021\/11\/banner.jpg","contentUrl":"https:\/\/cfpmaresme.org\/wp-content\/uploads\/2021\/11\/banner.jpg","width":1189,"height":633},{"@type":"BreadcrumbList","@id":"https:\/\/cfpmaresme.org\/es\/mataro-camina-por-la-salud-mental-a-la-9a-edicion-de-la-marcha-por-la-salud-mental\/#breadcrumb","itemListElement":[{"@type":"ListItem","position":1,"name":"Home","item":"https:\/\/cfpmaresme.org\/es\/"},{"@type":"ListItem","position":2,"name":"Matar\u00f3 camina por la salud mental a la 9\u00aa edici\u00f3n de la Marcha por la Salud Mental"}]},{"@type":"WebSite","@id":"https:\/\/cfpmaresme.org\/#website","url":"https:\/\/cfpmaresme.org\/","name":"CFP Maresme","description":"Centre Formaci\u00f3 Prevenci\u00f3","potentialAction":[{"@type":"SearchAction","target":{"@type":"EntryPoint","urlTemplate":"https:\/\/cfpmaresme.org\/?s={search_term_string}"},"query-input":{"@type":"PropertyValueSpecification","valueRequired":true,"valueName":"search_term_string"}}],"inLanguage":"es"},{"@type":"Person","@id":"https:\/\/cfpmaresme.org\/#\/schema\/person\/b2634bcd796fafc667ea4055f61b9b2c","name":"CFPMaresme"}]}},"_links":{"self":[{"href":"https:\/\/cfpmaresme.org\/es\/wp-json\/wp\/v2\/posts\/52259","targetHints":{"allow":["GET"]}}],"collection":[{"href":"https:\/\/cfpmaresme.org\/es\/wp-json\/wp\/v2\/posts"}],"about":[{"href":"https:\/\/cfpmaresme.org\/es\/wp-json\/wp\/v2\/types\/post"}],"author":[{"embeddable":true,"href":"https:\/\/cfpmaresme.org\/es\/wp-json\/wp\/v2\/users\/2"}],"replies":[{"embeddable":true,"href":"https:\/\/cfpmaresme.org\/es\/wp-json\/wp\/v2\/comments?post=52259"}],"version-history":[{"count":1,"href":"https:\/\/cfpmaresme.org\/es\/wp-json\/wp\/v2\/posts\/52259\/revisions"}],"predecessor-version":[{"id":52260,"href":"https:\/\/cfpmaresme.org\/es\/wp-json\/wp\/v2\/posts\/52259\/revisions\/52260"}],"wp:featuredmedia":[{"embeddable":true,"href":"https:\/\/cfpmaresme.org\/es\/wp-json\/wp\/v2\/media\/44993"}],"wp:attachment":[{"href":"https:\/\/cfpmaresme.org\/es\/wp-json\/wp\/v2\/media?parent=52259"}],"wp:term":[{"taxonomy":"category","embeddable":true,"href":"https:\/\/cfpmaresme.org\/es\/wp-json\/wp\/v2\/categories?post=52259"},{"taxonomy":"post_tag","embeddable":true,"href":"https:\/\/cfpmaresme.org\/es\/wp-json\/wp\/v2\/tags?post=52259"}],"curies":[{"name":"wp","href":"https:\/\/api.w.org\/{rel}","templated":true}]}}