{"id":52324,"date":"2021-12-03T11:35:20","date_gmt":"2021-12-03T09:35:20","guid":{"rendered":"https:\/\/www.cfpmaresme.org\/?p=52324"},"modified":"2022-05-23T12:36:30","modified_gmt":"2022-05-23T10:36:30","slug":"52324","status":"publish","type":"post","link":"https:\/\/cfpmaresme.org\/es\/52324\/","title":{"rendered":"\u00abLo que m\u00e1s me ha sorprendido es el contacto constante entre el equipo y las personas atendidas\u00bb"},"content":{"rendered":"<h4>Por Carla Cruells, responsable de Comunicaci\u00f3n del CFP<\/h4>\n<p>&nbsp;<\/p>\n<h4>Perfil: Cl\u00e0udia es Integradora Social y est\u00e1 haciendo pr\u00e1cticas en distintos servicios del CFP. Concretamente, en el de Intermediaci\u00f3n Laboral, en el SRC y en el programa art\u00edstico Alterarte. De deporte, sabe un rato&#8230;es nadadora de alto rendimiento y ahora mismo compite en el Centre Nataci\u00f3 Matar\u00f3.<\/h4>\n<p>&nbsp;<\/p>\n<h3>Experiencia en el CFP<\/h3>\n<h4>\u00bfC\u00f3mo conociste el CFP y qu\u00e9 te atrajo para decidir hacer pr\u00e1cticas aqu\u00ed?<\/h4>\n<p>Yo estaba buscando un centro donde poder hacer pr\u00e1cticas que estuviese en Matar\u00f3. Debido a la pandemia tuve que hacerlo por Internet y, justamente, encontr\u00e9 al CFP. Vi que hab\u00eda muchas opciones y llam\u00e9.<\/p>\n<h4>\u00bfTen\u00edas especial inter\u00e9s en alg\u00fan colectivo?<\/h4>\n<p>A mi me gustaba mucho el tema de los infantes y tambi\u00e9n de la salud mental y mujeres. Entonces vi que hab\u00eda varias opciones.<\/p>\n<h4>\u00bfNos podr\u00edas explicar tu d\u00eda a d\u00eda en la entidad? \u00bfQu\u00e9 tareas haces, concretamente, en los servicios en los que est\u00e1s?<\/h4>\n<p>De lunes a mi\u00e9rcoles hago inserci\u00f3n laboral, con los grupos de MAIS y SIOAS del servicio de <a href=\"\/?page_id=17850\" target=\"_blank\" rel=\"noopener noreferrer\">Intermediaci\u00f3n Laboral<\/a>. Estoy en las actividades y veo como hacen c\u00e1psulas formativas o b\u00fasqueda de empleo. Los jueves voy a Alterarte. Aqu\u00ed ya no es todo tan pautado, algunos d\u00edas hacen un actividad m\u00e1s marcada, otros m\u00e1s libre y, otros, salidas a museos, por ejemplo. Los viernes voy al <a href=\"\/?page_id=16510\" target=\"_blank\" rel=\"noopener noreferrer\">SRC<\/a> Maresme. All\u00ed hago la actividad de salud para la prevenci\u00f3n de reca\u00eddas y la de asamblea, que consiste en que las personas atendidas propongan lo que quieren hacer.<\/p>\n<h4>\u00bfT\u00fa planificas alguna actividad o das soporte al equipo?<\/h4>\n<p>En el SRC Maresme estoy con S\u00edlvia Jambert, que prepara la actividad y me la explica. Entonces ella hace algunas preguntas y yo otras. Para Intermediaci\u00f3n Laboral estoy preparando una actividad de nuevas tecnolog\u00edas y de redes sociales y c\u00f3mo utilizarlas para la b\u00fasqueda de empleo. Tambi\u00e9n estoy trabajando el tema del <em>classroom<\/em>, porque si nos volvi\u00e9semos a confinar podamos seguir conectados permanentemente.<\/p>\n<h4>Siempre hablamos de la transversalidad de los servicios del CFP, entendi\u00e9ndola como la coordinaci\u00f3n entre distintos recursos para ofrecer un itinerario adaptado a las necesidades de cada persona atendida. Tu, que est\u00e1s en varios servicios, puedes tener una visi\u00f3n clara. \u00bfPodr\u00edas decirnos tu opini\u00f3n al respeto?<\/h4>\n<p>El que he visto en el tiempo que llevo es que, como nos pasa a todos, la vida no es estable y quiz\u00e1s en un momento necesites una atenci\u00f3n y, en otro, otra. Entonces, creo que saber que est\u00e1n en una entidad donde les puedan derivar y que, estando con las mismas personas, pueden trabajar cosas distintas, les da una tranquilidad.<\/p>\n<p>Tambi\u00e9n veo que haciendo una actividad u otra la gente cambia. Por ejemplo, buscando trabajo est\u00e1n m\u00e1s centrados y les hace m\u00e1s cosa preguntar y, entonces, veo la misma persona en Alterarte y es mucho m\u00e1s expresiva.<\/p>\n<h4>\u00bfPodr\u00edas compartir con nosotros alguna an\u00e9cdota o aspecto que te haya sorprendido durante estas semanas que llevas aqu\u00ed?<\/h4>\n<p>Lo que m\u00e1s me ha sorprendido es el contacto constante entre el equipo y las personas atendidas. Yo sab\u00eda que, obviamente, hay un contacto entre ellos pero pensaba que solo era en el momento que vienen al centro. Me he dado cuenta de que no es as\u00ed: el equipo los llama, les pregunta qu\u00e9 tal el trabajo, por qu\u00e9 no han venido, etc. Tampoco cierran puertas. Por ejemplo, si alguien encuentra trabajo saben que quiz\u00e1s se le acaba y volver\u00e1 y, para ellos, es importante tambi\u00e9n tenerlo presente.<\/p>\n<p>&nbsp;<\/p>\n<h3>Deporte y salud mental<\/h3>\n<h4>Como Integradora Social y deportista, \u00bfNos podr\u00edas dar tu opini\u00f3n sobre los beneficios del deporte, especialmente, en las personas que conviven con una problem\u00e1tica de salud mental?<\/h4>\n<p>Yo creo que el deporte es saludable para todo el mundo porque te hace tener una rutina. Con la gente que tiene un diagn\u00f3stico de salud mental, que a veces tienen m\u00e1s dificultades para seguirla, hacer deporte supone que saben que tal d\u00eda ir\u00e1n a tal sitio y, por lo tanto, los ayuda a levantarse, vestirse&#8230;los hace estar m\u00e1s activos. Adem\u00e1s, es beneficioso para ellos porque los hace estar con gente y ver que, all\u00ed, todos est\u00e1n haciendo lo mismo.<\/p>\n<h4>\u00bfCrees que la cultura del deporte est\u00e1 consolidada socialmente?<\/h4>\n<p>Yo creo que en esto la pandemia ha ayudado. Mucha gente piensa que hacer deporte es, pues, hacer lo que hacen los deportistas que salen a la tele y quiz\u00e1s no lo hacen porque creen que no tienen tiempo. La pandemia nos ha hecho ver que no hace falta que pierdas media hora en coche hiendo a un sitio a hacer deporte. Puedes salir de tu casa, caminar por el barrio y ya es deporte. No hace falta mucho tiempo ni desplazarte, ni invertir dinero&#8230;Yo creo que la sociedad de hoy s\u00ed que ha mejorado en este sentido. La gente busca un poco m\u00e1s el tiempo porque se ha dado cuenta de que es importante\u00a0 y que los ayuda.<\/p>\n<p>&nbsp;<\/p>\n<h3>Valoraci\u00f3n de la estancia en el CFP<\/h3>\n<h4>\u00bfQu\u00e9 destacar\u00edas de lo que has aprendido?<\/h4>\n<p>Lo que quer\u00eda destacar es la atenci\u00f3n constante a usuarios, como ya he dicho, y las reuniones semanales de equipo. Ponen en com\u00fan y explican cada caso. Cada uno lleva a sus usuarios pero se ayudan entre ellos, se dan opini\u00f3n y ponen en com\u00fan proyectos. Es decir, me ha sorprendido ver todo lo que hay detr\u00e1s, a parte de tratar con los usuarios. He aprendido mucho y creo que todav\u00eda me queda mucho por aprender.<\/p>\n<h4>\u00bfQu\u00e9 crees que aportas tu a los distintos recursos del CFP donde dedicas tus pr\u00e1cticas?<\/h4>\n<p>Yo creo que estoy muy al d\u00eda de nuevas tecnolog\u00edas, tambi\u00e9n porque soy m\u00e1s joven y desde peque\u00f1a las he utilizado. As\u00ed que en este aspecto creo que puedo aportar mucho. Tambi\u00e9n a las actividades m\u00e1s de expresi\u00f3n. Por ejemplo, hemos empezado una actividad transversal de la persona, de expresar c\u00f3mo est\u00e1s&#8230;Con estos temas puedo participar m\u00e1s y aportar porque tengo facilidad.<\/p>\n<h4>\u00bfTe gustar\u00eda a\u00f1adir alguna cosa m\u00e1s?<\/h4>\n<p>S\u00ed, quer\u00eda comentar que, por lo que me han explicado mis compa\u00f1eros de las pr\u00e1cticas, me siento afortunada porque normalmente est\u00e1n en un sitio fijo, de manera que siempre ven la forma de trabajar de un equipo. Cuando me comentaron que dentro el centro ir\u00eda a tres sitios distintos, me pareci\u00f3 muy buena idea porque, al final, los equipos funcionan diferente. En un mismo centro veo muchas m\u00e1s cosas. A mi ir a sitios distintos, \u00a1Me encanta!<\/p>\n","protected":false},"excerpt":{"rendered":"<p>Por Carla Cruells, responsable de Comunicaci\u00f3n del CFP &nbsp; Perfil: Cl\u00e0udia es Integradora Social y est\u00e1 haciendo pr\u00e1cticas en distintos servicios del CFP. Concretamente, en el de Intermediaci\u00f3n Laboral, en el SRC y en el programa art\u00edstico Alterarte. De deporte, sabe un rato&#8230;es nadadora de&#8230;<\/p>\n","protected":false},"author":2,"featured_media":52325,"comment_status":"open","ping_status":"open","sticky":false,"template":"","format":"standard","meta":{"footnotes":""},"categories":[1258],"tags":[],"class_list":["post-52324","post","type-post","status-publish","format-standard","has-post-thumbnail","hentry","category-entrevistas"],"yoast_head":"<!-- This site is optimized with the Yoast SEO plugin v27.4 - https:\/\/yoast.com\/product\/yoast-seo-wordpress\/ -->\n<title>&quot;Lo que m\u00e1s me ha sorprendido es el contacto constante entre el equipo y las personas atendidas&quot; | CFP Maresme<\/title>\n<meta name=\"robots\" content=\"index, follow, max-snippet:-1, max-image-preview:large, max-video-preview:-1\" \/>\n<link rel=\"canonical\" href=\"https:\/\/cfpmaresme.org\/es\/52324\/\" \/>\n<meta property=\"og:locale\" content=\"es_ES\" \/>\n<meta property=\"og:type\" content=\"article\" \/>\n<meta property=\"og:title\" content=\"&quot;Lo que m\u00e1s me ha sorprendido es el contacto constante entre el equipo y las personas atendidas&quot; | CFP Maresme\" \/>\n<meta property=\"og:description\" content=\"Por Carla Cruells, responsable de Comunicaci\u00f3n del CFP &nbsp; Perfil: Cl\u00e0udia es Integradora Social y est\u00e1 haciendo pr\u00e1cticas en distintos servicios del CFP. Concretamente, en el de Intermediaci\u00f3n Laboral, en el SRC y en el programa art\u00edstico Alterarte. De deporte, sabe un rato&#8230;es nadadora de...\" \/>\n<meta property=\"og:url\" content=\"https:\/\/cfpmaresme.org\/es\/52324\/\" \/>\n<meta property=\"og:site_name\" content=\"CFP Maresme\" \/>\n<meta property=\"article:published_time\" content=\"2021-12-03T09:35:20+00:00\" \/>\n<meta property=\"article:modified_time\" content=\"2022-05-23T10:36:30+00:00\" \/>\n<meta property=\"og:image\" content=\"https:\/\/cfpmaresme.org\/wp-content\/uploads\/2021\/12\/banner-en-castell\u00e0.jpg\" \/>\n\t<meta property=\"og:image:width\" content=\"689\" \/>\n\t<meta property=\"og:image:height\" content=\"174\" \/>\n\t<meta property=\"og:image:type\" content=\"image\/jpeg\" \/>\n<meta name=\"author\" content=\"CFPMaresme\" \/>\n<meta name=\"twitter:card\" content=\"summary_large_image\" \/>\n<meta name=\"twitter:creator\" content=\"@cfpmaresme\" \/>\n<meta name=\"twitter:site\" content=\"@cfpmaresme\" \/>\n<meta name=\"twitter:label1\" content=\"Escrito por\" \/>\n\t<meta name=\"twitter:data1\" content=\"CFPMaresme\" \/>\n\t<meta name=\"twitter:label2\" content=\"Tiempo de lectura\" \/>\n\t<meta name=\"twitter:data2\" content=\"6 minutos\" \/>\n<script type=\"application\/ld+json\" class=\"yoast-schema-graph\">{\"@context\":\"https:\\\/\\\/schema.org\",\"@graph\":[{\"@type\":\"Article\",\"@id\":\"https:\\\/\\\/cfpmaresme.org\\\/es\\\/52324\\\/#article\",\"isPartOf\":{\"@id\":\"https:\\\/\\\/cfpmaresme.org\\\/es\\\/52324\\\/\"},\"author\":{\"name\":\"CFPMaresme\",\"@id\":\"https:\\\/\\\/cfpmaresme.org\\\/#\\\/schema\\\/person\\\/b2634bcd796fafc667ea4055f61b9b2c\"},\"headline\":\"\u00abLo que m\u00e1s me ha sorprendido es el contacto constante entre el equipo y las personas atendidas\u00bb\",\"datePublished\":\"2021-12-03T09:35:20+00:00\",\"dateModified\":\"2022-05-23T10:36:30+00:00\",\"mainEntityOfPage\":{\"@id\":\"https:\\\/\\\/cfpmaresme.org\\\/es\\\/52324\\\/\"},\"wordCount\":1186,\"commentCount\":0,\"image\":{\"@id\":\"https:\\\/\\\/cfpmaresme.org\\\/es\\\/52324\\\/#primaryimage\"},\"thumbnailUrl\":\"https:\\\/\\\/cfpmaresme.org\\\/wp-content\\\/uploads\\\/2021\\\/12\\\/banner-en-castell\u00e0.jpg\",\"articleSection\":[\"Entrevistas\"],\"inLanguage\":\"es\"},{\"@type\":\"WebPage\",\"@id\":\"https:\\\/\\\/cfpmaresme.org\\\/es\\\/52324\\\/\",\"url\":\"https:\\\/\\\/cfpmaresme.org\\\/es\\\/52324\\\/\",\"name\":\"\\\"Lo que m\u00e1s me ha sorprendido es el contacto constante entre el equipo y las personas atendidas\\\" | CFP Maresme\",\"isPartOf\":{\"@id\":\"https:\\\/\\\/cfpmaresme.org\\\/#website\"},\"primaryImageOfPage\":{\"@id\":\"https:\\\/\\\/cfpmaresme.org\\\/es\\\/52324\\\/#primaryimage\"},\"image\":{\"@id\":\"https:\\\/\\\/cfpmaresme.org\\\/es\\\/52324\\\/#primaryimage\"},\"thumbnailUrl\":\"https:\\\/\\\/cfpmaresme.org\\\/wp-content\\\/uploads\\\/2021\\\/12\\\/banner-en-castell\u00e0.jpg\",\"datePublished\":\"2021-12-03T09:35:20+00:00\",\"dateModified\":\"2022-05-23T10:36:30+00:00\",\"author\":{\"@id\":\"https:\\\/\\\/cfpmaresme.org\\\/#\\\/schema\\\/person\\\/b2634bcd796fafc667ea4055f61b9b2c\"},\"breadcrumb\":{\"@id\":\"https:\\\/\\\/cfpmaresme.org\\\/es\\\/52324\\\/#breadcrumb\"},\"inLanguage\":\"es\",\"potentialAction\":[{\"@type\":\"ReadAction\",\"target\":[\"https:\\\/\\\/cfpmaresme.org\\\/es\\\/52324\\\/\"]}]},{\"@type\":\"ImageObject\",\"inLanguage\":\"es\",\"@id\":\"https:\\\/\\\/cfpmaresme.org\\\/es\\\/52324\\\/#primaryimage\",\"url\":\"https:\\\/\\\/cfpmaresme.org\\\/wp-content\\\/uploads\\\/2021\\\/12\\\/banner-en-castell\u00e0.jpg\",\"contentUrl\":\"https:\\\/\\\/cfpmaresme.org\\\/wp-content\\\/uploads\\\/2021\\\/12\\\/banner-en-castell\u00e0.jpg\",\"width\":689,\"height\":174},{\"@type\":\"BreadcrumbList\",\"@id\":\"https:\\\/\\\/cfpmaresme.org\\\/es\\\/52324\\\/#breadcrumb\",\"itemListElement\":[{\"@type\":\"ListItem\",\"position\":1,\"name\":\"Home\",\"item\":\"https:\\\/\\\/cfpmaresme.org\\\/es\\\/\"},{\"@type\":\"ListItem\",\"position\":2,\"name\":\"\u00abLo que m\u00e1s me ha sorprendido es el contacto constante entre el equipo y las personas atendidas\u00bb\"}]},{\"@type\":\"WebSite\",\"@id\":\"https:\\\/\\\/cfpmaresme.org\\\/#website\",\"url\":\"https:\\\/\\\/cfpmaresme.org\\\/\",\"name\":\"CFP Maresme\",\"description\":\"Centre Formaci\u00f3 Prevenci\u00f3\",\"potentialAction\":[{\"@type\":\"SearchAction\",\"target\":{\"@type\":\"EntryPoint\",\"urlTemplate\":\"https:\\\/\\\/cfpmaresme.org\\\/?s={search_term_string}\"},\"query-input\":{\"@type\":\"PropertyValueSpecification\",\"valueRequired\":true,\"valueName\":\"search_term_string\"}}],\"inLanguage\":\"es\"},{\"@type\":\"Person\",\"@id\":\"https:\\\/\\\/cfpmaresme.org\\\/#\\\/schema\\\/person\\\/b2634bcd796fafc667ea4055f61b9b2c\",\"name\":\"CFPMaresme\"}]}<\/script>\n<!-- \/ Yoast SEO plugin. -->","yoast_head_json":{"title":"\"Lo que m\u00e1s me ha sorprendido es el contacto constante entre el equipo y las personas atendidas\" | CFP Maresme","robots":{"index":"index","follow":"follow","max-snippet":"max-snippet:-1","max-image-preview":"max-image-preview:large","max-video-preview":"max-video-preview:-1"},"canonical":"https:\/\/cfpmaresme.org\/es\/52324\/","og_locale":"es_ES","og_type":"article","og_title":"\"Lo que m\u00e1s me ha sorprendido es el contacto constante entre el equipo y las personas atendidas\" | CFP Maresme","og_description":"Por Carla Cruells, responsable de Comunicaci\u00f3n del CFP &nbsp; Perfil: Cl\u00e0udia es Integradora Social y est\u00e1 haciendo pr\u00e1cticas en distintos servicios del CFP. Concretamente, en el de Intermediaci\u00f3n Laboral, en el SRC y en el programa art\u00edstico Alterarte. De deporte, sabe un rato&#8230;es nadadora de...","og_url":"https:\/\/cfpmaresme.org\/es\/52324\/","og_site_name":"CFP Maresme","article_published_time":"2021-12-03T09:35:20+00:00","article_modified_time":"2022-05-23T10:36:30+00:00","og_image":[{"width":689,"height":174,"url":"https:\/\/cfpmaresme.org\/wp-content\/uploads\/2021\/12\/banner-en-castell\u00e0.jpg","type":"image\/jpeg"}],"author":"CFPMaresme","twitter_card":"summary_large_image","twitter_creator":"@cfpmaresme","twitter_site":"@cfpmaresme","twitter_misc":{"Escrito por":"CFPMaresme","Tiempo de lectura":"6 minutos"},"schema":{"@context":"https:\/\/schema.org","@graph":[{"@type":"Article","@id":"https:\/\/cfpmaresme.org\/es\/52324\/#article","isPartOf":{"@id":"https:\/\/cfpmaresme.org\/es\/52324\/"},"author":{"name":"CFPMaresme","@id":"https:\/\/cfpmaresme.org\/#\/schema\/person\/b2634bcd796fafc667ea4055f61b9b2c"},"headline":"\u00abLo que m\u00e1s me ha sorprendido es el contacto constante entre el equipo y las personas atendidas\u00bb","datePublished":"2021-12-03T09:35:20+00:00","dateModified":"2022-05-23T10:36:30+00:00","mainEntityOfPage":{"@id":"https:\/\/cfpmaresme.org\/es\/52324\/"},"wordCount":1186,"commentCount":0,"image":{"@id":"https:\/\/cfpmaresme.org\/es\/52324\/#primaryimage"},"thumbnailUrl":"https:\/\/cfpmaresme.org\/wp-content\/uploads\/2021\/12\/banner-en-castell\u00e0.jpg","articleSection":["Entrevistas"],"inLanguage":"es"},{"@type":"WebPage","@id":"https:\/\/cfpmaresme.org\/es\/52324\/","url":"https:\/\/cfpmaresme.org\/es\/52324\/","name":"\"Lo que m\u00e1s me ha sorprendido es el contacto constante entre el equipo y las personas atendidas\" | CFP Maresme","isPartOf":{"@id":"https:\/\/cfpmaresme.org\/#website"},"primaryImageOfPage":{"@id":"https:\/\/cfpmaresme.org\/es\/52324\/#primaryimage"},"image":{"@id":"https:\/\/cfpmaresme.org\/es\/52324\/#primaryimage"},"thumbnailUrl":"https:\/\/cfpmaresme.org\/wp-content\/uploads\/2021\/12\/banner-en-castell\u00e0.jpg","datePublished":"2021-12-03T09:35:20+00:00","dateModified":"2022-05-23T10:36:30+00:00","author":{"@id":"https:\/\/cfpmaresme.org\/#\/schema\/person\/b2634bcd796fafc667ea4055f61b9b2c"},"breadcrumb":{"@id":"https:\/\/cfpmaresme.org\/es\/52324\/#breadcrumb"},"inLanguage":"es","potentialAction":[{"@type":"ReadAction","target":["https:\/\/cfpmaresme.org\/es\/52324\/"]}]},{"@type":"ImageObject","inLanguage":"es","@id":"https:\/\/cfpmaresme.org\/es\/52324\/#primaryimage","url":"https:\/\/cfpmaresme.org\/wp-content\/uploads\/2021\/12\/banner-en-castell\u00e0.jpg","contentUrl":"https:\/\/cfpmaresme.org\/wp-content\/uploads\/2021\/12\/banner-en-castell\u00e0.jpg","width":689,"height":174},{"@type":"BreadcrumbList","@id":"https:\/\/cfpmaresme.org\/es\/52324\/#breadcrumb","itemListElement":[{"@type":"ListItem","position":1,"name":"Home","item":"https:\/\/cfpmaresme.org\/es\/"},{"@type":"ListItem","position":2,"name":"\u00abLo que m\u00e1s me ha sorprendido es el contacto constante entre el equipo y las personas atendidas\u00bb"}]},{"@type":"WebSite","@id":"https:\/\/cfpmaresme.org\/#website","url":"https:\/\/cfpmaresme.org\/","name":"CFP Maresme","description":"Centre Formaci\u00f3 Prevenci\u00f3","potentialAction":[{"@type":"SearchAction","target":{"@type":"EntryPoint","urlTemplate":"https:\/\/cfpmaresme.org\/?s={search_term_string}"},"query-input":{"@type":"PropertyValueSpecification","valueRequired":true,"valueName":"search_term_string"}}],"inLanguage":"es"},{"@type":"Person","@id":"https:\/\/cfpmaresme.org\/#\/schema\/person\/b2634bcd796fafc667ea4055f61b9b2c","name":"CFPMaresme"}]}},"_links":{"self":[{"href":"https:\/\/cfpmaresme.org\/es\/wp-json\/wp\/v2\/posts\/52324","targetHints":{"allow":["GET"]}}],"collection":[{"href":"https:\/\/cfpmaresme.org\/es\/wp-json\/wp\/v2\/posts"}],"about":[{"href":"https:\/\/cfpmaresme.org\/es\/wp-json\/wp\/v2\/types\/post"}],"author":[{"embeddable":true,"href":"https:\/\/cfpmaresme.org\/es\/wp-json\/wp\/v2\/users\/2"}],"replies":[{"embeddable":true,"href":"https:\/\/cfpmaresme.org\/es\/wp-json\/wp\/v2\/comments?post=52324"}],"version-history":[{"count":12,"href":"https:\/\/cfpmaresme.org\/es\/wp-json\/wp\/v2\/posts\/52324\/revisions"}],"predecessor-version":[{"id":52355,"href":"https:\/\/cfpmaresme.org\/es\/wp-json\/wp\/v2\/posts\/52324\/revisions\/52355"}],"wp:featuredmedia":[{"embeddable":true,"href":"https:\/\/cfpmaresme.org\/es\/wp-json\/wp\/v2\/media\/52325"}],"wp:attachment":[{"href":"https:\/\/cfpmaresme.org\/es\/wp-json\/wp\/v2\/media?parent=52324"}],"wp:term":[{"taxonomy":"category","embeddable":true,"href":"https:\/\/cfpmaresme.org\/es\/wp-json\/wp\/v2\/categories?post=52324"},{"taxonomy":"post_tag","embeddable":true,"href":"https:\/\/cfpmaresme.org\/es\/wp-json\/wp\/v2\/tags?post=52324"}],"curies":[{"name":"wp","href":"https:\/\/api.w.org\/{rel}","templated":true}]}}