{"id":52976,"date":"2021-12-17T15:44:08","date_gmt":"2021-12-17T13:44:08","guid":{"rendered":"https:\/\/www.cfpmaresme.org\/?p=52976"},"modified":"2021-12-20T16:05:26","modified_gmt":"2021-12-20T14:05:26","slug":"participamos-a-la-marato-este-ano-dedicada-a-la-salud-mental","status":"publish","type":"post","link":"https:\/\/cfpmaresme.org\/es\/participamos-a-la-marato-este-ano-dedicada-a-la-salud-mental\/","title":{"rendered":"Participamos a La Marat\u00f3, este a\u00f1o dedicada a la salud mental"},"content":{"rendered":"<p>Este domingo se celebra <a href=\"https:\/\/www.ccma.cat\/tv3\/marato\/\" target=\"_blank\" rel=\"noopener noreferrer\">La Marat\u00f3 de TV3<\/a>. El evento solidario por excelencia catal\u00e1n. Cada a\u00f1o participamos, pero, este a\u00f1o, con la ilusi\u00f3n a\u00f1adida de que est\u00e1 dedicada a recoger beneficios para ayudar a visibilizar y mejorar <strong>una de las realidades por las que trabajamos<\/strong> d\u00eda tras d\u00eda: <strong>la salud mental.<\/strong><\/p>\n<p>La necesidad de cuidar la salud mental est\u00e1 muy en boga desde la irrupci\u00f3n de la pandemia y creemos que es un magn\u00edfico momento para darle voz, mostrar que existe y que es posible tener una buena calidad de vida conviviendo con una problem\u00e1tica de salud mental.<\/p>\n<p>Des del CFP participaremos haciendo una paradita en Gran V\u00eda de Llu\u00eds Companys en Premi\u00e0 de Mar y una charla sobre salud mental de la mano de Laura G\u00f3mez, jefa del Servicio de Rehabilitaci\u00f3n Comunitaria Burriac.<\/p>\n<p>&nbsp;<\/p>\n<h3>Venta de artesan\u00eda, pasteles y talleres infantiles de manualidades <img loading=\"lazy\" decoding=\"async\" class=\"size-medium wp-image-52393 alignright\" src=\"https:\/\/www.cfpmaresme.org\/wp-content\/uploads\/2021\/12\/fira-premi\u00e0-217x300.jpg\" alt=\"\" width=\"217\" height=\"300\" srcset=\"https:\/\/cfpmaresme.org\/wp-content\/uploads\/2021\/12\/fira-premi\u00e0-217x300.jpg 217w, https:\/\/cfpmaresme.org\/wp-content\/uploads\/2021\/12\/fira-premi\u00e0.jpg 641w\" sizes=\"auto, (max-width: 217px) 100vw, 217px\" \/><\/h3>\n<p>Varias entidades de Premi\u00e0 de Mar, entre ellas el <a href=\"\/?page_id=16510\" target=\"_blank\" rel=\"noopener noreferrer\">SRC Burriac<\/a>,\u00a0 con la colaboraci\u00f3n del Ayuntamiento de la ciudad, organizan una feria artesana en beneficio de La Marat\u00f3.<\/p>\n<p>Este domingo se har\u00e1 de 11.00 a 14.00hs en Gran V\u00eda de Llu\u00eds Companys (delante de Plaza de los Pa\u00edses Catalanes). El SRC Burriac estar\u00e1 presente poniendo a la venta manualidades hechas por artistas del servicio de rehabilitaci\u00f3n comunitaria y de Alterarte, el programa art\u00edstico de la entidad, cuadros de artistas de este mismo programa expuestos en <a href=\"https:\/\/santlluc.org\/col-lectiva-sant-lluc\/\" target=\"_blank\" rel=\"noopener noreferrer\">La Col\u00b7lectiva de Sant Lluc<\/a>\u00a0 y pasteles. As\u00ed mismo, se har\u00e1 una actividad de manualidades para infantes, dinamizada por personas atendidas y profesionales del SRC.<\/p>\n<p>&nbsp;<\/p>\n<h3>Charla sobre salud mental de la mano de Laura G\u00f3mez, jefa del SRC Burriac<\/h3>\n<p><img loading=\"lazy\" decoding=\"async\" class=\"alignleft wp-image-52396\" src=\"https:\/\/www.cfpmaresme.org\/wp-content\/uploads\/2021\/12\/AE-Monra-215x300.jpg\" alt=\"\" width=\"200\" height=\"279\" srcset=\"https:\/\/cfpmaresme.org\/wp-content\/uploads\/2021\/12\/AE-Monra-215x300.jpg 215w, https:\/\/cfpmaresme.org\/wp-content\/uploads\/2021\/12\/AE-Monra.jpg 527w\" sizes=\"auto, (max-width: 200px) 100vw, 200px\" \/><\/p>\n<p>Laura G\u00f3mez, psic\u00f3loga sanitaria y jefa del SRC Burriac, hablar\u00e1 de salud mental en el acto que ha preparado la Agrupaci\u00f3n escolta Amon- Ra de Premi\u00e0 de Mar. Un evento que contar\u00e1 con galletas, chocolatada y varias actividades. Tendr\u00e1 lugar el s\u00e1bado de 17.00 a 20.00 en la Plaza Nova de Premi\u00e0 de Mar. Laura intervendr\u00e1 a la 18.00 de la tarde. Explicar\u00e1 c\u00f3mo trabajamos desde el SRC Burriac y, tambi\u00e9n, de salud mental y de c\u00f3moha afectado la situaci\u00f3n sanitaria que estamos viviendo a muchas personas. Adem\u00e1s, responder\u00e1 a todas las dudas que planteen los asistentes.<\/p>\n<p>El 50% de los beneficios de este encuentro estar\u00e1n destinados a La Marat\u00f3.<\/p>\n<p>&nbsp;<\/p>\n<p>&nbsp;<\/p>\n<p>&nbsp;<\/p>\n<p>&nbsp;<\/p>\n<p>Estas ser\u00e1n las dos aportaciones que haremos desde el CFP entorno de La Marat\u00f3. Deseamos que esta edici\u00f3n sea todo un \u00e9xito y que <strong>la salud mental contin\u00fae haci\u00e9ndose visible<\/strong> desde la vertiente de que<strong> se puede tener una vida de calidad conviviendo con<\/strong> una problem\u00e1tica de<strong> salud mental.<\/strong><\/p>\n<p>&nbsp;<\/p>\n","protected":false},"excerpt":{"rendered":"<p>Este domingo se celebra La Marat\u00f3 de TV3. El evento solidario por excelencia catal\u00e1n. Cada a\u00f1o participamos, pero, este a\u00f1o, con la ilusi\u00f3n a\u00f1adida de que est\u00e1 dedicada a recoger beneficios para ayudar a visibilizar y mejorar una de las realidades por las que trabajamos&#8230;<\/p>\n","protected":false},"author":2,"featured_media":52401,"comment_status":"open","ping_status":"open","sticky":false,"template":"","format":"standard","meta":{"footnotes":""},"categories":[1187],"tags":[],"class_list":["post-52976","post","type-post","status-publish","format-standard","has-post-thumbnail","hentry","category-cfp-maresme-es"],"yoast_head":"<!-- This site is optimized with the Yoast SEO plugin v27.4 - https:\/\/yoast.com\/product\/yoast-seo-wordpress\/ -->\n<title>Participamos a La Marat\u00f3, este a\u00f1o dedicada a la salud mental | CFP Maresme<\/title>\n<meta name=\"robots\" content=\"index, follow, max-snippet:-1, max-image-preview:large, max-video-preview:-1\" \/>\n<link rel=\"canonical\" href=\"https:\/\/cfpmaresme.org\/es\/participamos-a-la-marato-este-ano-dedicada-a-la-salud-mental\/\" \/>\n<meta property=\"og:locale\" content=\"es_ES\" \/>\n<meta property=\"og:type\" content=\"article\" \/>\n<meta property=\"og:title\" content=\"Participamos a La Marat\u00f3, este a\u00f1o dedicada a la salud mental | CFP Maresme\" \/>\n<meta property=\"og:description\" content=\"Este domingo se celebra La Marat\u00f3 de TV3. El evento solidario por excelencia catal\u00e1n. Cada a\u00f1o participamos, pero, este a\u00f1o, con la ilusi\u00f3n a\u00f1adida de que est\u00e1 dedicada a recoger beneficios para ayudar a visibilizar y mejorar una de las realidades por las que trabajamos...\" \/>\n<meta property=\"og:url\" content=\"https:\/\/cfpmaresme.org\/es\/participamos-a-la-marato-este-ano-dedicada-a-la-salud-mental\/\" \/>\n<meta property=\"og:site_name\" content=\"CFP Maresme\" \/>\n<meta property=\"article:published_time\" content=\"2021-12-17T13:44:08+00:00\" \/>\n<meta property=\"article:modified_time\" content=\"2021-12-20T14:05:26+00:00\" \/>\n<meta property=\"og:image\" content=\"https:\/\/cfpmaresme.org\/wp-content\/uploads\/2021\/12\/banner-La-Marat\u00f3.jpg\" \/>\n\t<meta property=\"og:image:width\" content=\"888\" \/>\n\t<meta property=\"og:image:height\" content=\"502\" \/>\n\t<meta property=\"og:image:type\" content=\"image\/jpeg\" \/>\n<meta name=\"author\" content=\"CFPMaresme\" \/>\n<meta name=\"twitter:card\" content=\"summary_large_image\" \/>\n<meta name=\"twitter:creator\" content=\"@cfpmaresme\" \/>\n<meta name=\"twitter:site\" content=\"@cfpmaresme\" \/>\n<meta name=\"twitter:label1\" content=\"Escrito por\" \/>\n\t<meta name=\"twitter:data1\" content=\"CFPMaresme\" \/>\n\t<meta name=\"twitter:label2\" content=\"Tiempo de lectura\" \/>\n\t<meta name=\"twitter:data2\" content=\"2 minutos\" \/>\n<script type=\"application\/ld+json\" class=\"yoast-schema-graph\">{\"@context\":\"https:\\\/\\\/schema.org\",\"@graph\":[{\"@type\":\"Article\",\"@id\":\"https:\\\/\\\/cfpmaresme.org\\\/es\\\/participamos-a-la-marato-este-ano-dedicada-a-la-salud-mental\\\/#article\",\"isPartOf\":{\"@id\":\"https:\\\/\\\/cfpmaresme.org\\\/es\\\/participamos-a-la-marato-este-ano-dedicada-a-la-salud-mental\\\/\"},\"author\":{\"name\":\"CFPMaresme\",\"@id\":\"https:\\\/\\\/cfpmaresme.org\\\/#\\\/schema\\\/person\\\/b2634bcd796fafc667ea4055f61b9b2c\"},\"headline\":\"Participamos a La Marat\u00f3, este a\u00f1o dedicada a la salud mental\",\"datePublished\":\"2021-12-17T13:44:08+00:00\",\"dateModified\":\"2021-12-20T14:05:26+00:00\",\"mainEntityOfPage\":{\"@id\":\"https:\\\/\\\/cfpmaresme.org\\\/es\\\/participamos-a-la-marato-este-ano-dedicada-a-la-salud-mental\\\/\"},\"wordCount\":478,\"commentCount\":0,\"image\":{\"@id\":\"https:\\\/\\\/cfpmaresme.org\\\/es\\\/participamos-a-la-marato-este-ano-dedicada-a-la-salud-mental\\\/#primaryimage\"},\"thumbnailUrl\":\"https:\\\/\\\/cfpmaresme.org\\\/wp-content\\\/uploads\\\/2021\\\/12\\\/banner-La-Marat\u00f3.jpg\",\"articleSection\":[\"CFP Maresme\"],\"inLanguage\":\"es\"},{\"@type\":\"WebPage\",\"@id\":\"https:\\\/\\\/cfpmaresme.org\\\/es\\\/participamos-a-la-marato-este-ano-dedicada-a-la-salud-mental\\\/\",\"url\":\"https:\\\/\\\/cfpmaresme.org\\\/es\\\/participamos-a-la-marato-este-ano-dedicada-a-la-salud-mental\\\/\",\"name\":\"Participamos a La Marat\u00f3, este a\u00f1o dedicada a la salud mental | CFP Maresme\",\"isPartOf\":{\"@id\":\"https:\\\/\\\/cfpmaresme.org\\\/#website\"},\"primaryImageOfPage\":{\"@id\":\"https:\\\/\\\/cfpmaresme.org\\\/es\\\/participamos-a-la-marato-este-ano-dedicada-a-la-salud-mental\\\/#primaryimage\"},\"image\":{\"@id\":\"https:\\\/\\\/cfpmaresme.org\\\/es\\\/participamos-a-la-marato-este-ano-dedicada-a-la-salud-mental\\\/#primaryimage\"},\"thumbnailUrl\":\"https:\\\/\\\/cfpmaresme.org\\\/wp-content\\\/uploads\\\/2021\\\/12\\\/banner-La-Marat\u00f3.jpg\",\"datePublished\":\"2021-12-17T13:44:08+00:00\",\"dateModified\":\"2021-12-20T14:05:26+00:00\",\"author\":{\"@id\":\"https:\\\/\\\/cfpmaresme.org\\\/#\\\/schema\\\/person\\\/b2634bcd796fafc667ea4055f61b9b2c\"},\"breadcrumb\":{\"@id\":\"https:\\\/\\\/cfpmaresme.org\\\/es\\\/participamos-a-la-marato-este-ano-dedicada-a-la-salud-mental\\\/#breadcrumb\"},\"inLanguage\":\"es\",\"potentialAction\":[{\"@type\":\"ReadAction\",\"target\":[\"https:\\\/\\\/cfpmaresme.org\\\/es\\\/participamos-a-la-marato-este-ano-dedicada-a-la-salud-mental\\\/\"]}]},{\"@type\":\"ImageObject\",\"inLanguage\":\"es\",\"@id\":\"https:\\\/\\\/cfpmaresme.org\\\/es\\\/participamos-a-la-marato-este-ano-dedicada-a-la-salud-mental\\\/#primaryimage\",\"url\":\"https:\\\/\\\/cfpmaresme.org\\\/wp-content\\\/uploads\\\/2021\\\/12\\\/banner-La-Marat\u00f3.jpg\",\"contentUrl\":\"https:\\\/\\\/cfpmaresme.org\\\/wp-content\\\/uploads\\\/2021\\\/12\\\/banner-La-Marat\u00f3.jpg\",\"width\":888,\"height\":502},{\"@type\":\"BreadcrumbList\",\"@id\":\"https:\\\/\\\/cfpmaresme.org\\\/es\\\/participamos-a-la-marato-este-ano-dedicada-a-la-salud-mental\\\/#breadcrumb\",\"itemListElement\":[{\"@type\":\"ListItem\",\"position\":1,\"name\":\"Home\",\"item\":\"https:\\\/\\\/cfpmaresme.org\\\/es\\\/\"},{\"@type\":\"ListItem\",\"position\":2,\"name\":\"Participamos a La Marat\u00f3, este a\u00f1o dedicada a la salud mental\"}]},{\"@type\":\"WebSite\",\"@id\":\"https:\\\/\\\/cfpmaresme.org\\\/#website\",\"url\":\"https:\\\/\\\/cfpmaresme.org\\\/\",\"name\":\"CFP Maresme\",\"description\":\"Centre Formaci\u00f3 Prevenci\u00f3\",\"potentialAction\":[{\"@type\":\"SearchAction\",\"target\":{\"@type\":\"EntryPoint\",\"urlTemplate\":\"https:\\\/\\\/cfpmaresme.org\\\/?s={search_term_string}\"},\"query-input\":{\"@type\":\"PropertyValueSpecification\",\"valueRequired\":true,\"valueName\":\"search_term_string\"}}],\"inLanguage\":\"es\"},{\"@type\":\"Person\",\"@id\":\"https:\\\/\\\/cfpmaresme.org\\\/#\\\/schema\\\/person\\\/b2634bcd796fafc667ea4055f61b9b2c\",\"name\":\"CFPMaresme\"}]}<\/script>\n<!-- \/ Yoast SEO plugin. -->","yoast_head_json":{"title":"Participamos a La Marat\u00f3, este a\u00f1o dedicada a la salud mental | CFP Maresme","robots":{"index":"index","follow":"follow","max-snippet":"max-snippet:-1","max-image-preview":"max-image-preview:large","max-video-preview":"max-video-preview:-1"},"canonical":"https:\/\/cfpmaresme.org\/es\/participamos-a-la-marato-este-ano-dedicada-a-la-salud-mental\/","og_locale":"es_ES","og_type":"article","og_title":"Participamos a La Marat\u00f3, este a\u00f1o dedicada a la salud mental | CFP Maresme","og_description":"Este domingo se celebra La Marat\u00f3 de TV3. El evento solidario por excelencia catal\u00e1n. Cada a\u00f1o participamos, pero, este a\u00f1o, con la ilusi\u00f3n a\u00f1adida de que est\u00e1 dedicada a recoger beneficios para ayudar a visibilizar y mejorar una de las realidades por las que trabajamos...","og_url":"https:\/\/cfpmaresme.org\/es\/participamos-a-la-marato-este-ano-dedicada-a-la-salud-mental\/","og_site_name":"CFP Maresme","article_published_time":"2021-12-17T13:44:08+00:00","article_modified_time":"2021-12-20T14:05:26+00:00","og_image":[{"width":888,"height":502,"url":"https:\/\/cfpmaresme.org\/wp-content\/uploads\/2021\/12\/banner-La-Marat\u00f3.jpg","type":"image\/jpeg"}],"author":"CFPMaresme","twitter_card":"summary_large_image","twitter_creator":"@cfpmaresme","twitter_site":"@cfpmaresme","twitter_misc":{"Escrito por":"CFPMaresme","Tiempo de lectura":"2 minutos"},"schema":{"@context":"https:\/\/schema.org","@graph":[{"@type":"Article","@id":"https:\/\/cfpmaresme.org\/es\/participamos-a-la-marato-este-ano-dedicada-a-la-salud-mental\/#article","isPartOf":{"@id":"https:\/\/cfpmaresme.org\/es\/participamos-a-la-marato-este-ano-dedicada-a-la-salud-mental\/"},"author":{"name":"CFPMaresme","@id":"https:\/\/cfpmaresme.org\/#\/schema\/person\/b2634bcd796fafc667ea4055f61b9b2c"},"headline":"Participamos a La Marat\u00f3, este a\u00f1o dedicada a la salud mental","datePublished":"2021-12-17T13:44:08+00:00","dateModified":"2021-12-20T14:05:26+00:00","mainEntityOfPage":{"@id":"https:\/\/cfpmaresme.org\/es\/participamos-a-la-marato-este-ano-dedicada-a-la-salud-mental\/"},"wordCount":478,"commentCount":0,"image":{"@id":"https:\/\/cfpmaresme.org\/es\/participamos-a-la-marato-este-ano-dedicada-a-la-salud-mental\/#primaryimage"},"thumbnailUrl":"https:\/\/cfpmaresme.org\/wp-content\/uploads\/2021\/12\/banner-La-Marat\u00f3.jpg","articleSection":["CFP Maresme"],"inLanguage":"es"},{"@type":"WebPage","@id":"https:\/\/cfpmaresme.org\/es\/participamos-a-la-marato-este-ano-dedicada-a-la-salud-mental\/","url":"https:\/\/cfpmaresme.org\/es\/participamos-a-la-marato-este-ano-dedicada-a-la-salud-mental\/","name":"Participamos a La Marat\u00f3, este a\u00f1o dedicada a la salud mental | CFP Maresme","isPartOf":{"@id":"https:\/\/cfpmaresme.org\/#website"},"primaryImageOfPage":{"@id":"https:\/\/cfpmaresme.org\/es\/participamos-a-la-marato-este-ano-dedicada-a-la-salud-mental\/#primaryimage"},"image":{"@id":"https:\/\/cfpmaresme.org\/es\/participamos-a-la-marato-este-ano-dedicada-a-la-salud-mental\/#primaryimage"},"thumbnailUrl":"https:\/\/cfpmaresme.org\/wp-content\/uploads\/2021\/12\/banner-La-Marat\u00f3.jpg","datePublished":"2021-12-17T13:44:08+00:00","dateModified":"2021-12-20T14:05:26+00:00","author":{"@id":"https:\/\/cfpmaresme.org\/#\/schema\/person\/b2634bcd796fafc667ea4055f61b9b2c"},"breadcrumb":{"@id":"https:\/\/cfpmaresme.org\/es\/participamos-a-la-marato-este-ano-dedicada-a-la-salud-mental\/#breadcrumb"},"inLanguage":"es","potentialAction":[{"@type":"ReadAction","target":["https:\/\/cfpmaresme.org\/es\/participamos-a-la-marato-este-ano-dedicada-a-la-salud-mental\/"]}]},{"@type":"ImageObject","inLanguage":"es","@id":"https:\/\/cfpmaresme.org\/es\/participamos-a-la-marato-este-ano-dedicada-a-la-salud-mental\/#primaryimage","url":"https:\/\/cfpmaresme.org\/wp-content\/uploads\/2021\/12\/banner-La-Marat\u00f3.jpg","contentUrl":"https:\/\/cfpmaresme.org\/wp-content\/uploads\/2021\/12\/banner-La-Marat\u00f3.jpg","width":888,"height":502},{"@type":"BreadcrumbList","@id":"https:\/\/cfpmaresme.org\/es\/participamos-a-la-marato-este-ano-dedicada-a-la-salud-mental\/#breadcrumb","itemListElement":[{"@type":"ListItem","position":1,"name":"Home","item":"https:\/\/cfpmaresme.org\/es\/"},{"@type":"ListItem","position":2,"name":"Participamos a La Marat\u00f3, este a\u00f1o dedicada a la salud mental"}]},{"@type":"WebSite","@id":"https:\/\/cfpmaresme.org\/#website","url":"https:\/\/cfpmaresme.org\/","name":"CFP Maresme","description":"Centre Formaci\u00f3 Prevenci\u00f3","potentialAction":[{"@type":"SearchAction","target":{"@type":"EntryPoint","urlTemplate":"https:\/\/cfpmaresme.org\/?s={search_term_string}"},"query-input":{"@type":"PropertyValueSpecification","valueRequired":true,"valueName":"search_term_string"}}],"inLanguage":"es"},{"@type":"Person","@id":"https:\/\/cfpmaresme.org\/#\/schema\/person\/b2634bcd796fafc667ea4055f61b9b2c","name":"CFPMaresme"}]}},"_links":{"self":[{"href":"https:\/\/cfpmaresme.org\/es\/wp-json\/wp\/v2\/posts\/52976","targetHints":{"allow":["GET"]}}],"collection":[{"href":"https:\/\/cfpmaresme.org\/es\/wp-json\/wp\/v2\/posts"}],"about":[{"href":"https:\/\/cfpmaresme.org\/es\/wp-json\/wp\/v2\/types\/post"}],"author":[{"embeddable":true,"href":"https:\/\/cfpmaresme.org\/es\/wp-json\/wp\/v2\/users\/2"}],"replies":[{"embeddable":true,"href":"https:\/\/cfpmaresme.org\/es\/wp-json\/wp\/v2\/comments?post=52976"}],"version-history":[{"count":4,"href":"https:\/\/cfpmaresme.org\/es\/wp-json\/wp\/v2\/posts\/52976\/revisions"}],"predecessor-version":[{"id":52980,"href":"https:\/\/cfpmaresme.org\/es\/wp-json\/wp\/v2\/posts\/52976\/revisions\/52980"}],"wp:featuredmedia":[{"embeddable":true,"href":"https:\/\/cfpmaresme.org\/es\/wp-json\/wp\/v2\/media\/52401"}],"wp:attachment":[{"href":"https:\/\/cfpmaresme.org\/es\/wp-json\/wp\/v2\/media?parent=52976"}],"wp:term":[{"taxonomy":"category","embeddable":true,"href":"https:\/\/cfpmaresme.org\/es\/wp-json\/wp\/v2\/categories?post=52976"},{"taxonomy":"post_tag","embeddable":true,"href":"https:\/\/cfpmaresme.org\/es\/wp-json\/wp\/v2\/tags?post=52976"}],"curies":[{"name":"wp","href":"https:\/\/api.w.org\/{rel}","templated":true}]}}