{"id":53086,"date":"2021-12-30T12:05:51","date_gmt":"2021-12-30T10:05:51","guid":{"rendered":"https:\/\/www.cfpmaresme.org\/?p=53086"},"modified":"2022-05-23T12:34:27","modified_gmt":"2022-05-23T10:34:27","slug":"jose-luis-y-francisco-javier-alumnos-del-programa-formativo-en-servicios-de-limpieza-un-recorrido-distinto-y-un-objetivo-comun-la-insercion-laboral","status":"publish","type":"post","link":"https:\/\/cfpmaresme.org\/es\/jose-luis-y-francisco-javier-alumnos-del-programa-formativo-en-servicios-de-limpieza-un-recorrido-distinto-y-un-objetivo-comun-la-insercion-laboral\/","title":{"rendered":"Jos\u00e9 Luis y Francisco Javier, alumnos del programa formativo en Servicios de Limpieza. Un recorrido distinto y un objetivo com\u00fan: la inserci\u00f3n laboral"},"content":{"rendered":"<h4>CONOCEDLOS<\/h4>\n<div id=\"attachment_53039\" style=\"width: 210px\" class=\"wp-caption alignright\"><img loading=\"lazy\" decoding=\"async\" aria-describedby=\"caption-attachment-53039\" class=\"wp-image-53039\" src=\"https:\/\/www.cfpmaresme.org\/wp-content\/uploads\/2021\/12\/retallada-1-263x300.jpg\" alt=\"Jos\u00e9 Luis\" width=\"200\" height=\"228\" srcset=\"https:\/\/cfpmaresme.org\/wp-content\/uploads\/2021\/12\/retallada-1-263x300.jpg 263w, https:\/\/cfpmaresme.org\/wp-content\/uploads\/2021\/12\/retallada-1.jpg 633w\" sizes=\"auto, (max-width: 200px) 100vw, 200px\" \/><p id=\"caption-attachment-53039\" class=\"wp-caption-text\">Jos\u00e9 Luis<\/p><\/div>\n<p>Jos\u00e9 Luis y Francisco Javier han cursado la formaci\u00f3n de <a href=\"\/?page_id=16550\" target=\"_blank\" rel=\"noopener noreferrer\">Auxiliar en Servicios de Limpieza<\/a>, subvencionada por <strong>Fundaci\u00f3n Iluro<\/strong> y <strong>Bankia<\/strong> para la realizaci\u00f3n de Proyectos de Acci\u00f3n Social 2021.<\/p>\n<p>Actualmente tienen un hito en com\u00fan: conseguir la inserci\u00f3n laboral. Su recorrido profesional y situaci\u00f3n son distintos. Hace m\u00e1s de 10 a\u00f1os que Jos\u00e9 Luis trabaj\u00f3 por \u00faltima vez, haciendo limpieza en la v\u00eda p\u00fablica. Antes de esto, fue bordador durante m\u00e1s de dos d\u00e9cadas. Francisco Javier, por su lado, ha trabajado como conductor y auxiliar de mantenimiento.<\/p>\n<p>Ambos han realizado distintas formaciones a fin de adquirir competencias y poder conseguir la inserci\u00f3n laboral y, en esta \u00faltima, coinciden con el hito de mejorar sus habilidades en un sector tan demandado como es la limpieza.<\/p>\n<p>&nbsp;<\/p>\n<h3>Vivir durante un per\u00edodo largo sin estabilidad laboral<\/h3>\n<h4>Ambos hab\u00e9is vivido un largo recorrido en b\u00fasqueda activa de nuevas oportunidades, siendo personas adultas. \u00bfQu\u00e9 es lo m\u00e1s positivo de lo que hab\u00e9is aprendido y lo que m\u00e1s os ha costado?<\/h4>\n<div id=\"attachment_53042\" style=\"width: 210px\" class=\"wp-caption alignleft\"><img loading=\"lazy\" decoding=\"async\" aria-describedby=\"caption-attachment-53042\" class=\"wp-image-53042\" src=\"https:\/\/www.cfpmaresme.org\/wp-content\/uploads\/2021\/12\/retallada-2-270x300.jpg\" alt=\"Francisco Javier\" width=\"200\" height=\"223\" srcset=\"https:\/\/cfpmaresme.org\/wp-content\/uploads\/2021\/12\/retallada-2-270x300.jpg 270w, https:\/\/cfpmaresme.org\/wp-content\/uploads\/2021\/12\/retallada-2.jpg 647w\" sizes=\"auto, (max-width: 200px) 100vw, 200px\" \/><p id=\"caption-attachment-53042\" class=\"wp-caption-text\">Francisco Javier<\/p><\/div>\n<p><strong>Francisco Javier: <\/strong>He aprendido muchas cosas, sobretodo de los compa\u00f1eros que est\u00e1n en una situaci\u00f3n similar a la m\u00eda. Lo m\u00e1s complicado ha sido mi estado an\u00edmico que, por una serie de problemas, concentrarme en clase y seguir a la profesora ha sido dif\u00edcil. Por suerte, la profesora ha sido muy positiva y comprensiva en todo momento.<\/p>\n<p><strong>Jos\u00e9 Luis:\u00a0 <\/strong>Yo hace 10 a\u00f1os que no trabajo pero solo un a\u00f1o que busco empleo. Volv\u00ed a conectar con el Servicio de Ocupaci\u00f3n de Matar\u00f3 y, desde entonces, voy haciendo talleres de b\u00fasqueda de empleo y cursos. Para m\u00ed lo m\u00e1s positivo en este proceso es el CFP. He estado en otros lugares de inserci\u00f3n laboral y aqu\u00ed me han ayudado bastante m\u00e1s, ha estado para m\u00ed y me han tratado mejor. Las personas son m\u00e1s comprensivas. Lo m\u00e1s complicado es que el mercado est\u00e1 muy saturado y ya casi no hay empresas grandes. Esto hace m\u00e1s dif\u00edcil la b\u00fasqueda de empleo porque hay m\u00e1s sitios donde ir a buscar. Adem\u00e1s, en la empresa peque\u00f1a es m\u00e1s dif\u00edcil que cojan a alguien desconocido y, a parte, ahora a menudo los trabajos ya\u00a0 no son para siempre y el p\u00fablico cada vez quiere una cosa mejor y m\u00e1s barata y claro&#8230;\u00bfQui\u00e9n puede hacer esto?<\/p>\n<h4><\/h4>\n<h4><\/h4>\n<h4>\u00bfQu\u00e9 recursos hab\u00e9is utilizado para buscar empleo? (portales online, hacer llegar curr\u00edculums en mano&#8230;)<\/h4>\n<p><strong>Jos\u00e9 Luis: <\/strong>Yo sobre todo Internet, he hecho muchas solicitudes por las webs y normalmente me han respondido pero siempre me han descartado. Tambi\u00e9n he ido a sitios que me han aconsejado desde Servicios Sociales y he tirado de contactos personales. Por ejemplo, hace poco fui a ver a un amigo que lleva un terreno de agricultura ecol\u00f3gica y me dijo que me tendr\u00eda en cuenta. Tambi\u00e9n he llevado curr\u00edculums en mano. Un poco de todo.<\/p>\n<p><strong>Francisco Javier: <\/strong>Yo he asistido a talleres de b\u00fasqueda de trabajo espec\u00edficos, de 8 sesiones. Son talleres especializados en buscar trabajo digitalmente.<\/p>\n<h4>\u00bfOs han respondido de alguna?<\/h4>\n<p><strong>Francisco Javier: <\/strong>No. Yo estoy pendiente de un sitio en el que hice pr\u00e1cticas y me propusieron cogerme para trabajar, pero quer\u00edan saber las subvenciones estatales y las est\u00e1n mirando a ver si encaja. Era de grabador de datos.<\/p>\n<p><strong>Jos\u00e9 Luis: <\/strong>A m\u00ed me han respondido pero para descartarme.<\/p>\n<h4>\u00bfOs hab\u00e9is encontrado en alguna situaci\u00f3n en la que la edad sea un inconveniente a la hora de conseguir trabajo? \u00bfQu\u00e9 dir\u00edais a alguien que lo considera as\u00ed?<\/h4>\n<p><strong>Francisco Javier: <\/strong>Yo creo que s\u00ed porque en muchos sitios quieren gente joven. Yo creo que lo que quieren las empresas es que respondas, es igual la edad que tengas, si eres trabajador y responsable, puedes trabajar igual.<\/p>\n<p><strong>Jos\u00e9 Luis: <\/strong>\u00a0Yo no me he encontrado con dificultades por la edad porque tampoco he tenido mucha experiencia trabajando. Yo siempre he estado de bordador b\u00e1sicamente y el resto era espor\u00e1dico. Quiz\u00e1s ahora me pasa porque, por ejemplo, en esta oferta de la que estoy pendiente todo es gente joven. la jefa tiene mi edad&#8230;\u00a1Imag\u00ednate! Yo creo que con la edad a veces vienen malos h\u00e1bitos y la falta de posibilidad de moldearlos.<\/p>\n<p>&nbsp;<\/p>\n<h3>Formarse para inserirse laboralmente<\/h3>\n<h4>Hab\u00e9is realizado varias formaciones. \u00bfQu\u00e9 os motiv\u00f3 a hacerlo y qu\u00e9 papel cre\u00e9is que juega la formaci\u00f3n a la hora de encontrar trabajo?<\/h4>\n<p><strong>Francisco Javier: <\/strong>A m\u00ed me han motivado a formarme desde todos los sitios a los que he ido tipo oficinas de trabajo. Conoc\u00ed el CFP gracias a un compa\u00f1ero de trabajo, entonces llam\u00e9 y me llamaron ellos para encontrar trabajo. Creo que la formaci\u00f3n es muy importante pero que siempre depende de tu actitud, inter\u00e9s y ganas de trabajar.<\/p>\n<p><strong>Jos\u00e9 Luis: <\/strong>\u00a0A m\u00ed me recomendaron el CFP del Servicio de Ocupaci\u00f3n de Matar\u00f3, yo hab\u00eda estado aqu\u00ed hace un tiempo y mi \u00faltimo trabajo, de limpiador, lo consegu\u00ed desde aqu\u00ed. Creo que la formaci\u00f3n es muy importante porque piden un nivel acad\u00e9mico que, si no lo tienes, tienes que intentar equilibrarlo con cursos. Tambi\u00e9n creo que la formaci\u00f3n es importante para tener una rutina. Si est\u00e1s todo el d\u00eda buscando sin \u00e9xito, a la hora de hacer una entrevista, esto se refleja.<\/p>\n<h4>\u00bfPodr\u00edais explicarnos brevemente en qu\u00e9 os hab\u00e9is formado?<\/h4>\n<p><strong>Francisco Javier: <\/strong>Yo he hecho varios cursos. Por ejemplo, de inform\u00e1tica, tengo el carnet de manipulador y de carretillero.<\/p>\n<p><strong>Jos\u00e9 Luis: <\/strong>\u00a0Yo cursos de inform\u00e1tica, de digitalizaci\u00f3n y tambi\u00e9n de servicios como geriatr\u00eda. Soy cuidador. Por la edad siempre pienso que es uno de los trabajos en los que podr\u00eda entrar.<\/p>\n<h4>\u00bfC\u00f3mo hab\u00e9is vivido la experiencia de hacer la formaci\u00f3n en Auxiliar de Servicios de Limpieza? \u00bfQu\u00e9 hab\u00e9is aprendido?<\/h4>\n<p><strong>Francisco Javier: <\/strong>Para m\u00ed ha sido bastante positiva por la gente que he conocido y la profesora. Lo que he aprendido ha sido los productos de limpieza que hay, c\u00f3mo organizarte y hacer el trabajo y c\u00f3mo manejar las herramientas de trabajo.<\/p>\n<p><strong>Jos\u00e9 Luis: <\/strong>\u00a0Este ha sido el primer curso presencial que he hecho desde la pandemia y el contacto con la clase humana (r\u00ede) ha sido muy positivo, me he sentido muy acogido. He aprendido que la limpieza es un mundo y eso que hab\u00eda trabajado de barrendero. No me hab\u00eda dado cuenta que era un trabajo m\u00e1s en el que se ten\u00edan que seguir unos pasos y unas normas.<\/p>\n<h4>\u00bfC\u00f3mo valor\u00e1is vuestra estancia en el CFP?<\/h4>\n<p><strong>Francisco Javier: <\/strong>Muy bien. Me he sentido un poco frustrado porque he hecho muchas solicitudes de trabajo por Internet y no me han contratado pero, en general, positivo porque he aprendido muchas cosas y me gustar\u00eda aprender m\u00e1s como, por ejemplo, c\u00f3mo hacer el curr\u00edculum correctamente porque sea m\u00e1s atractivo.<\/p>\n<p><strong>Jos\u00e9 Luis: <\/strong>Yo he hecho una escala. Le he puesto un 8 al curso de 0 a 10 y bueno&#8230;una predisposici\u00f3n para resolver las situaciones con acciones efectivas. Esto es lo que he recibido.<\/p>\n<h3><\/h3>\n<h3>Futuro. Visi\u00f3n e ilusiones<\/h3>\n<h4>\u00bfC\u00f3mo os imagin\u00e1is vuestra pr\u00f3xima experiencia laboral?<\/h4>\n<p><strong>Francisco Javier: <\/strong>Yo estoy pendiente de varias cosas. Una es una empresa que tiene varias vertientes de trabajo, otra salida podr\u00eda ser la de agricultura ecol\u00f3gica y otra limpieza.<\/p>\n<p><strong>Jos\u00e9 Luis: <\/strong>\u00a0Quiz\u00e1s en alg\u00fan almac\u00e9n de log\u00edstica o de limpieza. Alguna cosa que no requiera de estudios porque aunque tenga el t\u00edtulo de geriatr\u00eda no quiero trabajar de esto, creo que es un trabajo muy duro tambi\u00e9n psicol\u00f3gicamente.<\/p>\n<h4>\u00bfQu\u00e9 cosas valor\u00e1is como importantes en un trabajo?<\/h4>\n<p><strong>Francisco Javier: <\/strong>Yo valoro el buen ambiente y la buena colaboraci\u00f3n entre compa\u00f1eros de equipo de trabajo y que los jefes te den soporte. Me he encontrado de todo, desde algunos que te ayudan y son amables y otros que siempre est\u00e1n encima tuyo y son negativos. El soporte de mis superiores es importante para m\u00ed.<\/p>\n<p><strong>Jos\u00e9 Luis: <\/strong>\u00a0Una de las cosas que valoro es el sueldo y tambi\u00e9n que yo pueda hacer el trabajo. Muchas veces, siempre te est\u00e1n pidiendo m\u00e1s solo porque llegues a tu 100%. Para ellos es genial pero tu siempre est\u00e1s pensando que no eres capaz.<\/p>\n<h4>Si pudierais decidir vuestro futuro laboral, \u00bfCu\u00e1l ser\u00eda vuestro trabajo ideal teniendo en cuenta vuestras competencias y habilidades?<\/h4>\n<p><strong>Francisco Javier: <\/strong>A m\u00ed me gustar\u00eda trabajar de reponedor de frutas y verduras. Ya tengo experiencia. Me gustar\u00eda poder hacerlo correctamente, sin que me exijan demasiado. Es decir, que se adapte a mis expectativas. En una estuve bastante bien porque lo ten\u00eda controlado y al final los jefes estaban contentos porque lo hac\u00eda bien y me valoraban. Aun as\u00ed, nunca me subieron el sueldo ni de categor\u00eda, pero lo ten\u00eda por la mano. Tambi\u00e9n me gustar\u00eda que fuese cerca de casa.<\/p>\n<p><strong>Jos\u00e9 Luis: <\/strong>\u00a0Yo quiero trabajar con ordenadores en cualquier vertiente. Repararlos, introducir datos o lo que sea pero inform\u00e1tica y digitalizaci\u00f3n. Tambi\u00e9n que est\u00e9 cerca de casa, que sea una empresa que est\u00e9 bien, con un ambiente laboral ideal ah&#8230;\u00a1Y que paguen bien!<\/p>\n","protected":false},"excerpt":{"rendered":"<p>CONOCEDLOS Jos\u00e9 Luis y Francisco Javier han cursado la formaci\u00f3n de Auxiliar en Servicios de Limpieza, subvencionada por Fundaci\u00f3n Iluro y Bankia para la realizaci\u00f3n de Proyectos de Acci\u00f3n Social 2021. Actualmente tienen un hito en com\u00fan: conseguir la inserci\u00f3n laboral. Su recorrido profesional y&#8230;<\/p>\n","protected":false},"author":2,"featured_media":53087,"comment_status":"open","ping_status":"open","sticky":false,"template":"","format":"standard","meta":{"footnotes":""},"categories":[1258],"tags":[],"class_list":["post-53086","post","type-post","status-publish","format-standard","has-post-thumbnail","hentry","category-entrevistas"],"yoast_head":"<!-- This site is optimized with the Yoast SEO plugin v27.4 - https:\/\/yoast.com\/product\/yoast-seo-wordpress\/ -->\n<title>Jos\u00e9 Luis y Francisco Javier, alumnos del programa formativo en Servicios de Limpieza. Un recorrido distinto y un objetivo com\u00fan: la inserci\u00f3n laboral | CFP Maresme<\/title>\n<meta name=\"robots\" content=\"index, follow, max-snippet:-1, max-image-preview:large, max-video-preview:-1\" \/>\n<link rel=\"canonical\" href=\"https:\/\/cfpmaresme.org\/es\/jose-luis-y-francisco-javier-alumnos-del-programa-formativo-en-servicios-de-limpieza-un-recorrido-distinto-y-un-objetivo-comun-la-insercion-laboral\/\" \/>\n<meta property=\"og:locale\" content=\"es_ES\" \/>\n<meta property=\"og:type\" content=\"article\" \/>\n<meta property=\"og:title\" content=\"Jos\u00e9 Luis y Francisco Javier, alumnos del programa formativo en Servicios de Limpieza. Un recorrido distinto y un objetivo com\u00fan: la inserci\u00f3n laboral | CFP Maresme\" \/>\n<meta property=\"og:description\" content=\"CONOCEDLOS Jos\u00e9 Luis y Francisco Javier han cursado la formaci\u00f3n de Auxiliar en Servicios de Limpieza, subvencionada por Fundaci\u00f3n Iluro y Bankia para la realizaci\u00f3n de Proyectos de Acci\u00f3n Social 2021. Actualmente tienen un hito en com\u00fan: conseguir la inserci\u00f3n laboral. Su recorrido profesional y...\" \/>\n<meta property=\"og:url\" content=\"https:\/\/cfpmaresme.org\/es\/jose-luis-y-francisco-javier-alumnos-del-programa-formativo-en-servicios-de-limpieza-un-recorrido-distinto-y-un-objetivo-comun-la-insercion-laboral\/\" \/>\n<meta property=\"og:site_name\" content=\"CFP Maresme\" \/>\n<meta property=\"article:published_time\" content=\"2021-12-30T10:05:51+00:00\" \/>\n<meta property=\"article:modified_time\" content=\"2022-05-23T10:34:27+00:00\" \/>\n<meta property=\"og:image\" content=\"https:\/\/cfpmaresme.org\/wp-content\/uploads\/2021\/12\/banner-en-castell\u00e0-1.jpg\" \/>\n\t<meta property=\"og:image:width\" content=\"1069\" \/>\n\t<meta property=\"og:image:height\" content=\"175\" \/>\n\t<meta property=\"og:image:type\" content=\"image\/jpeg\" \/>\n<meta name=\"author\" content=\"CFPMaresme\" \/>\n<meta name=\"twitter:card\" content=\"summary_large_image\" \/>\n<meta name=\"twitter:creator\" content=\"@cfpmaresme\" \/>\n<meta name=\"twitter:site\" content=\"@cfpmaresme\" \/>\n<meta name=\"twitter:label1\" content=\"Escrito por\" \/>\n\t<meta name=\"twitter:data1\" content=\"CFPMaresme\" \/>\n\t<meta name=\"twitter:label2\" content=\"Tiempo de lectura\" \/>\n\t<meta name=\"twitter:data2\" content=\"8 minutos\" \/>\n<script type=\"application\/ld+json\" class=\"yoast-schema-graph\">{\"@context\":\"https:\\\/\\\/schema.org\",\"@graph\":[{\"@type\":\"Article\",\"@id\":\"https:\\\/\\\/cfpmaresme.org\\\/es\\\/jose-luis-y-francisco-javier-alumnos-del-programa-formativo-en-servicios-de-limpieza-un-recorrido-distinto-y-un-objetivo-comun-la-insercion-laboral\\\/#article\",\"isPartOf\":{\"@id\":\"https:\\\/\\\/cfpmaresme.org\\\/es\\\/jose-luis-y-francisco-javier-alumnos-del-programa-formativo-en-servicios-de-limpieza-un-recorrido-distinto-y-un-objetivo-comun-la-insercion-laboral\\\/\"},\"author\":{\"name\":\"CFPMaresme\",\"@id\":\"https:\\\/\\\/cfpmaresme.org\\\/#\\\/schema\\\/person\\\/b2634bcd796fafc667ea4055f61b9b2c\"},\"headline\":\"Jos\u00e9 Luis y Francisco Javier, alumnos del programa formativo en Servicios de Limpieza. Un recorrido distinto y un objetivo com\u00fan: la inserci\u00f3n laboral\",\"datePublished\":\"2021-12-30T10:05:51+00:00\",\"dateModified\":\"2022-05-23T10:34:27+00:00\",\"mainEntityOfPage\":{\"@id\":\"https:\\\/\\\/cfpmaresme.org\\\/es\\\/jose-luis-y-francisco-javier-alumnos-del-programa-formativo-en-servicios-de-limpieza-un-recorrido-distinto-y-un-objetivo-comun-la-insercion-laboral\\\/\"},\"wordCount\":1644,\"commentCount\":0,\"image\":{\"@id\":\"https:\\\/\\\/cfpmaresme.org\\\/es\\\/jose-luis-y-francisco-javier-alumnos-del-programa-formativo-en-servicios-de-limpieza-un-recorrido-distinto-y-un-objetivo-comun-la-insercion-laboral\\\/#primaryimage\"},\"thumbnailUrl\":\"https:\\\/\\\/cfpmaresme.org\\\/wp-content\\\/uploads\\\/2021\\\/12\\\/banner-en-castell\u00e0-1.jpg\",\"articleSection\":[\"Entrevistas\"],\"inLanguage\":\"es\"},{\"@type\":\"WebPage\",\"@id\":\"https:\\\/\\\/cfpmaresme.org\\\/es\\\/jose-luis-y-francisco-javier-alumnos-del-programa-formativo-en-servicios-de-limpieza-un-recorrido-distinto-y-un-objetivo-comun-la-insercion-laboral\\\/\",\"url\":\"https:\\\/\\\/cfpmaresme.org\\\/es\\\/jose-luis-y-francisco-javier-alumnos-del-programa-formativo-en-servicios-de-limpieza-un-recorrido-distinto-y-un-objetivo-comun-la-insercion-laboral\\\/\",\"name\":\"Jos\u00e9 Luis y Francisco Javier, alumnos del programa formativo en Servicios de Limpieza. Un recorrido distinto y un objetivo com\u00fan: la inserci\u00f3n laboral | CFP Maresme\",\"isPartOf\":{\"@id\":\"https:\\\/\\\/cfpmaresme.org\\\/#website\"},\"primaryImageOfPage\":{\"@id\":\"https:\\\/\\\/cfpmaresme.org\\\/es\\\/jose-luis-y-francisco-javier-alumnos-del-programa-formativo-en-servicios-de-limpieza-un-recorrido-distinto-y-un-objetivo-comun-la-insercion-laboral\\\/#primaryimage\"},\"image\":{\"@id\":\"https:\\\/\\\/cfpmaresme.org\\\/es\\\/jose-luis-y-francisco-javier-alumnos-del-programa-formativo-en-servicios-de-limpieza-un-recorrido-distinto-y-un-objetivo-comun-la-insercion-laboral\\\/#primaryimage\"},\"thumbnailUrl\":\"https:\\\/\\\/cfpmaresme.org\\\/wp-content\\\/uploads\\\/2021\\\/12\\\/banner-en-castell\u00e0-1.jpg\",\"datePublished\":\"2021-12-30T10:05:51+00:00\",\"dateModified\":\"2022-05-23T10:34:27+00:00\",\"author\":{\"@id\":\"https:\\\/\\\/cfpmaresme.org\\\/#\\\/schema\\\/person\\\/b2634bcd796fafc667ea4055f61b9b2c\"},\"breadcrumb\":{\"@id\":\"https:\\\/\\\/cfpmaresme.org\\\/es\\\/jose-luis-y-francisco-javier-alumnos-del-programa-formativo-en-servicios-de-limpieza-un-recorrido-distinto-y-un-objetivo-comun-la-insercion-laboral\\\/#breadcrumb\"},\"inLanguage\":\"es\",\"potentialAction\":[{\"@type\":\"ReadAction\",\"target\":[\"https:\\\/\\\/cfpmaresme.org\\\/es\\\/jose-luis-y-francisco-javier-alumnos-del-programa-formativo-en-servicios-de-limpieza-un-recorrido-distinto-y-un-objetivo-comun-la-insercion-laboral\\\/\"]}]},{\"@type\":\"ImageObject\",\"inLanguage\":\"es\",\"@id\":\"https:\\\/\\\/cfpmaresme.org\\\/es\\\/jose-luis-y-francisco-javier-alumnos-del-programa-formativo-en-servicios-de-limpieza-un-recorrido-distinto-y-un-objetivo-comun-la-insercion-laboral\\\/#primaryimage\",\"url\":\"https:\\\/\\\/cfpmaresme.org\\\/wp-content\\\/uploads\\\/2021\\\/12\\\/banner-en-castell\u00e0-1.jpg\",\"contentUrl\":\"https:\\\/\\\/cfpmaresme.org\\\/wp-content\\\/uploads\\\/2021\\\/12\\\/banner-en-castell\u00e0-1.jpg\",\"width\":1069,\"height\":175},{\"@type\":\"BreadcrumbList\",\"@id\":\"https:\\\/\\\/cfpmaresme.org\\\/es\\\/jose-luis-y-francisco-javier-alumnos-del-programa-formativo-en-servicios-de-limpieza-un-recorrido-distinto-y-un-objetivo-comun-la-insercion-laboral\\\/#breadcrumb\",\"itemListElement\":[{\"@type\":\"ListItem\",\"position\":1,\"name\":\"Home\",\"item\":\"https:\\\/\\\/cfpmaresme.org\\\/es\\\/\"},{\"@type\":\"ListItem\",\"position\":2,\"name\":\"Jos\u00e9 Luis y Francisco Javier, alumnos del programa formativo en Servicios de Limpieza. Un recorrido distinto y un objetivo com\u00fan: la inserci\u00f3n laboral\"}]},{\"@type\":\"WebSite\",\"@id\":\"https:\\\/\\\/cfpmaresme.org\\\/#website\",\"url\":\"https:\\\/\\\/cfpmaresme.org\\\/\",\"name\":\"CFP Maresme\",\"description\":\"Centre Formaci\u00f3 Prevenci\u00f3\",\"potentialAction\":[{\"@type\":\"SearchAction\",\"target\":{\"@type\":\"EntryPoint\",\"urlTemplate\":\"https:\\\/\\\/cfpmaresme.org\\\/?s={search_term_string}\"},\"query-input\":{\"@type\":\"PropertyValueSpecification\",\"valueRequired\":true,\"valueName\":\"search_term_string\"}}],\"inLanguage\":\"es\"},{\"@type\":\"Person\",\"@id\":\"https:\\\/\\\/cfpmaresme.org\\\/#\\\/schema\\\/person\\\/b2634bcd796fafc667ea4055f61b9b2c\",\"name\":\"CFPMaresme\"}]}<\/script>\n<!-- \/ Yoast SEO plugin. -->","yoast_head_json":{"title":"Jos\u00e9 Luis y Francisco Javier, alumnos del programa formativo en Servicios de Limpieza. Un recorrido distinto y un objetivo com\u00fan: la inserci\u00f3n laboral | CFP Maresme","robots":{"index":"index","follow":"follow","max-snippet":"max-snippet:-1","max-image-preview":"max-image-preview:large","max-video-preview":"max-video-preview:-1"},"canonical":"https:\/\/cfpmaresme.org\/es\/jose-luis-y-francisco-javier-alumnos-del-programa-formativo-en-servicios-de-limpieza-un-recorrido-distinto-y-un-objetivo-comun-la-insercion-laboral\/","og_locale":"es_ES","og_type":"article","og_title":"Jos\u00e9 Luis y Francisco Javier, alumnos del programa formativo en Servicios de Limpieza. Un recorrido distinto y un objetivo com\u00fan: la inserci\u00f3n laboral | CFP Maresme","og_description":"CONOCEDLOS Jos\u00e9 Luis y Francisco Javier han cursado la formaci\u00f3n de Auxiliar en Servicios de Limpieza, subvencionada por Fundaci\u00f3n Iluro y Bankia para la realizaci\u00f3n de Proyectos de Acci\u00f3n Social 2021. Actualmente tienen un hito en com\u00fan: conseguir la inserci\u00f3n laboral. Su recorrido profesional y...","og_url":"https:\/\/cfpmaresme.org\/es\/jose-luis-y-francisco-javier-alumnos-del-programa-formativo-en-servicios-de-limpieza-un-recorrido-distinto-y-un-objetivo-comun-la-insercion-laboral\/","og_site_name":"CFP Maresme","article_published_time":"2021-12-30T10:05:51+00:00","article_modified_time":"2022-05-23T10:34:27+00:00","og_image":[{"width":1069,"height":175,"url":"https:\/\/cfpmaresme.org\/wp-content\/uploads\/2021\/12\/banner-en-castell\u00e0-1.jpg","type":"image\/jpeg"}],"author":"CFPMaresme","twitter_card":"summary_large_image","twitter_creator":"@cfpmaresme","twitter_site":"@cfpmaresme","twitter_misc":{"Escrito por":"CFPMaresme","Tiempo de lectura":"8 minutos"},"schema":{"@context":"https:\/\/schema.org","@graph":[{"@type":"Article","@id":"https:\/\/cfpmaresme.org\/es\/jose-luis-y-francisco-javier-alumnos-del-programa-formativo-en-servicios-de-limpieza-un-recorrido-distinto-y-un-objetivo-comun-la-insercion-laboral\/#article","isPartOf":{"@id":"https:\/\/cfpmaresme.org\/es\/jose-luis-y-francisco-javier-alumnos-del-programa-formativo-en-servicios-de-limpieza-un-recorrido-distinto-y-un-objetivo-comun-la-insercion-laboral\/"},"author":{"name":"CFPMaresme","@id":"https:\/\/cfpmaresme.org\/#\/schema\/person\/b2634bcd796fafc667ea4055f61b9b2c"},"headline":"Jos\u00e9 Luis y Francisco Javier, alumnos del programa formativo en Servicios de Limpieza. Un recorrido distinto y un objetivo com\u00fan: la inserci\u00f3n laboral","datePublished":"2021-12-30T10:05:51+00:00","dateModified":"2022-05-23T10:34:27+00:00","mainEntityOfPage":{"@id":"https:\/\/cfpmaresme.org\/es\/jose-luis-y-francisco-javier-alumnos-del-programa-formativo-en-servicios-de-limpieza-un-recorrido-distinto-y-un-objetivo-comun-la-insercion-laboral\/"},"wordCount":1644,"commentCount":0,"image":{"@id":"https:\/\/cfpmaresme.org\/es\/jose-luis-y-francisco-javier-alumnos-del-programa-formativo-en-servicios-de-limpieza-un-recorrido-distinto-y-un-objetivo-comun-la-insercion-laboral\/#primaryimage"},"thumbnailUrl":"https:\/\/cfpmaresme.org\/wp-content\/uploads\/2021\/12\/banner-en-castell\u00e0-1.jpg","articleSection":["Entrevistas"],"inLanguage":"es"},{"@type":"WebPage","@id":"https:\/\/cfpmaresme.org\/es\/jose-luis-y-francisco-javier-alumnos-del-programa-formativo-en-servicios-de-limpieza-un-recorrido-distinto-y-un-objetivo-comun-la-insercion-laboral\/","url":"https:\/\/cfpmaresme.org\/es\/jose-luis-y-francisco-javier-alumnos-del-programa-formativo-en-servicios-de-limpieza-un-recorrido-distinto-y-un-objetivo-comun-la-insercion-laboral\/","name":"Jos\u00e9 Luis y Francisco Javier, alumnos del programa formativo en Servicios de Limpieza. Un recorrido distinto y un objetivo com\u00fan: la inserci\u00f3n laboral | CFP Maresme","isPartOf":{"@id":"https:\/\/cfpmaresme.org\/#website"},"primaryImageOfPage":{"@id":"https:\/\/cfpmaresme.org\/es\/jose-luis-y-francisco-javier-alumnos-del-programa-formativo-en-servicios-de-limpieza-un-recorrido-distinto-y-un-objetivo-comun-la-insercion-laboral\/#primaryimage"},"image":{"@id":"https:\/\/cfpmaresme.org\/es\/jose-luis-y-francisco-javier-alumnos-del-programa-formativo-en-servicios-de-limpieza-un-recorrido-distinto-y-un-objetivo-comun-la-insercion-laboral\/#primaryimage"},"thumbnailUrl":"https:\/\/cfpmaresme.org\/wp-content\/uploads\/2021\/12\/banner-en-castell\u00e0-1.jpg","datePublished":"2021-12-30T10:05:51+00:00","dateModified":"2022-05-23T10:34:27+00:00","author":{"@id":"https:\/\/cfpmaresme.org\/#\/schema\/person\/b2634bcd796fafc667ea4055f61b9b2c"},"breadcrumb":{"@id":"https:\/\/cfpmaresme.org\/es\/jose-luis-y-francisco-javier-alumnos-del-programa-formativo-en-servicios-de-limpieza-un-recorrido-distinto-y-un-objetivo-comun-la-insercion-laboral\/#breadcrumb"},"inLanguage":"es","potentialAction":[{"@type":"ReadAction","target":["https:\/\/cfpmaresme.org\/es\/jose-luis-y-francisco-javier-alumnos-del-programa-formativo-en-servicios-de-limpieza-un-recorrido-distinto-y-un-objetivo-comun-la-insercion-laboral\/"]}]},{"@type":"ImageObject","inLanguage":"es","@id":"https:\/\/cfpmaresme.org\/es\/jose-luis-y-francisco-javier-alumnos-del-programa-formativo-en-servicios-de-limpieza-un-recorrido-distinto-y-un-objetivo-comun-la-insercion-laboral\/#primaryimage","url":"https:\/\/cfpmaresme.org\/wp-content\/uploads\/2021\/12\/banner-en-castell\u00e0-1.jpg","contentUrl":"https:\/\/cfpmaresme.org\/wp-content\/uploads\/2021\/12\/banner-en-castell\u00e0-1.jpg","width":1069,"height":175},{"@type":"BreadcrumbList","@id":"https:\/\/cfpmaresme.org\/es\/jose-luis-y-francisco-javier-alumnos-del-programa-formativo-en-servicios-de-limpieza-un-recorrido-distinto-y-un-objetivo-comun-la-insercion-laboral\/#breadcrumb","itemListElement":[{"@type":"ListItem","position":1,"name":"Home","item":"https:\/\/cfpmaresme.org\/es\/"},{"@type":"ListItem","position":2,"name":"Jos\u00e9 Luis y Francisco Javier, alumnos del programa formativo en Servicios de Limpieza. Un recorrido distinto y un objetivo com\u00fan: la inserci\u00f3n laboral"}]},{"@type":"WebSite","@id":"https:\/\/cfpmaresme.org\/#website","url":"https:\/\/cfpmaresme.org\/","name":"CFP Maresme","description":"Centre Formaci\u00f3 Prevenci\u00f3","potentialAction":[{"@type":"SearchAction","target":{"@type":"EntryPoint","urlTemplate":"https:\/\/cfpmaresme.org\/?s={search_term_string}"},"query-input":{"@type":"PropertyValueSpecification","valueRequired":true,"valueName":"search_term_string"}}],"inLanguage":"es"},{"@type":"Person","@id":"https:\/\/cfpmaresme.org\/#\/schema\/person\/b2634bcd796fafc667ea4055f61b9b2c","name":"CFPMaresme"}]}},"_links":{"self":[{"href":"https:\/\/cfpmaresme.org\/es\/wp-json\/wp\/v2\/posts\/53086","targetHints":{"allow":["GET"]}}],"collection":[{"href":"https:\/\/cfpmaresme.org\/es\/wp-json\/wp\/v2\/posts"}],"about":[{"href":"https:\/\/cfpmaresme.org\/es\/wp-json\/wp\/v2\/types\/post"}],"author":[{"embeddable":true,"href":"https:\/\/cfpmaresme.org\/es\/wp-json\/wp\/v2\/users\/2"}],"replies":[{"embeddable":true,"href":"https:\/\/cfpmaresme.org\/es\/wp-json\/wp\/v2\/comments?post=53086"}],"version-history":[{"count":13,"href":"https:\/\/cfpmaresme.org\/es\/wp-json\/wp\/v2\/posts\/53086\/revisions"}],"predecessor-version":[{"id":53148,"href":"https:\/\/cfpmaresme.org\/es\/wp-json\/wp\/v2\/posts\/53086\/revisions\/53148"}],"wp:featuredmedia":[{"embeddable":true,"href":"https:\/\/cfpmaresme.org\/es\/wp-json\/wp\/v2\/media\/53087"}],"wp:attachment":[{"href":"https:\/\/cfpmaresme.org\/es\/wp-json\/wp\/v2\/media?parent=53086"}],"wp:term":[{"taxonomy":"category","embeddable":true,"href":"https:\/\/cfpmaresme.org\/es\/wp-json\/wp\/v2\/categories?post=53086"},{"taxonomy":"post_tag","embeddable":true,"href":"https:\/\/cfpmaresme.org\/es\/wp-json\/wp\/v2\/tags?post=53086"}],"curies":[{"name":"wp","href":"https:\/\/api.w.org\/{rel}","templated":true}]}}