{"id":69514,"date":"2022-01-31T14:31:03","date_gmt":"2022-01-31T12:31:03","guid":{"rendered":"https:\/\/www.cfpmaresme.org\/?p=69514"},"modified":"2022-05-23T12:32:43","modified_gmt":"2022-05-23T10:32:43","slug":"trabajamos-con-personas-mayores-de-edad-las-situamos-en-el-centro-de-nuestras-acciones-y-respetamos-en-todo-momento-sus-decisiones","status":"publish","type":"post","link":"https:\/\/cfpmaresme.org\/es\/trabajamos-con-personas-mayores-de-edad-las-situamos-en-el-centro-de-nuestras-acciones-y-respetamos-en-todo-momento-sus-decisiones\/","title":{"rendered":"\u00abTrabajamos con personas mayores de edad, las situamos en el centro de nuestras acciones y respetamos en todo momento sus decisiones\u00bb"},"content":{"rendered":"<h4>Por Carla Cruells, responsable de Comunicaci\u00f3n del CFP<\/h4>\n<p>&nbsp;<\/p>\n<h4>Perfil: Sergi forma parte del equipo de <a href=\"\/?page_id=16514\" target=\"_blank\" rel=\"noopener noreferrer\">Hogares Asistidos<\/a> desde hace 5 a\u00f1os. Son hogares donde viven tres o cuatro personas mayores de edad que conviven con una problem\u00e1tica de salud mental. Pueden vivir solas pero necesitan de un soporte externo para ser aut\u00f3nomas. Sergi es uno de los profesionales que realizan esta tarea, en los tres Hogares Asistidos de la entidad.<\/h4>\n<p>&nbsp;<\/p>\n<h3>La realidad de los Hogares Asistidos<\/h3>\n<h4>\u00bfNos podr\u00edas explicar brevemente en qu\u00e9 consiste la atenci\u00f3n que realizas?<\/h4>\n<p>Nuestro soporte se basa en un <strong>trabajo <\/strong>muy<strong> individualizado<\/strong> de cada usuario. Primeramente intentamos detectar las carencias de cada uno para poder ofrecer un acompa\u00f1amiento realmente efectivo con la intenci\u00f3n de apoderarlos y que cada vez sean m\u00e1s aut\u00f3nomos.<br \/>\nRealizamos un acompa\u00f1amiento en distintos \u00e1mbitos. En el de las <strong>actividades de la vida diaria <\/strong>trabajamos los conceptos m\u00e1s b\u00e1sicos del d\u00eda a d\u00eda como ir a comprar, cocinar, limpiar, cuidar su higiene, llevar a cabo una buena pauta de sue\u00f1o&#8230;<\/p>\n<p>En el <strong>\u00e1mbito de la salud<\/strong> encajar\u00edamos las actuaciones que realizamos para promover un estilo de vida saludable y el cuidado de uno mismo. Para poner algunos ejemplos, hacemos un seguimiento y, en algunos casos, acompa\u00f1amiento de las visitas al m\u00e9dico y preparamos o ayudamos a preparar el bl\u00edster de medicaci\u00f3n semanal para fomentar un buen seguimiento del tratamiento farmacol\u00f3gico.<\/p>\n<p>Y, en el <strong>\u00e1mbito comunitario<\/strong>, intentamos hacerlos part\u00edcipes del d\u00eda a d\u00eda de nuestra ciudad. Fomentamos la utilizaci\u00f3n de espacios culturales, como pueden ser bibliotecas, y tambi\u00e9n que asistan a los distintos recursos de la red de salud mental como el Servicio de Rehabilitaci\u00f3n Comunitaria, el Club social o el servicio Prelaboral.<\/p>\n<h4>Hac\u00e9is un trabajo individualizado con cada persona, adaptado a su nivel de autonom\u00eda. \u00bfNos podr\u00edas comentar en qu\u00e9 ayud\u00e1is a las personas que tienen una vida m\u00e1s independiente y a las que menos?<\/h4>\n<p>A las personas que son menos aut\u00f3nomas las acompa\u00f1amos en las actividades b\u00e1sicas del d\u00eda a d\u00eda: las ayudamos a levantarse por la ma\u00f1ana, a limpiar, a cocinar, las acompa\u00f1amos a comprar, a las visitas al m\u00e9dico&#8230;Tambi\u00e9n promovemos su integraci\u00f3n en la comunidad, ya sea asistiendo a los recursos de la red de salud mental o utilizando espacios culturales comunitarios, como ir a la biblioteca, al teatro y a actos culturales y de ocio que tienen lugar en nuestra ciudad.<br \/>\nCon los usuarios que tienen un mayor grado de autonom\u00eda no realizamos un soporte con las actividades b\u00e1sicas de la vida diaria, pero durante las visitas y reuniones que realizamos en el piso nos fijamos en que contin\u00faan manteniendo los h\u00e1bitos ya asumidos. Tambi\u00e9n les hacemos recordar las visitas de seguimiento que realizan en el Centro de Salud Mental de Adultos (CSMA).\u00a0 Tratamos, gestionamos y resolvemos los peque\u00f1os conflictos que genera la convivencia. Y, sobre todo, promovemos la integraci\u00f3n en su entorno.<\/p>\n<h4>\u00bfQu\u00e9 relaci\u00f3n personal se establece entre los profesionales y las personas que acompa\u00f1\u00e1is?<\/h4>\n<p>Debido a la regularidad de las visitas que realizamos en las viviendas,\u00a0 casi siempre se acaba generando un v\u00ednculo de confianza mutuo, en el cual a veces nos es dif\u00edcil poder separar el rol laboral del rol personal, sobre todo con las personas que conviven en los hogares y no tienen o no pueden contar con el soporte. En estos casos, sobre todo tenemos que vigilar de no crear una relaci\u00f3n de dependencia que estar\u00eda en contra de la finalidad de nuestra acci\u00f3n educativa.<\/p>\n<p>&nbsp;<\/p>\n<h3>Las personas que conviven en recursos de vivienda<\/h3>\n<h4>\u00bfC\u00f3mo se accede a un recursos como los Hogares Asistidos?<\/h4>\n<p>Los <a href=\"\/?page_id=16514\" target=\"_blank\" rel=\"noopener noreferrer\">Hogares Asistidos<\/a> dependen del Departamento de Derechos Sociales de la Generalitat de Catalunya, y son los trabajadores\/as sociales de los centros de salud mental de adultos, los encargados de proponer los usuarios que consideran adecuados para este recurso.<br \/>\nPara acceder a ellos las personas tienen que cumplir unos requisitos, primeramente tener una voluntad de estar aqu\u00ed, es decir, todos los residentes de nuestros hogares entran al recurso de manera voluntaria y pueden darse de baja cuando lo consideren. Tener un grado de discapacidad igual o superior al 33% de enfermedad mental. Tener valorado el grado de dependencia, ser mayor de edad y poder realizar las actividades b\u00e1sicas de la vida diaria con un soporte externo.<\/p>\n<h4>\u00bfLas personas que atend\u00e9is est\u00e1n mucho tiempo en el hogar o es una estancia transitoria?<\/h4>\n<p>Como norma general, podr\u00edamos decir que tenemos <strong>dos perfiles<\/strong> distintos, hay unos usuarios que en unos meses ven que el recurso no est\u00e1 hecho para ellos y solicitan la <strong>baja voluntaria<\/strong>, debido a que no quieren asumir una responsabilidad a la hora de realizar sus tareas y tampoco quieren establecer y seguir unas normas de convivencia. Otros, en cambio est\u00e1n <strong>muchos a\u00f1os con nosotros<\/strong>, actualmente tenemos un usuario que, si no recuerdo mal lleva 18 a\u00f1os en los Hogares asistidos.<br \/>\nNo podemos olvidar que los Hogares Asistidos son un <strong>recurso transitorio<\/strong>, se podr\u00eda considerar como un t\u00e9rmino medio entre vivir en una residencia donde los horarios y el d\u00eda a d\u00eda est\u00e1n muy marcados o vivir por cuenta propia. Aunque nuestro objetivo es acompa\u00f1ar a los usuarios para incentivar su autonom\u00eda y poder llegar a vivir de manera totalmente aut\u00f3noma en su propio domicilio, nos encontramos con <strong>la realidad<\/strong> de que hay personas que <strong>no pueden vivir de manera aut\u00f3noma<\/strong> y, otras que, aun poderlo hacer <strong>no se lo pueden permitir econ\u00f3micamente.\u00a0<\/strong><\/p>\n<h4>\u00bfCu\u00e1l es el d\u00eda a d\u00eda de las personas que acompa\u00f1\u00e1is?<\/h4>\n<p>El d\u00eda a d\u00eda de las personas que acompa\u00f1amos en nuestros hogares es <strong>muy diverso<\/strong>, actualmente la mayor\u00eda de nuestros usuarios asisten al Servicio de Rehabilitaci\u00f3n Comunitaria, a Alterarte, el programa art\u00edstico del CFP o al club social. Son recursos de la red de salud mental desde donde tambi\u00e9n trabajan para fomentar su autonom\u00eda y la inclusi\u00f3n social. Tambi\u00e9n hay dos personas que asisten al Prelaboral desde el cual est\u00e1n adquiriendo las habilidades previas para ir a trabajar y dos personas m\u00e1s que est\u00e1n laboralmente activas. Otras asisten a actividades comunitarias como el centro c\u00edvico, la biblioteca, actividades deportivas o hacen voluntariado.<\/p>\n<h4>\u00bfQu\u00e9 papel juegan las familias?<\/h4>\n<p>Tenemos que tener presente que trabajamos con personas mayores de edad, las situamos en el centro de nuestras acciones y respetamos en todo momento sus decisiones. De esta manera, nos podemos encontrar el caso de personas que, por distintos motivos, han decidido romper con su n\u00facleo familiar y no mantienen ning\u00fan tipo de contacto, otras que nos llegaron al recurso porque la convivencia familiar no era posible y desde que conviven a los Hogares con Soporte, la relaci\u00f3n familiar ha mejorado considerablemente. Y, hay otros casos que mantienen muy buena relaci\u00f3n con sus familiares y estos est\u00e1n totalmente involucrados en el d\u00eda a d\u00eda de sus hijos pero han decidido dar el paso de vivir aut\u00f3nomamente con el soporte del recurso.<\/p>\n<p>&nbsp;<\/p>\n<h3>Atender a personas con una problem\u00e1tica de salud mental en contexto de pandemia<\/h3>\n<h4>La salud mental est\u00e1 muy en boga y tu has sido testimonio de c\u00f3mo han vivido la realidad sanitaria personas que ya conviv\u00edan con una problem\u00e1tica. \u00bfC\u00f3mo vivisteis el per\u00edodo de aislamiento domiciliario?<\/h4>\n<p>A todo el mundo le afect\u00f3 el confinamiento domiciliario, tanto al equipo profesional como a las personas que acompa\u00f1amos porque par\u00f3 nuestras vidas de alguna manera. Sobre c\u00f3mo condicion\u00f3 a las personas que viven en los Hogares asistidos, fue de dos maneras muy distintas. <strong>A\u00a0 los<\/strong> que son m\u00e1s <strong>activos<\/strong> haciendo actividades en el d\u00eda a d\u00eda les <strong>afect\u00f3 m\u00e1s.<\/strong> En cambio, a las personas que les cuesta m\u00e1s seguir en el d\u00eda a d\u00eda, que <strong>quedarse en casa<\/strong> fuera<strong> cumplir con las obligaciones<\/strong> les hizo <strong>sentirse muy bien<\/strong>. Se sent\u00edan parte de alguna cosa importante colectivamente y se sent\u00edan parte de ello.<\/p>\n<h4>\u00bfCu\u00e1l es la situaci\u00f3n durante la sexta ola?<\/h4>\n<p>Pues realmente <strong>hemos tenido <\/strong>mucha <strong>suerte, hasta<\/strong> la llegada de esta <strong>sexta ola <\/strong>todav\u00eda no hab\u00edamos tenido ning\u00fan caso positivo de la Covid-19. Pero, justo antes de Navidad tuvimos que confinar todo un piso. Primeramente detectamos una persona positiva y, al cabo de unos d\u00edas, ya eran positivos los otros tres usuarios. Despu\u00e9s de las fiestas de Navidad tambi\u00e9n ha habido una persona contagiada de la Covid-19 en otro hogar.<br \/>\nActualmente, tenemos otro usuario aislado pero, por el momento, sus compa\u00f1eros contin\u00faan no teniendo la Covid-19. Esperamos que siga as\u00ed.<\/p>\n","protected":false},"excerpt":{"rendered":"<p>Por Carla Cruells, responsable de Comunicaci\u00f3n del CFP &nbsp; Perfil: Sergi forma parte del equipo de Hogares Asistidos desde hace 5 a\u00f1os. Son hogares donde viven tres o cuatro personas mayores de edad que conviven con una problem\u00e1tica de salud mental. Pueden vivir solas pero&#8230;<\/p>\n","protected":false},"author":2,"featured_media":69519,"comment_status":"open","ping_status":"open","sticky":false,"template":"","format":"standard","meta":{"footnotes":""},"categories":[1258],"tags":[],"class_list":["post-69514","post","type-post","status-publish","format-standard","has-post-thumbnail","hentry","category-entrevistas"],"yoast_head":"<!-- This site is optimized with the Yoast SEO plugin v27.4 - https:\/\/yoast.com\/product\/yoast-seo-wordpress\/ -->\n<title>&quot;Trabajamos con personas mayores de edad, las situamos en el centro de nuestras acciones y respetamos en todo momento sus decisiones&quot; | CFP Maresme<\/title>\n<meta name=\"robots\" content=\"index, follow, max-snippet:-1, max-image-preview:large, max-video-preview:-1\" \/>\n<link rel=\"canonical\" href=\"https:\/\/cfpmaresme.org\/es\/trabajamos-con-personas-mayores-de-edad-las-situamos-en-el-centro-de-nuestras-acciones-y-respetamos-en-todo-momento-sus-decisiones\/\" \/>\n<meta property=\"og:locale\" content=\"es_ES\" \/>\n<meta property=\"og:type\" content=\"article\" \/>\n<meta property=\"og:title\" content=\"&quot;Trabajamos con personas mayores de edad, las situamos en el centro de nuestras acciones y respetamos en todo momento sus decisiones&quot; | CFP Maresme\" \/>\n<meta property=\"og:description\" content=\"Por Carla Cruells, responsable de Comunicaci\u00f3n del CFP &nbsp; Perfil: Sergi forma parte del equipo de Hogares Asistidos desde hace 5 a\u00f1os. Son hogares donde viven tres o cuatro personas mayores de edad que conviven con una problem\u00e1tica de salud mental. Pueden vivir solas pero...\" \/>\n<meta property=\"og:url\" content=\"https:\/\/cfpmaresme.org\/es\/trabajamos-con-personas-mayores-de-edad-las-situamos-en-el-centro-de-nuestras-acciones-y-respetamos-en-todo-momento-sus-decisiones\/\" \/>\n<meta property=\"og:site_name\" content=\"CFP Maresme\" \/>\n<meta property=\"article:published_time\" content=\"2022-01-31T12:31:03+00:00\" \/>\n<meta property=\"article:modified_time\" content=\"2022-05-23T10:32:43+00:00\" \/>\n<meta property=\"og:image\" content=\"https:\/\/cfpmaresme.org\/wp-content\/uploads\/2022\/01\/banner-en-castell\u00e0-1.jpg\" \/>\n\t<meta property=\"og:image:width\" content=\"985\" \/>\n\t<meta property=\"og:image:height\" content=\"230\" \/>\n\t<meta property=\"og:image:type\" content=\"image\/jpeg\" \/>\n<meta name=\"author\" content=\"CFPMaresme\" \/>\n<meta name=\"twitter:card\" content=\"summary_large_image\" \/>\n<meta name=\"twitter:creator\" content=\"@cfpmaresme\" \/>\n<meta name=\"twitter:site\" content=\"@cfpmaresme\" \/>\n<meta name=\"twitter:label1\" content=\"Escrito por\" \/>\n\t<meta name=\"twitter:data1\" content=\"CFPMaresme\" \/>\n\t<meta name=\"twitter:label2\" content=\"Tiempo de lectura\" \/>\n\t<meta name=\"twitter:data2\" content=\"8 minutos\" \/>\n<script type=\"application\/ld+json\" class=\"yoast-schema-graph\">{\"@context\":\"https:\\\/\\\/schema.org\",\"@graph\":[{\"@type\":\"Article\",\"@id\":\"https:\\\/\\\/cfpmaresme.org\\\/es\\\/trabajamos-con-personas-mayores-de-edad-las-situamos-en-el-centro-de-nuestras-acciones-y-respetamos-en-todo-momento-sus-decisiones\\\/#article\",\"isPartOf\":{\"@id\":\"https:\\\/\\\/cfpmaresme.org\\\/es\\\/trabajamos-con-personas-mayores-de-edad-las-situamos-en-el-centro-de-nuestras-acciones-y-respetamos-en-todo-momento-sus-decisiones\\\/\"},\"author\":{\"name\":\"CFPMaresme\",\"@id\":\"https:\\\/\\\/cfpmaresme.org\\\/#\\\/schema\\\/person\\\/b2634bcd796fafc667ea4055f61b9b2c\"},\"headline\":\"\u00abTrabajamos con personas mayores de edad, las situamos en el centro de nuestras acciones y respetamos en todo momento sus decisiones\u00bb\",\"datePublished\":\"2022-01-31T12:31:03+00:00\",\"dateModified\":\"2022-05-23T10:32:43+00:00\",\"mainEntityOfPage\":{\"@id\":\"https:\\\/\\\/cfpmaresme.org\\\/es\\\/trabajamos-con-personas-mayores-de-edad-las-situamos-en-el-centro-de-nuestras-acciones-y-respetamos-en-todo-momento-sus-decisiones\\\/\"},\"wordCount\":1530,\"commentCount\":0,\"image\":{\"@id\":\"https:\\\/\\\/cfpmaresme.org\\\/es\\\/trabajamos-con-personas-mayores-de-edad-las-situamos-en-el-centro-de-nuestras-acciones-y-respetamos-en-todo-momento-sus-decisiones\\\/#primaryimage\"},\"thumbnailUrl\":\"https:\\\/\\\/cfpmaresme.org\\\/wp-content\\\/uploads\\\/2022\\\/01\\\/banner-en-castell\u00e0-1.jpg\",\"articleSection\":[\"Entrevistas\"],\"inLanguage\":\"es\"},{\"@type\":\"WebPage\",\"@id\":\"https:\\\/\\\/cfpmaresme.org\\\/es\\\/trabajamos-con-personas-mayores-de-edad-las-situamos-en-el-centro-de-nuestras-acciones-y-respetamos-en-todo-momento-sus-decisiones\\\/\",\"url\":\"https:\\\/\\\/cfpmaresme.org\\\/es\\\/trabajamos-con-personas-mayores-de-edad-las-situamos-en-el-centro-de-nuestras-acciones-y-respetamos-en-todo-momento-sus-decisiones\\\/\",\"name\":\"\\\"Trabajamos con personas mayores de edad, las situamos en el centro de nuestras acciones y respetamos en todo momento sus decisiones\\\" | CFP Maresme\",\"isPartOf\":{\"@id\":\"https:\\\/\\\/cfpmaresme.org\\\/#website\"},\"primaryImageOfPage\":{\"@id\":\"https:\\\/\\\/cfpmaresme.org\\\/es\\\/trabajamos-con-personas-mayores-de-edad-las-situamos-en-el-centro-de-nuestras-acciones-y-respetamos-en-todo-momento-sus-decisiones\\\/#primaryimage\"},\"image\":{\"@id\":\"https:\\\/\\\/cfpmaresme.org\\\/es\\\/trabajamos-con-personas-mayores-de-edad-las-situamos-en-el-centro-de-nuestras-acciones-y-respetamos-en-todo-momento-sus-decisiones\\\/#primaryimage\"},\"thumbnailUrl\":\"https:\\\/\\\/cfpmaresme.org\\\/wp-content\\\/uploads\\\/2022\\\/01\\\/banner-en-castell\u00e0-1.jpg\",\"datePublished\":\"2022-01-31T12:31:03+00:00\",\"dateModified\":\"2022-05-23T10:32:43+00:00\",\"author\":{\"@id\":\"https:\\\/\\\/cfpmaresme.org\\\/#\\\/schema\\\/person\\\/b2634bcd796fafc667ea4055f61b9b2c\"},\"breadcrumb\":{\"@id\":\"https:\\\/\\\/cfpmaresme.org\\\/es\\\/trabajamos-con-personas-mayores-de-edad-las-situamos-en-el-centro-de-nuestras-acciones-y-respetamos-en-todo-momento-sus-decisiones\\\/#breadcrumb\"},\"inLanguage\":\"es\",\"potentialAction\":[{\"@type\":\"ReadAction\",\"target\":[\"https:\\\/\\\/cfpmaresme.org\\\/es\\\/trabajamos-con-personas-mayores-de-edad-las-situamos-en-el-centro-de-nuestras-acciones-y-respetamos-en-todo-momento-sus-decisiones\\\/\"]}]},{\"@type\":\"ImageObject\",\"inLanguage\":\"es\",\"@id\":\"https:\\\/\\\/cfpmaresme.org\\\/es\\\/trabajamos-con-personas-mayores-de-edad-las-situamos-en-el-centro-de-nuestras-acciones-y-respetamos-en-todo-momento-sus-decisiones\\\/#primaryimage\",\"url\":\"https:\\\/\\\/cfpmaresme.org\\\/wp-content\\\/uploads\\\/2022\\\/01\\\/banner-en-castell\u00e0-1.jpg\",\"contentUrl\":\"https:\\\/\\\/cfpmaresme.org\\\/wp-content\\\/uploads\\\/2022\\\/01\\\/banner-en-castell\u00e0-1.jpg\",\"width\":985,\"height\":230},{\"@type\":\"BreadcrumbList\",\"@id\":\"https:\\\/\\\/cfpmaresme.org\\\/es\\\/trabajamos-con-personas-mayores-de-edad-las-situamos-en-el-centro-de-nuestras-acciones-y-respetamos-en-todo-momento-sus-decisiones\\\/#breadcrumb\",\"itemListElement\":[{\"@type\":\"ListItem\",\"position\":1,\"name\":\"Home\",\"item\":\"https:\\\/\\\/cfpmaresme.org\\\/es\\\/\"},{\"@type\":\"ListItem\",\"position\":2,\"name\":\"\u00abTrabajamos con personas mayores de edad, las situamos en el centro de nuestras acciones y respetamos en todo momento sus decisiones\u00bb\"}]},{\"@type\":\"WebSite\",\"@id\":\"https:\\\/\\\/cfpmaresme.org\\\/#website\",\"url\":\"https:\\\/\\\/cfpmaresme.org\\\/\",\"name\":\"CFP Maresme\",\"description\":\"Centre Formaci\u00f3 Prevenci\u00f3\",\"potentialAction\":[{\"@type\":\"SearchAction\",\"target\":{\"@type\":\"EntryPoint\",\"urlTemplate\":\"https:\\\/\\\/cfpmaresme.org\\\/?s={search_term_string}\"},\"query-input\":{\"@type\":\"PropertyValueSpecification\",\"valueRequired\":true,\"valueName\":\"search_term_string\"}}],\"inLanguage\":\"es\"},{\"@type\":\"Person\",\"@id\":\"https:\\\/\\\/cfpmaresme.org\\\/#\\\/schema\\\/person\\\/b2634bcd796fafc667ea4055f61b9b2c\",\"name\":\"CFPMaresme\"}]}<\/script>\n<!-- \/ Yoast SEO plugin. -->","yoast_head_json":{"title":"\"Trabajamos con personas mayores de edad, las situamos en el centro de nuestras acciones y respetamos en todo momento sus decisiones\" | CFP Maresme","robots":{"index":"index","follow":"follow","max-snippet":"max-snippet:-1","max-image-preview":"max-image-preview:large","max-video-preview":"max-video-preview:-1"},"canonical":"https:\/\/cfpmaresme.org\/es\/trabajamos-con-personas-mayores-de-edad-las-situamos-en-el-centro-de-nuestras-acciones-y-respetamos-en-todo-momento-sus-decisiones\/","og_locale":"es_ES","og_type":"article","og_title":"\"Trabajamos con personas mayores de edad, las situamos en el centro de nuestras acciones y respetamos en todo momento sus decisiones\" | CFP Maresme","og_description":"Por Carla Cruells, responsable de Comunicaci\u00f3n del CFP &nbsp; Perfil: Sergi forma parte del equipo de Hogares Asistidos desde hace 5 a\u00f1os. Son hogares donde viven tres o cuatro personas mayores de edad que conviven con una problem\u00e1tica de salud mental. Pueden vivir solas pero...","og_url":"https:\/\/cfpmaresme.org\/es\/trabajamos-con-personas-mayores-de-edad-las-situamos-en-el-centro-de-nuestras-acciones-y-respetamos-en-todo-momento-sus-decisiones\/","og_site_name":"CFP Maresme","article_published_time":"2022-01-31T12:31:03+00:00","article_modified_time":"2022-05-23T10:32:43+00:00","og_image":[{"width":985,"height":230,"url":"https:\/\/cfpmaresme.org\/wp-content\/uploads\/2022\/01\/banner-en-castell\u00e0-1.jpg","type":"image\/jpeg"}],"author":"CFPMaresme","twitter_card":"summary_large_image","twitter_creator":"@cfpmaresme","twitter_site":"@cfpmaresme","twitter_misc":{"Escrito por":"CFPMaresme","Tiempo de lectura":"8 minutos"},"schema":{"@context":"https:\/\/schema.org","@graph":[{"@type":"Article","@id":"https:\/\/cfpmaresme.org\/es\/trabajamos-con-personas-mayores-de-edad-las-situamos-en-el-centro-de-nuestras-acciones-y-respetamos-en-todo-momento-sus-decisiones\/#article","isPartOf":{"@id":"https:\/\/cfpmaresme.org\/es\/trabajamos-con-personas-mayores-de-edad-las-situamos-en-el-centro-de-nuestras-acciones-y-respetamos-en-todo-momento-sus-decisiones\/"},"author":{"name":"CFPMaresme","@id":"https:\/\/cfpmaresme.org\/#\/schema\/person\/b2634bcd796fafc667ea4055f61b9b2c"},"headline":"\u00abTrabajamos con personas mayores de edad, las situamos en el centro de nuestras acciones y respetamos en todo momento sus decisiones\u00bb","datePublished":"2022-01-31T12:31:03+00:00","dateModified":"2022-05-23T10:32:43+00:00","mainEntityOfPage":{"@id":"https:\/\/cfpmaresme.org\/es\/trabajamos-con-personas-mayores-de-edad-las-situamos-en-el-centro-de-nuestras-acciones-y-respetamos-en-todo-momento-sus-decisiones\/"},"wordCount":1530,"commentCount":0,"image":{"@id":"https:\/\/cfpmaresme.org\/es\/trabajamos-con-personas-mayores-de-edad-las-situamos-en-el-centro-de-nuestras-acciones-y-respetamos-en-todo-momento-sus-decisiones\/#primaryimage"},"thumbnailUrl":"https:\/\/cfpmaresme.org\/wp-content\/uploads\/2022\/01\/banner-en-castell\u00e0-1.jpg","articleSection":["Entrevistas"],"inLanguage":"es"},{"@type":"WebPage","@id":"https:\/\/cfpmaresme.org\/es\/trabajamos-con-personas-mayores-de-edad-las-situamos-en-el-centro-de-nuestras-acciones-y-respetamos-en-todo-momento-sus-decisiones\/","url":"https:\/\/cfpmaresme.org\/es\/trabajamos-con-personas-mayores-de-edad-las-situamos-en-el-centro-de-nuestras-acciones-y-respetamos-en-todo-momento-sus-decisiones\/","name":"\"Trabajamos con personas mayores de edad, las situamos en el centro de nuestras acciones y respetamos en todo momento sus decisiones\" | CFP Maresme","isPartOf":{"@id":"https:\/\/cfpmaresme.org\/#website"},"primaryImageOfPage":{"@id":"https:\/\/cfpmaresme.org\/es\/trabajamos-con-personas-mayores-de-edad-las-situamos-en-el-centro-de-nuestras-acciones-y-respetamos-en-todo-momento-sus-decisiones\/#primaryimage"},"image":{"@id":"https:\/\/cfpmaresme.org\/es\/trabajamos-con-personas-mayores-de-edad-las-situamos-en-el-centro-de-nuestras-acciones-y-respetamos-en-todo-momento-sus-decisiones\/#primaryimage"},"thumbnailUrl":"https:\/\/cfpmaresme.org\/wp-content\/uploads\/2022\/01\/banner-en-castell\u00e0-1.jpg","datePublished":"2022-01-31T12:31:03+00:00","dateModified":"2022-05-23T10:32:43+00:00","author":{"@id":"https:\/\/cfpmaresme.org\/#\/schema\/person\/b2634bcd796fafc667ea4055f61b9b2c"},"breadcrumb":{"@id":"https:\/\/cfpmaresme.org\/es\/trabajamos-con-personas-mayores-de-edad-las-situamos-en-el-centro-de-nuestras-acciones-y-respetamos-en-todo-momento-sus-decisiones\/#breadcrumb"},"inLanguage":"es","potentialAction":[{"@type":"ReadAction","target":["https:\/\/cfpmaresme.org\/es\/trabajamos-con-personas-mayores-de-edad-las-situamos-en-el-centro-de-nuestras-acciones-y-respetamos-en-todo-momento-sus-decisiones\/"]}]},{"@type":"ImageObject","inLanguage":"es","@id":"https:\/\/cfpmaresme.org\/es\/trabajamos-con-personas-mayores-de-edad-las-situamos-en-el-centro-de-nuestras-acciones-y-respetamos-en-todo-momento-sus-decisiones\/#primaryimage","url":"https:\/\/cfpmaresme.org\/wp-content\/uploads\/2022\/01\/banner-en-castell\u00e0-1.jpg","contentUrl":"https:\/\/cfpmaresme.org\/wp-content\/uploads\/2022\/01\/banner-en-castell\u00e0-1.jpg","width":985,"height":230},{"@type":"BreadcrumbList","@id":"https:\/\/cfpmaresme.org\/es\/trabajamos-con-personas-mayores-de-edad-las-situamos-en-el-centro-de-nuestras-acciones-y-respetamos-en-todo-momento-sus-decisiones\/#breadcrumb","itemListElement":[{"@type":"ListItem","position":1,"name":"Home","item":"https:\/\/cfpmaresme.org\/es\/"},{"@type":"ListItem","position":2,"name":"\u00abTrabajamos con personas mayores de edad, las situamos en el centro de nuestras acciones y respetamos en todo momento sus decisiones\u00bb"}]},{"@type":"WebSite","@id":"https:\/\/cfpmaresme.org\/#website","url":"https:\/\/cfpmaresme.org\/","name":"CFP Maresme","description":"Centre Formaci\u00f3 Prevenci\u00f3","potentialAction":[{"@type":"SearchAction","target":{"@type":"EntryPoint","urlTemplate":"https:\/\/cfpmaresme.org\/?s={search_term_string}"},"query-input":{"@type":"PropertyValueSpecification","valueRequired":true,"valueName":"search_term_string"}}],"inLanguage":"es"},{"@type":"Person","@id":"https:\/\/cfpmaresme.org\/#\/schema\/person\/b2634bcd796fafc667ea4055f61b9b2c","name":"CFPMaresme"}]}},"_links":{"self":[{"href":"https:\/\/cfpmaresme.org\/es\/wp-json\/wp\/v2\/posts\/69514","targetHints":{"allow":["GET"]}}],"collection":[{"href":"https:\/\/cfpmaresme.org\/es\/wp-json\/wp\/v2\/posts"}],"about":[{"href":"https:\/\/cfpmaresme.org\/es\/wp-json\/wp\/v2\/types\/post"}],"author":[{"embeddable":true,"href":"https:\/\/cfpmaresme.org\/es\/wp-json\/wp\/v2\/users\/2"}],"replies":[{"embeddable":true,"href":"https:\/\/cfpmaresme.org\/es\/wp-json\/wp\/v2\/comments?post=69514"}],"version-history":[{"count":8,"href":"https:\/\/cfpmaresme.org\/es\/wp-json\/wp\/v2\/posts\/69514\/revisions"}],"predecessor-version":[{"id":69561,"href":"https:\/\/cfpmaresme.org\/es\/wp-json\/wp\/v2\/posts\/69514\/revisions\/69561"}],"wp:featuredmedia":[{"embeddable":true,"href":"https:\/\/cfpmaresme.org\/es\/wp-json\/wp\/v2\/media\/69519"}],"wp:attachment":[{"href":"https:\/\/cfpmaresme.org\/es\/wp-json\/wp\/v2\/media?parent=69514"}],"wp:term":[{"taxonomy":"category","embeddable":true,"href":"https:\/\/cfpmaresme.org\/es\/wp-json\/wp\/v2\/categories?post=69514"},{"taxonomy":"post_tag","embeddable":true,"href":"https:\/\/cfpmaresme.org\/es\/wp-json\/wp\/v2\/tags?post=69514"}],"curies":[{"name":"wp","href":"https:\/\/api.w.org\/{rel}","templated":true}]}}