{"id":69589,"date":"2022-02-04T14:23:52","date_gmt":"2022-02-04T12:23:52","guid":{"rendered":"https:\/\/www.cfpmaresme.org\/?p=69589"},"modified":"2022-02-14T14:46:07","modified_gmt":"2022-02-14T12:46:07","slug":"alfabetizar-informaticamente-a-las-personas-atendidas-el-hito-de-modest-el-nuevo-voluntario-de-intermediacion-laboral","status":"publish","type":"post","link":"https:\/\/cfpmaresme.org\/es\/alfabetizar-informaticamente-a-las-personas-atendidas-el-hito-de-modest-el-nuevo-voluntario-de-intermediacion-laboral\/","title":{"rendered":"Alfabetizar inform\u00e1ticamente a las personas atendidas, el hito de Modest, el nuevo voluntario de Intermediaci\u00f3n Laboral"},"content":{"rendered":"<p>Recientmente Modest ha empezado a hacer, de forma voluntaria, una actividad semanal de Alfabetizaci\u00f3n inform\u00e1tica al servicio de Formaci\u00f3n e Intermediaci\u00f3n Laboral. Asisten personas que acompa\u00f1amos desde los programas<a href=\"\/?page_id=16547\" target=\"_blank\" rel=\"noopener noreferrer\"> SIOAS<\/a> y\u00a0<a href=\"\/?page_id=16553\" target=\"_blank\" rel=\"noopener noreferrer\">MAIS<\/a> que tienen un nivel bajo de inform\u00e1tica<\/p>\n<p>&nbsp;<\/p>\n<h3>Un inicio al uso inform\u00e1tico, centrado en la b\u00fasqueda laboral<\/h3>\n<p>Modest comparte con las personas que participan a la actividad sus conocimientos ofim\u00e1ticos con el objetivo de que empiecen a ser aut\u00f3nomos\/as a la hora de buscar trabajo y, tambi\u00e9n, de hacer la mayor\u00eda de gestiones del d\u00eda a d\u00eda que requieren de un uso de las herramientas inform\u00e1ticas correcto.<\/p>\n<p>As\u00ed, empieza por explicar c\u00f3mo funcionan las herramientas m\u00e1s b\u00e1sicas como el Word, el uso del correo electr\u00f3nico, la b\u00fasqueda por Internet y les ense\u00f1a a enviar emails, adjuntar archivos, etc.<\/p>\n<p>La idea es que, una vez han aprendido el funcionamiento de cada uno de los programas y recursos, tengan la capacidad de poder crear los documentos necesarios en un proceso de b\u00fasqueda de trabajo: realizar un curr\u00edculum, una carta de presentaci\u00f3n, de motivaci\u00f3n&#8230;<\/p>\n<p>&nbsp;<\/p>\n<h3>La necesidad actual de tener conocimientos inform\u00e1ticos para buscar empleo<\/h3>\n<p>Hoy en d\u00eda el canal m\u00e1s com\u00fan para buscar candidatos y tambi\u00e9n trabajo es el online. Lejos queda la entrega en mano de curr\u00edculums como v\u00eda m\u00e1s efectiva para tener nuevas oportunidades laborales. Entre las personas que atendemos contamos con algunas que nunca han tenido la necesidad de adquirir habilidades inform\u00e1ticas y es en este camino hacia la inserci\u00f3n laboral donde se hace patente.<\/p>\n<p>El voluntariado de Modest es muy valioso. Les permitir\u00e1 poder empezar a funcionar de forma aut\u00f3noma en un aspecto tan vital como la b\u00fasqueda de trabajo por Internet.<\/p>\n<p>\u00a1Estamos muy agradecidos!<\/p>\n","protected":false},"excerpt":{"rendered":"<p>Recientmente Modest ha empezado a hacer, de forma voluntaria, una actividad semanal de Alfabetizaci\u00f3n inform\u00e1tica al servicio de Formaci\u00f3n e Intermediaci\u00f3n Laboral. Asisten personas que acompa\u00f1amos desde los programas SIOAS y\u00a0MAIS que tienen un nivel bajo de inform\u00e1tica &nbsp; Un inicio al uso inform\u00e1tico, centrado&#8230;<\/p>\n","protected":false},"author":2,"featured_media":69493,"comment_status":"open","ping_status":"open","sticky":false,"template":"","format":"standard","meta":{"footnotes":""},"categories":[1193],"tags":[],"class_list":["post-69589","post","type-post","status-publish","format-standard","has-post-thumbnail","hentry","category-servicio-de-formacion-e-intermediacion-laboral"],"yoast_head":"<!-- This site is optimized with the Yoast SEO plugin v27.4 - https:\/\/yoast.com\/product\/yoast-seo-wordpress\/ -->\n<title>Alfabetizar inform\u00e1ticamente a las personas atendidas, el hito de Modest, el nuevo voluntario de Intermediaci\u00f3n Laboral | CFP Maresme<\/title>\n<meta name=\"robots\" content=\"index, follow, max-snippet:-1, max-image-preview:large, max-video-preview:-1\" \/>\n<link rel=\"canonical\" href=\"https:\/\/cfpmaresme.org\/es\/alfabetizar-informaticamente-a-las-personas-atendidas-el-hito-de-modest-el-nuevo-voluntario-de-intermediacion-laboral\/\" \/>\n<meta property=\"og:locale\" content=\"es_ES\" \/>\n<meta property=\"og:type\" content=\"article\" \/>\n<meta property=\"og:title\" content=\"Alfabetizar inform\u00e1ticamente a las personas atendidas, el hito de Modest, el nuevo voluntario de Intermediaci\u00f3n Laboral | CFP Maresme\" \/>\n<meta property=\"og:description\" content=\"Recientmente Modest ha empezado a hacer, de forma voluntaria, una actividad semanal de Alfabetizaci\u00f3n inform\u00e1tica al servicio de Formaci\u00f3n e Intermediaci\u00f3n Laboral. Asisten personas que acompa\u00f1amos desde los programas SIOAS y\u00a0MAIS que tienen un nivel bajo de inform\u00e1tica &nbsp; Un inicio al uso inform\u00e1tico, centrado...\" \/>\n<meta property=\"og:url\" content=\"https:\/\/cfpmaresme.org\/es\/alfabetizar-informaticamente-a-las-personas-atendidas-el-hito-de-modest-el-nuevo-voluntario-de-intermediacion-laboral\/\" \/>\n<meta property=\"og:site_name\" content=\"CFP Maresme\" \/>\n<meta property=\"article:published_time\" content=\"2022-02-04T12:23:52+00:00\" \/>\n<meta property=\"article:modified_time\" content=\"2022-02-14T12:46:07+00:00\" \/>\n<meta property=\"og:image\" content=\"https:\/\/cfpmaresme.org\/wp-content\/uploads\/2022\/02\/banner-retocat.jpg\" \/>\n\t<meta property=\"og:image:width\" content=\"1191\" \/>\n\t<meta property=\"og:image:height\" content=\"652\" \/>\n\t<meta property=\"og:image:type\" content=\"image\/jpeg\" \/>\n<meta name=\"author\" content=\"CFPMaresme\" \/>\n<meta name=\"twitter:card\" content=\"summary_large_image\" \/>\n<meta name=\"twitter:creator\" content=\"@cfpmaresme\" \/>\n<meta name=\"twitter:site\" content=\"@cfpmaresme\" \/>\n<meta name=\"twitter:label1\" content=\"Escrito por\" \/>\n\t<meta name=\"twitter:data1\" content=\"CFPMaresme\" \/>\n\t<meta name=\"twitter:label2\" content=\"Tiempo de lectura\" \/>\n\t<meta name=\"twitter:data2\" content=\"2 minutos\" \/>\n<script type=\"application\/ld+json\" class=\"yoast-schema-graph\">{\"@context\":\"https:\\\/\\\/schema.org\",\"@graph\":[{\"@type\":\"Article\",\"@id\":\"https:\\\/\\\/cfpmaresme.org\\\/es\\\/alfabetizar-informaticamente-a-las-personas-atendidas-el-hito-de-modest-el-nuevo-voluntario-de-intermediacion-laboral\\\/#article\",\"isPartOf\":{\"@id\":\"https:\\\/\\\/cfpmaresme.org\\\/es\\\/alfabetizar-informaticamente-a-las-personas-atendidas-el-hito-de-modest-el-nuevo-voluntario-de-intermediacion-laboral\\\/\"},\"author\":{\"name\":\"CFPMaresme\",\"@id\":\"https:\\\/\\\/cfpmaresme.org\\\/#\\\/schema\\\/person\\\/b2634bcd796fafc667ea4055f61b9b2c\"},\"headline\":\"Alfabetizar inform\u00e1ticamente a las personas atendidas, el hito de Modest, el nuevo voluntario de Intermediaci\u00f3n Laboral\",\"datePublished\":\"2022-02-04T12:23:52+00:00\",\"dateModified\":\"2022-02-14T12:46:07+00:00\",\"mainEntityOfPage\":{\"@id\":\"https:\\\/\\\/cfpmaresme.org\\\/es\\\/alfabetizar-informaticamente-a-las-personas-atendidas-el-hito-de-modest-el-nuevo-voluntario-de-intermediacion-laboral\\\/\"},\"wordCount\":336,\"commentCount\":0,\"image\":{\"@id\":\"https:\\\/\\\/cfpmaresme.org\\\/es\\\/alfabetizar-informaticamente-a-las-personas-atendidas-el-hito-de-modest-el-nuevo-voluntario-de-intermediacion-laboral\\\/#primaryimage\"},\"thumbnailUrl\":\"https:\\\/\\\/cfpmaresme.org\\\/wp-content\\\/uploads\\\/2022\\\/02\\\/banner-retocat.jpg\",\"articleSection\":[\"Formaci\u00f3n e Intermediaci\u00f3n Laboral\"],\"inLanguage\":\"es\"},{\"@type\":\"WebPage\",\"@id\":\"https:\\\/\\\/cfpmaresme.org\\\/es\\\/alfabetizar-informaticamente-a-las-personas-atendidas-el-hito-de-modest-el-nuevo-voluntario-de-intermediacion-laboral\\\/\",\"url\":\"https:\\\/\\\/cfpmaresme.org\\\/es\\\/alfabetizar-informaticamente-a-las-personas-atendidas-el-hito-de-modest-el-nuevo-voluntario-de-intermediacion-laboral\\\/\",\"name\":\"Alfabetizar inform\u00e1ticamente a las personas atendidas, el hito de Modest, el nuevo voluntario de Intermediaci\u00f3n Laboral | CFP Maresme\",\"isPartOf\":{\"@id\":\"https:\\\/\\\/cfpmaresme.org\\\/#website\"},\"primaryImageOfPage\":{\"@id\":\"https:\\\/\\\/cfpmaresme.org\\\/es\\\/alfabetizar-informaticamente-a-las-personas-atendidas-el-hito-de-modest-el-nuevo-voluntario-de-intermediacion-laboral\\\/#primaryimage\"},\"image\":{\"@id\":\"https:\\\/\\\/cfpmaresme.org\\\/es\\\/alfabetizar-informaticamente-a-las-personas-atendidas-el-hito-de-modest-el-nuevo-voluntario-de-intermediacion-laboral\\\/#primaryimage\"},\"thumbnailUrl\":\"https:\\\/\\\/cfpmaresme.org\\\/wp-content\\\/uploads\\\/2022\\\/02\\\/banner-retocat.jpg\",\"datePublished\":\"2022-02-04T12:23:52+00:00\",\"dateModified\":\"2022-02-14T12:46:07+00:00\",\"author\":{\"@id\":\"https:\\\/\\\/cfpmaresme.org\\\/#\\\/schema\\\/person\\\/b2634bcd796fafc667ea4055f61b9b2c\"},\"breadcrumb\":{\"@id\":\"https:\\\/\\\/cfpmaresme.org\\\/es\\\/alfabetizar-informaticamente-a-las-personas-atendidas-el-hito-de-modest-el-nuevo-voluntario-de-intermediacion-laboral\\\/#breadcrumb\"},\"inLanguage\":\"es\",\"potentialAction\":[{\"@type\":\"ReadAction\",\"target\":[\"https:\\\/\\\/cfpmaresme.org\\\/es\\\/alfabetizar-informaticamente-a-las-personas-atendidas-el-hito-de-modest-el-nuevo-voluntario-de-intermediacion-laboral\\\/\"]}]},{\"@type\":\"ImageObject\",\"inLanguage\":\"es\",\"@id\":\"https:\\\/\\\/cfpmaresme.org\\\/es\\\/alfabetizar-informaticamente-a-las-personas-atendidas-el-hito-de-modest-el-nuevo-voluntario-de-intermediacion-laboral\\\/#primaryimage\",\"url\":\"https:\\\/\\\/cfpmaresme.org\\\/wp-content\\\/uploads\\\/2022\\\/02\\\/banner-retocat.jpg\",\"contentUrl\":\"https:\\\/\\\/cfpmaresme.org\\\/wp-content\\\/uploads\\\/2022\\\/02\\\/banner-retocat.jpg\",\"width\":1191,\"height\":652},{\"@type\":\"BreadcrumbList\",\"@id\":\"https:\\\/\\\/cfpmaresme.org\\\/es\\\/alfabetizar-informaticamente-a-las-personas-atendidas-el-hito-de-modest-el-nuevo-voluntario-de-intermediacion-laboral\\\/#breadcrumb\",\"itemListElement\":[{\"@type\":\"ListItem\",\"position\":1,\"name\":\"Home\",\"item\":\"https:\\\/\\\/cfpmaresme.org\\\/es\\\/\"},{\"@type\":\"ListItem\",\"position\":2,\"name\":\"Alfabetizar inform\u00e1ticamente a las personas atendidas, el hito de Modest, el nuevo voluntario de Intermediaci\u00f3n Laboral\"}]},{\"@type\":\"WebSite\",\"@id\":\"https:\\\/\\\/cfpmaresme.org\\\/#website\",\"url\":\"https:\\\/\\\/cfpmaresme.org\\\/\",\"name\":\"CFP Maresme\",\"description\":\"Centre Formaci\u00f3 Prevenci\u00f3\",\"potentialAction\":[{\"@type\":\"SearchAction\",\"target\":{\"@type\":\"EntryPoint\",\"urlTemplate\":\"https:\\\/\\\/cfpmaresme.org\\\/?s={search_term_string}\"},\"query-input\":{\"@type\":\"PropertyValueSpecification\",\"valueRequired\":true,\"valueName\":\"search_term_string\"}}],\"inLanguage\":\"es\"},{\"@type\":\"Person\",\"@id\":\"https:\\\/\\\/cfpmaresme.org\\\/#\\\/schema\\\/person\\\/b2634bcd796fafc667ea4055f61b9b2c\",\"name\":\"CFPMaresme\"}]}<\/script>\n<!-- \/ Yoast SEO plugin. -->","yoast_head_json":{"title":"Alfabetizar inform\u00e1ticamente a las personas atendidas, el hito de Modest, el nuevo voluntario de Intermediaci\u00f3n Laboral | CFP Maresme","robots":{"index":"index","follow":"follow","max-snippet":"max-snippet:-1","max-image-preview":"max-image-preview:large","max-video-preview":"max-video-preview:-1"},"canonical":"https:\/\/cfpmaresme.org\/es\/alfabetizar-informaticamente-a-las-personas-atendidas-el-hito-de-modest-el-nuevo-voluntario-de-intermediacion-laboral\/","og_locale":"es_ES","og_type":"article","og_title":"Alfabetizar inform\u00e1ticamente a las personas atendidas, el hito de Modest, el nuevo voluntario de Intermediaci\u00f3n Laboral | CFP Maresme","og_description":"Recientmente Modest ha empezado a hacer, de forma voluntaria, una actividad semanal de Alfabetizaci\u00f3n inform\u00e1tica al servicio de Formaci\u00f3n e Intermediaci\u00f3n Laboral. Asisten personas que acompa\u00f1amos desde los programas SIOAS y\u00a0MAIS que tienen un nivel bajo de inform\u00e1tica &nbsp; Un inicio al uso inform\u00e1tico, centrado...","og_url":"https:\/\/cfpmaresme.org\/es\/alfabetizar-informaticamente-a-las-personas-atendidas-el-hito-de-modest-el-nuevo-voluntario-de-intermediacion-laboral\/","og_site_name":"CFP Maresme","article_published_time":"2022-02-04T12:23:52+00:00","article_modified_time":"2022-02-14T12:46:07+00:00","og_image":[{"width":1191,"height":652,"url":"https:\/\/cfpmaresme.org\/wp-content\/uploads\/2022\/02\/banner-retocat.jpg","type":"image\/jpeg"}],"author":"CFPMaresme","twitter_card":"summary_large_image","twitter_creator":"@cfpmaresme","twitter_site":"@cfpmaresme","twitter_misc":{"Escrito por":"CFPMaresme","Tiempo de lectura":"2 minutos"},"schema":{"@context":"https:\/\/schema.org","@graph":[{"@type":"Article","@id":"https:\/\/cfpmaresme.org\/es\/alfabetizar-informaticamente-a-las-personas-atendidas-el-hito-de-modest-el-nuevo-voluntario-de-intermediacion-laboral\/#article","isPartOf":{"@id":"https:\/\/cfpmaresme.org\/es\/alfabetizar-informaticamente-a-las-personas-atendidas-el-hito-de-modest-el-nuevo-voluntario-de-intermediacion-laboral\/"},"author":{"name":"CFPMaresme","@id":"https:\/\/cfpmaresme.org\/#\/schema\/person\/b2634bcd796fafc667ea4055f61b9b2c"},"headline":"Alfabetizar inform\u00e1ticamente a las personas atendidas, el hito de Modest, el nuevo voluntario de Intermediaci\u00f3n Laboral","datePublished":"2022-02-04T12:23:52+00:00","dateModified":"2022-02-14T12:46:07+00:00","mainEntityOfPage":{"@id":"https:\/\/cfpmaresme.org\/es\/alfabetizar-informaticamente-a-las-personas-atendidas-el-hito-de-modest-el-nuevo-voluntario-de-intermediacion-laboral\/"},"wordCount":336,"commentCount":0,"image":{"@id":"https:\/\/cfpmaresme.org\/es\/alfabetizar-informaticamente-a-las-personas-atendidas-el-hito-de-modest-el-nuevo-voluntario-de-intermediacion-laboral\/#primaryimage"},"thumbnailUrl":"https:\/\/cfpmaresme.org\/wp-content\/uploads\/2022\/02\/banner-retocat.jpg","articleSection":["Formaci\u00f3n e Intermediaci\u00f3n Laboral"],"inLanguage":"es"},{"@type":"WebPage","@id":"https:\/\/cfpmaresme.org\/es\/alfabetizar-informaticamente-a-las-personas-atendidas-el-hito-de-modest-el-nuevo-voluntario-de-intermediacion-laboral\/","url":"https:\/\/cfpmaresme.org\/es\/alfabetizar-informaticamente-a-las-personas-atendidas-el-hito-de-modest-el-nuevo-voluntario-de-intermediacion-laboral\/","name":"Alfabetizar inform\u00e1ticamente a las personas atendidas, el hito de Modest, el nuevo voluntario de Intermediaci\u00f3n Laboral | CFP Maresme","isPartOf":{"@id":"https:\/\/cfpmaresme.org\/#website"},"primaryImageOfPage":{"@id":"https:\/\/cfpmaresme.org\/es\/alfabetizar-informaticamente-a-las-personas-atendidas-el-hito-de-modest-el-nuevo-voluntario-de-intermediacion-laboral\/#primaryimage"},"image":{"@id":"https:\/\/cfpmaresme.org\/es\/alfabetizar-informaticamente-a-las-personas-atendidas-el-hito-de-modest-el-nuevo-voluntario-de-intermediacion-laboral\/#primaryimage"},"thumbnailUrl":"https:\/\/cfpmaresme.org\/wp-content\/uploads\/2022\/02\/banner-retocat.jpg","datePublished":"2022-02-04T12:23:52+00:00","dateModified":"2022-02-14T12:46:07+00:00","author":{"@id":"https:\/\/cfpmaresme.org\/#\/schema\/person\/b2634bcd796fafc667ea4055f61b9b2c"},"breadcrumb":{"@id":"https:\/\/cfpmaresme.org\/es\/alfabetizar-informaticamente-a-las-personas-atendidas-el-hito-de-modest-el-nuevo-voluntario-de-intermediacion-laboral\/#breadcrumb"},"inLanguage":"es","potentialAction":[{"@type":"ReadAction","target":["https:\/\/cfpmaresme.org\/es\/alfabetizar-informaticamente-a-las-personas-atendidas-el-hito-de-modest-el-nuevo-voluntario-de-intermediacion-laboral\/"]}]},{"@type":"ImageObject","inLanguage":"es","@id":"https:\/\/cfpmaresme.org\/es\/alfabetizar-informaticamente-a-las-personas-atendidas-el-hito-de-modest-el-nuevo-voluntario-de-intermediacion-laboral\/#primaryimage","url":"https:\/\/cfpmaresme.org\/wp-content\/uploads\/2022\/02\/banner-retocat.jpg","contentUrl":"https:\/\/cfpmaresme.org\/wp-content\/uploads\/2022\/02\/banner-retocat.jpg","width":1191,"height":652},{"@type":"BreadcrumbList","@id":"https:\/\/cfpmaresme.org\/es\/alfabetizar-informaticamente-a-las-personas-atendidas-el-hito-de-modest-el-nuevo-voluntario-de-intermediacion-laboral\/#breadcrumb","itemListElement":[{"@type":"ListItem","position":1,"name":"Home","item":"https:\/\/cfpmaresme.org\/es\/"},{"@type":"ListItem","position":2,"name":"Alfabetizar inform\u00e1ticamente a las personas atendidas, el hito de Modest, el nuevo voluntario de Intermediaci\u00f3n Laboral"}]},{"@type":"WebSite","@id":"https:\/\/cfpmaresme.org\/#website","url":"https:\/\/cfpmaresme.org\/","name":"CFP Maresme","description":"Centre Formaci\u00f3 Prevenci\u00f3","potentialAction":[{"@type":"SearchAction","target":{"@type":"EntryPoint","urlTemplate":"https:\/\/cfpmaresme.org\/?s={search_term_string}"},"query-input":{"@type":"PropertyValueSpecification","valueRequired":true,"valueName":"search_term_string"}}],"inLanguage":"es"},{"@type":"Person","@id":"https:\/\/cfpmaresme.org\/#\/schema\/person\/b2634bcd796fafc667ea4055f61b9b2c","name":"CFPMaresme"}]}},"_links":{"self":[{"href":"https:\/\/cfpmaresme.org\/es\/wp-json\/wp\/v2\/posts\/69589","targetHints":{"allow":["GET"]}}],"collection":[{"href":"https:\/\/cfpmaresme.org\/es\/wp-json\/wp\/v2\/posts"}],"about":[{"href":"https:\/\/cfpmaresme.org\/es\/wp-json\/wp\/v2\/types\/post"}],"author":[{"embeddable":true,"href":"https:\/\/cfpmaresme.org\/es\/wp-json\/wp\/v2\/users\/2"}],"replies":[{"embeddable":true,"href":"https:\/\/cfpmaresme.org\/es\/wp-json\/wp\/v2\/comments?post=69589"}],"version-history":[{"count":4,"href":"https:\/\/cfpmaresme.org\/es\/wp-json\/wp\/v2\/posts\/69589\/revisions"}],"predecessor-version":[{"id":69593,"href":"https:\/\/cfpmaresme.org\/es\/wp-json\/wp\/v2\/posts\/69589\/revisions\/69593"}],"wp:featuredmedia":[{"embeddable":true,"href":"https:\/\/cfpmaresme.org\/es\/wp-json\/wp\/v2\/media\/69493"}],"wp:attachment":[{"href":"https:\/\/cfpmaresme.org\/es\/wp-json\/wp\/v2\/media?parent=69589"}],"wp:term":[{"taxonomy":"category","embeddable":true,"href":"https:\/\/cfpmaresme.org\/es\/wp-json\/wp\/v2\/categories?post=69589"},{"taxonomy":"post_tag","embeddable":true,"href":"https:\/\/cfpmaresme.org\/es\/wp-json\/wp\/v2\/tags?post=69589"}],"curies":[{"name":"wp","href":"https:\/\/api.w.org\/{rel}","templated":true}]}}