{"id":69692,"date":"2022-02-24T14:16:28","date_gmt":"2022-02-24T12:16:28","guid":{"rendered":"https:\/\/www.cfpmaresme.org\/?p=69692"},"modified":"2022-02-25T14:46:56","modified_gmt":"2022-02-25T12:46:56","slug":"el-programa-parentalitat-positiva-atiende-a-42-personas-durante-el-2021","status":"publish","type":"post","link":"https:\/\/cfpmaresme.org\/es\/el-programa-parentalitat-positiva-atiende-a-42-personas-durante-el-2021\/","title":{"rendered":"El programa Parentalitat Positiva atiende a 42 personas durante el 2021"},"content":{"rendered":"<p>Parentalitat Positiva es un programa de intervenci\u00f3n psicoterap\u00e9utica que trabaja para favorecer la reunificaci\u00f3n familiar o el acoplamiento en familia ajena garantizando los derechos del infante. Es un servicio con profesionales de la psicolog\u00eda y la educaci\u00f3n social que se ofrece a las poblaciones de las comarcas del Maresme, del Vall\u00e8s Oriental y Occidental.<\/p>\n<p>Las acciones que llevamos a cabo van dirigidas a dotar a las familias de recursos y herramientas para recuperar o reparar las funciones parentales.<\/p>\n<p>Durante el \u00faltimo a\u00f1o <strong>hemos atendido a 22 familias, <\/strong>que suman un total de <strong>42 personas,<\/strong> 24 mujeres y 18 hombres. <strong>27 de ellas, menores de edad.<\/strong><\/p>\n<p>&nbsp;<\/p>\n<p>Sonia S\u00e1nchez Bartolom\u00e9, Psic\u00f3loga Sanitaria y responsable, hasta principios de a\u00f1o, del programa explicaba en su art\u00edculo<a href=\"\/?p=23182\" target=\"_blank\" rel=\"noopener noreferrer\"> \u201cPoner en el centro a las familias, haci\u00e9ndolas protagonistas del proceso, la m\u00e1xima de Parentalitat Positiva\u201d<\/a> el recorrido que tiene que seguir un infante hasta llegar a este recurso y en qu\u00e9 momento y en qu\u00e9 situaci\u00f3n llegan.<\/p>\n<h3>Seis a\u00f1os acompa\u00f1ando a familias e infantes<\/h3>\n<p>El Programa Parentalitat Positiva naci\u00f3 ahora hace 6 a\u00f1os. Durante este tiempo hemos acompa\u00f1ado a gran cantidad de infantes y sus familias, coordinados con los equipos de la EAIA y otros servicios implicados, para mejorar su situaci\u00f3n. El trabajo se puede hacer con toda la familia, parte de ella o individualmente, seg\u00fan las necesidades de cada caso.<\/p>\n<p>La tarea de los profesionales que forman parte es <strong>escuchar y atender la familia<\/strong> dando lugar a que puedan expresar, libremente, la realidad que viven. As\u00ed, dise\u00f1amos conjuntamente con ellas un plan de trabajo individual con el objetivo de <strong>aumentar las fortalezas<\/strong> personales <strong>de cada uno <\/strong>y poder ofrecer pautas para conseguir un estado de funcionamiento familiar \u00f3ptimo.<\/p>\n<p>&nbsp;<\/p>\n<p>El objetivo es <strong>garantizar el cuidado, la protecci\u00f3n,<\/strong><strong> la orientaci\u00f3n<\/strong> y <strong>el reconocimiento de los infantes<\/strong> en un entorno donde puedan <strong>crecer de<\/strong>\u00a0la <strong>manera<\/strong> m\u00e1s <strong>positiva<\/strong> posible.<\/p>\n","protected":false},"excerpt":{"rendered":"<p>Parentalitat Positiva es un programa de intervenci\u00f3n psicoterap\u00e9utica que trabaja para favorecer la reunificaci\u00f3n familiar o el acoplamiento en familia ajena garantizando los derechos del infante. Es un servicio con profesionales de la psicolog\u00eda y la educaci\u00f3n social que se ofrece a las poblaciones de&#8230;<\/p>\n","protected":false},"author":2,"featured_media":69684,"comment_status":"open","ping_status":"open","sticky":false,"template":"","format":"standard","meta":{"footnotes":""},"categories":[1144,1246],"tags":[],"class_list":["post-69692","post","type-post","status-publish","format-standard","has-post-thumbnail","hentry","category-infancia-y-familia","category-parentalidad-positiva"],"yoast_head":"<!-- This site is optimized with the Yoast SEO plugin v27.4 - https:\/\/yoast.com\/product\/yoast-seo-wordpress\/ -->\n<title>El programa Parentalitat Positiva atiende a 42 personas durante el 2021 | CFP Maresme<\/title>\n<meta name=\"robots\" content=\"index, follow, max-snippet:-1, max-image-preview:large, max-video-preview:-1\" \/>\n<link rel=\"canonical\" href=\"https:\/\/cfpmaresme.org\/es\/el-programa-parentalitat-positiva-atiende-a-42-personas-durante-el-2021\/\" \/>\n<meta property=\"og:locale\" content=\"es_ES\" \/>\n<meta property=\"og:type\" content=\"article\" \/>\n<meta property=\"og:title\" content=\"El programa Parentalitat Positiva atiende a 42 personas durante el 2021 | CFP Maresme\" \/>\n<meta property=\"og:description\" content=\"Parentalitat Positiva es un programa de intervenci\u00f3n psicoterap\u00e9utica que trabaja para favorecer la reunificaci\u00f3n familiar o el acoplamiento en familia ajena garantizando los derechos del infante. Es un servicio con profesionales de la psicolog\u00eda y la educaci\u00f3n social que se ofrece a las poblaciones de...\" \/>\n<meta property=\"og:url\" content=\"https:\/\/cfpmaresme.org\/es\/el-programa-parentalitat-positiva-atiende-a-42-personas-durante-el-2021\/\" \/>\n<meta property=\"og:site_name\" content=\"CFP Maresme\" \/>\n<meta property=\"article:published_time\" content=\"2022-02-24T12:16:28+00:00\" \/>\n<meta property=\"article:modified_time\" content=\"2022-02-25T12:46:56+00:00\" \/>\n<meta property=\"og:image\" content=\"https:\/\/cfpmaresme.org\/wp-content\/uploads\/2022\/02\/parentalitat.jpg\" \/>\n\t<meta property=\"og:image:width\" content=\"1328\" \/>\n\t<meta property=\"og:image:height\" content=\"524\" \/>\n\t<meta property=\"og:image:type\" content=\"image\/jpeg\" \/>\n<meta name=\"author\" content=\"CFPMaresme\" \/>\n<meta name=\"twitter:card\" content=\"summary_large_image\" \/>\n<meta name=\"twitter:creator\" content=\"@cfpmaresme\" \/>\n<meta name=\"twitter:site\" content=\"@cfpmaresme\" \/>\n<meta name=\"twitter:label1\" content=\"Escrito por\" \/>\n\t<meta name=\"twitter:data1\" content=\"CFPMaresme\" \/>\n\t<meta name=\"twitter:label2\" content=\"Tiempo de lectura\" \/>\n\t<meta name=\"twitter:data2\" content=\"2 minutos\" \/>\n<script type=\"application\/ld+json\" class=\"yoast-schema-graph\">{\"@context\":\"https:\\\/\\\/schema.org\",\"@graph\":[{\"@type\":\"Article\",\"@id\":\"https:\\\/\\\/cfpmaresme.org\\\/es\\\/el-programa-parentalitat-positiva-atiende-a-42-personas-durante-el-2021\\\/#article\",\"isPartOf\":{\"@id\":\"https:\\\/\\\/cfpmaresme.org\\\/es\\\/el-programa-parentalitat-positiva-atiende-a-42-personas-durante-el-2021\\\/\"},\"author\":{\"name\":\"CFPMaresme\",\"@id\":\"https:\\\/\\\/cfpmaresme.org\\\/#\\\/schema\\\/person\\\/b2634bcd796fafc667ea4055f61b9b2c\"},\"headline\":\"El programa Parentalitat Positiva atiende a 42 personas durante el 2021\",\"datePublished\":\"2022-02-24T12:16:28+00:00\",\"dateModified\":\"2022-02-25T12:46:56+00:00\",\"mainEntityOfPage\":{\"@id\":\"https:\\\/\\\/cfpmaresme.org\\\/es\\\/el-programa-parentalitat-positiva-atiende-a-42-personas-durante-el-2021\\\/\"},\"wordCount\":339,\"commentCount\":0,\"image\":{\"@id\":\"https:\\\/\\\/cfpmaresme.org\\\/es\\\/el-programa-parentalitat-positiva-atiende-a-42-personas-durante-el-2021\\\/#primaryimage\"},\"thumbnailUrl\":\"https:\\\/\\\/cfpmaresme.org\\\/wp-content\\\/uploads\\\/2022\\\/02\\\/parentalitat.jpg\",\"articleSection\":[\"\u00c1rea de infancia, adolescencia y fam\u00edlia\",\"Parentalidad Positiva\"],\"inLanguage\":\"es\"},{\"@type\":\"WebPage\",\"@id\":\"https:\\\/\\\/cfpmaresme.org\\\/es\\\/el-programa-parentalitat-positiva-atiende-a-42-personas-durante-el-2021\\\/\",\"url\":\"https:\\\/\\\/cfpmaresme.org\\\/es\\\/el-programa-parentalitat-positiva-atiende-a-42-personas-durante-el-2021\\\/\",\"name\":\"El programa Parentalitat Positiva atiende a 42 personas durante el 2021 | CFP Maresme\",\"isPartOf\":{\"@id\":\"https:\\\/\\\/cfpmaresme.org\\\/#website\"},\"primaryImageOfPage\":{\"@id\":\"https:\\\/\\\/cfpmaresme.org\\\/es\\\/el-programa-parentalitat-positiva-atiende-a-42-personas-durante-el-2021\\\/#primaryimage\"},\"image\":{\"@id\":\"https:\\\/\\\/cfpmaresme.org\\\/es\\\/el-programa-parentalitat-positiva-atiende-a-42-personas-durante-el-2021\\\/#primaryimage\"},\"thumbnailUrl\":\"https:\\\/\\\/cfpmaresme.org\\\/wp-content\\\/uploads\\\/2022\\\/02\\\/parentalitat.jpg\",\"datePublished\":\"2022-02-24T12:16:28+00:00\",\"dateModified\":\"2022-02-25T12:46:56+00:00\",\"author\":{\"@id\":\"https:\\\/\\\/cfpmaresme.org\\\/#\\\/schema\\\/person\\\/b2634bcd796fafc667ea4055f61b9b2c\"},\"breadcrumb\":{\"@id\":\"https:\\\/\\\/cfpmaresme.org\\\/es\\\/el-programa-parentalitat-positiva-atiende-a-42-personas-durante-el-2021\\\/#breadcrumb\"},\"inLanguage\":\"es\",\"potentialAction\":[{\"@type\":\"ReadAction\",\"target\":[\"https:\\\/\\\/cfpmaresme.org\\\/es\\\/el-programa-parentalitat-positiva-atiende-a-42-personas-durante-el-2021\\\/\"]}]},{\"@type\":\"ImageObject\",\"inLanguage\":\"es\",\"@id\":\"https:\\\/\\\/cfpmaresme.org\\\/es\\\/el-programa-parentalitat-positiva-atiende-a-42-personas-durante-el-2021\\\/#primaryimage\",\"url\":\"https:\\\/\\\/cfpmaresme.org\\\/wp-content\\\/uploads\\\/2022\\\/02\\\/parentalitat.jpg\",\"contentUrl\":\"https:\\\/\\\/cfpmaresme.org\\\/wp-content\\\/uploads\\\/2022\\\/02\\\/parentalitat.jpg\",\"width\":1328,\"height\":524},{\"@type\":\"BreadcrumbList\",\"@id\":\"https:\\\/\\\/cfpmaresme.org\\\/es\\\/el-programa-parentalitat-positiva-atiende-a-42-personas-durante-el-2021\\\/#breadcrumb\",\"itemListElement\":[{\"@type\":\"ListItem\",\"position\":1,\"name\":\"Home\",\"item\":\"https:\\\/\\\/cfpmaresme.org\\\/es\\\/\"},{\"@type\":\"ListItem\",\"position\":2,\"name\":\"El programa Parentalitat Positiva atiende a 42 personas durante el 2021\"}]},{\"@type\":\"WebSite\",\"@id\":\"https:\\\/\\\/cfpmaresme.org\\\/#website\",\"url\":\"https:\\\/\\\/cfpmaresme.org\\\/\",\"name\":\"CFP Maresme\",\"description\":\"Centre Formaci\u00f3 Prevenci\u00f3\",\"potentialAction\":[{\"@type\":\"SearchAction\",\"target\":{\"@type\":\"EntryPoint\",\"urlTemplate\":\"https:\\\/\\\/cfpmaresme.org\\\/?s={search_term_string}\"},\"query-input\":{\"@type\":\"PropertyValueSpecification\",\"valueRequired\":true,\"valueName\":\"search_term_string\"}}],\"inLanguage\":\"es\"},{\"@type\":\"Person\",\"@id\":\"https:\\\/\\\/cfpmaresme.org\\\/#\\\/schema\\\/person\\\/b2634bcd796fafc667ea4055f61b9b2c\",\"name\":\"CFPMaresme\"}]}<\/script>\n<!-- \/ Yoast SEO plugin. -->","yoast_head_json":{"title":"El programa Parentalitat Positiva atiende a 42 personas durante el 2021 | CFP Maresme","robots":{"index":"index","follow":"follow","max-snippet":"max-snippet:-1","max-image-preview":"max-image-preview:large","max-video-preview":"max-video-preview:-1"},"canonical":"https:\/\/cfpmaresme.org\/es\/el-programa-parentalitat-positiva-atiende-a-42-personas-durante-el-2021\/","og_locale":"es_ES","og_type":"article","og_title":"El programa Parentalitat Positiva atiende a 42 personas durante el 2021 | CFP Maresme","og_description":"Parentalitat Positiva es un programa de intervenci\u00f3n psicoterap\u00e9utica que trabaja para favorecer la reunificaci\u00f3n familiar o el acoplamiento en familia ajena garantizando los derechos del infante. Es un servicio con profesionales de la psicolog\u00eda y la educaci\u00f3n social que se ofrece a las poblaciones de...","og_url":"https:\/\/cfpmaresme.org\/es\/el-programa-parentalitat-positiva-atiende-a-42-personas-durante-el-2021\/","og_site_name":"CFP Maresme","article_published_time":"2022-02-24T12:16:28+00:00","article_modified_time":"2022-02-25T12:46:56+00:00","og_image":[{"width":1328,"height":524,"url":"https:\/\/cfpmaresme.org\/wp-content\/uploads\/2022\/02\/parentalitat.jpg","type":"image\/jpeg"}],"author":"CFPMaresme","twitter_card":"summary_large_image","twitter_creator":"@cfpmaresme","twitter_site":"@cfpmaresme","twitter_misc":{"Escrito por":"CFPMaresme","Tiempo de lectura":"2 minutos"},"schema":{"@context":"https:\/\/schema.org","@graph":[{"@type":"Article","@id":"https:\/\/cfpmaresme.org\/es\/el-programa-parentalitat-positiva-atiende-a-42-personas-durante-el-2021\/#article","isPartOf":{"@id":"https:\/\/cfpmaresme.org\/es\/el-programa-parentalitat-positiva-atiende-a-42-personas-durante-el-2021\/"},"author":{"name":"CFPMaresme","@id":"https:\/\/cfpmaresme.org\/#\/schema\/person\/b2634bcd796fafc667ea4055f61b9b2c"},"headline":"El programa Parentalitat Positiva atiende a 42 personas durante el 2021","datePublished":"2022-02-24T12:16:28+00:00","dateModified":"2022-02-25T12:46:56+00:00","mainEntityOfPage":{"@id":"https:\/\/cfpmaresme.org\/es\/el-programa-parentalitat-positiva-atiende-a-42-personas-durante-el-2021\/"},"wordCount":339,"commentCount":0,"image":{"@id":"https:\/\/cfpmaresme.org\/es\/el-programa-parentalitat-positiva-atiende-a-42-personas-durante-el-2021\/#primaryimage"},"thumbnailUrl":"https:\/\/cfpmaresme.org\/wp-content\/uploads\/2022\/02\/parentalitat.jpg","articleSection":["\u00c1rea de infancia, adolescencia y fam\u00edlia","Parentalidad Positiva"],"inLanguage":"es"},{"@type":"WebPage","@id":"https:\/\/cfpmaresme.org\/es\/el-programa-parentalitat-positiva-atiende-a-42-personas-durante-el-2021\/","url":"https:\/\/cfpmaresme.org\/es\/el-programa-parentalitat-positiva-atiende-a-42-personas-durante-el-2021\/","name":"El programa Parentalitat Positiva atiende a 42 personas durante el 2021 | CFP Maresme","isPartOf":{"@id":"https:\/\/cfpmaresme.org\/#website"},"primaryImageOfPage":{"@id":"https:\/\/cfpmaresme.org\/es\/el-programa-parentalitat-positiva-atiende-a-42-personas-durante-el-2021\/#primaryimage"},"image":{"@id":"https:\/\/cfpmaresme.org\/es\/el-programa-parentalitat-positiva-atiende-a-42-personas-durante-el-2021\/#primaryimage"},"thumbnailUrl":"https:\/\/cfpmaresme.org\/wp-content\/uploads\/2022\/02\/parentalitat.jpg","datePublished":"2022-02-24T12:16:28+00:00","dateModified":"2022-02-25T12:46:56+00:00","author":{"@id":"https:\/\/cfpmaresme.org\/#\/schema\/person\/b2634bcd796fafc667ea4055f61b9b2c"},"breadcrumb":{"@id":"https:\/\/cfpmaresme.org\/es\/el-programa-parentalitat-positiva-atiende-a-42-personas-durante-el-2021\/#breadcrumb"},"inLanguage":"es","potentialAction":[{"@type":"ReadAction","target":["https:\/\/cfpmaresme.org\/es\/el-programa-parentalitat-positiva-atiende-a-42-personas-durante-el-2021\/"]}]},{"@type":"ImageObject","inLanguage":"es","@id":"https:\/\/cfpmaresme.org\/es\/el-programa-parentalitat-positiva-atiende-a-42-personas-durante-el-2021\/#primaryimage","url":"https:\/\/cfpmaresme.org\/wp-content\/uploads\/2022\/02\/parentalitat.jpg","contentUrl":"https:\/\/cfpmaresme.org\/wp-content\/uploads\/2022\/02\/parentalitat.jpg","width":1328,"height":524},{"@type":"BreadcrumbList","@id":"https:\/\/cfpmaresme.org\/es\/el-programa-parentalitat-positiva-atiende-a-42-personas-durante-el-2021\/#breadcrumb","itemListElement":[{"@type":"ListItem","position":1,"name":"Home","item":"https:\/\/cfpmaresme.org\/es\/"},{"@type":"ListItem","position":2,"name":"El programa Parentalitat Positiva atiende a 42 personas durante el 2021"}]},{"@type":"WebSite","@id":"https:\/\/cfpmaresme.org\/#website","url":"https:\/\/cfpmaresme.org\/","name":"CFP Maresme","description":"Centre Formaci\u00f3 Prevenci\u00f3","potentialAction":[{"@type":"SearchAction","target":{"@type":"EntryPoint","urlTemplate":"https:\/\/cfpmaresme.org\/?s={search_term_string}"},"query-input":{"@type":"PropertyValueSpecification","valueRequired":true,"valueName":"search_term_string"}}],"inLanguage":"es"},{"@type":"Person","@id":"https:\/\/cfpmaresme.org\/#\/schema\/person\/b2634bcd796fafc667ea4055f61b9b2c","name":"CFPMaresme"}]}},"_links":{"self":[{"href":"https:\/\/cfpmaresme.org\/es\/wp-json\/wp\/v2\/posts\/69692","targetHints":{"allow":["GET"]}}],"collection":[{"href":"https:\/\/cfpmaresme.org\/es\/wp-json\/wp\/v2\/posts"}],"about":[{"href":"https:\/\/cfpmaresme.org\/es\/wp-json\/wp\/v2\/types\/post"}],"author":[{"embeddable":true,"href":"https:\/\/cfpmaresme.org\/es\/wp-json\/wp\/v2\/users\/2"}],"replies":[{"embeddable":true,"href":"https:\/\/cfpmaresme.org\/es\/wp-json\/wp\/v2\/comments?post=69692"}],"version-history":[{"count":4,"href":"https:\/\/cfpmaresme.org\/es\/wp-json\/wp\/v2\/posts\/69692\/revisions"}],"predecessor-version":[{"id":69696,"href":"https:\/\/cfpmaresme.org\/es\/wp-json\/wp\/v2\/posts\/69692\/revisions\/69696"}],"wp:featuredmedia":[{"embeddable":true,"href":"https:\/\/cfpmaresme.org\/es\/wp-json\/wp\/v2\/media\/69684"}],"wp:attachment":[{"href":"https:\/\/cfpmaresme.org\/es\/wp-json\/wp\/v2\/media?parent=69692"}],"wp:term":[{"taxonomy":"category","embeddable":true,"href":"https:\/\/cfpmaresme.org\/es\/wp-json\/wp\/v2\/categories?post=69692"},{"taxonomy":"post_tag","embeddable":true,"href":"https:\/\/cfpmaresme.org\/es\/wp-json\/wp\/v2\/tags?post=69692"}],"curies":[{"name":"wp","href":"https:\/\/api.w.org\/{rel}","templated":true}]}}