{"id":69752,"date":"2022-03-02T17:51:00","date_gmt":"2022-03-02T15:51:00","guid":{"rendered":"https:\/\/www.cfpmaresme.org\/?p=69752"},"modified":"2022-03-03T13:18:02","modified_gmt":"2022-03-03T11:18:02","slug":"finaliza-tria-itinerari-con-un-67-de-las-personas-atendidas-inseridas-laboralmente","status":"publish","type":"post","link":"https:\/\/cfpmaresme.org\/es\/finaliza-tria-itinerari-con-un-67-de-las-personas-atendidas-inseridas-laboralmente\/","title":{"rendered":"Finaliza Tria Itinerari con un 67% de las personas atendidas inseridas laboralmente"},"content":{"rendered":"<p>Tria Itinerari es un proyecto del <strong>Programa de Ayudas a iniciativas Sociales 2020<\/strong> de <strong>Fundaci\u00f3 La Caixa<\/strong>. <strong>\u00a0<\/strong>Destinado a personas que conviven con una problem\u00e1tica de<strong> salud mental<\/strong> y\/o que est\u00e1n en <strong>situaci\u00f3n de vulnerabilidad<\/strong>, su objetivo es conseguir su inserci\u00f3n sociolaboral.<\/p>\n<p>Recientemente ha finalizado este proyecto.<\/p>\n<p>&nbsp;<\/p>\n<h3>Variedad de perfiles entre las personas atendidas<\/h3>\n<p>Entre la <strong>treintena<\/strong> de <strong>personas atendidas,<\/strong> 18 hombres y 12 mujeres, hay edades muy variadas: 3 tienen de 18 a 30 a\u00f1os, 21 de 31 a 50 y 6 de 51 a 61. La situaci\u00f3n de las personas que hemos acompa\u00f1ado tambi\u00e9n es diversa: 15 se encuentran en riesgo de exclusi\u00f3n, 15 conviven con una enfermedad mental y 15 m\u00e1s son perceptoras de la Renta Garantida de Ciudadan\u00eda. Evidentemente, algunas de ellas se encuentra, a la vez, en m\u00e1s de una de estas situaciones.<\/p>\n<h3><\/h3>\n<h3>Un balance muy positivo de resultados ocupacionales<\/h3>\n<p>Mediante itinerarios individualizados, el equipo profesional de Tria Itinerari ha ayudado a las personas atendidas a inserirse laboralmente. Lo ha hecho aport\u00e1ndoles recursos para su desarrollo individual, fomentando la igualdad de oportunidades y de formaci\u00f3n en competencias t\u00e9cnicas, digitales y transversales y haci\u00e9ndolas part\u00edcipes de tareas comunitarias.<\/p>\n<p>Un trabajo conjunto, de las personas atendidas y el equipo, que concluye con muy buenos resultados: <strong>20 personas inseridas laboralmente<\/strong> (el 67% respecto el total),<strong> 2<\/strong> que participan a <strong>programas de formaci\u00f3n<\/strong> y <strong>1<\/strong> a un <strong>convenio de pr\u00e1cticas.\u00a0<\/strong><\/p>\n<p>&nbsp;<\/p>\n<p>Estamos <strong>muy contentos <\/strong>y <strong>agradecidos con Fundaci\u00f3 La Caixa <\/strong>para hacerlo posible.<\/p>\n","protected":false},"excerpt":{"rendered":"<p>Tria Itinerari es un proyecto del Programa de Ayudas a iniciativas Sociales 2020 de Fundaci\u00f3 La Caixa. \u00a0Destinado a personas que conviven con una problem\u00e1tica de salud mental y\/o que est\u00e1n en situaci\u00f3n de vulnerabilidad, su objetivo es conseguir su inserci\u00f3n sociolaboral. Recientemente ha finalizado&#8230;<\/p>\n","protected":false},"author":2,"featured_media":69748,"comment_status":"open","ping_status":"open","sticky":false,"template":"","format":"standard","meta":{"footnotes":""},"categories":[1193],"tags":[],"class_list":["post-69752","post","type-post","status-publish","format-standard","has-post-thumbnail","hentry","category-servicio-de-formacion-e-intermediacion-laboral"],"yoast_head":"<!-- This site is optimized with the Yoast SEO plugin v27.4 - https:\/\/yoast.com\/product\/yoast-seo-wordpress\/ -->\n<title>Finaliza Tria Itinerari con un 67% de las personas atendidas inseridas laboralmente | CFP Maresme<\/title>\n<meta name=\"robots\" content=\"index, follow, max-snippet:-1, max-image-preview:large, max-video-preview:-1\" \/>\n<link rel=\"canonical\" href=\"https:\/\/cfpmaresme.org\/es\/finaliza-tria-itinerari-con-un-67-de-las-personas-atendidas-inseridas-laboralmente\/\" \/>\n<meta property=\"og:locale\" content=\"es_ES\" \/>\n<meta property=\"og:type\" content=\"article\" \/>\n<meta property=\"og:title\" content=\"Finaliza Tria Itinerari con un 67% de las personas atendidas inseridas laboralmente | CFP Maresme\" \/>\n<meta property=\"og:description\" content=\"Tria Itinerari es un proyecto del Programa de Ayudas a iniciativas Sociales 2020 de Fundaci\u00f3 La Caixa. \u00a0Destinado a personas que conviven con una problem\u00e1tica de salud mental y\/o que est\u00e1n en situaci\u00f3n de vulnerabilidad, su objetivo es conseguir su inserci\u00f3n sociolaboral. Recientemente ha finalizado...\" \/>\n<meta property=\"og:url\" content=\"https:\/\/cfpmaresme.org\/es\/finaliza-tria-itinerari-con-un-67-de-las-personas-atendidas-inseridas-laboralmente\/\" \/>\n<meta property=\"og:site_name\" content=\"CFP Maresme\" \/>\n<meta property=\"article:published_time\" content=\"2022-03-02T15:51:00+00:00\" \/>\n<meta property=\"article:modified_time\" content=\"2022-03-03T11:18:02+00:00\" \/>\n<meta property=\"og:image\" content=\"https:\/\/cfpmaresme.org\/wp-content\/uploads\/2022\/03\/banner.jpg\" \/>\n\t<meta property=\"og:image:width\" content=\"923\" \/>\n\t<meta property=\"og:image:height\" content=\"392\" \/>\n\t<meta property=\"og:image:type\" content=\"image\/jpeg\" \/>\n<meta name=\"author\" content=\"CFPMaresme\" \/>\n<meta name=\"twitter:card\" content=\"summary_large_image\" \/>\n<meta name=\"twitter:creator\" content=\"@cfpmaresme\" \/>\n<meta name=\"twitter:site\" content=\"@cfpmaresme\" \/>\n<meta name=\"twitter:label1\" content=\"Escrito por\" \/>\n\t<meta name=\"twitter:data1\" content=\"CFPMaresme\" \/>\n\t<meta name=\"twitter:label2\" content=\"Tiempo de lectura\" \/>\n\t<meta name=\"twitter:data2\" content=\"1 minuto\" \/>\n<script type=\"application\/ld+json\" class=\"yoast-schema-graph\">{\"@context\":\"https:\\\/\\\/schema.org\",\"@graph\":[{\"@type\":\"Article\",\"@id\":\"https:\\\/\\\/cfpmaresme.org\\\/es\\\/finaliza-tria-itinerari-con-un-67-de-las-personas-atendidas-inseridas-laboralmente\\\/#article\",\"isPartOf\":{\"@id\":\"https:\\\/\\\/cfpmaresme.org\\\/es\\\/finaliza-tria-itinerari-con-un-67-de-las-personas-atendidas-inseridas-laboralmente\\\/\"},\"author\":{\"name\":\"CFPMaresme\",\"@id\":\"https:\\\/\\\/cfpmaresme.org\\\/#\\\/schema\\\/person\\\/b2634bcd796fafc667ea4055f61b9b2c\"},\"headline\":\"Finaliza Tria Itinerari con un 67% de las personas atendidas inseridas laboralmente\",\"datePublished\":\"2022-03-02T15:51:00+00:00\",\"dateModified\":\"2022-03-03T11:18:02+00:00\",\"mainEntityOfPage\":{\"@id\":\"https:\\\/\\\/cfpmaresme.org\\\/es\\\/finaliza-tria-itinerari-con-un-67-de-las-personas-atendidas-inseridas-laboralmente\\\/\"},\"wordCount\":257,\"commentCount\":0,\"image\":{\"@id\":\"https:\\\/\\\/cfpmaresme.org\\\/es\\\/finaliza-tria-itinerari-con-un-67-de-las-personas-atendidas-inseridas-laboralmente\\\/#primaryimage\"},\"thumbnailUrl\":\"https:\\\/\\\/cfpmaresme.org\\\/wp-content\\\/uploads\\\/2022\\\/03\\\/banner.jpg\",\"articleSection\":[\"Formaci\u00f3n e Intermediaci\u00f3n Laboral\"],\"inLanguage\":\"es\"},{\"@type\":\"WebPage\",\"@id\":\"https:\\\/\\\/cfpmaresme.org\\\/es\\\/finaliza-tria-itinerari-con-un-67-de-las-personas-atendidas-inseridas-laboralmente\\\/\",\"url\":\"https:\\\/\\\/cfpmaresme.org\\\/es\\\/finaliza-tria-itinerari-con-un-67-de-las-personas-atendidas-inseridas-laboralmente\\\/\",\"name\":\"Finaliza Tria Itinerari con un 67% de las personas atendidas inseridas laboralmente | CFP Maresme\",\"isPartOf\":{\"@id\":\"https:\\\/\\\/cfpmaresme.org\\\/#website\"},\"primaryImageOfPage\":{\"@id\":\"https:\\\/\\\/cfpmaresme.org\\\/es\\\/finaliza-tria-itinerari-con-un-67-de-las-personas-atendidas-inseridas-laboralmente\\\/#primaryimage\"},\"image\":{\"@id\":\"https:\\\/\\\/cfpmaresme.org\\\/es\\\/finaliza-tria-itinerari-con-un-67-de-las-personas-atendidas-inseridas-laboralmente\\\/#primaryimage\"},\"thumbnailUrl\":\"https:\\\/\\\/cfpmaresme.org\\\/wp-content\\\/uploads\\\/2022\\\/03\\\/banner.jpg\",\"datePublished\":\"2022-03-02T15:51:00+00:00\",\"dateModified\":\"2022-03-03T11:18:02+00:00\",\"author\":{\"@id\":\"https:\\\/\\\/cfpmaresme.org\\\/#\\\/schema\\\/person\\\/b2634bcd796fafc667ea4055f61b9b2c\"},\"breadcrumb\":{\"@id\":\"https:\\\/\\\/cfpmaresme.org\\\/es\\\/finaliza-tria-itinerari-con-un-67-de-las-personas-atendidas-inseridas-laboralmente\\\/#breadcrumb\"},\"inLanguage\":\"es\",\"potentialAction\":[{\"@type\":\"ReadAction\",\"target\":[\"https:\\\/\\\/cfpmaresme.org\\\/es\\\/finaliza-tria-itinerari-con-un-67-de-las-personas-atendidas-inseridas-laboralmente\\\/\"]}]},{\"@type\":\"ImageObject\",\"inLanguage\":\"es\",\"@id\":\"https:\\\/\\\/cfpmaresme.org\\\/es\\\/finaliza-tria-itinerari-con-un-67-de-las-personas-atendidas-inseridas-laboralmente\\\/#primaryimage\",\"url\":\"https:\\\/\\\/cfpmaresme.org\\\/wp-content\\\/uploads\\\/2022\\\/03\\\/banner.jpg\",\"contentUrl\":\"https:\\\/\\\/cfpmaresme.org\\\/wp-content\\\/uploads\\\/2022\\\/03\\\/banner.jpg\",\"width\":923,\"height\":392},{\"@type\":\"BreadcrumbList\",\"@id\":\"https:\\\/\\\/cfpmaresme.org\\\/es\\\/finaliza-tria-itinerari-con-un-67-de-las-personas-atendidas-inseridas-laboralmente\\\/#breadcrumb\",\"itemListElement\":[{\"@type\":\"ListItem\",\"position\":1,\"name\":\"Home\",\"item\":\"https:\\\/\\\/cfpmaresme.org\\\/es\\\/\"},{\"@type\":\"ListItem\",\"position\":2,\"name\":\"Finaliza Tria Itinerari con un 67% de las personas atendidas inseridas laboralmente\"}]},{\"@type\":\"WebSite\",\"@id\":\"https:\\\/\\\/cfpmaresme.org\\\/#website\",\"url\":\"https:\\\/\\\/cfpmaresme.org\\\/\",\"name\":\"CFP Maresme\",\"description\":\"Centre Formaci\u00f3 Prevenci\u00f3\",\"potentialAction\":[{\"@type\":\"SearchAction\",\"target\":{\"@type\":\"EntryPoint\",\"urlTemplate\":\"https:\\\/\\\/cfpmaresme.org\\\/?s={search_term_string}\"},\"query-input\":{\"@type\":\"PropertyValueSpecification\",\"valueRequired\":true,\"valueName\":\"search_term_string\"}}],\"inLanguage\":\"es\"},{\"@type\":\"Person\",\"@id\":\"https:\\\/\\\/cfpmaresme.org\\\/#\\\/schema\\\/person\\\/b2634bcd796fafc667ea4055f61b9b2c\",\"name\":\"CFPMaresme\"}]}<\/script>\n<!-- \/ Yoast SEO plugin. -->","yoast_head_json":{"title":"Finaliza Tria Itinerari con un 67% de las personas atendidas inseridas laboralmente | CFP Maresme","robots":{"index":"index","follow":"follow","max-snippet":"max-snippet:-1","max-image-preview":"max-image-preview:large","max-video-preview":"max-video-preview:-1"},"canonical":"https:\/\/cfpmaresme.org\/es\/finaliza-tria-itinerari-con-un-67-de-las-personas-atendidas-inseridas-laboralmente\/","og_locale":"es_ES","og_type":"article","og_title":"Finaliza Tria Itinerari con un 67% de las personas atendidas inseridas laboralmente | CFP Maresme","og_description":"Tria Itinerari es un proyecto del Programa de Ayudas a iniciativas Sociales 2020 de Fundaci\u00f3 La Caixa. \u00a0Destinado a personas que conviven con una problem\u00e1tica de salud mental y\/o que est\u00e1n en situaci\u00f3n de vulnerabilidad, su objetivo es conseguir su inserci\u00f3n sociolaboral. Recientemente ha finalizado...","og_url":"https:\/\/cfpmaresme.org\/es\/finaliza-tria-itinerari-con-un-67-de-las-personas-atendidas-inseridas-laboralmente\/","og_site_name":"CFP Maresme","article_published_time":"2022-03-02T15:51:00+00:00","article_modified_time":"2022-03-03T11:18:02+00:00","og_image":[{"width":923,"height":392,"url":"https:\/\/cfpmaresme.org\/wp-content\/uploads\/2022\/03\/banner.jpg","type":"image\/jpeg"}],"author":"CFPMaresme","twitter_card":"summary_large_image","twitter_creator":"@cfpmaresme","twitter_site":"@cfpmaresme","twitter_misc":{"Escrito por":"CFPMaresme","Tiempo de lectura":"1 minuto"},"schema":{"@context":"https:\/\/schema.org","@graph":[{"@type":"Article","@id":"https:\/\/cfpmaresme.org\/es\/finaliza-tria-itinerari-con-un-67-de-las-personas-atendidas-inseridas-laboralmente\/#article","isPartOf":{"@id":"https:\/\/cfpmaresme.org\/es\/finaliza-tria-itinerari-con-un-67-de-las-personas-atendidas-inseridas-laboralmente\/"},"author":{"name":"CFPMaresme","@id":"https:\/\/cfpmaresme.org\/#\/schema\/person\/b2634bcd796fafc667ea4055f61b9b2c"},"headline":"Finaliza Tria Itinerari con un 67% de las personas atendidas inseridas laboralmente","datePublished":"2022-03-02T15:51:00+00:00","dateModified":"2022-03-03T11:18:02+00:00","mainEntityOfPage":{"@id":"https:\/\/cfpmaresme.org\/es\/finaliza-tria-itinerari-con-un-67-de-las-personas-atendidas-inseridas-laboralmente\/"},"wordCount":257,"commentCount":0,"image":{"@id":"https:\/\/cfpmaresme.org\/es\/finaliza-tria-itinerari-con-un-67-de-las-personas-atendidas-inseridas-laboralmente\/#primaryimage"},"thumbnailUrl":"https:\/\/cfpmaresme.org\/wp-content\/uploads\/2022\/03\/banner.jpg","articleSection":["Formaci\u00f3n e Intermediaci\u00f3n Laboral"],"inLanguage":"es"},{"@type":"WebPage","@id":"https:\/\/cfpmaresme.org\/es\/finaliza-tria-itinerari-con-un-67-de-las-personas-atendidas-inseridas-laboralmente\/","url":"https:\/\/cfpmaresme.org\/es\/finaliza-tria-itinerari-con-un-67-de-las-personas-atendidas-inseridas-laboralmente\/","name":"Finaliza Tria Itinerari con un 67% de las personas atendidas inseridas laboralmente | CFP Maresme","isPartOf":{"@id":"https:\/\/cfpmaresme.org\/#website"},"primaryImageOfPage":{"@id":"https:\/\/cfpmaresme.org\/es\/finaliza-tria-itinerari-con-un-67-de-las-personas-atendidas-inseridas-laboralmente\/#primaryimage"},"image":{"@id":"https:\/\/cfpmaresme.org\/es\/finaliza-tria-itinerari-con-un-67-de-las-personas-atendidas-inseridas-laboralmente\/#primaryimage"},"thumbnailUrl":"https:\/\/cfpmaresme.org\/wp-content\/uploads\/2022\/03\/banner.jpg","datePublished":"2022-03-02T15:51:00+00:00","dateModified":"2022-03-03T11:18:02+00:00","author":{"@id":"https:\/\/cfpmaresme.org\/#\/schema\/person\/b2634bcd796fafc667ea4055f61b9b2c"},"breadcrumb":{"@id":"https:\/\/cfpmaresme.org\/es\/finaliza-tria-itinerari-con-un-67-de-las-personas-atendidas-inseridas-laboralmente\/#breadcrumb"},"inLanguage":"es","potentialAction":[{"@type":"ReadAction","target":["https:\/\/cfpmaresme.org\/es\/finaliza-tria-itinerari-con-un-67-de-las-personas-atendidas-inseridas-laboralmente\/"]}]},{"@type":"ImageObject","inLanguage":"es","@id":"https:\/\/cfpmaresme.org\/es\/finaliza-tria-itinerari-con-un-67-de-las-personas-atendidas-inseridas-laboralmente\/#primaryimage","url":"https:\/\/cfpmaresme.org\/wp-content\/uploads\/2022\/03\/banner.jpg","contentUrl":"https:\/\/cfpmaresme.org\/wp-content\/uploads\/2022\/03\/banner.jpg","width":923,"height":392},{"@type":"BreadcrumbList","@id":"https:\/\/cfpmaresme.org\/es\/finaliza-tria-itinerari-con-un-67-de-las-personas-atendidas-inseridas-laboralmente\/#breadcrumb","itemListElement":[{"@type":"ListItem","position":1,"name":"Home","item":"https:\/\/cfpmaresme.org\/es\/"},{"@type":"ListItem","position":2,"name":"Finaliza Tria Itinerari con un 67% de las personas atendidas inseridas laboralmente"}]},{"@type":"WebSite","@id":"https:\/\/cfpmaresme.org\/#website","url":"https:\/\/cfpmaresme.org\/","name":"CFP Maresme","description":"Centre Formaci\u00f3 Prevenci\u00f3","potentialAction":[{"@type":"SearchAction","target":{"@type":"EntryPoint","urlTemplate":"https:\/\/cfpmaresme.org\/?s={search_term_string}"},"query-input":{"@type":"PropertyValueSpecification","valueRequired":true,"valueName":"search_term_string"}}],"inLanguage":"es"},{"@type":"Person","@id":"https:\/\/cfpmaresme.org\/#\/schema\/person\/b2634bcd796fafc667ea4055f61b9b2c","name":"CFPMaresme"}]}},"_links":{"self":[{"href":"https:\/\/cfpmaresme.org\/es\/wp-json\/wp\/v2\/posts\/69752","targetHints":{"allow":["GET"]}}],"collection":[{"href":"https:\/\/cfpmaresme.org\/es\/wp-json\/wp\/v2\/posts"}],"about":[{"href":"https:\/\/cfpmaresme.org\/es\/wp-json\/wp\/v2\/types\/post"}],"author":[{"embeddable":true,"href":"https:\/\/cfpmaresme.org\/es\/wp-json\/wp\/v2\/users\/2"}],"replies":[{"embeddable":true,"href":"https:\/\/cfpmaresme.org\/es\/wp-json\/wp\/v2\/comments?post=69752"}],"version-history":[{"count":5,"href":"https:\/\/cfpmaresme.org\/es\/wp-json\/wp\/v2\/posts\/69752\/revisions"}],"predecessor-version":[{"id":69773,"href":"https:\/\/cfpmaresme.org\/es\/wp-json\/wp\/v2\/posts\/69752\/revisions\/69773"}],"wp:featuredmedia":[{"embeddable":true,"href":"https:\/\/cfpmaresme.org\/es\/wp-json\/wp\/v2\/media\/69748"}],"wp:attachment":[{"href":"https:\/\/cfpmaresme.org\/es\/wp-json\/wp\/v2\/media?parent=69752"}],"wp:term":[{"taxonomy":"category","embeddable":true,"href":"https:\/\/cfpmaresme.org\/es\/wp-json\/wp\/v2\/categories?post=69752"},{"taxonomy":"post_tag","embeddable":true,"href":"https:\/\/cfpmaresme.org\/es\/wp-json\/wp\/v2\/tags?post=69752"}],"curies":[{"name":"wp","href":"https:\/\/api.w.org\/{rel}","templated":true}]}}