{"id":69841,"date":"2022-03-03T15:06:07","date_gmt":"2022-03-03T13:06:07","guid":{"rendered":"https:\/\/www.cfpmaresme.org\/?p=69841"},"modified":"2022-03-14T11:36:30","modified_gmt":"2022-03-14T09:36:30","slug":"de-una-propuesta-de-dinamizacion-de-confinamiento-a-ganar-el-tercer-premio-a-la-mejor-comparsa-grande-en-la-rua-de-carnaval-de-mataro","status":"publish","type":"post","link":"https:\/\/cfpmaresme.org\/es\/de-una-propuesta-de-dinamizacion-de-confinamiento-a-ganar-el-tercer-premio-a-la-mejor-comparsa-grande-en-la-rua-de-carnaval-de-mataro\/","title":{"rendered":"De una propuesta de dinamizaci\u00f3n de confinamiento, a ganar el tercer premio a la mejor comparsa grande en la rua de Carnaval de Matar\u00f3"},"content":{"rendered":"<p>Este ha sido un a\u00f1o complejo para los infantes y adolescentes del CRAE y para el Equipo Educativo que los acompa\u00f1a. Debido a la realidad sanitaria y a la normativa de confinamientos, muchos de los ni\u00f1os y ni\u00f1as han estado largos per\u00edodos en el Centro Residencial de Acci\u00f3n Educativa por haber pasado la Covid 19 o bien por ser contactos estrechos. Algunos de ellos incluyendo fechas tan especiales como la Navidad.<\/p>\n<p>&nbsp;<\/p>\n<h3>El Drac Mas, una idea para estar activos durante un confinamiento<\/h3>\n<p>La necesidad de <strong>buscar actividades <\/strong>para hacer llevable esta situaci\u00f3n ha devenido <strong>vital en este contexto<\/strong>. Una de ellas, idea de una Educadora, fue la <strong>creaci\u00f3n del Drac Mas<\/strong>. Es un gigante que han dise\u00f1ado, creado y construido desde el CRAE, con el soporte en algunas fases de otros equipos del CFP, como el de mantenimiento.<img loading=\"lazy\" decoding=\"async\" class=\"alignright wp-image-69784\" src=\"https:\/\/www.cfpmaresme.org\/wp-content\/uploads\/2022\/03\/penjar-la.-Imatge-del-proc\u00e9s-300x144.jpg\" alt=\"\" width=\"350\" height=\"168\" srcset=\"https:\/\/cfpmaresme.org\/wp-content\/uploads\/2022\/03\/penjar-la.-Imatge-del-proc\u00e9s-300x144.jpg 300w, https:\/\/cfpmaresme.org\/wp-content\/uploads\/2022\/03\/penjar-la.-Imatge-del-proc\u00e9s-1024x493.jpg 1024w, https:\/\/cfpmaresme.org\/wp-content\/uploads\/2022\/03\/penjar-la.-Imatge-del-proc\u00e9s-768x369.jpg 768w, https:\/\/cfpmaresme.org\/wp-content\/uploads\/2022\/03\/penjar-la.-Imatge-del-proc\u00e9s-700x337.jpg 700w, https:\/\/cfpmaresme.org\/wp-content\/uploads\/2022\/03\/penjar-la.-Imatge-del-proc\u00e9s.jpg 1418w\" sizes=\"auto, (max-width: 350px) 100vw, 350px\" \/><\/p>\n<p>Una actividad que les llev\u00f3 a trabajar desde la<strong> creatividad<\/strong>, el <strong>trabajo en equipo<\/strong> y la<strong> cooperaci\u00f3n. <\/strong>Seg\u00fan comenta una de las educadoras impulsoras del proyecto, empezaron haciendo el dibujo del Drac, tal y como lo imaginaban y aportando entre todos sus ideas. Seguidamente, con papel mach\u00e9 y cart\u00f3n, lo pintaron e hicieron los patrones para las telas.<\/p>\n<p>Durante los d\u00edas que dur\u00f3 el confinamiento los ni\u00f1os y ni\u00f1as esperaban ilusionados a la Educadora para continuar con la creaci\u00f3n del Drac. A medida que lo iban terminando, ellos mismos se sorprend\u00edan del resultado; no se cre\u00edan que aquello lo hab\u00edan realizado ellos. Esta sensaci\u00f3n fue muy satisfactoria, fruto del <strong>esfuerzo colectivo <\/strong>de <strong>crear alguna cosa juntos.<\/strong><\/p>\n<p>La idea es que <strong>el drag\u00f3n represente<\/strong> no solo el CRAE, sino tambi\u00e9n<strong> el CFP<\/strong>, en desfiles, actos comunitarios o todos aquellos lugares donde surja la oportunidad de participar. Un <strong>gigante ic\u00f3nico<\/strong> de la asociaci\u00f3n <strong>hecho por<\/strong> miembros muy especiales: <strong>los infantes y adolescentes del CRAE.<\/strong><\/p>\n<p>&nbsp;<\/p>\n<h3>La R\u00faa de Carnaval de Matar\u00f3 deviene la oportunidad ideal para presentar el Drac Mas<\/h3>\n<p><img loading=\"lazy\" decoding=\"async\" class=\"size-medium wp-image-69791 alignleft\" src=\"https:\/\/www.cfpmaresme.org\/wp-content\/uploads\/2022\/03\/collage-240x300.jpg\" alt=\"\" width=\"240\" height=\"300\" srcset=\"https:\/\/cfpmaresme.org\/wp-content\/uploads\/2022\/03\/collage-240x300.jpg 240w, https:\/\/cfpmaresme.org\/wp-content\/uploads\/2022\/03\/collage-819x1024.jpg 819w, https:\/\/cfpmaresme.org\/wp-content\/uploads\/2022\/03\/collage-768x960.jpg 768w, https:\/\/cfpmaresme.org\/wp-content\/uploads\/2022\/03\/collage-1229x1536.jpg 1229w, https:\/\/cfpmaresme.org\/wp-content\/uploads\/2022\/03\/collage-1638x2048.jpg 1638w, https:\/\/cfpmaresme.org\/wp-content\/uploads\/2022\/03\/collage-700x875.jpg 700w, https:\/\/cfpmaresme.org\/wp-content\/uploads\/2022\/03\/collage-scaled.jpg 2048w\" sizes=\"auto, (max-width: 240px) 100vw, 240px\" \/>Con la llegada de la fiesta de Carnaval, dos Educadoras con ganas y motivaci\u00f3n, animaron al grupo de ni\u00f1os y adolescentes para participar a la R\u00faa y poder sacar el gigante que hab\u00edan hecho. Nuevamente, los infantes ten\u00edan <strong>otro reto:<\/strong> la creaci\u00f3n de<strong> los disfraces de drag\u00f3n<\/strong> para grandes y peque\u00f1os.<\/p>\n<p>La R\u00faa representaba una ocasi\u00f3n perfecta para presentar el Drac Mas de una manera din\u00e1mica, festiva y, lo m\u00e1s importante, acompa\u00f1ado de los protagonistas de la historia: los infantes y adolescentes del CRAE. Todos pudieron disfrutar del ambiente y participar de esta tradici\u00f3n.<\/p>\n<p>Preguntamos a <strong>F, una ni\u00f1a de 11 a\u00f1os<\/strong> que ha participado de la creaci\u00f3n del Drac Mas y la R\u00faa, como ha vivido la experiencia. Destaca la <strong>felicidad<\/strong> que sinti\u00f3 y el <strong>trabajo en equipo<\/strong>. Lo hace con estas palabras:<\/p>\n<p><em>\u201cSent\u00ed que estaba en otro mundo porque hab\u00eda mucha gente y todo el mundo me miraba. Estaba feliz porque todos me ve\u00edan y contenta porque sal\u00ed a la tele. Disfrut\u00e9 mucho porque ten\u00edamos una coreo guai\u201d.<\/em><\/p>\n<p>As\u00ed explica el trabajo compartido: <em>\u201cTrabajamos todos juntos en equipo haciendo el Drac y los disfraces y en la R\u00faa sent\u00ed que est\u00e1bamos todos juntos y que podemos\u00bb. <img loading=\"lazy\" decoding=\"async\" class=\"alignright wp-image-69789\" src=\"https:\/\/www.cfpmaresme.org\/wp-content\/uploads\/2022\/03\/IMG-20220227-WA0009-225x300.jpg\" alt=\"\" width=\"200\" height=\"267\" srcset=\"https:\/\/cfpmaresme.org\/wp-content\/uploads\/2022\/03\/IMG-20220227-WA0009-225x300.jpg 225w, https:\/\/cfpmaresme.org\/wp-content\/uploads\/2022\/03\/IMG-20220227-WA0009-768x1024.jpg 768w, https:\/\/cfpmaresme.org\/wp-content\/uploads\/2022\/03\/IMG-20220227-WA0009-1152x1536.jpg 1152w, https:\/\/cfpmaresme.org\/wp-content\/uploads\/2022\/03\/IMG-20220227-WA0009-600x800.jpg 600w, https:\/\/cfpmaresme.org\/wp-content\/uploads\/2022\/03\/IMG-20220227-WA0009-700x933.jpg 700w, https:\/\/cfpmaresme.org\/wp-content\/uploads\/2022\/03\/IMG-20220227-WA0009.jpg 1512w\" sizes=\"auto, (max-width: 200px) 100vw, 200px\" \/><\/em><\/p>\n<p>Una de las tareas necesarias durante la R\u00faa era llevar el gigante. Lo hicieron distintos chicos de los m\u00e1s grandes del CRAE. Uno de ellos fue <strong>I, de 14 a\u00f1os.<\/strong> Comparte su experiencia de forma muy emotiva dando \u00e9nfasis en que <strong>era feliz<\/strong>, <strong>sobre todo por los m\u00e1s peque\u00f1os y por el p\u00fablico <\/strong>y en que <strong>quer\u00eda darlo todo como hab\u00eda hecho el centro<\/strong> y que <strong>somos una familia<\/strong>. Lo explica de esta manera:<\/p>\n<p><em>\u201cPersonalmente lo viv\u00ed muy feliz y m\u00e1s por los ni\u00f1os m\u00e1s peque\u00f1os. Tambi\u00e9n la felicidad que ten\u00eda el p\u00fablico hacia nosotros, hacia el drag\u00f3n. Todos nos d\u00e1bamos \u00e1nimos, nos ped\u00edamos fotos, nos d\u00e1bamos abrazos incluso los adultos&#8230;Cargar con el drag\u00f3n pesaba pero quer\u00eda darlo todo, m\u00e1s porque el centro ha estado mucho tiempo haci\u00e9ndolo y por demostrar que el centro vale mucho, todos podemos y somos una familia\u00bb.\u00a0<\/em><\/p>\n<p><em>\u00a0<\/em><\/p>\n<h3>Ganamos el tercer premio a la mejor comparsa grande<\/h3>\n<p>Impensable era que esta aventura y primer paseo del Drac acabase con premio. Y as\u00ed fue. La comparsa del<img loading=\"lazy\" decoding=\"async\" class=\"alignright wp-image-69797\" src=\"https:\/\/www.cfpmaresme.org\/wp-content\/uploads\/2022\/03\/premi-pixelada-en-png-300x225.png\" alt=\"\" width=\"200\" height=\"150\" srcset=\"https:\/\/cfpmaresme.org\/wp-content\/uploads\/2022\/03\/premi-pixelada-en-png-300x225.png 300w, https:\/\/cfpmaresme.org\/wp-content\/uploads\/2022\/03\/premi-pixelada-en-png-1024x768.png 1024w, https:\/\/cfpmaresme.org\/wp-content\/uploads\/2022\/03\/premi-pixelada-en-png-768x576.png 768w, https:\/\/cfpmaresme.org\/wp-content\/uploads\/2022\/03\/premi-pixelada-en-png-1536x1152.png 1536w, https:\/\/cfpmaresme.org\/wp-content\/uploads\/2022\/03\/premi-pixelada-en-png-800x600.png 800w, https:\/\/cfpmaresme.org\/wp-content\/uploads\/2022\/03\/premi-pixelada-en-png-700x525.png 700w, https:\/\/cfpmaresme.org\/wp-content\/uploads\/2022\/03\/premi-pixelada-en-png.png 2016w\" sizes=\"auto, (max-width: 200px) 100vw, 200px\" \/> CFP fue ganadora del <strong>tercer premio a la mejor comparsa grande<\/strong>. 500\u20ac que, m\u00e1s all\u00e1 de la gran ayuda que supondr\u00e1 este importe, lo m\u00e1s emotivo fue que es un premio que sentimos como <strong>reconocimiento a <\/strong>todo <strong>lo que hay detr\u00e1s de esta comparsa. <\/strong><\/p>\n<p>La emoci\u00f3n fue m\u00e1xima en conocer la noticia. En palabras de <strong>Irene Cerezo, Subdirectora del CRAE:<\/strong> \u201cEs una de las experiencias m\u00e1s bonitas que hemos vivido en 20 a\u00f1os en el CRAE\u201d<\/p>\n<p><strong>Salvador Ar\u00e9valo, Director del CRAE,<\/strong> e <strong>Irene<\/strong> explican que este premio se ha traducido para ellos en la <strong>alegr\u00eda de sus infantes y j\u00f3venes<\/strong> y en el <strong>reconocimiento <\/strong>por el buen trabajo, la participaci\u00f3n y el trabajo en equipo que han hecho.<\/p>\n<p>Por su lado,<strong>\u00a0F<\/strong>, ni\u00f1a de once a\u00f1os que nos ha explicado la experiencia, explica <strong>c\u00f3mo recibieron el premio <\/strong>de la siguiente manera:<\/p>\n<p><em>\u201cCuando nos dieron el premio estaba alucinando porque pensaba que no llegar\u00edamos a esto, una ilusi\u00f3n incre\u00edble porque hemos hecho una colaboraci\u00f3n todos juntos. Nos lo merecemos porque nos lo hab\u00edamos currado durante muchos meses\u00bb.\u00a0<\/em><\/p>\n<p><em>\u00a0<\/em><\/p>\n<p><img loading=\"lazy\" decoding=\"async\" class=\"size-medium wp-image-69799 alignleft\" src=\"https:\/\/www.cfpmaresme.org\/wp-content\/uploads\/2022\/03\/drac-pixelada-en-png-225x300.png\" alt=\"\" width=\"225\" height=\"300\" srcset=\"https:\/\/cfpmaresme.org\/wp-content\/uploads\/2022\/03\/drac-pixelada-en-png-225x300.png 225w, https:\/\/cfpmaresme.org\/wp-content\/uploads\/2022\/03\/drac-pixelada-en-png-768x1024.png 768w, https:\/\/cfpmaresme.org\/wp-content\/uploads\/2022\/03\/drac-pixelada-en-png-1152x1536.png 1152w, https:\/\/cfpmaresme.org\/wp-content\/uploads\/2022\/03\/drac-pixelada-en-png-600x800.png 600w, https:\/\/cfpmaresme.org\/wp-content\/uploads\/2022\/03\/drac-pixelada-en-png-700x933.png 700w, https:\/\/cfpmaresme.org\/wp-content\/uploads\/2022\/03\/drac-pixelada-en-png.png 1536w\" sizes=\"auto, (max-width: 225px) 100vw, 225px\" \/><strong>I, el chico que llevaba el gigante,<\/strong> lo viv\u00f3 de la siguiente manera:<\/p>\n<p><em>\u201cEl momento del premio est\u00e1bamos todos nerviosos, en el fondo me importaba mucho que gan\u00e1semos porque hemos estado mucho tiempo trabajando para llegar a esto y, por otra parte, por el hecho de habernos divertido. Aunque hubi\u00e9semos perdido hubiese estado muy feliz porque he hecho re\u00edr a mucha gente. <strong>Hacer felices a muchos ni\u00f1os y ni\u00f1as, esto es lo que m\u00e1s me ha gustado\u00bb.\u00a0<\/strong><\/em><\/p>\n<p>El Drac Mas y la comparsa del CFP tienen detr\u00e1s la <strong>historia de resiliencia<\/strong>, de sobreesfuerzo por parte de los infantes y adolescentes y tambi\u00e9n del Equipo Educativo. Han sido unos meses complicados, para toda la sociedad. La realidad del CRAE hace que hayan habido de afrontar <strong>momentos duros<\/strong>. Es el caso de encadenar confinamientos debido a la probabilidad de ser contactos estrechos cuando se convive con una veintena de infantes, por ejemplo.<\/p>\n<p>Con todo, este premio supone <strong>una grandiosa alegr\u00eda <\/strong>y el Drac Mas un gigante que esperamos acompa\u00f1ar en muchas ocasiones, representando la entidad y disfrutando de actividades comunitarias tantas veces como sea posible.<\/p>\n<p><img loading=\"lazy\" decoding=\"async\" class=\"size-medium wp-image-69801 aligncenter\" src=\"https:\/\/www.cfpmaresme.org\/wp-content\/uploads\/2022\/03\/grup-pixelada-en-png-300x225.png\" alt=\"\" width=\"300\" height=\"225\" srcset=\"https:\/\/cfpmaresme.org\/wp-content\/uploads\/2022\/03\/grup-pixelada-en-png-300x225.png 300w, https:\/\/cfpmaresme.org\/wp-content\/uploads\/2022\/03\/grup-pixelada-en-png-768x576.png 768w, https:\/\/cfpmaresme.org\/wp-content\/uploads\/2022\/03\/grup-pixelada-en-png-800x600.png 800w, https:\/\/cfpmaresme.org\/wp-content\/uploads\/2022\/03\/grup-pixelada-en-png-700x525.png 700w, https:\/\/cfpmaresme.org\/wp-content\/uploads\/2022\/03\/grup-pixelada-en-png.png 1024w\" sizes=\"auto, (max-width: 300px) 100vw, 300px\" \/><\/p>\n","protected":false},"excerpt":{"rendered":"<p>Este ha sido un a\u00f1o complejo para los infantes y adolescentes del CRAE y para el Equipo Educativo que los acompa\u00f1a. Debido a la realidad sanitaria y a la normativa de confinamientos, muchos de los ni\u00f1os y ni\u00f1as han estado largos per\u00edodos en el Centro&#8230;<\/p>\n","protected":false},"author":2,"featured_media":69788,"comment_status":"open","ping_status":"open","sticky":false,"template":"","format":"standard","meta":{"footnotes":""},"categories":[1144,1243,569],"tags":[],"class_list":["post-69841","post","type-post","status-publish","format-standard","has-post-thumbnail","hentry","category-infancia-y-familia","category-crae","category-sin-categorizar"],"yoast_head":"<!-- This site is optimized with the Yoast SEO plugin v27.4 - https:\/\/yoast.com\/product\/yoast-seo-wordpress\/ -->\n<title>De una propuesta de dinamizaci\u00f3n de confinamiento, a ganar el tercer premio a la mejor comparsa grande en la rua de Carnaval de Matar\u00f3 | CFP Maresme<\/title>\n<meta name=\"robots\" content=\"index, follow, max-snippet:-1, max-image-preview:large, max-video-preview:-1\" \/>\n<link rel=\"canonical\" href=\"https:\/\/cfpmaresme.org\/es\/de-una-propuesta-de-dinamizacion-de-confinamiento-a-ganar-el-tercer-premio-a-la-mejor-comparsa-grande-en-la-rua-de-carnaval-de-mataro\/\" \/>\n<meta property=\"og:locale\" content=\"es_ES\" \/>\n<meta property=\"og:type\" content=\"article\" \/>\n<meta property=\"og:title\" content=\"De una propuesta de dinamizaci\u00f3n de confinamiento, a ganar el tercer premio a la mejor comparsa grande en la rua de Carnaval de Matar\u00f3 | CFP Maresme\" \/>\n<meta property=\"og:description\" content=\"Este ha sido un a\u00f1o complejo para los infantes y adolescentes del CRAE y para el Equipo Educativo que los acompa\u00f1a. Debido a la realidad sanitaria y a la normativa de confinamientos, muchos de los ni\u00f1os y ni\u00f1as han estado largos per\u00edodos en el Centro...\" \/>\n<meta property=\"og:url\" content=\"https:\/\/cfpmaresme.org\/es\/de-una-propuesta-de-dinamizacion-de-confinamiento-a-ganar-el-tercer-premio-a-la-mejor-comparsa-grande-en-la-rua-de-carnaval-de-mataro\/\" \/>\n<meta property=\"og:site_name\" content=\"CFP Maresme\" \/>\n<meta property=\"article:published_time\" content=\"2022-03-03T13:06:07+00:00\" \/>\n<meta property=\"article:modified_time\" content=\"2022-03-14T09:36:30+00:00\" \/>\n<meta property=\"og:image\" content=\"https:\/\/cfpmaresme.org\/wp-content\/uploads\/2022\/03\/pinya-pixelada-en-png-i-retallada.jpg\" \/>\n\t<meta property=\"og:image:width\" content=\"1000\" \/>\n\t<meta property=\"og:image:height\" content=\"523\" \/>\n\t<meta property=\"og:image:type\" content=\"image\/jpeg\" \/>\n<meta name=\"author\" content=\"CFPMaresme\" \/>\n<meta name=\"twitter:card\" content=\"summary_large_image\" \/>\n<meta name=\"twitter:creator\" content=\"@cfpmaresme\" \/>\n<meta name=\"twitter:site\" content=\"@cfpmaresme\" \/>\n<meta name=\"twitter:label1\" content=\"Escrito por\" \/>\n\t<meta name=\"twitter:data1\" content=\"CFPMaresme\" \/>\n\t<meta name=\"twitter:label2\" content=\"Tiempo de lectura\" \/>\n\t<meta name=\"twitter:data2\" content=\"6 minutos\" \/>\n<script type=\"application\/ld+json\" class=\"yoast-schema-graph\">{\"@context\":\"https:\\\/\\\/schema.org\",\"@graph\":[{\"@type\":\"Article\",\"@id\":\"https:\\\/\\\/cfpmaresme.org\\\/es\\\/de-una-propuesta-de-dinamizacion-de-confinamiento-a-ganar-el-tercer-premio-a-la-mejor-comparsa-grande-en-la-rua-de-carnaval-de-mataro\\\/#article\",\"isPartOf\":{\"@id\":\"https:\\\/\\\/cfpmaresme.org\\\/es\\\/de-una-propuesta-de-dinamizacion-de-confinamiento-a-ganar-el-tercer-premio-a-la-mejor-comparsa-grande-en-la-rua-de-carnaval-de-mataro\\\/\"},\"author\":{\"name\":\"CFPMaresme\",\"@id\":\"https:\\\/\\\/cfpmaresme.org\\\/#\\\/schema\\\/person\\\/b2634bcd796fafc667ea4055f61b9b2c\"},\"headline\":\"De una propuesta de dinamizaci\u00f3n de confinamiento, a ganar el tercer premio a la mejor comparsa grande en la rua de Carnaval de Matar\u00f3\",\"datePublished\":\"2022-03-03T13:06:07+00:00\",\"dateModified\":\"2022-03-14T09:36:30+00:00\",\"mainEntityOfPage\":{\"@id\":\"https:\\\/\\\/cfpmaresme.org\\\/es\\\/de-una-propuesta-de-dinamizacion-de-confinamiento-a-ganar-el-tercer-premio-a-la-mejor-comparsa-grande-en-la-rua-de-carnaval-de-mataro\\\/\"},\"wordCount\":1166,\"commentCount\":0,\"image\":{\"@id\":\"https:\\\/\\\/cfpmaresme.org\\\/es\\\/de-una-propuesta-de-dinamizacion-de-confinamiento-a-ganar-el-tercer-premio-a-la-mejor-comparsa-grande-en-la-rua-de-carnaval-de-mataro\\\/#primaryimage\"},\"thumbnailUrl\":\"https:\\\/\\\/cfpmaresme.org\\\/wp-content\\\/uploads\\\/2022\\\/03\\\/pinya-pixelada-en-png-i-retallada.jpg\",\"articleSection\":[\"\u00c1rea de infancia, adolescencia y fam\u00edlia\",\"CRAE\",\"Sin categorizar\"],\"inLanguage\":\"es\"},{\"@type\":\"WebPage\",\"@id\":\"https:\\\/\\\/cfpmaresme.org\\\/es\\\/de-una-propuesta-de-dinamizacion-de-confinamiento-a-ganar-el-tercer-premio-a-la-mejor-comparsa-grande-en-la-rua-de-carnaval-de-mataro\\\/\",\"url\":\"https:\\\/\\\/cfpmaresme.org\\\/es\\\/de-una-propuesta-de-dinamizacion-de-confinamiento-a-ganar-el-tercer-premio-a-la-mejor-comparsa-grande-en-la-rua-de-carnaval-de-mataro\\\/\",\"name\":\"De una propuesta de dinamizaci\u00f3n de confinamiento, a ganar el tercer premio a la mejor comparsa grande en la rua de Carnaval de Matar\u00f3 | CFP Maresme\",\"isPartOf\":{\"@id\":\"https:\\\/\\\/cfpmaresme.org\\\/#website\"},\"primaryImageOfPage\":{\"@id\":\"https:\\\/\\\/cfpmaresme.org\\\/es\\\/de-una-propuesta-de-dinamizacion-de-confinamiento-a-ganar-el-tercer-premio-a-la-mejor-comparsa-grande-en-la-rua-de-carnaval-de-mataro\\\/#primaryimage\"},\"image\":{\"@id\":\"https:\\\/\\\/cfpmaresme.org\\\/es\\\/de-una-propuesta-de-dinamizacion-de-confinamiento-a-ganar-el-tercer-premio-a-la-mejor-comparsa-grande-en-la-rua-de-carnaval-de-mataro\\\/#primaryimage\"},\"thumbnailUrl\":\"https:\\\/\\\/cfpmaresme.org\\\/wp-content\\\/uploads\\\/2022\\\/03\\\/pinya-pixelada-en-png-i-retallada.jpg\",\"datePublished\":\"2022-03-03T13:06:07+00:00\",\"dateModified\":\"2022-03-14T09:36:30+00:00\",\"author\":{\"@id\":\"https:\\\/\\\/cfpmaresme.org\\\/#\\\/schema\\\/person\\\/b2634bcd796fafc667ea4055f61b9b2c\"},\"breadcrumb\":{\"@id\":\"https:\\\/\\\/cfpmaresme.org\\\/es\\\/de-una-propuesta-de-dinamizacion-de-confinamiento-a-ganar-el-tercer-premio-a-la-mejor-comparsa-grande-en-la-rua-de-carnaval-de-mataro\\\/#breadcrumb\"},\"inLanguage\":\"es\",\"potentialAction\":[{\"@type\":\"ReadAction\",\"target\":[\"https:\\\/\\\/cfpmaresme.org\\\/es\\\/de-una-propuesta-de-dinamizacion-de-confinamiento-a-ganar-el-tercer-premio-a-la-mejor-comparsa-grande-en-la-rua-de-carnaval-de-mataro\\\/\"]}]},{\"@type\":\"ImageObject\",\"inLanguage\":\"es\",\"@id\":\"https:\\\/\\\/cfpmaresme.org\\\/es\\\/de-una-propuesta-de-dinamizacion-de-confinamiento-a-ganar-el-tercer-premio-a-la-mejor-comparsa-grande-en-la-rua-de-carnaval-de-mataro\\\/#primaryimage\",\"url\":\"https:\\\/\\\/cfpmaresme.org\\\/wp-content\\\/uploads\\\/2022\\\/03\\\/pinya-pixelada-en-png-i-retallada.jpg\",\"contentUrl\":\"https:\\\/\\\/cfpmaresme.org\\\/wp-content\\\/uploads\\\/2022\\\/03\\\/pinya-pixelada-en-png-i-retallada.jpg\",\"width\":1000,\"height\":523},{\"@type\":\"BreadcrumbList\",\"@id\":\"https:\\\/\\\/cfpmaresme.org\\\/es\\\/de-una-propuesta-de-dinamizacion-de-confinamiento-a-ganar-el-tercer-premio-a-la-mejor-comparsa-grande-en-la-rua-de-carnaval-de-mataro\\\/#breadcrumb\",\"itemListElement\":[{\"@type\":\"ListItem\",\"position\":1,\"name\":\"Home\",\"item\":\"https:\\\/\\\/cfpmaresme.org\\\/es\\\/\"},{\"@type\":\"ListItem\",\"position\":2,\"name\":\"De una propuesta de dinamizaci\u00f3n de confinamiento, a ganar el tercer premio a la mejor comparsa grande en la rua de Carnaval de Matar\u00f3\"}]},{\"@type\":\"WebSite\",\"@id\":\"https:\\\/\\\/cfpmaresme.org\\\/#website\",\"url\":\"https:\\\/\\\/cfpmaresme.org\\\/\",\"name\":\"CFP Maresme\",\"description\":\"Centre Formaci\u00f3 Prevenci\u00f3\",\"potentialAction\":[{\"@type\":\"SearchAction\",\"target\":{\"@type\":\"EntryPoint\",\"urlTemplate\":\"https:\\\/\\\/cfpmaresme.org\\\/?s={search_term_string}\"},\"query-input\":{\"@type\":\"PropertyValueSpecification\",\"valueRequired\":true,\"valueName\":\"search_term_string\"}}],\"inLanguage\":\"es\"},{\"@type\":\"Person\",\"@id\":\"https:\\\/\\\/cfpmaresme.org\\\/#\\\/schema\\\/person\\\/b2634bcd796fafc667ea4055f61b9b2c\",\"name\":\"CFPMaresme\"}]}<\/script>\n<!-- \/ Yoast SEO plugin. -->","yoast_head_json":{"title":"De una propuesta de dinamizaci\u00f3n de confinamiento, a ganar el tercer premio a la mejor comparsa grande en la rua de Carnaval de Matar\u00f3 | CFP Maresme","robots":{"index":"index","follow":"follow","max-snippet":"max-snippet:-1","max-image-preview":"max-image-preview:large","max-video-preview":"max-video-preview:-1"},"canonical":"https:\/\/cfpmaresme.org\/es\/de-una-propuesta-de-dinamizacion-de-confinamiento-a-ganar-el-tercer-premio-a-la-mejor-comparsa-grande-en-la-rua-de-carnaval-de-mataro\/","og_locale":"es_ES","og_type":"article","og_title":"De una propuesta de dinamizaci\u00f3n de confinamiento, a ganar el tercer premio a la mejor comparsa grande en la rua de Carnaval de Matar\u00f3 | CFP Maresme","og_description":"Este ha sido un a\u00f1o complejo para los infantes y adolescentes del CRAE y para el Equipo Educativo que los acompa\u00f1a. Debido a la realidad sanitaria y a la normativa de confinamientos, muchos de los ni\u00f1os y ni\u00f1as han estado largos per\u00edodos en el Centro...","og_url":"https:\/\/cfpmaresme.org\/es\/de-una-propuesta-de-dinamizacion-de-confinamiento-a-ganar-el-tercer-premio-a-la-mejor-comparsa-grande-en-la-rua-de-carnaval-de-mataro\/","og_site_name":"CFP Maresme","article_published_time":"2022-03-03T13:06:07+00:00","article_modified_time":"2022-03-14T09:36:30+00:00","og_image":[{"width":1000,"height":523,"url":"https:\/\/cfpmaresme.org\/wp-content\/uploads\/2022\/03\/pinya-pixelada-en-png-i-retallada.jpg","type":"image\/jpeg"}],"author":"CFPMaresme","twitter_card":"summary_large_image","twitter_creator":"@cfpmaresme","twitter_site":"@cfpmaresme","twitter_misc":{"Escrito por":"CFPMaresme","Tiempo de lectura":"6 minutos"},"schema":{"@context":"https:\/\/schema.org","@graph":[{"@type":"Article","@id":"https:\/\/cfpmaresme.org\/es\/de-una-propuesta-de-dinamizacion-de-confinamiento-a-ganar-el-tercer-premio-a-la-mejor-comparsa-grande-en-la-rua-de-carnaval-de-mataro\/#article","isPartOf":{"@id":"https:\/\/cfpmaresme.org\/es\/de-una-propuesta-de-dinamizacion-de-confinamiento-a-ganar-el-tercer-premio-a-la-mejor-comparsa-grande-en-la-rua-de-carnaval-de-mataro\/"},"author":{"name":"CFPMaresme","@id":"https:\/\/cfpmaresme.org\/#\/schema\/person\/b2634bcd796fafc667ea4055f61b9b2c"},"headline":"De una propuesta de dinamizaci\u00f3n de confinamiento, a ganar el tercer premio a la mejor comparsa grande en la rua de Carnaval de Matar\u00f3","datePublished":"2022-03-03T13:06:07+00:00","dateModified":"2022-03-14T09:36:30+00:00","mainEntityOfPage":{"@id":"https:\/\/cfpmaresme.org\/es\/de-una-propuesta-de-dinamizacion-de-confinamiento-a-ganar-el-tercer-premio-a-la-mejor-comparsa-grande-en-la-rua-de-carnaval-de-mataro\/"},"wordCount":1166,"commentCount":0,"image":{"@id":"https:\/\/cfpmaresme.org\/es\/de-una-propuesta-de-dinamizacion-de-confinamiento-a-ganar-el-tercer-premio-a-la-mejor-comparsa-grande-en-la-rua-de-carnaval-de-mataro\/#primaryimage"},"thumbnailUrl":"https:\/\/cfpmaresme.org\/wp-content\/uploads\/2022\/03\/pinya-pixelada-en-png-i-retallada.jpg","articleSection":["\u00c1rea de infancia, adolescencia y fam\u00edlia","CRAE","Sin categorizar"],"inLanguage":"es"},{"@type":"WebPage","@id":"https:\/\/cfpmaresme.org\/es\/de-una-propuesta-de-dinamizacion-de-confinamiento-a-ganar-el-tercer-premio-a-la-mejor-comparsa-grande-en-la-rua-de-carnaval-de-mataro\/","url":"https:\/\/cfpmaresme.org\/es\/de-una-propuesta-de-dinamizacion-de-confinamiento-a-ganar-el-tercer-premio-a-la-mejor-comparsa-grande-en-la-rua-de-carnaval-de-mataro\/","name":"De una propuesta de dinamizaci\u00f3n de confinamiento, a ganar el tercer premio a la mejor comparsa grande en la rua de Carnaval de Matar\u00f3 | CFP Maresme","isPartOf":{"@id":"https:\/\/cfpmaresme.org\/#website"},"primaryImageOfPage":{"@id":"https:\/\/cfpmaresme.org\/es\/de-una-propuesta-de-dinamizacion-de-confinamiento-a-ganar-el-tercer-premio-a-la-mejor-comparsa-grande-en-la-rua-de-carnaval-de-mataro\/#primaryimage"},"image":{"@id":"https:\/\/cfpmaresme.org\/es\/de-una-propuesta-de-dinamizacion-de-confinamiento-a-ganar-el-tercer-premio-a-la-mejor-comparsa-grande-en-la-rua-de-carnaval-de-mataro\/#primaryimage"},"thumbnailUrl":"https:\/\/cfpmaresme.org\/wp-content\/uploads\/2022\/03\/pinya-pixelada-en-png-i-retallada.jpg","datePublished":"2022-03-03T13:06:07+00:00","dateModified":"2022-03-14T09:36:30+00:00","author":{"@id":"https:\/\/cfpmaresme.org\/#\/schema\/person\/b2634bcd796fafc667ea4055f61b9b2c"},"breadcrumb":{"@id":"https:\/\/cfpmaresme.org\/es\/de-una-propuesta-de-dinamizacion-de-confinamiento-a-ganar-el-tercer-premio-a-la-mejor-comparsa-grande-en-la-rua-de-carnaval-de-mataro\/#breadcrumb"},"inLanguage":"es","potentialAction":[{"@type":"ReadAction","target":["https:\/\/cfpmaresme.org\/es\/de-una-propuesta-de-dinamizacion-de-confinamiento-a-ganar-el-tercer-premio-a-la-mejor-comparsa-grande-en-la-rua-de-carnaval-de-mataro\/"]}]},{"@type":"ImageObject","inLanguage":"es","@id":"https:\/\/cfpmaresme.org\/es\/de-una-propuesta-de-dinamizacion-de-confinamiento-a-ganar-el-tercer-premio-a-la-mejor-comparsa-grande-en-la-rua-de-carnaval-de-mataro\/#primaryimage","url":"https:\/\/cfpmaresme.org\/wp-content\/uploads\/2022\/03\/pinya-pixelada-en-png-i-retallada.jpg","contentUrl":"https:\/\/cfpmaresme.org\/wp-content\/uploads\/2022\/03\/pinya-pixelada-en-png-i-retallada.jpg","width":1000,"height":523},{"@type":"BreadcrumbList","@id":"https:\/\/cfpmaresme.org\/es\/de-una-propuesta-de-dinamizacion-de-confinamiento-a-ganar-el-tercer-premio-a-la-mejor-comparsa-grande-en-la-rua-de-carnaval-de-mataro\/#breadcrumb","itemListElement":[{"@type":"ListItem","position":1,"name":"Home","item":"https:\/\/cfpmaresme.org\/es\/"},{"@type":"ListItem","position":2,"name":"De una propuesta de dinamizaci\u00f3n de confinamiento, a ganar el tercer premio a la mejor comparsa grande en la rua de Carnaval de Matar\u00f3"}]},{"@type":"WebSite","@id":"https:\/\/cfpmaresme.org\/#website","url":"https:\/\/cfpmaresme.org\/","name":"CFP Maresme","description":"Centre Formaci\u00f3 Prevenci\u00f3","potentialAction":[{"@type":"SearchAction","target":{"@type":"EntryPoint","urlTemplate":"https:\/\/cfpmaresme.org\/?s={search_term_string}"},"query-input":{"@type":"PropertyValueSpecification","valueRequired":true,"valueName":"search_term_string"}}],"inLanguage":"es"},{"@type":"Person","@id":"https:\/\/cfpmaresme.org\/#\/schema\/person\/b2634bcd796fafc667ea4055f61b9b2c","name":"CFPMaresme"}]}},"_links":{"self":[{"href":"https:\/\/cfpmaresme.org\/es\/wp-json\/wp\/v2\/posts\/69841","targetHints":{"allow":["GET"]}}],"collection":[{"href":"https:\/\/cfpmaresme.org\/es\/wp-json\/wp\/v2\/posts"}],"about":[{"href":"https:\/\/cfpmaresme.org\/es\/wp-json\/wp\/v2\/types\/post"}],"author":[{"embeddable":true,"href":"https:\/\/cfpmaresme.org\/es\/wp-json\/wp\/v2\/users\/2"}],"replies":[{"embeddable":true,"href":"https:\/\/cfpmaresme.org\/es\/wp-json\/wp\/v2\/comments?post=69841"}],"version-history":[{"count":15,"href":"https:\/\/cfpmaresme.org\/es\/wp-json\/wp\/v2\/posts\/69841\/revisions"}],"predecessor-version":[{"id":69889,"href":"https:\/\/cfpmaresme.org\/es\/wp-json\/wp\/v2\/posts\/69841\/revisions\/69889"}],"wp:featuredmedia":[{"embeddable":true,"href":"https:\/\/cfpmaresme.org\/es\/wp-json\/wp\/v2\/media\/69788"}],"wp:attachment":[{"href":"https:\/\/cfpmaresme.org\/es\/wp-json\/wp\/v2\/media?parent=69841"}],"wp:term":[{"taxonomy":"category","embeddable":true,"href":"https:\/\/cfpmaresme.org\/es\/wp-json\/wp\/v2\/categories?post=69841"},{"taxonomy":"post_tag","embeddable":true,"href":"https:\/\/cfpmaresme.org\/es\/wp-json\/wp\/v2\/tags?post=69841"}],"curies":[{"name":"wp","href":"https:\/\/api.w.org\/{rel}","templated":true}]}}