{"id":70278,"date":"2022-03-18T10:10:31","date_gmt":"2022-03-18T08:10:31","guid":{"rendered":"https:\/\/www.cfpmaresme.org\/?p=70278"},"modified":"2022-03-18T11:09:14","modified_gmt":"2022-03-18T09:09:14","slug":"20-anos-del-src-burriac-20-anos-de-trabajo-comunitario-en-premia-de-mar","status":"publish","type":"post","link":"https:\/\/cfpmaresme.org\/es\/20-anos-del-src-burriac-20-anos-de-trabajo-comunitario-en-premia-de-mar\/","title":{"rendered":"\u00ab20 a\u00f1os del SRC Burriac, 20 a\u00f1os de trabajo comunitario en Premi\u00e0 de Mar\u00bb"},"content":{"rendered":"<h4>Por Laura G\u00f3mez Quijada, Psic\u00f3loga Sanitaria colegiada n\u00ba 22965 y Jefa del SRC Burriac de Premi\u00e0 de Mar desde el 2002\u00a0 <img loading=\"lazy\" decoding=\"async\" class=\"size-medium wp-image-70275 alignright\" src=\"https:\/\/www.cfpmaresme.org\/wp-content\/uploads\/2022\/03\/Laura-G\u00f3mez-266x300.jpg\" alt=\"\" width=\"266\" height=\"300\" srcset=\"https:\/\/cfpmaresme.org\/wp-content\/uploads\/2022\/03\/Laura-G\u00f3mez-266x300.jpg 266w, https:\/\/cfpmaresme.org\/wp-content\/uploads\/2022\/03\/Laura-G\u00f3mez.jpg 681w\" sizes=\"auto, (max-width: 266px) 100vw, 266px\" \/><\/h4>\n<p>&nbsp;<\/p>\n<p>Hoy, 18 de marzo del 2022, hace exactamente <strong>dos d\u00e9cadas <\/strong>que el <strong>SRC de Premi\u00e0 de Mar<\/strong> <strong>abr\u00eda sus puertas.<\/strong> Es momento de hacer balance y, Laura G\u00f3mez, ha querido compartir con todos nosotros un art\u00edculo sobre el recorrido del recurso durante estos a\u00f1os.<\/p>\n<p>Tal y como menciona en el inicio del art\u00edculo: \u201cDesde entonces, 20 a\u00f1os han pasado llenos de proyectos estimulantes\u00bb. Los explica, enmarcados en el tiempo, detallando lo m\u00e1s relevante de cada uno de ellos.<\/p>\n<p>As\u00ed, durante la lectura <strong>descubrimos y\/o recordamos <\/strong>con qu\u00e9 <strong>proyectos<\/strong> empez\u00f3 todo <strong>aquel lejano 2002<\/strong> y c\u00f3mo fueron los primeros d\u00edas: desde la revista Bricura, actualmente reinventada en formato digital; pasando por los primeros programas de R\u00e0dio Bricura; el taller para conocer Premi\u00e0 de Mar y el origen del trabajo art\u00edstico, que ha evolucionado hasta devenir el actual Alterarte, espacio creativo y comunitario por excelencia de la entidad.<\/p>\n<p>Tambi\u00e9n rememora momentos tan importantes por el SRC Burriac como el <strong>programa comunitario de teatro \u201cPrimera Fila\u201d,<\/strong>\u00a0 que aumenta la complejidad creando un guion propio que giraba entorno de canciones de La Trinca <strong>\u201cMentre hi hagi peles\u201d<\/strong>. Un espect\u00e1culo de teatro musical que cont\u00f3 con sesiones con profesionales y una gran difusi\u00f3n en los medios de comunicaci\u00f3n. Entre muchos otros.<\/p>\n<p>Y acaba ayud\u00e1ndonos a<strong> tomar consciencia<\/strong> de todo <strong>lo que se hace actualmente<\/strong>: equinoterapia, colaboraciones en actos comunitarios, grupo de mujeres y un largo etc\u00e9tera. As\u00ed como de la importancia de trabajar y mostrar los roles de las personas atendidas para ayudarlas a recuperarse y, tambi\u00e9n, luchar contra el estigma. A parte de convivir con una problem\u00e1tica de salud mental tambi\u00e9n son artistas, personas voluntarias, colaboradores&#8230;<\/p>\n<p>El art\u00edculo recoge tambi\u00e9n un<strong> emotivo recordatorio <\/strong>a todas <strong>las personas que han formado parte <\/strong>del Servicio de Rehabilitaci\u00f3n Comunitaria y un especial homenaje a las que ya no est\u00e1n. Tal y como comenta Laura, al fin y al cabo, es un servicio para las personas desde las personas, y a\u00f1ade: <strong>\u201c El capital m\u00e1s importante que tenemos es el capital humano\u00bb.\u00a0\u00a0<\/strong><\/p>\n<p>Por \u00faltimo, hace una <strong>valoraci\u00f3n muy personal<\/strong> sobre estos 20 a\u00f1os que califica diciendo que<strong> \u201cse ha hecho un magn\u00edfico trabajo\u201d<\/strong> y explica la <strong>ilusi\u00f3n de volver a la<\/strong> total <strong>normalidad<\/strong> y\u00a0<strong>proyectos de futuro.\u00a0<\/strong><\/p>\n<p>&nbsp;<\/p>\n<p>Pod\u00e9is leer el art\u00edculo entero <a href=\"https:\/\/www.cfpmaresme.org\/wp-content\/uploads\/2022\/03\/20-A\u00d1OS-DEL-SRC-BURRIAC-20-A\u00d1OS-DE-TRABAJO-COMUNITARIO-EN-PREMI\u00c0-DE-MAR-1.pdf\" target=\"_blank\" rel=\"noopener noreferrer\">aqu\u00ed.<\/a><\/p>\n<p><strong>\u00a1Por 20 a\u00f1os m\u00e1s de trabajo, inclusi\u00f3n y recuperaci\u00f3n en el SRC Burriac! \u00a0<\/strong><\/p>\n<p>&nbsp;<\/p>\n","protected":false},"excerpt":{"rendered":"<p>Por Laura G\u00f3mez Quijada, Psic\u00f3loga Sanitaria colegiada n\u00ba 22965 y Jefa del SRC Burriac de Premi\u00e0 de Mar desde el 2002\u00a0 &nbsp; Hoy, 18 de marzo del 2022, hace exactamente dos d\u00e9cadas que el SRC de Premi\u00e0 de Mar abr\u00eda sus puertas. Es momento de&#8230;<\/p>\n","protected":false},"author":2,"featured_media":70274,"comment_status":"open","ping_status":"open","sticky":false,"template":"","format":"standard","meta":{"footnotes":""},"categories":[1231,1199],"tags":[],"class_list":["post-70278","post","type-post","status-publish","format-standard","has-post-thumbnail","hentry","category-serveis-de-rehabilitacio-comunitaria-es","category-servicios-de-rehabilitacion-comunitaria"],"yoast_head":"<!-- This site is optimized with the Yoast SEO plugin v27.4 - https:\/\/yoast.com\/product\/yoast-seo-wordpress\/ -->\n<title>&quot;20 a\u00f1os del SRC Burriac, 20 a\u00f1os de trabajo comunitario en Premi\u00e0 de Mar&quot; | CFP Maresme<\/title>\n<meta name=\"robots\" content=\"index, follow, max-snippet:-1, max-image-preview:large, max-video-preview:-1\" \/>\n<link rel=\"canonical\" href=\"https:\/\/cfpmaresme.org\/es\/20-anos-del-src-burriac-20-anos-de-trabajo-comunitario-en-premia-de-mar\/\" \/>\n<meta property=\"og:locale\" content=\"es_ES\" \/>\n<meta property=\"og:type\" content=\"article\" \/>\n<meta property=\"og:title\" content=\"&quot;20 a\u00f1os del SRC Burriac, 20 a\u00f1os de trabajo comunitario en Premi\u00e0 de Mar&quot; | CFP Maresme\" \/>\n<meta property=\"og:description\" content=\"Por Laura G\u00f3mez Quijada, Psic\u00f3loga Sanitaria colegiada n\u00ba 22965 y Jefa del SRC Burriac de Premi\u00e0 de Mar desde el 2002\u00a0 &nbsp; Hoy, 18 de marzo del 2022, hace exactamente dos d\u00e9cadas que el SRC de Premi\u00e0 de Mar abr\u00eda sus puertas. Es momento de...\" \/>\n<meta property=\"og:url\" content=\"https:\/\/cfpmaresme.org\/es\/20-anos-del-src-burriac-20-anos-de-trabajo-comunitario-en-premia-de-mar\/\" \/>\n<meta property=\"og:site_name\" content=\"CFP Maresme\" \/>\n<meta property=\"article:published_time\" content=\"2022-03-18T08:10:31+00:00\" \/>\n<meta property=\"article:modified_time\" content=\"2022-03-18T09:09:14+00:00\" \/>\n<meta property=\"og:image\" content=\"https:\/\/cfpmaresme.org\/wp-content\/uploads\/2022\/03\/banner-1.jpg\" \/>\n\t<meta property=\"og:image:width\" content=\"1157\" \/>\n\t<meta property=\"og:image:height\" content=\"567\" \/>\n\t<meta property=\"og:image:type\" content=\"image\/jpeg\" \/>\n<meta name=\"author\" content=\"CFPMaresme\" \/>\n<meta name=\"twitter:card\" content=\"summary_large_image\" \/>\n<meta name=\"twitter:creator\" content=\"@cfpmaresme\" \/>\n<meta name=\"twitter:site\" content=\"@cfpmaresme\" \/>\n<meta name=\"twitter:label1\" content=\"Escrito por\" \/>\n\t<meta name=\"twitter:data1\" content=\"CFPMaresme\" \/>\n\t<meta name=\"twitter:label2\" content=\"Tiempo de lectura\" \/>\n\t<meta name=\"twitter:data2\" content=\"2 minutos\" \/>\n<script type=\"application\/ld+json\" class=\"yoast-schema-graph\">{\"@context\":\"https:\\\/\\\/schema.org\",\"@graph\":[{\"@type\":\"Article\",\"@id\":\"https:\\\/\\\/cfpmaresme.org\\\/es\\\/20-anos-del-src-burriac-20-anos-de-trabajo-comunitario-en-premia-de-mar\\\/#article\",\"isPartOf\":{\"@id\":\"https:\\\/\\\/cfpmaresme.org\\\/es\\\/20-anos-del-src-burriac-20-anos-de-trabajo-comunitario-en-premia-de-mar\\\/\"},\"author\":{\"name\":\"CFPMaresme\",\"@id\":\"https:\\\/\\\/cfpmaresme.org\\\/#\\\/schema\\\/person\\\/b2634bcd796fafc667ea4055f61b9b2c\"},\"headline\":\"\u00ab20 a\u00f1os del SRC Burriac, 20 a\u00f1os de trabajo comunitario en Premi\u00e0 de Mar\u00bb\",\"datePublished\":\"2022-03-18T08:10:31+00:00\",\"dateModified\":\"2022-03-18T09:09:14+00:00\",\"mainEntityOfPage\":{\"@id\":\"https:\\\/\\\/cfpmaresme.org\\\/es\\\/20-anos-del-src-burriac-20-anos-de-trabajo-comunitario-en-premia-de-mar\\\/\"},\"wordCount\":457,\"commentCount\":0,\"image\":{\"@id\":\"https:\\\/\\\/cfpmaresme.org\\\/es\\\/20-anos-del-src-burriac-20-anos-de-trabajo-comunitario-en-premia-de-mar\\\/#primaryimage\"},\"thumbnailUrl\":\"https:\\\/\\\/cfpmaresme.org\\\/wp-content\\\/uploads\\\/2022\\\/03\\\/banner-1.jpg\",\"articleSection\":[\"Serveis de Rehabilitaci\u00f3 Comunit\u00e0ria\",\"Servicios de Rehabilitaci\u00f3n Comunitaria\"],\"inLanguage\":\"es\"},{\"@type\":\"WebPage\",\"@id\":\"https:\\\/\\\/cfpmaresme.org\\\/es\\\/20-anos-del-src-burriac-20-anos-de-trabajo-comunitario-en-premia-de-mar\\\/\",\"url\":\"https:\\\/\\\/cfpmaresme.org\\\/es\\\/20-anos-del-src-burriac-20-anos-de-trabajo-comunitario-en-premia-de-mar\\\/\",\"name\":\"\\\"20 a\u00f1os del SRC Burriac, 20 a\u00f1os de trabajo comunitario en Premi\u00e0 de Mar\\\" | CFP Maresme\",\"isPartOf\":{\"@id\":\"https:\\\/\\\/cfpmaresme.org\\\/#website\"},\"primaryImageOfPage\":{\"@id\":\"https:\\\/\\\/cfpmaresme.org\\\/es\\\/20-anos-del-src-burriac-20-anos-de-trabajo-comunitario-en-premia-de-mar\\\/#primaryimage\"},\"image\":{\"@id\":\"https:\\\/\\\/cfpmaresme.org\\\/es\\\/20-anos-del-src-burriac-20-anos-de-trabajo-comunitario-en-premia-de-mar\\\/#primaryimage\"},\"thumbnailUrl\":\"https:\\\/\\\/cfpmaresme.org\\\/wp-content\\\/uploads\\\/2022\\\/03\\\/banner-1.jpg\",\"datePublished\":\"2022-03-18T08:10:31+00:00\",\"dateModified\":\"2022-03-18T09:09:14+00:00\",\"author\":{\"@id\":\"https:\\\/\\\/cfpmaresme.org\\\/#\\\/schema\\\/person\\\/b2634bcd796fafc667ea4055f61b9b2c\"},\"breadcrumb\":{\"@id\":\"https:\\\/\\\/cfpmaresme.org\\\/es\\\/20-anos-del-src-burriac-20-anos-de-trabajo-comunitario-en-premia-de-mar\\\/#breadcrumb\"},\"inLanguage\":\"es\",\"potentialAction\":[{\"@type\":\"ReadAction\",\"target\":[\"https:\\\/\\\/cfpmaresme.org\\\/es\\\/20-anos-del-src-burriac-20-anos-de-trabajo-comunitario-en-premia-de-mar\\\/\"]}]},{\"@type\":\"ImageObject\",\"inLanguage\":\"es\",\"@id\":\"https:\\\/\\\/cfpmaresme.org\\\/es\\\/20-anos-del-src-burriac-20-anos-de-trabajo-comunitario-en-premia-de-mar\\\/#primaryimage\",\"url\":\"https:\\\/\\\/cfpmaresme.org\\\/wp-content\\\/uploads\\\/2022\\\/03\\\/banner-1.jpg\",\"contentUrl\":\"https:\\\/\\\/cfpmaresme.org\\\/wp-content\\\/uploads\\\/2022\\\/03\\\/banner-1.jpg\",\"width\":1157,\"height\":567},{\"@type\":\"BreadcrumbList\",\"@id\":\"https:\\\/\\\/cfpmaresme.org\\\/es\\\/20-anos-del-src-burriac-20-anos-de-trabajo-comunitario-en-premia-de-mar\\\/#breadcrumb\",\"itemListElement\":[{\"@type\":\"ListItem\",\"position\":1,\"name\":\"Home\",\"item\":\"https:\\\/\\\/cfpmaresme.org\\\/es\\\/\"},{\"@type\":\"ListItem\",\"position\":2,\"name\":\"\u00ab20 a\u00f1os del SRC Burriac, 20 a\u00f1os de trabajo comunitario en Premi\u00e0 de Mar\u00bb\"}]},{\"@type\":\"WebSite\",\"@id\":\"https:\\\/\\\/cfpmaresme.org\\\/#website\",\"url\":\"https:\\\/\\\/cfpmaresme.org\\\/\",\"name\":\"CFP Maresme\",\"description\":\"Centre Formaci\u00f3 Prevenci\u00f3\",\"potentialAction\":[{\"@type\":\"SearchAction\",\"target\":{\"@type\":\"EntryPoint\",\"urlTemplate\":\"https:\\\/\\\/cfpmaresme.org\\\/?s={search_term_string}\"},\"query-input\":{\"@type\":\"PropertyValueSpecification\",\"valueRequired\":true,\"valueName\":\"search_term_string\"}}],\"inLanguage\":\"es\"},{\"@type\":\"Person\",\"@id\":\"https:\\\/\\\/cfpmaresme.org\\\/#\\\/schema\\\/person\\\/b2634bcd796fafc667ea4055f61b9b2c\",\"name\":\"CFPMaresme\"}]}<\/script>\n<!-- \/ Yoast SEO plugin. -->","yoast_head_json":{"title":"\"20 a\u00f1os del SRC Burriac, 20 a\u00f1os de trabajo comunitario en Premi\u00e0 de Mar\" | CFP Maresme","robots":{"index":"index","follow":"follow","max-snippet":"max-snippet:-1","max-image-preview":"max-image-preview:large","max-video-preview":"max-video-preview:-1"},"canonical":"https:\/\/cfpmaresme.org\/es\/20-anos-del-src-burriac-20-anos-de-trabajo-comunitario-en-premia-de-mar\/","og_locale":"es_ES","og_type":"article","og_title":"\"20 a\u00f1os del SRC Burriac, 20 a\u00f1os de trabajo comunitario en Premi\u00e0 de Mar\" | CFP Maresme","og_description":"Por Laura G\u00f3mez Quijada, Psic\u00f3loga Sanitaria colegiada n\u00ba 22965 y Jefa del SRC Burriac de Premi\u00e0 de Mar desde el 2002\u00a0 &nbsp; Hoy, 18 de marzo del 2022, hace exactamente dos d\u00e9cadas que el SRC de Premi\u00e0 de Mar abr\u00eda sus puertas. Es momento de...","og_url":"https:\/\/cfpmaresme.org\/es\/20-anos-del-src-burriac-20-anos-de-trabajo-comunitario-en-premia-de-mar\/","og_site_name":"CFP Maresme","article_published_time":"2022-03-18T08:10:31+00:00","article_modified_time":"2022-03-18T09:09:14+00:00","og_image":[{"width":1157,"height":567,"url":"https:\/\/cfpmaresme.org\/wp-content\/uploads\/2022\/03\/banner-1.jpg","type":"image\/jpeg"}],"author":"CFPMaresme","twitter_card":"summary_large_image","twitter_creator":"@cfpmaresme","twitter_site":"@cfpmaresme","twitter_misc":{"Escrito por":"CFPMaresme","Tiempo de lectura":"2 minutos"},"schema":{"@context":"https:\/\/schema.org","@graph":[{"@type":"Article","@id":"https:\/\/cfpmaresme.org\/es\/20-anos-del-src-burriac-20-anos-de-trabajo-comunitario-en-premia-de-mar\/#article","isPartOf":{"@id":"https:\/\/cfpmaresme.org\/es\/20-anos-del-src-burriac-20-anos-de-trabajo-comunitario-en-premia-de-mar\/"},"author":{"name":"CFPMaresme","@id":"https:\/\/cfpmaresme.org\/#\/schema\/person\/b2634bcd796fafc667ea4055f61b9b2c"},"headline":"\u00ab20 a\u00f1os del SRC Burriac, 20 a\u00f1os de trabajo comunitario en Premi\u00e0 de Mar\u00bb","datePublished":"2022-03-18T08:10:31+00:00","dateModified":"2022-03-18T09:09:14+00:00","mainEntityOfPage":{"@id":"https:\/\/cfpmaresme.org\/es\/20-anos-del-src-burriac-20-anos-de-trabajo-comunitario-en-premia-de-mar\/"},"wordCount":457,"commentCount":0,"image":{"@id":"https:\/\/cfpmaresme.org\/es\/20-anos-del-src-burriac-20-anos-de-trabajo-comunitario-en-premia-de-mar\/#primaryimage"},"thumbnailUrl":"https:\/\/cfpmaresme.org\/wp-content\/uploads\/2022\/03\/banner-1.jpg","articleSection":["Serveis de Rehabilitaci\u00f3 Comunit\u00e0ria","Servicios de Rehabilitaci\u00f3n Comunitaria"],"inLanguage":"es"},{"@type":"WebPage","@id":"https:\/\/cfpmaresme.org\/es\/20-anos-del-src-burriac-20-anos-de-trabajo-comunitario-en-premia-de-mar\/","url":"https:\/\/cfpmaresme.org\/es\/20-anos-del-src-burriac-20-anos-de-trabajo-comunitario-en-premia-de-mar\/","name":"\"20 a\u00f1os del SRC Burriac, 20 a\u00f1os de trabajo comunitario en Premi\u00e0 de Mar\" | CFP Maresme","isPartOf":{"@id":"https:\/\/cfpmaresme.org\/#website"},"primaryImageOfPage":{"@id":"https:\/\/cfpmaresme.org\/es\/20-anos-del-src-burriac-20-anos-de-trabajo-comunitario-en-premia-de-mar\/#primaryimage"},"image":{"@id":"https:\/\/cfpmaresme.org\/es\/20-anos-del-src-burriac-20-anos-de-trabajo-comunitario-en-premia-de-mar\/#primaryimage"},"thumbnailUrl":"https:\/\/cfpmaresme.org\/wp-content\/uploads\/2022\/03\/banner-1.jpg","datePublished":"2022-03-18T08:10:31+00:00","dateModified":"2022-03-18T09:09:14+00:00","author":{"@id":"https:\/\/cfpmaresme.org\/#\/schema\/person\/b2634bcd796fafc667ea4055f61b9b2c"},"breadcrumb":{"@id":"https:\/\/cfpmaresme.org\/es\/20-anos-del-src-burriac-20-anos-de-trabajo-comunitario-en-premia-de-mar\/#breadcrumb"},"inLanguage":"es","potentialAction":[{"@type":"ReadAction","target":["https:\/\/cfpmaresme.org\/es\/20-anos-del-src-burriac-20-anos-de-trabajo-comunitario-en-premia-de-mar\/"]}]},{"@type":"ImageObject","inLanguage":"es","@id":"https:\/\/cfpmaresme.org\/es\/20-anos-del-src-burriac-20-anos-de-trabajo-comunitario-en-premia-de-mar\/#primaryimage","url":"https:\/\/cfpmaresme.org\/wp-content\/uploads\/2022\/03\/banner-1.jpg","contentUrl":"https:\/\/cfpmaresme.org\/wp-content\/uploads\/2022\/03\/banner-1.jpg","width":1157,"height":567},{"@type":"BreadcrumbList","@id":"https:\/\/cfpmaresme.org\/es\/20-anos-del-src-burriac-20-anos-de-trabajo-comunitario-en-premia-de-mar\/#breadcrumb","itemListElement":[{"@type":"ListItem","position":1,"name":"Home","item":"https:\/\/cfpmaresme.org\/es\/"},{"@type":"ListItem","position":2,"name":"\u00ab20 a\u00f1os del SRC Burriac, 20 a\u00f1os de trabajo comunitario en Premi\u00e0 de Mar\u00bb"}]},{"@type":"WebSite","@id":"https:\/\/cfpmaresme.org\/#website","url":"https:\/\/cfpmaresme.org\/","name":"CFP Maresme","description":"Centre Formaci\u00f3 Prevenci\u00f3","potentialAction":[{"@type":"SearchAction","target":{"@type":"EntryPoint","urlTemplate":"https:\/\/cfpmaresme.org\/?s={search_term_string}"},"query-input":{"@type":"PropertyValueSpecification","valueRequired":true,"valueName":"search_term_string"}}],"inLanguage":"es"},{"@type":"Person","@id":"https:\/\/cfpmaresme.org\/#\/schema\/person\/b2634bcd796fafc667ea4055f61b9b2c","name":"CFPMaresme"}]}},"_links":{"self":[{"href":"https:\/\/cfpmaresme.org\/es\/wp-json\/wp\/v2\/posts\/70278","targetHints":{"allow":["GET"]}}],"collection":[{"href":"https:\/\/cfpmaresme.org\/es\/wp-json\/wp\/v2\/posts"}],"about":[{"href":"https:\/\/cfpmaresme.org\/es\/wp-json\/wp\/v2\/types\/post"}],"author":[{"embeddable":true,"href":"https:\/\/cfpmaresme.org\/es\/wp-json\/wp\/v2\/users\/2"}],"replies":[{"embeddable":true,"href":"https:\/\/cfpmaresme.org\/es\/wp-json\/wp\/v2\/comments?post=70278"}],"version-history":[{"count":7,"href":"https:\/\/cfpmaresme.org\/es\/wp-json\/wp\/v2\/posts\/70278\/revisions"}],"predecessor-version":[{"id":70292,"href":"https:\/\/cfpmaresme.org\/es\/wp-json\/wp\/v2\/posts\/70278\/revisions\/70292"}],"wp:featuredmedia":[{"embeddable":true,"href":"https:\/\/cfpmaresme.org\/es\/wp-json\/wp\/v2\/media\/70274"}],"wp:attachment":[{"href":"https:\/\/cfpmaresme.org\/es\/wp-json\/wp\/v2\/media?parent=70278"}],"wp:term":[{"taxonomy":"category","embeddable":true,"href":"https:\/\/cfpmaresme.org\/es\/wp-json\/wp\/v2\/categories?post=70278"},{"taxonomy":"post_tag","embeddable":true,"href":"https:\/\/cfpmaresme.org\/es\/wp-json\/wp\/v2\/tags?post=70278"}],"curies":[{"name":"wp","href":"https:\/\/api.w.org\/{rel}","templated":true}]}}