{"id":70314,"date":"2022-03-21T15:35:47","date_gmt":"2022-03-21T13:35:47","guid":{"rendered":"https:\/\/www.cfpmaresme.org\/?p=70314"},"modified":"2022-03-21T15:44:59","modified_gmt":"2022-03-21T13:44:59","slug":"tercera-edicion-de-los-jocs-florals-del-cfp-el-certamen-de-sant-jordi-de-la-entidad","status":"publish","type":"post","link":"https:\/\/cfpmaresme.org\/es\/tercera-edicion-de-los-jocs-florals-del-cfp-el-certamen-de-sant-jordi-de-la-entidad\/","title":{"rendered":"Tercera edici\u00f3n de los Jocs Florals del CFP, el certamen de Sant Jordi de la entidad"},"content":{"rendered":"<p>Se acerca La Diada de Sant Jordi y, con ella, los Jocs Florals del CFP. Queda lejos el nacimiento de este concurso: fue en pleno confinamiento domiciliario con la idea de poder celebrar juntos, en la distancia, Sant Jordi.<\/p>\n<p>Seguimos con la innovaci\u00f3n hecha en la segunda edici\u00f3n: invitamos a participar al concurso a otras entidades. As\u00ed, queremos que sea un acto comunitario, cultural e inclusivo, dirigido a personas atendidas desde recursos de salud mental de la comarca del Maresme.<\/p>\n<p>&nbsp;<\/p>\n<h3>Un concurso de tem\u00e1tica libre en dos modalidades <img loading=\"lazy\" decoding=\"async\" class=\"alignright wp-image-70294\" src=\"https:\/\/www.cfpmaresme.org\/wp-content\/uploads\/2022\/03\/Poster-jocs-florals-002-212x300.jpg\" alt=\"\" width=\"350\" height=\"495\" srcset=\"https:\/\/cfpmaresme.org\/wp-content\/uploads\/2022\/03\/Poster-jocs-florals-002-212x300.jpg 212w, https:\/\/cfpmaresme.org\/wp-content\/uploads\/2022\/03\/Poster-jocs-florals-002-724x1024.jpg 724w, https:\/\/cfpmaresme.org\/wp-content\/uploads\/2022\/03\/Poster-jocs-florals-002-768x1086.jpg 768w, https:\/\/cfpmaresme.org\/wp-content\/uploads\/2022\/03\/Poster-jocs-florals-002-1086x1536.jpg 1086w, https:\/\/cfpmaresme.org\/wp-content\/uploads\/2022\/03\/Poster-jocs-florals-002-1448x2048.jpg 1448w, https:\/\/cfpmaresme.org\/wp-content\/uploads\/2022\/03\/Poster-jocs-florals-002-700x990.jpg 700w, https:\/\/cfpmaresme.org\/wp-content\/uploads\/2022\/03\/Poster-jocs-florals-002.jpg 1587w\" sizes=\"auto, (max-width: 350px) 100vw, 350px\" \/><\/h3>\n<p>Los Jocs Florals buscan dar lugar a la libertad y a la creatividad de las personas participantes. As\u00ed pues, no hay ninguna indicaci\u00f3n de tem\u00e1tica, la idea es que cada uno escriba sobre lo que quiera y\/o sienta. Esto s\u00ed, la obra tendr\u00e1 que ser de narrativa breve o de poes\u00eda. En el primer caso, con una extensi\u00f3n no superior a las dos p\u00e1ginas y, en el segundo, a una p\u00e1gina.<\/p>\n<p>Puede ser tanto en catal\u00e1n como en castellano y estar firmada con pseud\u00f3nimo o con nombre real. Y, para los que est\u00e9n m\u00e1s motivados en participar, pueden hacerlo en las dos modalidades. Cada persona solo podr\u00e1 enviar una obra a cada una de las modalidades.<\/p>\n<p><strong>\u00a0<\/strong><\/p>\n<p>Os presentamos<a href=\"https:\/\/www.cfpmaresme.org\/wp-content\/uploads\/2022\/03\/JOCS-FLORALS-2022.pdf\" target=\"_blank\" rel=\"noopener noreferrer\"> las bases<\/a> de los Jocs Florals para que conozc\u00e1is los detalles.<\/p>\n<p>&nbsp;<\/p>\n<p>Estaremos content\u00edsimos\/as de que form\u00e9is parte de este concurso y de poder compartir el Sant Jordi!<\/p>\n<p>&nbsp;<\/p>\n","protected":false},"excerpt":{"rendered":"<p>Se acerca La Diada de Sant Jordi y, con ella, los Jocs Florals del CFP. Queda lejos el nacimiento de este concurso: fue en pleno confinamiento domiciliario con la idea de poder celebrar juntos, en la distancia, Sant Jordi. Seguimos con la innovaci\u00f3n hecha en&#8230;<\/p>\n","protected":false},"author":2,"featured_media":70303,"comment_status":"open","ping_status":"open","sticky":false,"template":"","format":"standard","meta":{"footnotes":""},"categories":[1187],"tags":[],"class_list":["post-70314","post","type-post","status-publish","format-standard","has-post-thumbnail","hentry","category-cfp-maresme-es"],"yoast_head":"<!-- This site is optimized with the Yoast SEO plugin v27.4 - https:\/\/yoast.com\/product\/yoast-seo-wordpress\/ -->\n<title>Tercera edici\u00f3n de los Jocs Florals del CFP, el certamen de Sant Jordi de la entidad | CFP Maresme<\/title>\n<meta name=\"robots\" content=\"index, follow, max-snippet:-1, max-image-preview:large, max-video-preview:-1\" \/>\n<link rel=\"canonical\" href=\"https:\/\/cfpmaresme.org\/es\/tercera-edicion-de-los-jocs-florals-del-cfp-el-certamen-de-sant-jordi-de-la-entidad\/\" \/>\n<meta property=\"og:locale\" content=\"es_ES\" \/>\n<meta property=\"og:type\" content=\"article\" \/>\n<meta property=\"og:title\" content=\"Tercera edici\u00f3n de los Jocs Florals del CFP, el certamen de Sant Jordi de la entidad | CFP Maresme\" \/>\n<meta property=\"og:description\" content=\"Se acerca La Diada de Sant Jordi y, con ella, los Jocs Florals del CFP. Queda lejos el nacimiento de este concurso: fue en pleno confinamiento domiciliario con la idea de poder celebrar juntos, en la distancia, Sant Jordi. Seguimos con la innovaci\u00f3n hecha en...\" \/>\n<meta property=\"og:url\" content=\"https:\/\/cfpmaresme.org\/es\/tercera-edicion-de-los-jocs-florals-del-cfp-el-certamen-de-sant-jordi-de-la-entidad\/\" \/>\n<meta property=\"og:site_name\" content=\"CFP Maresme\" \/>\n<meta property=\"article:published_time\" content=\"2022-03-21T13:35:47+00:00\" \/>\n<meta property=\"article:modified_time\" content=\"2022-03-21T13:44:59+00:00\" \/>\n<meta property=\"og:image\" content=\"https:\/\/cfpmaresme.org\/wp-content\/uploads\/2022\/03\/writting.jpg\" \/>\n\t<meta property=\"og:image:width\" content=\"1152\" \/>\n\t<meta property=\"og:image:height\" content=\"643\" \/>\n\t<meta property=\"og:image:type\" content=\"image\/jpeg\" \/>\n<meta name=\"author\" content=\"CFPMaresme\" \/>\n<meta name=\"twitter:card\" content=\"summary_large_image\" \/>\n<meta name=\"twitter:creator\" content=\"@cfpmaresme\" \/>\n<meta name=\"twitter:site\" content=\"@cfpmaresme\" \/>\n<meta name=\"twitter:label1\" content=\"Escrito por\" \/>\n\t<meta name=\"twitter:data1\" content=\"CFPMaresme\" \/>\n\t<meta name=\"twitter:label2\" content=\"Tiempo de lectura\" \/>\n\t<meta name=\"twitter:data2\" content=\"1 minuto\" \/>\n<script type=\"application\/ld+json\" class=\"yoast-schema-graph\">{\"@context\":\"https:\\\/\\\/schema.org\",\"@graph\":[{\"@type\":\"Article\",\"@id\":\"https:\\\/\\\/cfpmaresme.org\\\/es\\\/tercera-edicion-de-los-jocs-florals-del-cfp-el-certamen-de-sant-jordi-de-la-entidad\\\/#article\",\"isPartOf\":{\"@id\":\"https:\\\/\\\/cfpmaresme.org\\\/es\\\/tercera-edicion-de-los-jocs-florals-del-cfp-el-certamen-de-sant-jordi-de-la-entidad\\\/\"},\"author\":{\"name\":\"CFPMaresme\",\"@id\":\"https:\\\/\\\/cfpmaresme.org\\\/#\\\/schema\\\/person\\\/b2634bcd796fafc667ea4055f61b9b2c\"},\"headline\":\"Tercera edici\u00f3n de los Jocs Florals del CFP, el certamen de Sant Jordi de la entidad\",\"datePublished\":\"2022-03-21T13:35:47+00:00\",\"dateModified\":\"2022-03-21T13:44:59+00:00\",\"mainEntityOfPage\":{\"@id\":\"https:\\\/\\\/cfpmaresme.org\\\/es\\\/tercera-edicion-de-los-jocs-florals-del-cfp-el-certamen-de-sant-jordi-de-la-entidad\\\/\"},\"wordCount\":271,\"commentCount\":0,\"image\":{\"@id\":\"https:\\\/\\\/cfpmaresme.org\\\/es\\\/tercera-edicion-de-los-jocs-florals-del-cfp-el-certamen-de-sant-jordi-de-la-entidad\\\/#primaryimage\"},\"thumbnailUrl\":\"https:\\\/\\\/cfpmaresme.org\\\/wp-content\\\/uploads\\\/2022\\\/03\\\/writting.jpg\",\"articleSection\":[\"CFP Maresme\"],\"inLanguage\":\"es\"},{\"@type\":\"WebPage\",\"@id\":\"https:\\\/\\\/cfpmaresme.org\\\/es\\\/tercera-edicion-de-los-jocs-florals-del-cfp-el-certamen-de-sant-jordi-de-la-entidad\\\/\",\"url\":\"https:\\\/\\\/cfpmaresme.org\\\/es\\\/tercera-edicion-de-los-jocs-florals-del-cfp-el-certamen-de-sant-jordi-de-la-entidad\\\/\",\"name\":\"Tercera edici\u00f3n de los Jocs Florals del CFP, el certamen de Sant Jordi de la entidad | CFP Maresme\",\"isPartOf\":{\"@id\":\"https:\\\/\\\/cfpmaresme.org\\\/#website\"},\"primaryImageOfPage\":{\"@id\":\"https:\\\/\\\/cfpmaresme.org\\\/es\\\/tercera-edicion-de-los-jocs-florals-del-cfp-el-certamen-de-sant-jordi-de-la-entidad\\\/#primaryimage\"},\"image\":{\"@id\":\"https:\\\/\\\/cfpmaresme.org\\\/es\\\/tercera-edicion-de-los-jocs-florals-del-cfp-el-certamen-de-sant-jordi-de-la-entidad\\\/#primaryimage\"},\"thumbnailUrl\":\"https:\\\/\\\/cfpmaresme.org\\\/wp-content\\\/uploads\\\/2022\\\/03\\\/writting.jpg\",\"datePublished\":\"2022-03-21T13:35:47+00:00\",\"dateModified\":\"2022-03-21T13:44:59+00:00\",\"author\":{\"@id\":\"https:\\\/\\\/cfpmaresme.org\\\/#\\\/schema\\\/person\\\/b2634bcd796fafc667ea4055f61b9b2c\"},\"breadcrumb\":{\"@id\":\"https:\\\/\\\/cfpmaresme.org\\\/es\\\/tercera-edicion-de-los-jocs-florals-del-cfp-el-certamen-de-sant-jordi-de-la-entidad\\\/#breadcrumb\"},\"inLanguage\":\"es\",\"potentialAction\":[{\"@type\":\"ReadAction\",\"target\":[\"https:\\\/\\\/cfpmaresme.org\\\/es\\\/tercera-edicion-de-los-jocs-florals-del-cfp-el-certamen-de-sant-jordi-de-la-entidad\\\/\"]}]},{\"@type\":\"ImageObject\",\"inLanguage\":\"es\",\"@id\":\"https:\\\/\\\/cfpmaresme.org\\\/es\\\/tercera-edicion-de-los-jocs-florals-del-cfp-el-certamen-de-sant-jordi-de-la-entidad\\\/#primaryimage\",\"url\":\"https:\\\/\\\/cfpmaresme.org\\\/wp-content\\\/uploads\\\/2022\\\/03\\\/writting.jpg\",\"contentUrl\":\"https:\\\/\\\/cfpmaresme.org\\\/wp-content\\\/uploads\\\/2022\\\/03\\\/writting.jpg\",\"width\":1152,\"height\":643},{\"@type\":\"BreadcrumbList\",\"@id\":\"https:\\\/\\\/cfpmaresme.org\\\/es\\\/tercera-edicion-de-los-jocs-florals-del-cfp-el-certamen-de-sant-jordi-de-la-entidad\\\/#breadcrumb\",\"itemListElement\":[{\"@type\":\"ListItem\",\"position\":1,\"name\":\"Home\",\"item\":\"https:\\\/\\\/cfpmaresme.org\\\/es\\\/\"},{\"@type\":\"ListItem\",\"position\":2,\"name\":\"Tercera edici\u00f3n de los Jocs Florals del CFP, el certamen de Sant Jordi de la entidad\"}]},{\"@type\":\"WebSite\",\"@id\":\"https:\\\/\\\/cfpmaresme.org\\\/#website\",\"url\":\"https:\\\/\\\/cfpmaresme.org\\\/\",\"name\":\"CFP Maresme\",\"description\":\"Centre Formaci\u00f3 Prevenci\u00f3\",\"potentialAction\":[{\"@type\":\"SearchAction\",\"target\":{\"@type\":\"EntryPoint\",\"urlTemplate\":\"https:\\\/\\\/cfpmaresme.org\\\/?s={search_term_string}\"},\"query-input\":{\"@type\":\"PropertyValueSpecification\",\"valueRequired\":true,\"valueName\":\"search_term_string\"}}],\"inLanguage\":\"es\"},{\"@type\":\"Person\",\"@id\":\"https:\\\/\\\/cfpmaresme.org\\\/#\\\/schema\\\/person\\\/b2634bcd796fafc667ea4055f61b9b2c\",\"name\":\"CFPMaresme\"}]}<\/script>\n<!-- \/ Yoast SEO plugin. -->","yoast_head_json":{"title":"Tercera edici\u00f3n de los Jocs Florals del CFP, el certamen de Sant Jordi de la entidad | CFP Maresme","robots":{"index":"index","follow":"follow","max-snippet":"max-snippet:-1","max-image-preview":"max-image-preview:large","max-video-preview":"max-video-preview:-1"},"canonical":"https:\/\/cfpmaresme.org\/es\/tercera-edicion-de-los-jocs-florals-del-cfp-el-certamen-de-sant-jordi-de-la-entidad\/","og_locale":"es_ES","og_type":"article","og_title":"Tercera edici\u00f3n de los Jocs Florals del CFP, el certamen de Sant Jordi de la entidad | CFP Maresme","og_description":"Se acerca La Diada de Sant Jordi y, con ella, los Jocs Florals del CFP. Queda lejos el nacimiento de este concurso: fue en pleno confinamiento domiciliario con la idea de poder celebrar juntos, en la distancia, Sant Jordi. Seguimos con la innovaci\u00f3n hecha en...","og_url":"https:\/\/cfpmaresme.org\/es\/tercera-edicion-de-los-jocs-florals-del-cfp-el-certamen-de-sant-jordi-de-la-entidad\/","og_site_name":"CFP Maresme","article_published_time":"2022-03-21T13:35:47+00:00","article_modified_time":"2022-03-21T13:44:59+00:00","og_image":[{"width":1152,"height":643,"url":"https:\/\/cfpmaresme.org\/wp-content\/uploads\/2022\/03\/writting.jpg","type":"image\/jpeg"}],"author":"CFPMaresme","twitter_card":"summary_large_image","twitter_creator":"@cfpmaresme","twitter_site":"@cfpmaresme","twitter_misc":{"Escrito por":"CFPMaresme","Tiempo de lectura":"1 minuto"},"schema":{"@context":"https:\/\/schema.org","@graph":[{"@type":"Article","@id":"https:\/\/cfpmaresme.org\/es\/tercera-edicion-de-los-jocs-florals-del-cfp-el-certamen-de-sant-jordi-de-la-entidad\/#article","isPartOf":{"@id":"https:\/\/cfpmaresme.org\/es\/tercera-edicion-de-los-jocs-florals-del-cfp-el-certamen-de-sant-jordi-de-la-entidad\/"},"author":{"name":"CFPMaresme","@id":"https:\/\/cfpmaresme.org\/#\/schema\/person\/b2634bcd796fafc667ea4055f61b9b2c"},"headline":"Tercera edici\u00f3n de los Jocs Florals del CFP, el certamen de Sant Jordi de la entidad","datePublished":"2022-03-21T13:35:47+00:00","dateModified":"2022-03-21T13:44:59+00:00","mainEntityOfPage":{"@id":"https:\/\/cfpmaresme.org\/es\/tercera-edicion-de-los-jocs-florals-del-cfp-el-certamen-de-sant-jordi-de-la-entidad\/"},"wordCount":271,"commentCount":0,"image":{"@id":"https:\/\/cfpmaresme.org\/es\/tercera-edicion-de-los-jocs-florals-del-cfp-el-certamen-de-sant-jordi-de-la-entidad\/#primaryimage"},"thumbnailUrl":"https:\/\/cfpmaresme.org\/wp-content\/uploads\/2022\/03\/writting.jpg","articleSection":["CFP Maresme"],"inLanguage":"es"},{"@type":"WebPage","@id":"https:\/\/cfpmaresme.org\/es\/tercera-edicion-de-los-jocs-florals-del-cfp-el-certamen-de-sant-jordi-de-la-entidad\/","url":"https:\/\/cfpmaresme.org\/es\/tercera-edicion-de-los-jocs-florals-del-cfp-el-certamen-de-sant-jordi-de-la-entidad\/","name":"Tercera edici\u00f3n de los Jocs Florals del CFP, el certamen de Sant Jordi de la entidad | CFP Maresme","isPartOf":{"@id":"https:\/\/cfpmaresme.org\/#website"},"primaryImageOfPage":{"@id":"https:\/\/cfpmaresme.org\/es\/tercera-edicion-de-los-jocs-florals-del-cfp-el-certamen-de-sant-jordi-de-la-entidad\/#primaryimage"},"image":{"@id":"https:\/\/cfpmaresme.org\/es\/tercera-edicion-de-los-jocs-florals-del-cfp-el-certamen-de-sant-jordi-de-la-entidad\/#primaryimage"},"thumbnailUrl":"https:\/\/cfpmaresme.org\/wp-content\/uploads\/2022\/03\/writting.jpg","datePublished":"2022-03-21T13:35:47+00:00","dateModified":"2022-03-21T13:44:59+00:00","author":{"@id":"https:\/\/cfpmaresme.org\/#\/schema\/person\/b2634bcd796fafc667ea4055f61b9b2c"},"breadcrumb":{"@id":"https:\/\/cfpmaresme.org\/es\/tercera-edicion-de-los-jocs-florals-del-cfp-el-certamen-de-sant-jordi-de-la-entidad\/#breadcrumb"},"inLanguage":"es","potentialAction":[{"@type":"ReadAction","target":["https:\/\/cfpmaresme.org\/es\/tercera-edicion-de-los-jocs-florals-del-cfp-el-certamen-de-sant-jordi-de-la-entidad\/"]}]},{"@type":"ImageObject","inLanguage":"es","@id":"https:\/\/cfpmaresme.org\/es\/tercera-edicion-de-los-jocs-florals-del-cfp-el-certamen-de-sant-jordi-de-la-entidad\/#primaryimage","url":"https:\/\/cfpmaresme.org\/wp-content\/uploads\/2022\/03\/writting.jpg","contentUrl":"https:\/\/cfpmaresme.org\/wp-content\/uploads\/2022\/03\/writting.jpg","width":1152,"height":643},{"@type":"BreadcrumbList","@id":"https:\/\/cfpmaresme.org\/es\/tercera-edicion-de-los-jocs-florals-del-cfp-el-certamen-de-sant-jordi-de-la-entidad\/#breadcrumb","itemListElement":[{"@type":"ListItem","position":1,"name":"Home","item":"https:\/\/cfpmaresme.org\/es\/"},{"@type":"ListItem","position":2,"name":"Tercera edici\u00f3n de los Jocs Florals del CFP, el certamen de Sant Jordi de la entidad"}]},{"@type":"WebSite","@id":"https:\/\/cfpmaresme.org\/#website","url":"https:\/\/cfpmaresme.org\/","name":"CFP Maresme","description":"Centre Formaci\u00f3 Prevenci\u00f3","potentialAction":[{"@type":"SearchAction","target":{"@type":"EntryPoint","urlTemplate":"https:\/\/cfpmaresme.org\/?s={search_term_string}"},"query-input":{"@type":"PropertyValueSpecification","valueRequired":true,"valueName":"search_term_string"}}],"inLanguage":"es"},{"@type":"Person","@id":"https:\/\/cfpmaresme.org\/#\/schema\/person\/b2634bcd796fafc667ea4055f61b9b2c","name":"CFPMaresme"}]}},"_links":{"self":[{"href":"https:\/\/cfpmaresme.org\/es\/wp-json\/wp\/v2\/posts\/70314","targetHints":{"allow":["GET"]}}],"collection":[{"href":"https:\/\/cfpmaresme.org\/es\/wp-json\/wp\/v2\/posts"}],"about":[{"href":"https:\/\/cfpmaresme.org\/es\/wp-json\/wp\/v2\/types\/post"}],"author":[{"embeddable":true,"href":"https:\/\/cfpmaresme.org\/es\/wp-json\/wp\/v2\/users\/2"}],"replies":[{"embeddable":true,"href":"https:\/\/cfpmaresme.org\/es\/wp-json\/wp\/v2\/comments?post=70314"}],"version-history":[{"count":7,"href":"https:\/\/cfpmaresme.org\/es\/wp-json\/wp\/v2\/posts\/70314\/revisions"}],"predecessor-version":[{"id":70321,"href":"https:\/\/cfpmaresme.org\/es\/wp-json\/wp\/v2\/posts\/70314\/revisions\/70321"}],"wp:featuredmedia":[{"embeddable":true,"href":"https:\/\/cfpmaresme.org\/es\/wp-json\/wp\/v2\/media\/70303"}],"wp:attachment":[{"href":"https:\/\/cfpmaresme.org\/es\/wp-json\/wp\/v2\/media?parent=70314"}],"wp:term":[{"taxonomy":"category","embeddable":true,"href":"https:\/\/cfpmaresme.org\/es\/wp-json\/wp\/v2\/categories?post=70314"},{"taxonomy":"post_tag","embeddable":true,"href":"https:\/\/cfpmaresme.org\/es\/wp-json\/wp\/v2\/tags?post=70314"}],"curies":[{"name":"wp","href":"https:\/\/api.w.org\/{rel}","templated":true}]}}