{"id":70412,"date":"2022-03-29T13:20:35","date_gmt":"2022-03-29T11:20:35","guid":{"rendered":"https:\/\/www.cfpmaresme.org\/?p=70412"},"modified":"2022-05-23T12:26:12","modified_gmt":"2022-05-23T10:26:12","slug":"todo-el-trabajo-de-la-sociedad-para-dignificar-la-posicion-del-paciente-se-tiene-que-basar-en-ponerlos-de-nuevo-en-una-posicion-activa-de-retorno","status":"publish","type":"post","link":"https:\/\/cfpmaresme.org\/es\/todo-el-trabajo-de-la-sociedad-para-dignificar-la-posicion-del-paciente-se-tiene-que-basar-en-ponerlos-de-nuevo-en-una-posicion-activa-de-retorno\/","title":{"rendered":"\u00abTodo el trabajo de la sociedad para dignificar la posici\u00f3n del paciente se tiene que basar en ponerlos, de nuevo, en una posici\u00f3n activa, de retorno\u00bb"},"content":{"rendered":"<h4>Por Carla Cruells, responsable de Comunicaci\u00f3n del CFP<\/h4>\n<h4>Perfil: Laura G\u00f3mez es Psic\u00f3loga Sanitaria y Jefa del SRC Burriac desde su inicio. Este mes ha hecho dos d\u00e9cadas que se inaugur\u00f3 el recurso. Laura ha querido compartir el trabajo de tantos a\u00f1os en el art\u00edculo <a href=\"https:\/\/www.cfpmaresme.org\/wp-content\/uploads\/2022\/03\/20-A%C3%91OS-DEL-SRC-BURRIAC-20-A%C3%91OS-DE-TRABAJO-COMUNITARIO-EN-PREMI%C3%80-DE-MAR-1.pdf\" target=\"_blank\" rel=\"noopener noreferrer\">\u201c20 a\u00f1os del SRC Burriac, 20 a\u00f1os de trabajo comunitario en Premi\u00e0 de Mar\u201d<\/a><\/h4>\n<p>&nbsp;<\/p>\n<h3>Atenci\u00f3n a personas con una problem\u00e1tica de Salud mental<\/h3>\n<h4>20 a\u00f1os dan para mucho. A grandes rasgos, \u00bfC\u00f3mo ha cambiado la atenci\u00f3n durante estas dos d\u00e9cadas?<\/h4>\n<p>Para m\u00ed el cambio m\u00e1s sustancial ha sido el cambio <strong>de Centro de D\u00eda<\/strong> a <strong>Servicio de Rehabilitaci\u00f3n Comunitaria. <\/strong>Antes, en Matar\u00f3, donde yo empec\u00e9, el trabajo que hac\u00edamos en aquel momento era muy distinto al que hacemos actualmente en los SRC. La filosof\u00eda era otra. La vinculaci\u00f3n de los pacientes era de por vida y, como profesional, procurabas que viniesen el m\u00e1ximo de horas a la semana. Los perfiles eran muy distintos de los que atendemos actualmente: eran personas con sintomatolog\u00eda mucho m\u00e1s grave, el problema de salud mental que ten\u00edan, invad\u00eda toda su\u00a0 vida. Ahora muchos pacientes que atendemos o viven solos o en pareja, algunos tienen hijos. Adem\u00e1s, han tenido una vida laboral y formativa, algunos han estado trabajando a un gran nivel. Esto crea una diferencia sustancial. Los s\u00edntomas est\u00e1n pero no est\u00e1n invadiendo de manera tan brutal que se hace dif\u00edcil que el paciente pueda trabajar tantos aspectos de su vida como ahora.<\/p>\n<h4>\u00bfEl cambio de vuestro trabajo es por un cambio de criterio del perfil de paciente que accede al recurso?<\/h4>\n<p>El cambio de Centro de D\u00eda a Servicio de Rehabilitaci\u00f3n Comunitaria pasaba por una serie de cosas. Entre ellas, el <strong>trabajo <\/strong>de todo el tema <strong>comunitario<\/strong> y la entrada de<strong> perfiles distintos de pacientes.<\/strong> Para que te hagas una idea, a efectos pr\u00e1cticos, en aqu\u00e9l momento llevaba siete o ocho pacientes y ahora, como Coordinadora del recurso, que tendr\u00eda que llevar la mitad, llevo 19. Es una diferencia abismal. Adem\u00e1s, antes en las actividades ten\u00edamos que estar dos personas porque, en cualquier momento, alguien se pon\u00eda mal.<\/p>\n<p>Cuando abrimos en Premi\u00e0 ya ten\u00edamos el encargo de que fuera el Servicio de Rehabilitaci\u00f3n Comunitaria. La gente lo entiende m\u00e1s como Centro de D\u00eda de salud mental, cuesta mucho este tema. Lo que diferencia el SRC de un Centro de D\u00eda, entre otras cosas, es que <strong>no puedes tener lista de espera<\/strong>, todas las personas que encajen con el criterio, tienen que ser atendidas y, a parte, el enfoque comunitario. Aqu\u00ed tuvimos que contactar con muchas asociaciones&#8230;<strong>Creamos Alterarte<\/strong>, el programa de <strong>R\u00e0dio Bricura<\/strong>&#8230; <strong>todo esto empez\u00f3 <\/strong>aqu\u00ed<strong> en Premi\u00e0.<\/strong><\/p>\n<p>Lo que implica es dejar de estar tan impregnados de patolog\u00eda. El hecho de que un paciente te diga \u00abYo soy esquizofr\u00e9nico\u00bb es como que lo considera toda su esencia&#8230;no sale de aqu\u00ed. Se cierra a las posibilidades de hacer nada m\u00e1s con el soy. Es distinto de decir \u00abtengo esquizofrenia\u00bb. Entonces es un trabajo para hacer salir a los pacientes de la zona de confort y hacerles entender, a ellos y a la sociedad, que tienen capacidades. Algunas nuevas que han aparecido a ra\u00edz de la enfermedad. Por ejemplo, hay gente que quiz\u00e1s hac\u00eda treinta a\u00f1os que no tocaba un color o un pincel y vuelve a pintar. En el momento que <strong>les damos el lugar de artista, de locutor&#8230;los estamos poniendo dentro de la sociedad <\/strong>en un papel diferente. Y ya si, encima, el rol es de voluntarios, est\u00e1n devolviendo a la sociedad lo que reciben, por otro lado.<\/p>\n<h4>De este tema tambi\u00e9n hablabas en el art\u00edculo&#8230;Ellos reciben como personas de la sociedad y, por lo tanto, dan con voluntariados. \u00bfEsta es una idea que trabaj\u00e1is mucho?<\/h4>\n<p>S\u00ed, s\u00ed es una idea nuestra. El problema es que cuando tu te quedas parado con 30 o 40 a\u00f1os, es decir, en plena vida laboral, claro&#8230;Te sientes mal, como en deuda. Te est\u00e1n pagando la pensi\u00f3n, no trabajas&#8230;sientes que est\u00e1s a parte de la sociedad. Por eso todo el trabajo de la sociedad por <strong>dignificar la posici\u00f3n del paciente<\/strong> se tiene que basar en <strong>ponerlos<\/strong>, de nuevo, <strong>en una posici\u00f3n activa<\/strong>, de retorno y otra vez dentro del circuito social, que es nuestra idea final. Porque&#8230;no nos enga\u00f1emos, a nivel laboral es posible, pero no es f\u00e1cil, volver a inserir a los pacientes.<\/p>\n<h4>Claro&#8230; no es f\u00e1cil encontrar trabajo&#8230;<\/h4>\n<p>Y tampoco es f\u00e1cil despu\u00e9s de 8 a\u00f1os volver a trabajar. Con lo cual&#8230;si esta sociedad funcionase bien lo que har\u00eda es, sabes que&#8230;Yo te pagar\u00e9 esta pensi\u00f3n pero tu tienes que trabajar en este Centro Especial de Trabajo y esto no se acaba de entender en este pa\u00eds. Es un problema. Pero claro para poder hacer esto tendr\u00edamos que tener un trabajo de la especialidad de cada paciente y esto no es posible. Es complicado pero pienso que tendr\u00eda que ir por aqu\u00ed todo este tema, la gente estar\u00eda mejor y la sociedad tambi\u00e9n.<\/p>\n<p>&nbsp;<\/p>\n<h3>Inclusi\u00f3n comunitaria<\/h3>\n<h4>El Servicio de Rehabilitaci\u00f3n Comunitaria trabaja, entre otras cosas, para conseguir que las personas atendidas se incluyan en la comunidad. \u00bfC\u00f3mo explicar\u00edas esta inclusi\u00f3n?<\/h4>\n<p>Hay muchas maneras de incluirse en la sociedad y ser\u00e1 en funci\u00f3n de los deseos y de las necesidades de cada uno. A veces la inclusi\u00f3n es simplemente dar una alta porque aquella persona tiene ocupado m\u00e1s o menos su d\u00eda a d\u00eda. Por ejemplo, va a ingl\u00e9s dos d\u00edas, a bailes en l\u00ednea dos d\u00edas m\u00e1s&#8230;Esto es lo b\u00e1sico. Despu\u00e9s hay personas que inician un macro proyecto vital como puede ser, yo que s\u00e9&#8230;hacer unos estudios reglados, convertirse en una activista de Activament&#8230;Entonces, la inclusi\u00f3n ser\u00eda tener un h\u00e1bito dentro de la sociedad y ya si es hacer voluntariado&#8230;\u00a1Es la pera! Se trata de <strong>buscar<\/strong> un poco <strong>el proyecto de cada uno<\/strong> para <strong>poderlo encaminar hacia el alta.\u00a0<\/strong><\/p>\n<h4>\u00bfPodr\u00edas compartir un caso que te haya sorprendido?<\/h4>\n<p>Para m\u00ed los pacientes que realmente est\u00e1n rehabilitados comunitariamente son aquellos que se fueron y nunca volvieron. Recuerdo un chico super joven, que lleg\u00f3 muy mal. Se fue poniendo bien, recuper\u00f3 el trabajo&#8230;y la \u00faltima noticia que tuve es que se casar\u00eda. \u00c9l es de los pacientes que, de vez en cuando, nos ven\u00edan a ver y no supe nada m\u00e1s.<\/p>\n<h4>\u00bfNormalmente ten\u00e9is m\u00e1s noticias?<\/h4>\n<p>S\u00ed porque, aunque tu no tengas un paciente, en las reuniones de circuito vas escuchando hablar de \u00e9l, pues los pacientes se van moviendo por los recursos. Por ejemplo, ahora est\u00e1n en el SRC, despu\u00e9s van al Prelaboral, despu\u00e9s a un CET&#8230;es un circuito.<\/p>\n<p>La realidad es que, <strong>con los a\u00f1os, los pacientes se van pacificando<\/strong>. Cada vez est\u00e1n m\u00e1s tranquilos, se conocen m\u00e1s, son capaces de avanzarse a las crisis porque empiezan a salir s\u00edntomas que los alertan, se van al psiquiatra&#8230;<strong>Saben utilizar los recursos que tienen.<\/strong><\/p>\n<p>&nbsp;<\/p>\n<h3>El futuro<\/h3>\n<h4>\u00bfQu\u00e9 retos de futuro plantea la atenci\u00f3n a personas con una problem\u00e1tica de salud mental?<\/h4>\n<p>Primero de todo,<strong> el tema telem\u00e1tico<\/strong>. Desde mi punto de vista no es la manera de atender a las personas pero, evidentemente, si nos volviese a pasar lo mismo, tenemos que preparar a los pacientes. Durante el confinamiento fue muy angustiante tener que prepararlos en la distancia. La realidad es que, hoy en d\u00eda, si no tienes smartphone y no sabes apa\u00f1\u00e1rtelas m\u00ednimamente est\u00e1s fuera de la sociedad, volvemos a lo mismo&#8230;Por suerte, casi el 90% de los pacientes tienen. Es uno de los retos, no tanto para atenderlos, sin\u00f3 por inclusi\u00f3n social y porque abre la posibilidad de hacer alg\u00fan tipo de relaci\u00f3n social en caso de que quedemos parados.<\/p>\n<p>Despu\u00e9s <strong>seguir trabajando al m\u00e1ximo los voluntariados<\/strong> y\u00a0<strong>la inserci\u00f3n comunitaria<\/strong> en Premi\u00e0&#8230;Esto es todo un trabajo de<strong> lucha contra el estigma <\/strong>en salud mental. La gente te dice cosas como: \u00abParecen muy educados\u00bb y pienso..:\u00bb\u00bfQu\u00e9 esperaban?\u00bb. La gente no lo conoce. En general siempre hemos tenido un recibimiento muy bueno. Y, cuando no, curiosamente ha sido alguna persona que hab\u00eda tenido una mala experiencia con alguna persona con problemas de salud mental, muchas veces familiares. Ahora lo que estamos haciendo es crear nosotros los voluntariados, pues no encontr\u00e1bamos. Por ejemplo, hemos creado un punto de recogida de tapones de pl\u00e1stico. Somos creadores, y esto tambi\u00e9n es un cambio muy importante.<\/p>\n<p>Tambi\u00e9n <strong>seguir trabajando <\/strong>muy a fondo toda <strong>la relaci\u00f3n con el Ayuntamiento de Premi\u00e0<\/strong>, que nos ayudan much\u00edsimo, m\u00e1s f\u00e1cil no nos lo pueden poner. Y ya no hablo de las Regidoras, sin\u00f3 de la T\u00e9cnica de Salud, Anna Franquesa.<\/p>\n<h4>Con un recorrido de 20 a\u00f1os en el recurso: qu\u00e9 opinas sobre la evoluci\u00f3n de la estigmatizaci\u00f3n del colectivo. \u00bfD\u00f3nde estamos y hacia donde crees que vamos?<\/h4>\n<p>Me resulta muy emocionante sentir a estas personas como hablan de su historia y, a veces, despu\u00e9s de tantos a\u00f1os, me sorprenden con cosas que me abren los ojos. Por ejemplo, ahora hace poco he hecho un curso de en primera persona, de una mujer que hace cursos para quien la quiera escuchar. El viernes pasado fui a una jornada de Fundaci\u00f3 del Congr\u00e9s Catal\u00e0 de la Salut Mental que hablaba de los derechos de los pacientes en ingreso no voluntario. Ahora ha cambiado esta ley de salud mental, pero en el tema de los ingresos involuntarios no se ponen de acuerdo y no han hecho ning\u00fan cambio. A mi <strong>me parece genial<\/strong> que <strong>los pacientes se unan para luchar por sus derechos<\/strong>. Esto es una de las cosas de futuro, me encantar\u00eda que se hiciese una sede en el servicio de una asociaci\u00f3n de pacientes que quieran ser activistas, que est\u00e9n pensando y decidiendo como pueden trabajar para conseguir mejorar sus derechos. Hay mucha gente muy tocada con todo esto. Imag\u00ednate que te ingresan y tu no puedes decidir nada sobre tu tratamiento. Todav\u00eda no se entiende que <strong>un paciente tiene que tener derechos, se trata de escuchar un poco, <\/strong>simplemente. El problema de la salud mental aqu\u00ed es que est\u00e1 muy medicalizada&#8230;Est\u00e1n saliendo muchos grupos de autoauyuda o movimientos donde se escucha al paciente y no se lo medicaliza si no quiere en Europa&#8230;y otras similares. Todo esto es algo que est\u00e1 empuchando por un lado pero, por el otro, lo que hay es no poner el paciente en el lugar de un sujeto con derecho a decidir, a hablar, a delirar y alucinar tambi\u00e9n, porque tienen derecho.<\/p>\n<p>&nbsp;<\/p>\n","protected":false},"excerpt":{"rendered":"<p>Por Carla Cruells, responsable de Comunicaci\u00f3n del CFP Perfil: Laura G\u00f3mez es Psic\u00f3loga Sanitaria y Jefa del SRC Burriac desde su inicio. Este mes ha hecho dos d\u00e9cadas que se inaugur\u00f3 el recurso. Laura ha querido compartir el trabajo de tantos a\u00f1os en el art\u00edculo&#8230;<\/p>\n","protected":false},"author":2,"featured_media":70416,"comment_status":"open","ping_status":"open","sticky":false,"template":"","format":"standard","meta":{"footnotes":""},"categories":[1258,1229],"tags":[],"class_list":["post-70412","post","type-post","status-publish","format-standard","has-post-thumbnail","hentry","category-entrevistas","category-la-entrevista"],"yoast_head":"<!-- This site is optimized with the Yoast SEO plugin v27.4 - https:\/\/yoast.com\/product\/yoast-seo-wordpress\/ -->\n<title>&quot;Todo el trabajo de la sociedad para dignificar la posici\u00f3n del paciente se tiene que basar en ponerlos, de nuevo, en una posici\u00f3n activa, de retorno&quot; | CFP Maresme<\/title>\n<meta name=\"robots\" content=\"index, follow, max-snippet:-1, max-image-preview:large, max-video-preview:-1\" \/>\n<link rel=\"canonical\" href=\"https:\/\/cfpmaresme.org\/es\/todo-el-trabajo-de-la-sociedad-para-dignificar-la-posicion-del-paciente-se-tiene-que-basar-en-ponerlos-de-nuevo-en-una-posicion-activa-de-retorno\/\" \/>\n<meta property=\"og:locale\" content=\"es_ES\" \/>\n<meta property=\"og:type\" content=\"article\" \/>\n<meta property=\"og:title\" content=\"&quot;Todo el trabajo de la sociedad para dignificar la posici\u00f3n del paciente se tiene que basar en ponerlos, de nuevo, en una posici\u00f3n activa, de retorno&quot; | CFP Maresme\" \/>\n<meta property=\"og:description\" content=\"Por Carla Cruells, responsable de Comunicaci\u00f3n del CFP Perfil: Laura G\u00f3mez es Psic\u00f3loga Sanitaria y Jefa del SRC Burriac desde su inicio. Este mes ha hecho dos d\u00e9cadas que se inaugur\u00f3 el recurso. Laura ha querido compartir el trabajo de tantos a\u00f1os en el art\u00edculo...\" \/>\n<meta property=\"og:url\" content=\"https:\/\/cfpmaresme.org\/es\/todo-el-trabajo-de-la-sociedad-para-dignificar-la-posicion-del-paciente-se-tiene-que-basar-en-ponerlos-de-nuevo-en-una-posicion-activa-de-retorno\/\" \/>\n<meta property=\"og:site_name\" content=\"CFP Maresme\" \/>\n<meta property=\"article:published_time\" content=\"2022-03-29T11:20:35+00:00\" \/>\n<meta property=\"article:modified_time\" content=\"2022-05-23T10:26:12+00:00\" \/>\n<meta property=\"og:image\" content=\"https:\/\/cfpmaresme.org\/wp-content\/uploads\/2022\/03\/banner-en-castell\u00e0.jpg\" \/>\n\t<meta property=\"og:image:width\" content=\"608\" \/>\n\t<meta property=\"og:image:height\" content=\"156\" \/>\n\t<meta property=\"og:image:type\" content=\"image\/jpeg\" \/>\n<meta name=\"author\" content=\"CFPMaresme\" \/>\n<meta name=\"twitter:card\" content=\"summary_large_image\" \/>\n<meta name=\"twitter:creator\" content=\"@cfpmaresme\" \/>\n<meta name=\"twitter:site\" content=\"@cfpmaresme\" \/>\n<meta name=\"twitter:label1\" content=\"Escrito por\" \/>\n\t<meta name=\"twitter:data1\" content=\"CFPMaresme\" \/>\n\t<meta name=\"twitter:label2\" content=\"Tiempo de lectura\" \/>\n\t<meta name=\"twitter:data2\" content=\"9 minutos\" \/>\n<script type=\"application\/ld+json\" class=\"yoast-schema-graph\">{\"@context\":\"https:\\\/\\\/schema.org\",\"@graph\":[{\"@type\":\"Article\",\"@id\":\"https:\\\/\\\/cfpmaresme.org\\\/es\\\/todo-el-trabajo-de-la-sociedad-para-dignificar-la-posicion-del-paciente-se-tiene-que-basar-en-ponerlos-de-nuevo-en-una-posicion-activa-de-retorno\\\/#article\",\"isPartOf\":{\"@id\":\"https:\\\/\\\/cfpmaresme.org\\\/es\\\/todo-el-trabajo-de-la-sociedad-para-dignificar-la-posicion-del-paciente-se-tiene-que-basar-en-ponerlos-de-nuevo-en-una-posicion-activa-de-retorno\\\/\"},\"author\":{\"name\":\"CFPMaresme\",\"@id\":\"https:\\\/\\\/cfpmaresme.org\\\/#\\\/schema\\\/person\\\/b2634bcd796fafc667ea4055f61b9b2c\"},\"headline\":\"\u00abTodo el trabajo de la sociedad para dignificar la posici\u00f3n del paciente se tiene que basar en ponerlos, de nuevo, en una posici\u00f3n activa, de retorno\u00bb\",\"datePublished\":\"2022-03-29T11:20:35+00:00\",\"dateModified\":\"2022-05-23T10:26:12+00:00\",\"mainEntityOfPage\":{\"@id\":\"https:\\\/\\\/cfpmaresme.org\\\/es\\\/todo-el-trabajo-de-la-sociedad-para-dignificar-la-posicion-del-paciente-se-tiene-que-basar-en-ponerlos-de-nuevo-en-una-posicion-activa-de-retorno\\\/\"},\"wordCount\":1906,\"commentCount\":0,\"image\":{\"@id\":\"https:\\\/\\\/cfpmaresme.org\\\/es\\\/todo-el-trabajo-de-la-sociedad-para-dignificar-la-posicion-del-paciente-se-tiene-que-basar-en-ponerlos-de-nuevo-en-una-posicion-activa-de-retorno\\\/#primaryimage\"},\"thumbnailUrl\":\"https:\\\/\\\/cfpmaresme.org\\\/wp-content\\\/uploads\\\/2022\\\/03\\\/banner-en-castell\u00e0.jpg\",\"articleSection\":[\"Entrevistas\",\"La entrevista\"],\"inLanguage\":\"es\"},{\"@type\":\"WebPage\",\"@id\":\"https:\\\/\\\/cfpmaresme.org\\\/es\\\/todo-el-trabajo-de-la-sociedad-para-dignificar-la-posicion-del-paciente-se-tiene-que-basar-en-ponerlos-de-nuevo-en-una-posicion-activa-de-retorno\\\/\",\"url\":\"https:\\\/\\\/cfpmaresme.org\\\/es\\\/todo-el-trabajo-de-la-sociedad-para-dignificar-la-posicion-del-paciente-se-tiene-que-basar-en-ponerlos-de-nuevo-en-una-posicion-activa-de-retorno\\\/\",\"name\":\"\\\"Todo el trabajo de la sociedad para dignificar la posici\u00f3n del paciente se tiene que basar en ponerlos, de nuevo, en una posici\u00f3n activa, de retorno\\\" | CFP Maresme\",\"isPartOf\":{\"@id\":\"https:\\\/\\\/cfpmaresme.org\\\/#website\"},\"primaryImageOfPage\":{\"@id\":\"https:\\\/\\\/cfpmaresme.org\\\/es\\\/todo-el-trabajo-de-la-sociedad-para-dignificar-la-posicion-del-paciente-se-tiene-que-basar-en-ponerlos-de-nuevo-en-una-posicion-activa-de-retorno\\\/#primaryimage\"},\"image\":{\"@id\":\"https:\\\/\\\/cfpmaresme.org\\\/es\\\/todo-el-trabajo-de-la-sociedad-para-dignificar-la-posicion-del-paciente-se-tiene-que-basar-en-ponerlos-de-nuevo-en-una-posicion-activa-de-retorno\\\/#primaryimage\"},\"thumbnailUrl\":\"https:\\\/\\\/cfpmaresme.org\\\/wp-content\\\/uploads\\\/2022\\\/03\\\/banner-en-castell\u00e0.jpg\",\"datePublished\":\"2022-03-29T11:20:35+00:00\",\"dateModified\":\"2022-05-23T10:26:12+00:00\",\"author\":{\"@id\":\"https:\\\/\\\/cfpmaresme.org\\\/#\\\/schema\\\/person\\\/b2634bcd796fafc667ea4055f61b9b2c\"},\"breadcrumb\":{\"@id\":\"https:\\\/\\\/cfpmaresme.org\\\/es\\\/todo-el-trabajo-de-la-sociedad-para-dignificar-la-posicion-del-paciente-se-tiene-que-basar-en-ponerlos-de-nuevo-en-una-posicion-activa-de-retorno\\\/#breadcrumb\"},\"inLanguage\":\"es\",\"potentialAction\":[{\"@type\":\"ReadAction\",\"target\":[\"https:\\\/\\\/cfpmaresme.org\\\/es\\\/todo-el-trabajo-de-la-sociedad-para-dignificar-la-posicion-del-paciente-se-tiene-que-basar-en-ponerlos-de-nuevo-en-una-posicion-activa-de-retorno\\\/\"]}]},{\"@type\":\"ImageObject\",\"inLanguage\":\"es\",\"@id\":\"https:\\\/\\\/cfpmaresme.org\\\/es\\\/todo-el-trabajo-de-la-sociedad-para-dignificar-la-posicion-del-paciente-se-tiene-que-basar-en-ponerlos-de-nuevo-en-una-posicion-activa-de-retorno\\\/#primaryimage\",\"url\":\"https:\\\/\\\/cfpmaresme.org\\\/wp-content\\\/uploads\\\/2022\\\/03\\\/banner-en-castell\u00e0.jpg\",\"contentUrl\":\"https:\\\/\\\/cfpmaresme.org\\\/wp-content\\\/uploads\\\/2022\\\/03\\\/banner-en-castell\u00e0.jpg\",\"width\":608,\"height\":156},{\"@type\":\"BreadcrumbList\",\"@id\":\"https:\\\/\\\/cfpmaresme.org\\\/es\\\/todo-el-trabajo-de-la-sociedad-para-dignificar-la-posicion-del-paciente-se-tiene-que-basar-en-ponerlos-de-nuevo-en-una-posicion-activa-de-retorno\\\/#breadcrumb\",\"itemListElement\":[{\"@type\":\"ListItem\",\"position\":1,\"name\":\"Home\",\"item\":\"https:\\\/\\\/cfpmaresme.org\\\/es\\\/\"},{\"@type\":\"ListItem\",\"position\":2,\"name\":\"\u00abTodo el trabajo de la sociedad para dignificar la posici\u00f3n del paciente se tiene que basar en ponerlos, de nuevo, en una posici\u00f3n activa, de retorno\u00bb\"}]},{\"@type\":\"WebSite\",\"@id\":\"https:\\\/\\\/cfpmaresme.org\\\/#website\",\"url\":\"https:\\\/\\\/cfpmaresme.org\\\/\",\"name\":\"CFP Maresme\",\"description\":\"Centre Formaci\u00f3 Prevenci\u00f3\",\"potentialAction\":[{\"@type\":\"SearchAction\",\"target\":{\"@type\":\"EntryPoint\",\"urlTemplate\":\"https:\\\/\\\/cfpmaresme.org\\\/?s={search_term_string}\"},\"query-input\":{\"@type\":\"PropertyValueSpecification\",\"valueRequired\":true,\"valueName\":\"search_term_string\"}}],\"inLanguage\":\"es\"},{\"@type\":\"Person\",\"@id\":\"https:\\\/\\\/cfpmaresme.org\\\/#\\\/schema\\\/person\\\/b2634bcd796fafc667ea4055f61b9b2c\",\"name\":\"CFPMaresme\"}]}<\/script>\n<!-- \/ Yoast SEO plugin. -->","yoast_head_json":{"title":"\"Todo el trabajo de la sociedad para dignificar la posici\u00f3n del paciente se tiene que basar en ponerlos, de nuevo, en una posici\u00f3n activa, de retorno\" | CFP Maresme","robots":{"index":"index","follow":"follow","max-snippet":"max-snippet:-1","max-image-preview":"max-image-preview:large","max-video-preview":"max-video-preview:-1"},"canonical":"https:\/\/cfpmaresme.org\/es\/todo-el-trabajo-de-la-sociedad-para-dignificar-la-posicion-del-paciente-se-tiene-que-basar-en-ponerlos-de-nuevo-en-una-posicion-activa-de-retorno\/","og_locale":"es_ES","og_type":"article","og_title":"\"Todo el trabajo de la sociedad para dignificar la posici\u00f3n del paciente se tiene que basar en ponerlos, de nuevo, en una posici\u00f3n activa, de retorno\" | CFP Maresme","og_description":"Por Carla Cruells, responsable de Comunicaci\u00f3n del CFP Perfil: Laura G\u00f3mez es Psic\u00f3loga Sanitaria y Jefa del SRC Burriac desde su inicio. Este mes ha hecho dos d\u00e9cadas que se inaugur\u00f3 el recurso. Laura ha querido compartir el trabajo de tantos a\u00f1os en el art\u00edculo...","og_url":"https:\/\/cfpmaresme.org\/es\/todo-el-trabajo-de-la-sociedad-para-dignificar-la-posicion-del-paciente-se-tiene-que-basar-en-ponerlos-de-nuevo-en-una-posicion-activa-de-retorno\/","og_site_name":"CFP Maresme","article_published_time":"2022-03-29T11:20:35+00:00","article_modified_time":"2022-05-23T10:26:12+00:00","og_image":[{"width":608,"height":156,"url":"https:\/\/cfpmaresme.org\/wp-content\/uploads\/2022\/03\/banner-en-castell\u00e0.jpg","type":"image\/jpeg"}],"author":"CFPMaresme","twitter_card":"summary_large_image","twitter_creator":"@cfpmaresme","twitter_site":"@cfpmaresme","twitter_misc":{"Escrito por":"CFPMaresme","Tiempo de lectura":"9 minutos"},"schema":{"@context":"https:\/\/schema.org","@graph":[{"@type":"Article","@id":"https:\/\/cfpmaresme.org\/es\/todo-el-trabajo-de-la-sociedad-para-dignificar-la-posicion-del-paciente-se-tiene-que-basar-en-ponerlos-de-nuevo-en-una-posicion-activa-de-retorno\/#article","isPartOf":{"@id":"https:\/\/cfpmaresme.org\/es\/todo-el-trabajo-de-la-sociedad-para-dignificar-la-posicion-del-paciente-se-tiene-que-basar-en-ponerlos-de-nuevo-en-una-posicion-activa-de-retorno\/"},"author":{"name":"CFPMaresme","@id":"https:\/\/cfpmaresme.org\/#\/schema\/person\/b2634bcd796fafc667ea4055f61b9b2c"},"headline":"\u00abTodo el trabajo de la sociedad para dignificar la posici\u00f3n del paciente se tiene que basar en ponerlos, de nuevo, en una posici\u00f3n activa, de retorno\u00bb","datePublished":"2022-03-29T11:20:35+00:00","dateModified":"2022-05-23T10:26:12+00:00","mainEntityOfPage":{"@id":"https:\/\/cfpmaresme.org\/es\/todo-el-trabajo-de-la-sociedad-para-dignificar-la-posicion-del-paciente-se-tiene-que-basar-en-ponerlos-de-nuevo-en-una-posicion-activa-de-retorno\/"},"wordCount":1906,"commentCount":0,"image":{"@id":"https:\/\/cfpmaresme.org\/es\/todo-el-trabajo-de-la-sociedad-para-dignificar-la-posicion-del-paciente-se-tiene-que-basar-en-ponerlos-de-nuevo-en-una-posicion-activa-de-retorno\/#primaryimage"},"thumbnailUrl":"https:\/\/cfpmaresme.org\/wp-content\/uploads\/2022\/03\/banner-en-castell\u00e0.jpg","articleSection":["Entrevistas","La entrevista"],"inLanguage":"es"},{"@type":"WebPage","@id":"https:\/\/cfpmaresme.org\/es\/todo-el-trabajo-de-la-sociedad-para-dignificar-la-posicion-del-paciente-se-tiene-que-basar-en-ponerlos-de-nuevo-en-una-posicion-activa-de-retorno\/","url":"https:\/\/cfpmaresme.org\/es\/todo-el-trabajo-de-la-sociedad-para-dignificar-la-posicion-del-paciente-se-tiene-que-basar-en-ponerlos-de-nuevo-en-una-posicion-activa-de-retorno\/","name":"\"Todo el trabajo de la sociedad para dignificar la posici\u00f3n del paciente se tiene que basar en ponerlos, de nuevo, en una posici\u00f3n activa, de retorno\" | CFP Maresme","isPartOf":{"@id":"https:\/\/cfpmaresme.org\/#website"},"primaryImageOfPage":{"@id":"https:\/\/cfpmaresme.org\/es\/todo-el-trabajo-de-la-sociedad-para-dignificar-la-posicion-del-paciente-se-tiene-que-basar-en-ponerlos-de-nuevo-en-una-posicion-activa-de-retorno\/#primaryimage"},"image":{"@id":"https:\/\/cfpmaresme.org\/es\/todo-el-trabajo-de-la-sociedad-para-dignificar-la-posicion-del-paciente-se-tiene-que-basar-en-ponerlos-de-nuevo-en-una-posicion-activa-de-retorno\/#primaryimage"},"thumbnailUrl":"https:\/\/cfpmaresme.org\/wp-content\/uploads\/2022\/03\/banner-en-castell\u00e0.jpg","datePublished":"2022-03-29T11:20:35+00:00","dateModified":"2022-05-23T10:26:12+00:00","author":{"@id":"https:\/\/cfpmaresme.org\/#\/schema\/person\/b2634bcd796fafc667ea4055f61b9b2c"},"breadcrumb":{"@id":"https:\/\/cfpmaresme.org\/es\/todo-el-trabajo-de-la-sociedad-para-dignificar-la-posicion-del-paciente-se-tiene-que-basar-en-ponerlos-de-nuevo-en-una-posicion-activa-de-retorno\/#breadcrumb"},"inLanguage":"es","potentialAction":[{"@type":"ReadAction","target":["https:\/\/cfpmaresme.org\/es\/todo-el-trabajo-de-la-sociedad-para-dignificar-la-posicion-del-paciente-se-tiene-que-basar-en-ponerlos-de-nuevo-en-una-posicion-activa-de-retorno\/"]}]},{"@type":"ImageObject","inLanguage":"es","@id":"https:\/\/cfpmaresme.org\/es\/todo-el-trabajo-de-la-sociedad-para-dignificar-la-posicion-del-paciente-se-tiene-que-basar-en-ponerlos-de-nuevo-en-una-posicion-activa-de-retorno\/#primaryimage","url":"https:\/\/cfpmaresme.org\/wp-content\/uploads\/2022\/03\/banner-en-castell\u00e0.jpg","contentUrl":"https:\/\/cfpmaresme.org\/wp-content\/uploads\/2022\/03\/banner-en-castell\u00e0.jpg","width":608,"height":156},{"@type":"BreadcrumbList","@id":"https:\/\/cfpmaresme.org\/es\/todo-el-trabajo-de-la-sociedad-para-dignificar-la-posicion-del-paciente-se-tiene-que-basar-en-ponerlos-de-nuevo-en-una-posicion-activa-de-retorno\/#breadcrumb","itemListElement":[{"@type":"ListItem","position":1,"name":"Home","item":"https:\/\/cfpmaresme.org\/es\/"},{"@type":"ListItem","position":2,"name":"\u00abTodo el trabajo de la sociedad para dignificar la posici\u00f3n del paciente se tiene que basar en ponerlos, de nuevo, en una posici\u00f3n activa, de retorno\u00bb"}]},{"@type":"WebSite","@id":"https:\/\/cfpmaresme.org\/#website","url":"https:\/\/cfpmaresme.org\/","name":"CFP Maresme","description":"Centre Formaci\u00f3 Prevenci\u00f3","potentialAction":[{"@type":"SearchAction","target":{"@type":"EntryPoint","urlTemplate":"https:\/\/cfpmaresme.org\/?s={search_term_string}"},"query-input":{"@type":"PropertyValueSpecification","valueRequired":true,"valueName":"search_term_string"}}],"inLanguage":"es"},{"@type":"Person","@id":"https:\/\/cfpmaresme.org\/#\/schema\/person\/b2634bcd796fafc667ea4055f61b9b2c","name":"CFPMaresme"}]}},"_links":{"self":[{"href":"https:\/\/cfpmaresme.org\/es\/wp-json\/wp\/v2\/posts\/70412","targetHints":{"allow":["GET"]}}],"collection":[{"href":"https:\/\/cfpmaresme.org\/es\/wp-json\/wp\/v2\/posts"}],"about":[{"href":"https:\/\/cfpmaresme.org\/es\/wp-json\/wp\/v2\/types\/post"}],"author":[{"embeddable":true,"href":"https:\/\/cfpmaresme.org\/es\/wp-json\/wp\/v2\/users\/2"}],"replies":[{"embeddable":true,"href":"https:\/\/cfpmaresme.org\/es\/wp-json\/wp\/v2\/comments?post=70412"}],"version-history":[{"count":5,"href":"https:\/\/cfpmaresme.org\/es\/wp-json\/wp\/v2\/posts\/70412\/revisions"}],"predecessor-version":[{"id":70422,"href":"https:\/\/cfpmaresme.org\/es\/wp-json\/wp\/v2\/posts\/70412\/revisions\/70422"}],"wp:featuredmedia":[{"embeddable":true,"href":"https:\/\/cfpmaresme.org\/es\/wp-json\/wp\/v2\/media\/70416"}],"wp:attachment":[{"href":"https:\/\/cfpmaresme.org\/es\/wp-json\/wp\/v2\/media?parent=70412"}],"wp:term":[{"taxonomy":"category","embeddable":true,"href":"https:\/\/cfpmaresme.org\/es\/wp-json\/wp\/v2\/categories?post=70412"},{"taxonomy":"post_tag","embeddable":true,"href":"https:\/\/cfpmaresme.org\/es\/wp-json\/wp\/v2\/tags?post=70412"}],"curies":[{"name":"wp","href":"https:\/\/api.w.org\/{rel}","templated":true}]}}