{"id":70659,"date":"2022-04-21T13:13:57","date_gmt":"2022-04-21T11:13:57","guid":{"rendered":"https:\/\/www.cfpmaresme.org\/?p=70659"},"modified":"2022-05-02T13:30:17","modified_gmt":"2022-05-02T11:30:17","slug":"semana-santa-de-intercambio-cultural-en-los-pisos-de-jovenes","status":"publish","type":"post","link":"https:\/\/cfpmaresme.org\/es\/semana-santa-de-intercambio-cultural-en-los-pisos-de-jovenes\/","title":{"rendered":"Semana Santa de intercambio cultural en los pisos de j\u00f3venes"},"content":{"rendered":"<div class=\"blog_single blog_holder\">\n<article id=\"post-70512\" class=\"post-70512 post type-post status-publish format-standard has-post-thumbnail hentry category-pisos-joves\">\n<div class=\"post_content_holder\">\n<div class=\"post_image\">Conocer platos t\u00edpicos de los pa\u00edses de origen de otros j\u00f3venes y cocinarlos en hermandad han marcado el d\u00eda a d\u00eda de los chicos y chicas de pisos durante estas fiestas que, a su vez, han coincidido con el Ramad\u00e1n. Distintos j\u00f3venes que viven en las viviendas de la entidad practican la religi\u00f3n musulmana. No han faltado las salidas en grupo y ratos de diversi\u00f3n durante este per\u00edodo de descanso de la actividad formativa y de b\u00fasqueda de trabajo.<\/div>\n<div class=\"post_text\">\n<div class=\"post_text_inner\">\n<p>&nbsp;<\/p>\n<h3>COCINA INTERNACIONAL Y TRADICIONES DE SEMANA SANTA<\/h3>\n<p>La variedad de platos ha superado la de procedencias de los j\u00f3venes. Con la ayuda del equipo educativo, han hecho desde sopa harira marroquina, pasando por el cusc\u00fas t\u00edpico de la mitad norte de \u00c1frica o arroz con cacahuetes, propio de pa\u00edses subsaharianos. Tampoco han faltado lomos de merluza con salsa verde tal y como se hace en el Pa\u00eds Vasco y otros platos emblem\u00e1ticos de distintos pa\u00edses.<\/p>\n<p>Por otro lado, los j\u00f3venes han cocinado platos tradicionales de Semana Santa como los bu\u00f1uelos de bacalao y la mona de Pascua.<\/p>\n<p>&nbsp;<\/p>\n<h3>OCIO Y CENAS DE HERMANDAD<\/h3>\n<p>Estos tambi\u00e9n han sido unos d\u00edas de descanso y de salidas, as\u00ed como de hacer cenas todos juntos. Tiempo compartido en el que romper con la rutina, desconectar y establecer m\u00e1s v\u00ednculo, en un ambiente festivo y distendido, con los j\u00f3venes que conviven en el mismo piso y de otros pisos de la entidad.<\/p>\n<p>&nbsp;<\/p>\n<h3>LA INTERCULTURALIDAD EN LOS HABITAJES DEL CFP<\/h3>\n<p>Los\u00a0<a href=\"\/?page_id=25306\" target=\"_blank\" rel=\"noopener noreferrer\">pisos asistidos para j\u00f3venes <\/a>tutelados y\/o extutelados hacen de puente para la transici\u00f3n a la vida adulta. A menudo en ellos viven personas de procedencias muy variadas. Tan importante es que sientan un respeto hacia su origen y puedan practicar sus tradiciones como que aprendan las de aqu\u00ed, territorio donde probablemente se arrelar\u00e1n, si consiguen la inserci\u00f3n laboral y la inclusi\u00f3n comunitaria.<\/p>\n<p>As\u00ed pues, el equipo educativo procura dar espacios para que puedan explicar y compartir lo que es su cultura de origen y tradiciones desde el m\u00e1ximo de \u00e1mbitos como que aprendan la del territorio donde est\u00e1n iniciando su proyecto vital. Estar incluidos aqu\u00ed conllevar\u00e1 tambi\u00e9n la necesidad de que conozcan nuestras costumbres, tradiciones, valores y, por supuesto, aspectos tan b\u00e1sicos como el idioma.<\/p>\n<p>Dando lugar al intercambio cultural potenciamos el conocimiento, el respeto y la cultura de los j\u00f3venes que acompa\u00f1amos. Oportunidades como la Semana Santa presentan muchas posiblidades parar trabajar este aspecto tan relevante.<\/p>\n<\/div>\n<\/div>\n<\/div>\n<\/article>\n<\/div>\n<p>&nbsp;<\/p>\n","protected":false},"excerpt":{"rendered":"<p>Conocer platos t\u00edpicos de los pa\u00edses de origen de otros j\u00f3venes y cocinarlos en hermandad han marcado el d\u00eda a d\u00eda de los chicos y chicas de pisos durante estas fiestas que, a su vez, han coincidido con el Ramad\u00e1n. Distintos j\u00f3venes que viven en&#8230;<\/p>\n","protected":false},"author":2,"featured_media":70514,"comment_status":"open","ping_status":"open","sticky":false,"template":"","format":"standard","meta":{"footnotes":""},"categories":[1144,1244],"tags":[],"class_list":["post-70659","post","type-post","status-publish","format-standard","has-post-thumbnail","hentry","category-infancia-y-familia","category-pisos-jovenes"],"yoast_head":"<!-- This site is optimized with the Yoast SEO plugin v27.4 - https:\/\/yoast.com\/product\/yoast-seo-wordpress\/ -->\n<title>Semana Santa de intercambio cultural en los pisos de j\u00f3venes | CFP Maresme<\/title>\n<meta name=\"robots\" content=\"index, follow, max-snippet:-1, max-image-preview:large, max-video-preview:-1\" \/>\n<link rel=\"canonical\" href=\"https:\/\/cfpmaresme.org\/es\/semana-santa-de-intercambio-cultural-en-los-pisos-de-jovenes\/\" \/>\n<meta property=\"og:locale\" content=\"es_ES\" \/>\n<meta property=\"og:type\" content=\"article\" \/>\n<meta property=\"og:title\" content=\"Semana Santa de intercambio cultural en los pisos de j\u00f3venes | CFP Maresme\" \/>\n<meta property=\"og:description\" content=\"Conocer platos t\u00edpicos de los pa\u00edses de origen de otros j\u00f3venes y cocinarlos en hermandad han marcado el d\u00eda a d\u00eda de los chicos y chicas de pisos durante estas fiestas que, a su vez, han coincidido con el Ramad\u00e1n. Distintos j\u00f3venes que viven en...\" \/>\n<meta property=\"og:url\" content=\"https:\/\/cfpmaresme.org\/es\/semana-santa-de-intercambio-cultural-en-los-pisos-de-jovenes\/\" \/>\n<meta property=\"og:site_name\" content=\"CFP Maresme\" \/>\n<meta property=\"article:published_time\" content=\"2022-04-21T11:13:57+00:00\" \/>\n<meta property=\"article:modified_time\" content=\"2022-05-02T11:30:17+00:00\" \/>\n<meta property=\"og:image\" content=\"https:\/\/cfpmaresme.org\/wp-content\/uploads\/2022\/04\/banner.jpg\" \/>\n\t<meta property=\"og:image:width\" content=\"814\" \/>\n\t<meta property=\"og:image:height\" content=\"476\" \/>\n\t<meta property=\"og:image:type\" content=\"image\/jpeg\" \/>\n<meta name=\"author\" content=\"CFPMaresme\" \/>\n<meta name=\"twitter:card\" content=\"summary_large_image\" \/>\n<meta name=\"twitter:creator\" content=\"@cfpmaresme\" \/>\n<meta name=\"twitter:site\" content=\"@cfpmaresme\" \/>\n<meta name=\"twitter:label1\" content=\"Escrito por\" \/>\n\t<meta name=\"twitter:data1\" content=\"CFPMaresme\" \/>\n\t<meta name=\"twitter:label2\" content=\"Tiempo de lectura\" \/>\n\t<meta name=\"twitter:data2\" content=\"2 minutos\" \/>\n<script type=\"application\/ld+json\" class=\"yoast-schema-graph\">{\"@context\":\"https:\\\/\\\/schema.org\",\"@graph\":[{\"@type\":\"Article\",\"@id\":\"https:\\\/\\\/cfpmaresme.org\\\/es\\\/semana-santa-de-intercambio-cultural-en-los-pisos-de-jovenes\\\/#article\",\"isPartOf\":{\"@id\":\"https:\\\/\\\/cfpmaresme.org\\\/es\\\/semana-santa-de-intercambio-cultural-en-los-pisos-de-jovenes\\\/\"},\"author\":{\"name\":\"CFPMaresme\",\"@id\":\"https:\\\/\\\/cfpmaresme.org\\\/#\\\/schema\\\/person\\\/b2634bcd796fafc667ea4055f61b9b2c\"},\"headline\":\"Semana Santa de intercambio cultural en los pisos de j\u00f3venes\",\"datePublished\":\"2022-04-21T11:13:57+00:00\",\"dateModified\":\"2022-05-02T11:30:17+00:00\",\"mainEntityOfPage\":{\"@id\":\"https:\\\/\\\/cfpmaresme.org\\\/es\\\/semana-santa-de-intercambio-cultural-en-los-pisos-de-jovenes\\\/\"},\"wordCount\":452,\"commentCount\":0,\"image\":{\"@id\":\"https:\\\/\\\/cfpmaresme.org\\\/es\\\/semana-santa-de-intercambio-cultural-en-los-pisos-de-jovenes\\\/#primaryimage\"},\"thumbnailUrl\":\"https:\\\/\\\/cfpmaresme.org\\\/wp-content\\\/uploads\\\/2022\\\/04\\\/banner.jpg\",\"articleSection\":[\"\u00c1rea de infancia, adolescencia y fam\u00edlia\",\"Pisos j\u00f3venes\"],\"inLanguage\":\"es\"},{\"@type\":\"WebPage\",\"@id\":\"https:\\\/\\\/cfpmaresme.org\\\/es\\\/semana-santa-de-intercambio-cultural-en-los-pisos-de-jovenes\\\/\",\"url\":\"https:\\\/\\\/cfpmaresme.org\\\/es\\\/semana-santa-de-intercambio-cultural-en-los-pisos-de-jovenes\\\/\",\"name\":\"Semana Santa de intercambio cultural en los pisos de j\u00f3venes | CFP Maresme\",\"isPartOf\":{\"@id\":\"https:\\\/\\\/cfpmaresme.org\\\/#website\"},\"primaryImageOfPage\":{\"@id\":\"https:\\\/\\\/cfpmaresme.org\\\/es\\\/semana-santa-de-intercambio-cultural-en-los-pisos-de-jovenes\\\/#primaryimage\"},\"image\":{\"@id\":\"https:\\\/\\\/cfpmaresme.org\\\/es\\\/semana-santa-de-intercambio-cultural-en-los-pisos-de-jovenes\\\/#primaryimage\"},\"thumbnailUrl\":\"https:\\\/\\\/cfpmaresme.org\\\/wp-content\\\/uploads\\\/2022\\\/04\\\/banner.jpg\",\"datePublished\":\"2022-04-21T11:13:57+00:00\",\"dateModified\":\"2022-05-02T11:30:17+00:00\",\"author\":{\"@id\":\"https:\\\/\\\/cfpmaresme.org\\\/#\\\/schema\\\/person\\\/b2634bcd796fafc667ea4055f61b9b2c\"},\"breadcrumb\":{\"@id\":\"https:\\\/\\\/cfpmaresme.org\\\/es\\\/semana-santa-de-intercambio-cultural-en-los-pisos-de-jovenes\\\/#breadcrumb\"},\"inLanguage\":\"es\",\"potentialAction\":[{\"@type\":\"ReadAction\",\"target\":[\"https:\\\/\\\/cfpmaresme.org\\\/es\\\/semana-santa-de-intercambio-cultural-en-los-pisos-de-jovenes\\\/\"]}]},{\"@type\":\"ImageObject\",\"inLanguage\":\"es\",\"@id\":\"https:\\\/\\\/cfpmaresme.org\\\/es\\\/semana-santa-de-intercambio-cultural-en-los-pisos-de-jovenes\\\/#primaryimage\",\"url\":\"https:\\\/\\\/cfpmaresme.org\\\/wp-content\\\/uploads\\\/2022\\\/04\\\/banner.jpg\",\"contentUrl\":\"https:\\\/\\\/cfpmaresme.org\\\/wp-content\\\/uploads\\\/2022\\\/04\\\/banner.jpg\",\"width\":814,\"height\":476},{\"@type\":\"BreadcrumbList\",\"@id\":\"https:\\\/\\\/cfpmaresme.org\\\/es\\\/semana-santa-de-intercambio-cultural-en-los-pisos-de-jovenes\\\/#breadcrumb\",\"itemListElement\":[{\"@type\":\"ListItem\",\"position\":1,\"name\":\"Home\",\"item\":\"https:\\\/\\\/cfpmaresme.org\\\/es\\\/\"},{\"@type\":\"ListItem\",\"position\":2,\"name\":\"Semana Santa de intercambio cultural en los pisos de j\u00f3venes\"}]},{\"@type\":\"WebSite\",\"@id\":\"https:\\\/\\\/cfpmaresme.org\\\/#website\",\"url\":\"https:\\\/\\\/cfpmaresme.org\\\/\",\"name\":\"CFP Maresme\",\"description\":\"Centre Formaci\u00f3 Prevenci\u00f3\",\"potentialAction\":[{\"@type\":\"SearchAction\",\"target\":{\"@type\":\"EntryPoint\",\"urlTemplate\":\"https:\\\/\\\/cfpmaresme.org\\\/?s={search_term_string}\"},\"query-input\":{\"@type\":\"PropertyValueSpecification\",\"valueRequired\":true,\"valueName\":\"search_term_string\"}}],\"inLanguage\":\"es\"},{\"@type\":\"Person\",\"@id\":\"https:\\\/\\\/cfpmaresme.org\\\/#\\\/schema\\\/person\\\/b2634bcd796fafc667ea4055f61b9b2c\",\"name\":\"CFPMaresme\"}]}<\/script>\n<!-- \/ Yoast SEO plugin. -->","yoast_head_json":{"title":"Semana Santa de intercambio cultural en los pisos de j\u00f3venes | CFP Maresme","robots":{"index":"index","follow":"follow","max-snippet":"max-snippet:-1","max-image-preview":"max-image-preview:large","max-video-preview":"max-video-preview:-1"},"canonical":"https:\/\/cfpmaresme.org\/es\/semana-santa-de-intercambio-cultural-en-los-pisos-de-jovenes\/","og_locale":"es_ES","og_type":"article","og_title":"Semana Santa de intercambio cultural en los pisos de j\u00f3venes | CFP Maresme","og_description":"Conocer platos t\u00edpicos de los pa\u00edses de origen de otros j\u00f3venes y cocinarlos en hermandad han marcado el d\u00eda a d\u00eda de los chicos y chicas de pisos durante estas fiestas que, a su vez, han coincidido con el Ramad\u00e1n. Distintos j\u00f3venes que viven en...","og_url":"https:\/\/cfpmaresme.org\/es\/semana-santa-de-intercambio-cultural-en-los-pisos-de-jovenes\/","og_site_name":"CFP Maresme","article_published_time":"2022-04-21T11:13:57+00:00","article_modified_time":"2022-05-02T11:30:17+00:00","og_image":[{"width":814,"height":476,"url":"https:\/\/cfpmaresme.org\/wp-content\/uploads\/2022\/04\/banner.jpg","type":"image\/jpeg"}],"author":"CFPMaresme","twitter_card":"summary_large_image","twitter_creator":"@cfpmaresme","twitter_site":"@cfpmaresme","twitter_misc":{"Escrito por":"CFPMaresme","Tiempo de lectura":"2 minutos"},"schema":{"@context":"https:\/\/schema.org","@graph":[{"@type":"Article","@id":"https:\/\/cfpmaresme.org\/es\/semana-santa-de-intercambio-cultural-en-los-pisos-de-jovenes\/#article","isPartOf":{"@id":"https:\/\/cfpmaresme.org\/es\/semana-santa-de-intercambio-cultural-en-los-pisos-de-jovenes\/"},"author":{"name":"CFPMaresme","@id":"https:\/\/cfpmaresme.org\/#\/schema\/person\/b2634bcd796fafc667ea4055f61b9b2c"},"headline":"Semana Santa de intercambio cultural en los pisos de j\u00f3venes","datePublished":"2022-04-21T11:13:57+00:00","dateModified":"2022-05-02T11:30:17+00:00","mainEntityOfPage":{"@id":"https:\/\/cfpmaresme.org\/es\/semana-santa-de-intercambio-cultural-en-los-pisos-de-jovenes\/"},"wordCount":452,"commentCount":0,"image":{"@id":"https:\/\/cfpmaresme.org\/es\/semana-santa-de-intercambio-cultural-en-los-pisos-de-jovenes\/#primaryimage"},"thumbnailUrl":"https:\/\/cfpmaresme.org\/wp-content\/uploads\/2022\/04\/banner.jpg","articleSection":["\u00c1rea de infancia, adolescencia y fam\u00edlia","Pisos j\u00f3venes"],"inLanguage":"es"},{"@type":"WebPage","@id":"https:\/\/cfpmaresme.org\/es\/semana-santa-de-intercambio-cultural-en-los-pisos-de-jovenes\/","url":"https:\/\/cfpmaresme.org\/es\/semana-santa-de-intercambio-cultural-en-los-pisos-de-jovenes\/","name":"Semana Santa de intercambio cultural en los pisos de j\u00f3venes | CFP Maresme","isPartOf":{"@id":"https:\/\/cfpmaresme.org\/#website"},"primaryImageOfPage":{"@id":"https:\/\/cfpmaresme.org\/es\/semana-santa-de-intercambio-cultural-en-los-pisos-de-jovenes\/#primaryimage"},"image":{"@id":"https:\/\/cfpmaresme.org\/es\/semana-santa-de-intercambio-cultural-en-los-pisos-de-jovenes\/#primaryimage"},"thumbnailUrl":"https:\/\/cfpmaresme.org\/wp-content\/uploads\/2022\/04\/banner.jpg","datePublished":"2022-04-21T11:13:57+00:00","dateModified":"2022-05-02T11:30:17+00:00","author":{"@id":"https:\/\/cfpmaresme.org\/#\/schema\/person\/b2634bcd796fafc667ea4055f61b9b2c"},"breadcrumb":{"@id":"https:\/\/cfpmaresme.org\/es\/semana-santa-de-intercambio-cultural-en-los-pisos-de-jovenes\/#breadcrumb"},"inLanguage":"es","potentialAction":[{"@type":"ReadAction","target":["https:\/\/cfpmaresme.org\/es\/semana-santa-de-intercambio-cultural-en-los-pisos-de-jovenes\/"]}]},{"@type":"ImageObject","inLanguage":"es","@id":"https:\/\/cfpmaresme.org\/es\/semana-santa-de-intercambio-cultural-en-los-pisos-de-jovenes\/#primaryimage","url":"https:\/\/cfpmaresme.org\/wp-content\/uploads\/2022\/04\/banner.jpg","contentUrl":"https:\/\/cfpmaresme.org\/wp-content\/uploads\/2022\/04\/banner.jpg","width":814,"height":476},{"@type":"BreadcrumbList","@id":"https:\/\/cfpmaresme.org\/es\/semana-santa-de-intercambio-cultural-en-los-pisos-de-jovenes\/#breadcrumb","itemListElement":[{"@type":"ListItem","position":1,"name":"Home","item":"https:\/\/cfpmaresme.org\/es\/"},{"@type":"ListItem","position":2,"name":"Semana Santa de intercambio cultural en los pisos de j\u00f3venes"}]},{"@type":"WebSite","@id":"https:\/\/cfpmaresme.org\/#website","url":"https:\/\/cfpmaresme.org\/","name":"CFP Maresme","description":"Centre Formaci\u00f3 Prevenci\u00f3","potentialAction":[{"@type":"SearchAction","target":{"@type":"EntryPoint","urlTemplate":"https:\/\/cfpmaresme.org\/?s={search_term_string}"},"query-input":{"@type":"PropertyValueSpecification","valueRequired":true,"valueName":"search_term_string"}}],"inLanguage":"es"},{"@type":"Person","@id":"https:\/\/cfpmaresme.org\/#\/schema\/person\/b2634bcd796fafc667ea4055f61b9b2c","name":"CFPMaresme"}]}},"_links":{"self":[{"href":"https:\/\/cfpmaresme.org\/es\/wp-json\/wp\/v2\/posts\/70659","targetHints":{"allow":["GET"]}}],"collection":[{"href":"https:\/\/cfpmaresme.org\/es\/wp-json\/wp\/v2\/posts"}],"about":[{"href":"https:\/\/cfpmaresme.org\/es\/wp-json\/wp\/v2\/types\/post"}],"author":[{"embeddable":true,"href":"https:\/\/cfpmaresme.org\/es\/wp-json\/wp\/v2\/users\/2"}],"replies":[{"embeddable":true,"href":"https:\/\/cfpmaresme.org\/es\/wp-json\/wp\/v2\/comments?post=70659"}],"version-history":[{"count":7,"href":"https:\/\/cfpmaresme.org\/es\/wp-json\/wp\/v2\/posts\/70659\/revisions"}],"predecessor-version":[{"id":70666,"href":"https:\/\/cfpmaresme.org\/es\/wp-json\/wp\/v2\/posts\/70659\/revisions\/70666"}],"wp:featuredmedia":[{"embeddable":true,"href":"https:\/\/cfpmaresme.org\/es\/wp-json\/wp\/v2\/media\/70514"}],"wp:attachment":[{"href":"https:\/\/cfpmaresme.org\/es\/wp-json\/wp\/v2\/media?parent=70659"}],"wp:term":[{"taxonomy":"category","embeddable":true,"href":"https:\/\/cfpmaresme.org\/es\/wp-json\/wp\/v2\/categories?post=70659"},{"taxonomy":"post_tag","embeddable":true,"href":"https:\/\/cfpmaresme.org\/es\/wp-json\/wp\/v2\/tags?post=70659"}],"curies":[{"name":"wp","href":"https:\/\/api.w.org\/{rel}","templated":true}]}}