{"id":70668,"date":"2022-04-25T13:32:28","date_gmt":"2022-04-25T11:32:28","guid":{"rendered":"https:\/\/www.cfpmaresme.org\/?p=70668"},"modified":"2022-05-02T13:33:12","modified_gmt":"2022-05-02T11:33:12","slug":"jocs-florals-cfp-candidaturas-poesia","status":"publish","type":"post","link":"https:\/\/cfpmaresme.org\/es\/jocs-florals-cfp-candidaturas-poesia\/","title":{"rendered":"Jocs Florals CFP. Candidaturas poes\u00eda"},"content":{"rendered":"<h3>\u201cTe quiero\u201d, Fernando<\/h3>\n<p>Te quiero,<\/p>\n<p>como las nubes quieren al viento que las mueve,<\/p>\n<p>como las flores quieren a la primavera,<\/p>\n<p>como la nieve quiere al fr\u00edo que la mantiene, as\u00ed te quiero yo,<\/p>\n<p>Con un amor inmortal m\u00e1s all\u00e1 de la vida,<\/p>\n<p>con el cari\u00f1o que la madre coge a su hijo por primera vez,<\/p>\n<p>con la ilusi\u00f3n del primer beso siempre te besar\u00e9,<\/p>\n<p>con el calor que me dan tus miradas siempre lo necesitar\u00e9,<\/p>\n<p>tu compa\u00f1\u00eda siempre me dar\u00e1 apoyo en todo instante<\/p>\n<p>siempre te querr\u00e9.<\/p>\n<p>Volar\u00e1 mi imaginaci\u00f3n pensando en tu imagen cuando no est\u00e9s,<\/p>\n<p>recordar\u00e9 siempre la primera vez que nos cogimos la mano,<\/p>\n<p>tus palabras me dan el calor del Sol en verano,<\/p>\n<p>tus movimientos me parecen gr\u00e1ciles como los de una bailarina.<\/p>\n<p>Siempre te necesitar\u00e9,<\/p>\n<p>como el cachorro la leche de su madre,<\/p>\n<p>como los p\u00e1jaros el aire para volar,<\/p>\n<p>como el r\u00edo el agua que le da vida,<\/p>\n<p>como el amor necesita personas para vivir,<\/p>\n<p>mi ser pertenece siempre por entero a ti,<\/p>\n<p>y esto nunca cambiar\u00e1.<\/p>\n<p>&nbsp;<\/p>\n<h3>\u201cInstantes\u201d, M\u00aa Alba<\/h3>\n<p>La vida, a pesar de las dificultades, es hermosa, si aprendes a disfrutar de ella.<\/p>\n<p>Todo el mundo deber\u00eda aprender a valorar lo que la vida te da.<\/p>\n<p>Todo tiene un por qu\u00e9 y si aprendes a verlo la vida te ser\u00e1 m\u00e1s f\u00e1cil.<\/p>\n<p>La vida es como un suspiro, cuando te das cuenta ya has envejecido, por eso yo digo, disfruta cada instante como si \u00e9ste fuera el \u00faltimo.<\/p>\n<p>No te pases la vida lament\u00e1ndote por lo que no tienes, y valora m\u00e1s lo que Dios te da.<\/p>\n<p>Aprende a perdonar, porqu\u00e9 nadie es perfecto.<\/p>\n<p>Todos en mayor o menor medida nos equivocamos en la vida.<\/p>\n<p>Haz cosas buenas si quieres recibir de los dem\u00e1s, pues quien no da no recibe.<\/p>\n<p>&nbsp;<\/p>\n<h3>\u00abMundo de fantas\u00eda\u201d, Resu<\/h3>\n<p>Me hayo en blanco como mi propia hoja.<\/p>\n<p>Hojas que te dan libertad para llegar donde quieras,<\/p>\n<p>de fantas\u00edas de sirenas,<\/p>\n<p>o dragones,<\/p>\n<p>que se mueven seg\u00fan nuestra libertad,<\/p>\n<p>p\u00e1ginas con olores y fuego abrasor que lo purifica todo.<\/p>\n<p>Hadas que cambian el hoy y el ma\u00f1ana,<\/p>\n<p>nos llevan a sue\u00f1os de ni\u00f1os m\u00e1s puros y limpios.<\/p>\n<p>Mentes que aun creen en luci\u00e9rnagas,<\/p>\n<p>en Peter Pan,<\/p>\n<p>en caballos,<\/p>\n<p>unicornios,<\/p>\n<p>en mundos paralelos con luz m\u00e1s brillante que el sol,<\/p>\n<p>y purpurinas,<\/p>\n<p>el mundo de la fantas\u00eda.<\/p>\n<p>&nbsp;<\/p>\n<h3>\u201cOnatge de sentiments\u201d, Ramon Pilar<\/h3>\n<p>Durant l\u2019onatge de les onades<\/p>\n<p>veig un intr\u00e8pid escull de raons.<\/p>\n<p>\u00c9s un mur obsessiu ple d\u2019aires:<\/p>\n<p>mestral, ponent, tramuntana, gregal.<\/p>\n<p>Sent olor de mestral i fa olor de mandarina<\/p>\n<p>sent olor de ponent i fa olor de poma.<\/p>\n<p>sent olor de tramuntana i fa olor de pr\u00e9ssec.<\/p>\n<p>sent olor de gregal i fa olor de pl\u00e0tan.<\/p>\n<p>Percebo un grapat de raons,<\/p>\n<p>tant de bones com de dolentes<\/p>\n<p>una probabilitat de caure<\/p>\n<p>per culpa de la pena<\/p>\n<p>que \u00e9s l\u2019impenetrable<\/p>\n<p>igual que l\u2019\u00e9sser hum\u00e0.<\/p>\n<p>Gracies per recordar-me\u2019l, avi!<\/p>\n<p>&nbsp;<\/p>\n<h3>\u201cAnoche habl\u00e9 con la luna\u201d, Josep Ma. Rosell\u00f3 Rodriguez<\/h3>\n<p>Anoche habl\u00e9 con la luna.<\/p>\n<p>Y ella me dijo que amara<\/p>\n<p>bajo su luz, a mi amada&#8230;<\/p>\n<p>Ojos azules, reflejados<\/p>\n<p>en agua clara.<\/p>\n<p>Anoche habl\u00e9 con la luna.<\/p>\n<p>Y la mujer de mis sue\u00f1os<\/p>\n<p>tan pronto se presentara<\/p>\n<p>bajo la pradera oscura<\/p>\n<p>con una humilde mirada<\/p>\n<p>&nbsp;<\/p>\n<h3>\u00abQuerida Canci\u00f3n de Cuna\u201d,Purple Rain<\/h3>\n<p>Querida canci\u00f3n de cuna que empezaste con alegr\u00edas,<\/p>\n<p>\u00bfPor qu\u00e9 no me dijiste que nunca acabar\u00edas?<\/p>\n<p>Yo deseaba recorrer el largo camino contigo,<\/p>\n<p>pero el final lleg\u00f3 antes de comenzar el principio.<\/p>\n<p>Querida canci\u00f3n de cuna, sin haberte visto me dejaste,<\/p>\n<p>pero te quise tanto que nunca jam\u00e1s he podido olvidarte.<\/p>\n<p>Por ti hubiera viajado a pa\u00edses que nadie pis\u00f3 antes,<\/p>\n<p>lo doloroso fue que los tickets volaron por los aires.<\/p>\n<p>Querida nueva alma que ibas a alumbrar mis d\u00edas,<\/p>\n<p>te quedaste a consolar a las almas no nacidas.<\/p>\n<p>Y as\u00ed me qued\u00e9, esper\u00e1ndote,<\/p>\n<p>pensando que en realidad no eras para m\u00ed.<\/p>\n<p>Quiz\u00e1 en otra vida pudiera conocerte,<\/p>\n<p>y yo te acunar\u00e9 hasta que seas feliz.<\/p>\n<p>&nbsp;<\/p>\n<h3>\u201cPoesia, al cor sia\u201d, Adan<\/h3>\n<p>Poesia, al cor sia,<\/p>\n<p>quan la Terra es mouria<\/p>\n<p>i a sobre el plouria,<\/p>\n<p>cantant fantasia.<\/p>\n<p>Mai es rendiria<\/p>\n<p>i mai la deixaria.<\/p>\n<p>En els somnis volaria<\/p>\n<p>com el foc que el vent atia,<\/p>\n<p>i de la vida prendria<\/p>\n<p>tot el que li donaria.<\/p>\n<p>I qui ho diria que la fantasia<\/p>\n<p>acabaria sent malaltia?<\/p>\n<p>Sense ella, pel bon cam\u00ed caminaria<\/p>\n<p>i amb els seus ullets el miraria,<\/p>\n<p>amb el cos el tocaria<\/p>\n<p>i amb l\u2019\u00e0nima l\u2019estimaria.<\/p>\n<p>Cap a la llibertat cavalcaria<\/p>\n<p>i el temps mai s\u2019aturaria.<\/p>\n<p>Creixeria i al seu costat viuria,<\/p>\n<p>la vida a qui nom\u00e9s demanaria<\/p>\n<p>que no descarril\u00e9s de la via.<\/p>\n<p>Potser seria sense agonia<\/p>\n<p>i de res se\u2019n penediria.<\/p>\n<p>&nbsp;<\/p>\n<h3>\u201cLos ni\u00f1os olvidados\u201d, Deborah Andr\u00e9s<\/h3>\n<p>Voces negras, gritos, y susurros,<\/p>\n<p>ni\u00f1os acerc\u00e1ndose agazapados,<\/p>\n<p>ya no caben m\u00e1s en la ciudad,<\/p>\n<p>que est\u00e1 rota, sucia y malgastada.<\/p>\n<p>En el suelo de alg\u00fan lugar lejano,<\/p>\n<p>olvidados se posar\u00e1n vencidos.<\/p>\n<p>Las sombras de ni\u00f1os dorados,<\/p>\n<p>observan el movimiento tard\u00edo,<\/p>\n<p>del porvenir de todos los hombres<\/p>\n<p>que luego ser\u00e1n ellos.<\/p>\n<p>La p\u00f3lvora del recuerdo esta candente,<\/p>\n<p>y arrasa como fuego embravecido<\/p>\n<p>los pasos fugaces e imperceptibles<\/p>\n<p>de este incierto presente.<\/p>\n<p>Los ni\u00f1os no re\u00edan,<\/p>\n<p>les hab\u00edan robado las emociones,<\/p>\n<p>y all\u00ed donde estuvieran<\/p>\n<p>se volv\u00eda un lugar l\u00e1nguido y sombr\u00edo,<\/p>\n<p>sin s\u00edntomas de esperanza y de certeza.<\/p>\n<p>Los ni\u00f1os con sus mochilas<\/p>\n<p>cargadas de soledad y miedo,<\/p>\n<p>sonando en sus o\u00eddos<\/p>\n<p>el eco de esos gritos callados,<\/p>\n<p>de esa ciudad oscura y fr\u00eda,<\/p>\n<p>son ni\u00f1os olvidados.<\/p>\n<p>&nbsp;<\/p>\n<h3>\u201cLleg\u00f3 sin pedir perd\u00f3n\u201d, Cyntia<\/h3>\n<p>Lleg\u00f3 sin pedir perd\u00f3n,<\/p>\n<p>ni pedir permiso.<\/p>\n<p>A\u00fan no s\u00e9 c\u00f3mo lo hizo<\/p>\n<p>pero manej\u00f3 mi mente como quiso.<\/p>\n<p>Tambi\u00e9n del coraz\u00f3n,<\/p>\n<p>quit\u00e1ndome las ganas de todo sin raz\u00f3n.<\/p>\n<p>Una lucha y una tortura diaria<\/p>\n<p>que con hartura afrontando todos los d\u00edas,<\/p>\n<p>queri\u00e9ndome morir, pero aferr\u00e1ndome<\/p>\n<p>a la vida para sobrevivir.<\/p>\n<p>Siempre tendiendo de un hilo<\/p>\n<p>me mantengo en vilo, con la sensaci\u00f3n<\/p>\n<p>De vivir muerta en un mundo de vivos.<\/p>\n","protected":false},"excerpt":{"rendered":"<p>\u201cTe quiero\u201d, Fernando Te quiero, como las nubes quieren al viento que las mueve, como las flores quieren a la primavera, como la nieve quiere al fr\u00edo que la mantiene, as\u00ed te quiero yo, Con un amor inmortal m\u00e1s all\u00e1 de la vida, con el&#8230;<\/p>\n","protected":false},"author":2,"featured_media":70537,"comment_status":"open","ping_status":"open","sticky":false,"template":"","format":"standard","meta":{"footnotes":""},"categories":[1187],"tags":[],"class_list":["post-70668","post","type-post","status-publish","format-standard","has-post-thumbnail","hentry","category-cfp-maresme-es"],"yoast_head":"<!-- This site is optimized with the Yoast SEO plugin v27.4 - https:\/\/yoast.com\/product\/yoast-seo-wordpress\/ -->\n<title>Jocs Florals CFP. Candidaturas poes\u00eda | CFP Maresme<\/title>\n<meta name=\"robots\" content=\"index, follow, max-snippet:-1, max-image-preview:large, max-video-preview:-1\" \/>\n<link rel=\"canonical\" href=\"https:\/\/cfpmaresme.org\/es\/jocs-florals-cfp-candidaturas-poesia\/\" \/>\n<meta property=\"og:locale\" content=\"es_ES\" \/>\n<meta property=\"og:type\" content=\"article\" \/>\n<meta property=\"og:title\" content=\"Jocs Florals CFP. Candidaturas poes\u00eda | CFP Maresme\" \/>\n<meta property=\"og:description\" content=\"\u201cTe quiero\u201d, Fernando Te quiero, como las nubes quieren al viento que las mueve, como las flores quieren a la primavera, como la nieve quiere al fr\u00edo que la mantiene, as\u00ed te quiero yo, Con un amor inmortal m\u00e1s all\u00e1 de la vida, con el...\" \/>\n<meta property=\"og:url\" content=\"https:\/\/cfpmaresme.org\/es\/jocs-florals-cfp-candidaturas-poesia\/\" \/>\n<meta property=\"og:site_name\" content=\"CFP Maresme\" \/>\n<meta property=\"article:published_time\" content=\"2022-04-25T11:32:28+00:00\" \/>\n<meta property=\"article:modified_time\" content=\"2022-05-02T11:33:12+00:00\" \/>\n<meta property=\"og:image\" content=\"https:\/\/cfpmaresme.org\/wp-content\/uploads\/2022\/04\/banner-candidatures.jpg\" \/>\n\t<meta property=\"og:image:width\" content=\"1353\" \/>\n\t<meta property=\"og:image:height\" content=\"651\" \/>\n\t<meta property=\"og:image:type\" content=\"image\/jpeg\" \/>\n<meta name=\"author\" content=\"CFPMaresme\" \/>\n<meta name=\"twitter:card\" content=\"summary_large_image\" \/>\n<meta name=\"twitter:creator\" content=\"@cfpmaresme\" \/>\n<meta name=\"twitter:site\" content=\"@cfpmaresme\" \/>\n<meta name=\"twitter:label1\" content=\"Escrito por\" \/>\n\t<meta name=\"twitter:data1\" content=\"CFPMaresme\" \/>\n\t<meta name=\"twitter:label2\" content=\"Tiempo de lectura\" \/>\n\t<meta name=\"twitter:data2\" content=\"5 minutos\" \/>\n<script type=\"application\/ld+json\" class=\"yoast-schema-graph\">{\"@context\":\"https:\\\/\\\/schema.org\",\"@graph\":[{\"@type\":\"Article\",\"@id\":\"https:\\\/\\\/cfpmaresme.org\\\/es\\\/jocs-florals-cfp-candidaturas-poesia\\\/#article\",\"isPartOf\":{\"@id\":\"https:\\\/\\\/cfpmaresme.org\\\/es\\\/jocs-florals-cfp-candidaturas-poesia\\\/\"},\"author\":{\"name\":\"CFPMaresme\",\"@id\":\"https:\\\/\\\/cfpmaresme.org\\\/#\\\/schema\\\/person\\\/b2634bcd796fafc667ea4055f61b9b2c\"},\"headline\":\"Jocs Florals CFP. Candidaturas poes\u00eda\",\"datePublished\":\"2022-04-25T11:32:28+00:00\",\"dateModified\":\"2022-05-02T11:33:12+00:00\",\"mainEntityOfPage\":{\"@id\":\"https:\\\/\\\/cfpmaresme.org\\\/es\\\/jocs-florals-cfp-candidaturas-poesia\\\/\"},\"wordCount\":1084,\"commentCount\":0,\"image\":{\"@id\":\"https:\\\/\\\/cfpmaresme.org\\\/es\\\/jocs-florals-cfp-candidaturas-poesia\\\/#primaryimage\"},\"thumbnailUrl\":\"https:\\\/\\\/cfpmaresme.org\\\/wp-content\\\/uploads\\\/2022\\\/04\\\/banner-candidatures.jpg\",\"articleSection\":[\"CFP Maresme\"],\"inLanguage\":\"es\"},{\"@type\":\"WebPage\",\"@id\":\"https:\\\/\\\/cfpmaresme.org\\\/es\\\/jocs-florals-cfp-candidaturas-poesia\\\/\",\"url\":\"https:\\\/\\\/cfpmaresme.org\\\/es\\\/jocs-florals-cfp-candidaturas-poesia\\\/\",\"name\":\"Jocs Florals CFP. Candidaturas poes\u00eda | CFP Maresme\",\"isPartOf\":{\"@id\":\"https:\\\/\\\/cfpmaresme.org\\\/#website\"},\"primaryImageOfPage\":{\"@id\":\"https:\\\/\\\/cfpmaresme.org\\\/es\\\/jocs-florals-cfp-candidaturas-poesia\\\/#primaryimage\"},\"image\":{\"@id\":\"https:\\\/\\\/cfpmaresme.org\\\/es\\\/jocs-florals-cfp-candidaturas-poesia\\\/#primaryimage\"},\"thumbnailUrl\":\"https:\\\/\\\/cfpmaresme.org\\\/wp-content\\\/uploads\\\/2022\\\/04\\\/banner-candidatures.jpg\",\"datePublished\":\"2022-04-25T11:32:28+00:00\",\"dateModified\":\"2022-05-02T11:33:12+00:00\",\"author\":{\"@id\":\"https:\\\/\\\/cfpmaresme.org\\\/#\\\/schema\\\/person\\\/b2634bcd796fafc667ea4055f61b9b2c\"},\"breadcrumb\":{\"@id\":\"https:\\\/\\\/cfpmaresme.org\\\/es\\\/jocs-florals-cfp-candidaturas-poesia\\\/#breadcrumb\"},\"inLanguage\":\"es\",\"potentialAction\":[{\"@type\":\"ReadAction\",\"target\":[\"https:\\\/\\\/cfpmaresme.org\\\/es\\\/jocs-florals-cfp-candidaturas-poesia\\\/\"]}]},{\"@type\":\"ImageObject\",\"inLanguage\":\"es\",\"@id\":\"https:\\\/\\\/cfpmaresme.org\\\/es\\\/jocs-florals-cfp-candidaturas-poesia\\\/#primaryimage\",\"url\":\"https:\\\/\\\/cfpmaresme.org\\\/wp-content\\\/uploads\\\/2022\\\/04\\\/banner-candidatures.jpg\",\"contentUrl\":\"https:\\\/\\\/cfpmaresme.org\\\/wp-content\\\/uploads\\\/2022\\\/04\\\/banner-candidatures.jpg\",\"width\":1353,\"height\":651},{\"@type\":\"BreadcrumbList\",\"@id\":\"https:\\\/\\\/cfpmaresme.org\\\/es\\\/jocs-florals-cfp-candidaturas-poesia\\\/#breadcrumb\",\"itemListElement\":[{\"@type\":\"ListItem\",\"position\":1,\"name\":\"Home\",\"item\":\"https:\\\/\\\/cfpmaresme.org\\\/es\\\/\"},{\"@type\":\"ListItem\",\"position\":2,\"name\":\"Jocs Florals CFP. Candidaturas poes\u00eda\"}]},{\"@type\":\"WebSite\",\"@id\":\"https:\\\/\\\/cfpmaresme.org\\\/#website\",\"url\":\"https:\\\/\\\/cfpmaresme.org\\\/\",\"name\":\"CFP Maresme\",\"description\":\"Centre Formaci\u00f3 Prevenci\u00f3\",\"potentialAction\":[{\"@type\":\"SearchAction\",\"target\":{\"@type\":\"EntryPoint\",\"urlTemplate\":\"https:\\\/\\\/cfpmaresme.org\\\/?s={search_term_string}\"},\"query-input\":{\"@type\":\"PropertyValueSpecification\",\"valueRequired\":true,\"valueName\":\"search_term_string\"}}],\"inLanguage\":\"es\"},{\"@type\":\"Person\",\"@id\":\"https:\\\/\\\/cfpmaresme.org\\\/#\\\/schema\\\/person\\\/b2634bcd796fafc667ea4055f61b9b2c\",\"name\":\"CFPMaresme\"}]}<\/script>\n<!-- \/ Yoast SEO plugin. -->","yoast_head_json":{"title":"Jocs Florals CFP. Candidaturas poes\u00eda | CFP Maresme","robots":{"index":"index","follow":"follow","max-snippet":"max-snippet:-1","max-image-preview":"max-image-preview:large","max-video-preview":"max-video-preview:-1"},"canonical":"https:\/\/cfpmaresme.org\/es\/jocs-florals-cfp-candidaturas-poesia\/","og_locale":"es_ES","og_type":"article","og_title":"Jocs Florals CFP. Candidaturas poes\u00eda | CFP Maresme","og_description":"\u201cTe quiero\u201d, Fernando Te quiero, como las nubes quieren al viento que las mueve, como las flores quieren a la primavera, como la nieve quiere al fr\u00edo que la mantiene, as\u00ed te quiero yo, Con un amor inmortal m\u00e1s all\u00e1 de la vida, con el...","og_url":"https:\/\/cfpmaresme.org\/es\/jocs-florals-cfp-candidaturas-poesia\/","og_site_name":"CFP Maresme","article_published_time":"2022-04-25T11:32:28+00:00","article_modified_time":"2022-05-02T11:33:12+00:00","og_image":[{"width":1353,"height":651,"url":"https:\/\/cfpmaresme.org\/wp-content\/uploads\/2022\/04\/banner-candidatures.jpg","type":"image\/jpeg"}],"author":"CFPMaresme","twitter_card":"summary_large_image","twitter_creator":"@cfpmaresme","twitter_site":"@cfpmaresme","twitter_misc":{"Escrito por":"CFPMaresme","Tiempo de lectura":"5 minutos"},"schema":{"@context":"https:\/\/schema.org","@graph":[{"@type":"Article","@id":"https:\/\/cfpmaresme.org\/es\/jocs-florals-cfp-candidaturas-poesia\/#article","isPartOf":{"@id":"https:\/\/cfpmaresme.org\/es\/jocs-florals-cfp-candidaturas-poesia\/"},"author":{"name":"CFPMaresme","@id":"https:\/\/cfpmaresme.org\/#\/schema\/person\/b2634bcd796fafc667ea4055f61b9b2c"},"headline":"Jocs Florals CFP. Candidaturas poes\u00eda","datePublished":"2022-04-25T11:32:28+00:00","dateModified":"2022-05-02T11:33:12+00:00","mainEntityOfPage":{"@id":"https:\/\/cfpmaresme.org\/es\/jocs-florals-cfp-candidaturas-poesia\/"},"wordCount":1084,"commentCount":0,"image":{"@id":"https:\/\/cfpmaresme.org\/es\/jocs-florals-cfp-candidaturas-poesia\/#primaryimage"},"thumbnailUrl":"https:\/\/cfpmaresme.org\/wp-content\/uploads\/2022\/04\/banner-candidatures.jpg","articleSection":["CFP Maresme"],"inLanguage":"es"},{"@type":"WebPage","@id":"https:\/\/cfpmaresme.org\/es\/jocs-florals-cfp-candidaturas-poesia\/","url":"https:\/\/cfpmaresme.org\/es\/jocs-florals-cfp-candidaturas-poesia\/","name":"Jocs Florals CFP. Candidaturas poes\u00eda | CFP Maresme","isPartOf":{"@id":"https:\/\/cfpmaresme.org\/#website"},"primaryImageOfPage":{"@id":"https:\/\/cfpmaresme.org\/es\/jocs-florals-cfp-candidaturas-poesia\/#primaryimage"},"image":{"@id":"https:\/\/cfpmaresme.org\/es\/jocs-florals-cfp-candidaturas-poesia\/#primaryimage"},"thumbnailUrl":"https:\/\/cfpmaresme.org\/wp-content\/uploads\/2022\/04\/banner-candidatures.jpg","datePublished":"2022-04-25T11:32:28+00:00","dateModified":"2022-05-02T11:33:12+00:00","author":{"@id":"https:\/\/cfpmaresme.org\/#\/schema\/person\/b2634bcd796fafc667ea4055f61b9b2c"},"breadcrumb":{"@id":"https:\/\/cfpmaresme.org\/es\/jocs-florals-cfp-candidaturas-poesia\/#breadcrumb"},"inLanguage":"es","potentialAction":[{"@type":"ReadAction","target":["https:\/\/cfpmaresme.org\/es\/jocs-florals-cfp-candidaturas-poesia\/"]}]},{"@type":"ImageObject","inLanguage":"es","@id":"https:\/\/cfpmaresme.org\/es\/jocs-florals-cfp-candidaturas-poesia\/#primaryimage","url":"https:\/\/cfpmaresme.org\/wp-content\/uploads\/2022\/04\/banner-candidatures.jpg","contentUrl":"https:\/\/cfpmaresme.org\/wp-content\/uploads\/2022\/04\/banner-candidatures.jpg","width":1353,"height":651},{"@type":"BreadcrumbList","@id":"https:\/\/cfpmaresme.org\/es\/jocs-florals-cfp-candidaturas-poesia\/#breadcrumb","itemListElement":[{"@type":"ListItem","position":1,"name":"Home","item":"https:\/\/cfpmaresme.org\/es\/"},{"@type":"ListItem","position":2,"name":"Jocs Florals CFP. Candidaturas poes\u00eda"}]},{"@type":"WebSite","@id":"https:\/\/cfpmaresme.org\/#website","url":"https:\/\/cfpmaresme.org\/","name":"CFP Maresme","description":"Centre Formaci\u00f3 Prevenci\u00f3","potentialAction":[{"@type":"SearchAction","target":{"@type":"EntryPoint","urlTemplate":"https:\/\/cfpmaresme.org\/?s={search_term_string}"},"query-input":{"@type":"PropertyValueSpecification","valueRequired":true,"valueName":"search_term_string"}}],"inLanguage":"es"},{"@type":"Person","@id":"https:\/\/cfpmaresme.org\/#\/schema\/person\/b2634bcd796fafc667ea4055f61b9b2c","name":"CFPMaresme"}]}},"_links":{"self":[{"href":"https:\/\/cfpmaresme.org\/es\/wp-json\/wp\/v2\/posts\/70668","targetHints":{"allow":["GET"]}}],"collection":[{"href":"https:\/\/cfpmaresme.org\/es\/wp-json\/wp\/v2\/posts"}],"about":[{"href":"https:\/\/cfpmaresme.org\/es\/wp-json\/wp\/v2\/types\/post"}],"author":[{"embeddable":true,"href":"https:\/\/cfpmaresme.org\/es\/wp-json\/wp\/v2\/users\/2"}],"replies":[{"embeddable":true,"href":"https:\/\/cfpmaresme.org\/es\/wp-json\/wp\/v2\/comments?post=70668"}],"version-history":[{"count":1,"href":"https:\/\/cfpmaresme.org\/es\/wp-json\/wp\/v2\/posts\/70668\/revisions"}],"predecessor-version":[{"id":70669,"href":"https:\/\/cfpmaresme.org\/es\/wp-json\/wp\/v2\/posts\/70668\/revisions\/70669"}],"wp:featuredmedia":[{"embeddable":true,"href":"https:\/\/cfpmaresme.org\/es\/wp-json\/wp\/v2\/media\/70537"}],"wp:attachment":[{"href":"https:\/\/cfpmaresme.org\/es\/wp-json\/wp\/v2\/media?parent=70668"}],"wp:term":[{"taxonomy":"category","embeddable":true,"href":"https:\/\/cfpmaresme.org\/es\/wp-json\/wp\/v2\/categories?post=70668"},{"taxonomy":"post_tag","embeddable":true,"href":"https:\/\/cfpmaresme.org\/es\/wp-json\/wp\/v2\/tags?post=70668"}],"curies":[{"name":"wp","href":"https:\/\/api.w.org\/{rel}","templated":true}]}}