{"id":70841,"date":"2022-05-02T12:51:58","date_gmt":"2022-05-02T10:51:58","guid":{"rendered":"https:\/\/www.cfpmaresme.org\/?p=70841"},"modified":"2022-05-24T10:29:27","modified_gmt":"2022-05-24T08:29:27","slug":"in-memoriam-i-onatge-de-sentiments-obras-ganadoras-de-la-tercera-edicion-de-los-jocs-florals-cfp","status":"publish","type":"post","link":"https:\/\/cfpmaresme.org\/es\/in-memoriam-i-onatge-de-sentiments-obras-ganadoras-de-la-tercera-edicion-de-los-jocs-florals-cfp\/","title":{"rendered":"\u00abIn memoriam\u00bb i \u00abOnatge de sentiments\u00bb, obras ganadoras de la tercera edici\u00f3n de los Jocs Florals CFP"},"content":{"rendered":"<p>Despu\u00e9s de cinco d\u00edas de votaci\u00f3n popular es un placer compartir con vosotros la poes\u00eda y la obra de narrativa breve <a href=\"\/?p=70839\" target=\"_blank\" rel=\"noopener noreferrer\">ganadoras de la tercera edici\u00f3n de los Jocs Florals CFP<\/a>. \u201cOnatge de sentiments\u201d de Ram\u00f3n Pilar, ha sido la poes\u00eda m\u00e1s votada. Por su lado, \u201cIn memoriam\u201d de Scarlett Talbot Hastings ha sido la ganadora en la modalidad de narrativa breve. Much\u00edsimas felicidades a las personas premiadas. Pronto haremos un acto para hacer la donaci\u00f3n del premio, un lote de libros de Llibre Actiu, la librer\u00eda de intercambio del CFP.<\/p>\n<p>&nbsp;<\/p>\n<h3>Participaci\u00f3n de personas de m\u00e1s recursos que nunca<\/h3>\n<p>Es una gran alegr\u00eda poderos explicar que la tercera edici\u00f3n de los Jocs Florals ha contado con la participaci\u00f3n de personas atendidas desde distintas entidades de la red p\u00fablica de salud mental. De hecho, hasta ahora nunca se hab\u00edan unido a la iniciativa personas de tantos servicios. Concretamente, del Hospital de D\u00eda de Matar\u00f3, del Programa de Atenci\u00f3n Espec\u00edfica a Trastornos Psic\u00f3ticos Incipientes, del servicio prelaboral del Mol\u00ed d\u2019en Puigvert, del CEO de Fundaci\u00f3 el Maresme y de los Servicios de Rehabilitaci\u00f3n Comunitaria del CFP.<\/p>\n<p>Estamos muy agradecidos con las personas que se han querido unir a los Jocs Florals del CFP y, tambi\u00e9n, con los profesionales que lo han hecho posible, difundiendo la iniciativa y acompa\u00f1\u00e1ndolos, cuando ha sido necesario, en el proceso.<\/p>\n<p>&nbsp;<\/p>\n<h3>Un concurso que crece a\u00f1o a a\u00f1o<\/h3>\n<p>Los Jocs Florals del CFP fueron una iniciativa surgida durante el confinamiento, ahora hace dos a\u00f1os. Quer\u00edamos compartir el Sant Jordi con las personas que atendemos. Quiz\u00e1s por las limitaciones de cuando todo empez\u00f3 y, a la vez, por estar enmarcado en la diada de Sant Jordi, jornada muy significativa en el territorio, uno de los objetivos m\u00e1s relevantes es que el concurso vaya creciendo a\u00f1o a a\u00f1o y, hasta esta tercera edici\u00f3n, as\u00ed ha sido. Cada a\u00f1o m\u00e1s <strong>comunitario<\/strong>, m\u00e1s <strong>participativo <\/strong>y m\u00e1s <strong>inclusivo.<\/strong><\/p>\n<p>&nbsp;<\/p>\n<p>Con todo, deseamos reencontrarnos el 2023. Una cuarta edici\u00f3n que ya estamos definiendo y a la que esperamos que podamos hacer, ahora ya s\u00ed, un acto comunitario en may\u00fasculas.<\/p>\n<p>Gracias a todos por hacerlo posible.<\/p>\n","protected":false},"excerpt":{"rendered":"<p>Despu\u00e9s de cinco d\u00edas de votaci\u00f3n popular es un placer compartir con vosotros la poes\u00eda y la obra de narrativa breve ganadoras de la tercera edici\u00f3n de los Jocs Florals CFP. \u201cOnatge de sentiments\u201d de Ram\u00f3n Pilar, ha sido la poes\u00eda m\u00e1s votada. Por su&#8230;<\/p>\n","protected":false},"author":2,"featured_media":70676,"comment_status":"open","ping_status":"open","sticky":false,"template":"","format":"standard","meta":{"footnotes":""},"categories":[1187],"tags":[],"class_list":["post-70841","post","type-post","status-publish","format-standard","has-post-thumbnail","hentry","category-cfp-maresme-es"],"yoast_head":"<!-- This site is optimized with the Yoast SEO plugin v27.4 - https:\/\/yoast.com\/product\/yoast-seo-wordpress\/ -->\n<title>&quot;In memoriam&quot; i &quot;Onatge de sentiments&quot;, obras ganadoras de la tercera edici\u00f3n de los Jocs Florals CFP | CFP Maresme<\/title>\n<meta name=\"robots\" content=\"index, follow, max-snippet:-1, max-image-preview:large, max-video-preview:-1\" \/>\n<link rel=\"canonical\" href=\"https:\/\/cfpmaresme.org\/es\/in-memoriam-i-onatge-de-sentiments-obras-ganadoras-de-la-tercera-edicion-de-los-jocs-florals-cfp\/\" \/>\n<meta property=\"og:locale\" content=\"es_ES\" \/>\n<meta property=\"og:type\" content=\"article\" \/>\n<meta property=\"og:title\" content=\"&quot;In memoriam&quot; i &quot;Onatge de sentiments&quot;, obras ganadoras de la tercera edici\u00f3n de los Jocs Florals CFP | CFP Maresme\" \/>\n<meta property=\"og:description\" content=\"Despu\u00e9s de cinco d\u00edas de votaci\u00f3n popular es un placer compartir con vosotros la poes\u00eda y la obra de narrativa breve ganadoras de la tercera edici\u00f3n de los Jocs Florals CFP. \u201cOnatge de sentiments\u201d de Ram\u00f3n Pilar, ha sido la poes\u00eda m\u00e1s votada. Por su...\" \/>\n<meta property=\"og:url\" content=\"https:\/\/cfpmaresme.org\/es\/in-memoriam-i-onatge-de-sentiments-obras-ganadoras-de-la-tercera-edicion-de-los-jocs-florals-cfp\/\" \/>\n<meta property=\"og:site_name\" content=\"CFP Maresme\" \/>\n<meta property=\"article:published_time\" content=\"2022-05-02T10:51:58+00:00\" \/>\n<meta property=\"article:modified_time\" content=\"2022-05-24T08:29:27+00:00\" \/>\n<meta property=\"og:image\" content=\"https:\/\/cfpmaresme.org\/wp-content\/uploads\/2022\/05\/banner.jpg\" \/>\n\t<meta property=\"og:image:width\" content=\"1709\" \/>\n\t<meta property=\"og:image:height\" content=\"800\" \/>\n\t<meta property=\"og:image:type\" content=\"image\/jpeg\" \/>\n<meta name=\"author\" content=\"CFPMaresme\" \/>\n<meta name=\"twitter:card\" content=\"summary_large_image\" \/>\n<meta name=\"twitter:creator\" content=\"@cfpmaresme\" \/>\n<meta name=\"twitter:site\" content=\"@cfpmaresme\" \/>\n<meta name=\"twitter:label1\" content=\"Escrito por\" \/>\n\t<meta name=\"twitter:data1\" content=\"CFPMaresme\" \/>\n\t<meta name=\"twitter:label2\" content=\"Tiempo de lectura\" \/>\n\t<meta name=\"twitter:data2\" content=\"2 minutos\" \/>\n<script type=\"application\/ld+json\" class=\"yoast-schema-graph\">{\"@context\":\"https:\\\/\\\/schema.org\",\"@graph\":[{\"@type\":\"Article\",\"@id\":\"https:\\\/\\\/cfpmaresme.org\\\/es\\\/in-memoriam-i-onatge-de-sentiments-obras-ganadoras-de-la-tercera-edicion-de-los-jocs-florals-cfp\\\/#article\",\"isPartOf\":{\"@id\":\"https:\\\/\\\/cfpmaresme.org\\\/es\\\/in-memoriam-i-onatge-de-sentiments-obras-ganadoras-de-la-tercera-edicion-de-los-jocs-florals-cfp\\\/\"},\"author\":{\"name\":\"CFPMaresme\",\"@id\":\"https:\\\/\\\/cfpmaresme.org\\\/#\\\/schema\\\/person\\\/b2634bcd796fafc667ea4055f61b9b2c\"},\"headline\":\"\u00abIn memoriam\u00bb i \u00abOnatge de sentiments\u00bb, obras ganadoras de la tercera edici\u00f3n de los Jocs Florals CFP\",\"datePublished\":\"2022-05-02T10:51:58+00:00\",\"dateModified\":\"2022-05-24T08:29:27+00:00\",\"mainEntityOfPage\":{\"@id\":\"https:\\\/\\\/cfpmaresme.org\\\/es\\\/in-memoriam-i-onatge-de-sentiments-obras-ganadoras-de-la-tercera-edicion-de-los-jocs-florals-cfp\\\/\"},\"wordCount\":411,\"commentCount\":0,\"image\":{\"@id\":\"https:\\\/\\\/cfpmaresme.org\\\/es\\\/in-memoriam-i-onatge-de-sentiments-obras-ganadoras-de-la-tercera-edicion-de-los-jocs-florals-cfp\\\/#primaryimage\"},\"thumbnailUrl\":\"https:\\\/\\\/cfpmaresme.org\\\/wp-content\\\/uploads\\\/2022\\\/05\\\/banner.jpg\",\"articleSection\":[\"CFP Maresme\"],\"inLanguage\":\"es\"},{\"@type\":\"WebPage\",\"@id\":\"https:\\\/\\\/cfpmaresme.org\\\/es\\\/in-memoriam-i-onatge-de-sentiments-obras-ganadoras-de-la-tercera-edicion-de-los-jocs-florals-cfp\\\/\",\"url\":\"https:\\\/\\\/cfpmaresme.org\\\/es\\\/in-memoriam-i-onatge-de-sentiments-obras-ganadoras-de-la-tercera-edicion-de-los-jocs-florals-cfp\\\/\",\"name\":\"\\\"In memoriam\\\" i \\\"Onatge de sentiments\\\", obras ganadoras de la tercera edici\u00f3n de los Jocs Florals CFP | CFP Maresme\",\"isPartOf\":{\"@id\":\"https:\\\/\\\/cfpmaresme.org\\\/#website\"},\"primaryImageOfPage\":{\"@id\":\"https:\\\/\\\/cfpmaresme.org\\\/es\\\/in-memoriam-i-onatge-de-sentiments-obras-ganadoras-de-la-tercera-edicion-de-los-jocs-florals-cfp\\\/#primaryimage\"},\"image\":{\"@id\":\"https:\\\/\\\/cfpmaresme.org\\\/es\\\/in-memoriam-i-onatge-de-sentiments-obras-ganadoras-de-la-tercera-edicion-de-los-jocs-florals-cfp\\\/#primaryimage\"},\"thumbnailUrl\":\"https:\\\/\\\/cfpmaresme.org\\\/wp-content\\\/uploads\\\/2022\\\/05\\\/banner.jpg\",\"datePublished\":\"2022-05-02T10:51:58+00:00\",\"dateModified\":\"2022-05-24T08:29:27+00:00\",\"author\":{\"@id\":\"https:\\\/\\\/cfpmaresme.org\\\/#\\\/schema\\\/person\\\/b2634bcd796fafc667ea4055f61b9b2c\"},\"breadcrumb\":{\"@id\":\"https:\\\/\\\/cfpmaresme.org\\\/es\\\/in-memoriam-i-onatge-de-sentiments-obras-ganadoras-de-la-tercera-edicion-de-los-jocs-florals-cfp\\\/#breadcrumb\"},\"inLanguage\":\"es\",\"potentialAction\":[{\"@type\":\"ReadAction\",\"target\":[\"https:\\\/\\\/cfpmaresme.org\\\/es\\\/in-memoriam-i-onatge-de-sentiments-obras-ganadoras-de-la-tercera-edicion-de-los-jocs-florals-cfp\\\/\"]}]},{\"@type\":\"ImageObject\",\"inLanguage\":\"es\",\"@id\":\"https:\\\/\\\/cfpmaresme.org\\\/es\\\/in-memoriam-i-onatge-de-sentiments-obras-ganadoras-de-la-tercera-edicion-de-los-jocs-florals-cfp\\\/#primaryimage\",\"url\":\"https:\\\/\\\/cfpmaresme.org\\\/wp-content\\\/uploads\\\/2022\\\/05\\\/banner.jpg\",\"contentUrl\":\"https:\\\/\\\/cfpmaresme.org\\\/wp-content\\\/uploads\\\/2022\\\/05\\\/banner.jpg\",\"width\":1709,\"height\":800},{\"@type\":\"BreadcrumbList\",\"@id\":\"https:\\\/\\\/cfpmaresme.org\\\/es\\\/in-memoriam-i-onatge-de-sentiments-obras-ganadoras-de-la-tercera-edicion-de-los-jocs-florals-cfp\\\/#breadcrumb\",\"itemListElement\":[{\"@type\":\"ListItem\",\"position\":1,\"name\":\"Home\",\"item\":\"https:\\\/\\\/cfpmaresme.org\\\/es\\\/\"},{\"@type\":\"ListItem\",\"position\":2,\"name\":\"\u00abIn memoriam\u00bb i \u00abOnatge de sentiments\u00bb, obras ganadoras de la tercera edici\u00f3n de los Jocs Florals CFP\"}]},{\"@type\":\"WebSite\",\"@id\":\"https:\\\/\\\/cfpmaresme.org\\\/#website\",\"url\":\"https:\\\/\\\/cfpmaresme.org\\\/\",\"name\":\"CFP Maresme\",\"description\":\"Centre Formaci\u00f3 Prevenci\u00f3\",\"potentialAction\":[{\"@type\":\"SearchAction\",\"target\":{\"@type\":\"EntryPoint\",\"urlTemplate\":\"https:\\\/\\\/cfpmaresme.org\\\/?s={search_term_string}\"},\"query-input\":{\"@type\":\"PropertyValueSpecification\",\"valueRequired\":true,\"valueName\":\"search_term_string\"}}],\"inLanguage\":\"es\"},{\"@type\":\"Person\",\"@id\":\"https:\\\/\\\/cfpmaresme.org\\\/#\\\/schema\\\/person\\\/b2634bcd796fafc667ea4055f61b9b2c\",\"name\":\"CFPMaresme\"}]}<\/script>\n<!-- \/ Yoast SEO plugin. -->","yoast_head_json":{"title":"\"In memoriam\" i \"Onatge de sentiments\", obras ganadoras de la tercera edici\u00f3n de los Jocs Florals CFP | CFP Maresme","robots":{"index":"index","follow":"follow","max-snippet":"max-snippet:-1","max-image-preview":"max-image-preview:large","max-video-preview":"max-video-preview:-1"},"canonical":"https:\/\/cfpmaresme.org\/es\/in-memoriam-i-onatge-de-sentiments-obras-ganadoras-de-la-tercera-edicion-de-los-jocs-florals-cfp\/","og_locale":"es_ES","og_type":"article","og_title":"\"In memoriam\" i \"Onatge de sentiments\", obras ganadoras de la tercera edici\u00f3n de los Jocs Florals CFP | CFP Maresme","og_description":"Despu\u00e9s de cinco d\u00edas de votaci\u00f3n popular es un placer compartir con vosotros la poes\u00eda y la obra de narrativa breve ganadoras de la tercera edici\u00f3n de los Jocs Florals CFP. \u201cOnatge de sentiments\u201d de Ram\u00f3n Pilar, ha sido la poes\u00eda m\u00e1s votada. Por su...","og_url":"https:\/\/cfpmaresme.org\/es\/in-memoriam-i-onatge-de-sentiments-obras-ganadoras-de-la-tercera-edicion-de-los-jocs-florals-cfp\/","og_site_name":"CFP Maresme","article_published_time":"2022-05-02T10:51:58+00:00","article_modified_time":"2022-05-24T08:29:27+00:00","og_image":[{"width":1709,"height":800,"url":"https:\/\/cfpmaresme.org\/wp-content\/uploads\/2022\/05\/banner.jpg","type":"image\/jpeg"}],"author":"CFPMaresme","twitter_card":"summary_large_image","twitter_creator":"@cfpmaresme","twitter_site":"@cfpmaresme","twitter_misc":{"Escrito por":"CFPMaresme","Tiempo de lectura":"2 minutos"},"schema":{"@context":"https:\/\/schema.org","@graph":[{"@type":"Article","@id":"https:\/\/cfpmaresme.org\/es\/in-memoriam-i-onatge-de-sentiments-obras-ganadoras-de-la-tercera-edicion-de-los-jocs-florals-cfp\/#article","isPartOf":{"@id":"https:\/\/cfpmaresme.org\/es\/in-memoriam-i-onatge-de-sentiments-obras-ganadoras-de-la-tercera-edicion-de-los-jocs-florals-cfp\/"},"author":{"name":"CFPMaresme","@id":"https:\/\/cfpmaresme.org\/#\/schema\/person\/b2634bcd796fafc667ea4055f61b9b2c"},"headline":"\u00abIn memoriam\u00bb i \u00abOnatge de sentiments\u00bb, obras ganadoras de la tercera edici\u00f3n de los Jocs Florals CFP","datePublished":"2022-05-02T10:51:58+00:00","dateModified":"2022-05-24T08:29:27+00:00","mainEntityOfPage":{"@id":"https:\/\/cfpmaresme.org\/es\/in-memoriam-i-onatge-de-sentiments-obras-ganadoras-de-la-tercera-edicion-de-los-jocs-florals-cfp\/"},"wordCount":411,"commentCount":0,"image":{"@id":"https:\/\/cfpmaresme.org\/es\/in-memoriam-i-onatge-de-sentiments-obras-ganadoras-de-la-tercera-edicion-de-los-jocs-florals-cfp\/#primaryimage"},"thumbnailUrl":"https:\/\/cfpmaresme.org\/wp-content\/uploads\/2022\/05\/banner.jpg","articleSection":["CFP Maresme"],"inLanguage":"es"},{"@type":"WebPage","@id":"https:\/\/cfpmaresme.org\/es\/in-memoriam-i-onatge-de-sentiments-obras-ganadoras-de-la-tercera-edicion-de-los-jocs-florals-cfp\/","url":"https:\/\/cfpmaresme.org\/es\/in-memoriam-i-onatge-de-sentiments-obras-ganadoras-de-la-tercera-edicion-de-los-jocs-florals-cfp\/","name":"\"In memoriam\" i \"Onatge de sentiments\", obras ganadoras de la tercera edici\u00f3n de los Jocs Florals CFP | CFP Maresme","isPartOf":{"@id":"https:\/\/cfpmaresme.org\/#website"},"primaryImageOfPage":{"@id":"https:\/\/cfpmaresme.org\/es\/in-memoriam-i-onatge-de-sentiments-obras-ganadoras-de-la-tercera-edicion-de-los-jocs-florals-cfp\/#primaryimage"},"image":{"@id":"https:\/\/cfpmaresme.org\/es\/in-memoriam-i-onatge-de-sentiments-obras-ganadoras-de-la-tercera-edicion-de-los-jocs-florals-cfp\/#primaryimage"},"thumbnailUrl":"https:\/\/cfpmaresme.org\/wp-content\/uploads\/2022\/05\/banner.jpg","datePublished":"2022-05-02T10:51:58+00:00","dateModified":"2022-05-24T08:29:27+00:00","author":{"@id":"https:\/\/cfpmaresme.org\/#\/schema\/person\/b2634bcd796fafc667ea4055f61b9b2c"},"breadcrumb":{"@id":"https:\/\/cfpmaresme.org\/es\/in-memoriam-i-onatge-de-sentiments-obras-ganadoras-de-la-tercera-edicion-de-los-jocs-florals-cfp\/#breadcrumb"},"inLanguage":"es","potentialAction":[{"@type":"ReadAction","target":["https:\/\/cfpmaresme.org\/es\/in-memoriam-i-onatge-de-sentiments-obras-ganadoras-de-la-tercera-edicion-de-los-jocs-florals-cfp\/"]}]},{"@type":"ImageObject","inLanguage":"es","@id":"https:\/\/cfpmaresme.org\/es\/in-memoriam-i-onatge-de-sentiments-obras-ganadoras-de-la-tercera-edicion-de-los-jocs-florals-cfp\/#primaryimage","url":"https:\/\/cfpmaresme.org\/wp-content\/uploads\/2022\/05\/banner.jpg","contentUrl":"https:\/\/cfpmaresme.org\/wp-content\/uploads\/2022\/05\/banner.jpg","width":1709,"height":800},{"@type":"BreadcrumbList","@id":"https:\/\/cfpmaresme.org\/es\/in-memoriam-i-onatge-de-sentiments-obras-ganadoras-de-la-tercera-edicion-de-los-jocs-florals-cfp\/#breadcrumb","itemListElement":[{"@type":"ListItem","position":1,"name":"Home","item":"https:\/\/cfpmaresme.org\/es\/"},{"@type":"ListItem","position":2,"name":"\u00abIn memoriam\u00bb i \u00abOnatge de sentiments\u00bb, obras ganadoras de la tercera edici\u00f3n de los Jocs Florals CFP"}]},{"@type":"WebSite","@id":"https:\/\/cfpmaresme.org\/#website","url":"https:\/\/cfpmaresme.org\/","name":"CFP Maresme","description":"Centre Formaci\u00f3 Prevenci\u00f3","potentialAction":[{"@type":"SearchAction","target":{"@type":"EntryPoint","urlTemplate":"https:\/\/cfpmaresme.org\/?s={search_term_string}"},"query-input":{"@type":"PropertyValueSpecification","valueRequired":true,"valueName":"search_term_string"}}],"inLanguage":"es"},{"@type":"Person","@id":"https:\/\/cfpmaresme.org\/#\/schema\/person\/b2634bcd796fafc667ea4055f61b9b2c","name":"CFPMaresme"}]}},"_links":{"self":[{"href":"https:\/\/cfpmaresme.org\/es\/wp-json\/wp\/v2\/posts\/70841","targetHints":{"allow":["GET"]}}],"collection":[{"href":"https:\/\/cfpmaresme.org\/es\/wp-json\/wp\/v2\/posts"}],"about":[{"href":"https:\/\/cfpmaresme.org\/es\/wp-json\/wp\/v2\/types\/post"}],"author":[{"embeddable":true,"href":"https:\/\/cfpmaresme.org\/es\/wp-json\/wp\/v2\/users\/2"}],"replies":[{"embeddable":true,"href":"https:\/\/cfpmaresme.org\/es\/wp-json\/wp\/v2\/comments?post=70841"}],"version-history":[{"count":4,"href":"https:\/\/cfpmaresme.org\/es\/wp-json\/wp\/v2\/posts\/70841\/revisions"}],"predecessor-version":[{"id":70848,"href":"https:\/\/cfpmaresme.org\/es\/wp-json\/wp\/v2\/posts\/70841\/revisions\/70848"}],"wp:featuredmedia":[{"embeddable":true,"href":"https:\/\/cfpmaresme.org\/es\/wp-json\/wp\/v2\/media\/70676"}],"wp:attachment":[{"href":"https:\/\/cfpmaresme.org\/es\/wp-json\/wp\/v2\/media?parent=70841"}],"wp:term":[{"taxonomy":"category","embeddable":true,"href":"https:\/\/cfpmaresme.org\/es\/wp-json\/wp\/v2\/categories?post=70841"},{"taxonomy":"post_tag","embeddable":true,"href":"https:\/\/cfpmaresme.org\/es\/wp-json\/wp\/v2\/tags?post=70841"}],"curies":[{"name":"wp","href":"https:\/\/api.w.org\/{rel}","templated":true}]}}