{"id":70955,"date":"2022-05-27T12:18:48","date_gmt":"2022-05-27T10:18:48","guid":{"rendered":"https:\/\/www.cfpmaresme.org\/?p=70955"},"modified":"2022-06-07T12:52:08","modified_gmt":"2022-06-07T10:52:08","slug":"el-cortometraje-que-presentaremos-en-el-psicurt-esta-en-pleno-proceso-de-realizacion","status":"publish","type":"post","link":"https:\/\/cfpmaresme.org\/es\/el-cortometraje-que-presentaremos-en-el-psicurt-esta-en-pleno-proceso-de-realizacion\/","title":{"rendered":"El cortometraje que presentaremos en el Psicurt est\u00e1 en pleno proceso de realizaci\u00f3n"},"content":{"rendered":"<p>Este a\u00f1o presentaremos un cortometraje a la VII edici\u00f3n del Psicurt, el Festival de cortometrajes sobre salut mental organizado por el <a href=\"https:\/\/www.copc.cat\/es\/\" target=\"_blank\" rel=\"noopener noreferrer\">Col\u00b7legi Oficial de Psicologia<\/a>.<\/p>\n<p>Participan j\u00f3venes que atendemos desde distintos recursos como los j\u00f3venes de los SRC, Intermediaci\u00f3n laboral y Prelaboral. As\u00ed pues, la creaci\u00f3n del Psicurt es una actividad transversal de varios servicios del CFP.<\/p>\n<p>&nbsp;<\/p>\n<h3>La productora y escuela de teatro con las que todo ha comenzado<\/h3>\n<p>Las actrices y los actores del Psicurt son personas que atendemos pero, nada de esto ser\u00eda posible sin la producci\u00f3n de Gravit\u00f3 TV y la experiencia en interpretaci\u00f3n de La Teatral. Ambas compa\u00f1\u00edas dirigen, dan forma y producen el cortometraje. <img loading=\"lazy\" decoding=\"async\" class=\"alignright wp-image-70893\" src=\"https:\/\/www.cfpmaresme.org\/wp-content\/uploads\/2022\/05\/20220512_104915-300x225.jpg\" alt=\"\" width=\"250\" height=\"188\" srcset=\"https:\/\/cfpmaresme.org\/wp-content\/uploads\/2022\/05\/20220512_104915-300x225.jpg 300w, https:\/\/cfpmaresme.org\/wp-content\/uploads\/2022\/05\/20220512_104915-1024x768.jpg 1024w, https:\/\/cfpmaresme.org\/wp-content\/uploads\/2022\/05\/20220512_104915-768x576.jpg 768w, https:\/\/cfpmaresme.org\/wp-content\/uploads\/2022\/05\/20220512_104915-1536x1152.jpg 1536w, https:\/\/cfpmaresme.org\/wp-content\/uploads\/2022\/05\/20220512_104915-2048x1536.jpg 2048w, https:\/\/cfpmaresme.org\/wp-content\/uploads\/2022\/05\/20220512_104915-800x600.jpg 800w, https:\/\/cfpmaresme.org\/wp-content\/uploads\/2022\/05\/20220512_104915-700x525.jpg 700w\" sizes=\"auto, (max-width: 250px) 100vw, 250px\" \/> La Teatral, a ra\u00edz de haber colaborado con nosotros en varias ocasiones, nos hizo la propuesta de poder hacer un corto para presentar al Festival, y as\u00ed se puso en marcha el proyecto. Es una escuela de teatro que ha hecho varios talleres de teatro en los SRC del CFP.<\/p>\n<p>&nbsp;<\/p>\n<h3>La participaci\u00f3n de extras en el corto<\/h3>\n<p>En el Psicurt participan personas atendidas en el CFP, colaboradores y extras. Estos \u00faltimos son alumnado del Instituto Cinc S\u00e8nies y tambi\u00e9n profesionales del CFP.<\/p>\n<p><img loading=\"lazy\" decoding=\"async\" class=\"alignleft wp-image-70895\" src=\"https:\/\/www.cfpmaresme.org\/wp-content\/uploads\/2022\/05\/retocada-1-300x216.jpg\" alt=\"\" width=\"250\" height=\"180\" srcset=\"https:\/\/cfpmaresme.org\/wp-content\/uploads\/2022\/05\/retocada-1-300x216.jpg 300w, https:\/\/cfpmaresme.org\/wp-content\/uploads\/2022\/05\/retocada-1-768x553.jpg 768w, https:\/\/cfpmaresme.org\/wp-content\/uploads\/2022\/05\/retocada-1-700x504.jpg 700w, https:\/\/cfpmaresme.org\/wp-content\/uploads\/2022\/05\/retocada-1.jpg 941w\" sizes=\"auto, (max-width: 250px) 100vw, 250px\" \/>El alumnado durante las \u00faltimas semanas ha tenido la oportunidad de reflexionar sobre la realidad de las personas que conviven con una problem\u00e1tica de salud mental. Primero, a trav\u00e9s de una charla que hizo S\u00edlvia Angurell, coordinadora del Programa de Atenci\u00f3n a Personas con Trastornos Psic\u00f3ticos Incipientes (PAE-TPI). Y, despu\u00e9s, participando a este rodaje. Tal y como comenta Luc\u00eda Pose, subdirectora de la \u00e1rea de Salud Mental: \u201cUna acci\u00f3n antiestigma bastante importante y comunitaria\u00bb.<\/p>\n<p>Tambi\u00e9n han participado profesionales del CFP, colaboradores y voluntarios y tambi\u00e9n miembros de La Teatral, familiares y amigos. Todos, llenando las calles con c\u00e1maras y sonrisas.<\/p>\n<p>Con todo, ayer vivimos una sesi\u00f3n m\u00e1s de rodaje. Muy din\u00e1mica, con escenas espectaculares, con limusina incluida y la motivaci\u00f3n de actores y actrices de hacerlo de la manera m\u00e1s profesional posible.<\/p>\n<p>Est\u00e1n disfrutando mucho de esta experiencia. Esperamos, pronto, poder compartir m\u00e1s detalles con vosotros.<\/p>\n<p>&nbsp;<\/p>\n","protected":false},"excerpt":{"rendered":"<p>Este a\u00f1o presentaremos un cortometraje a la VII edici\u00f3n del Psicurt, el Festival de cortometrajes sobre salut mental organizado por el Col\u00b7legi Oficial de Psicologia. Participan j\u00f3venes que atendemos desde distintos recursos como los j\u00f3venes de los SRC, Intermediaci\u00f3n laboral y Prelaboral. As\u00ed pues, la&#8230;<\/p>\n","protected":false},"author":2,"featured_media":70891,"comment_status":"open","ping_status":"open","sticky":false,"template":"","format":"standard","meta":{"footnotes":""},"categories":[1199],"tags":[],"class_list":["post-70955","post","type-post","status-publish","format-standard","has-post-thumbnail","hentry","category-servicios-de-rehabilitacion-comunitaria"],"yoast_head":"<!-- This site is optimized with the Yoast SEO plugin v27.4 - https:\/\/yoast.com\/product\/yoast-seo-wordpress\/ -->\n<title>El cortometraje que presentaremos en el Psicurt est\u00e1 en pleno proceso de realizaci\u00f3n | CFP Maresme<\/title>\n<meta name=\"robots\" content=\"index, follow, max-snippet:-1, max-image-preview:large, max-video-preview:-1\" \/>\n<link rel=\"canonical\" href=\"https:\/\/cfpmaresme.org\/es\/el-cortometraje-que-presentaremos-en-el-psicurt-esta-en-pleno-proceso-de-realizacion\/\" \/>\n<meta property=\"og:locale\" content=\"es_ES\" \/>\n<meta property=\"og:type\" content=\"article\" \/>\n<meta property=\"og:title\" content=\"El cortometraje que presentaremos en el Psicurt est\u00e1 en pleno proceso de realizaci\u00f3n | CFP Maresme\" \/>\n<meta property=\"og:description\" content=\"Este a\u00f1o presentaremos un cortometraje a la VII edici\u00f3n del Psicurt, el Festival de cortometrajes sobre salut mental organizado por el Col\u00b7legi Oficial de Psicologia. Participan j\u00f3venes que atendemos desde distintos recursos como los j\u00f3venes de los SRC, Intermediaci\u00f3n laboral y Prelaboral. As\u00ed pues, la...\" \/>\n<meta property=\"og:url\" content=\"https:\/\/cfpmaresme.org\/es\/el-cortometraje-que-presentaremos-en-el-psicurt-esta-en-pleno-proceso-de-realizacion\/\" \/>\n<meta property=\"og:site_name\" content=\"CFP Maresme\" \/>\n<meta property=\"article:published_time\" content=\"2022-05-27T10:18:48+00:00\" \/>\n<meta property=\"article:modified_time\" content=\"2022-06-07T10:52:08+00:00\" \/>\n<meta property=\"og:image\" content=\"https:\/\/cfpmaresme.org\/wp-content\/uploads\/2022\/05\/banner-1.jpg\" \/>\n\t<meta property=\"og:image:width\" content=\"1205\" \/>\n\t<meta property=\"og:image:height\" content=\"536\" \/>\n\t<meta property=\"og:image:type\" content=\"image\/jpeg\" \/>\n<meta name=\"author\" content=\"CFPMaresme\" \/>\n<meta name=\"twitter:card\" content=\"summary_large_image\" \/>\n<meta name=\"twitter:creator\" content=\"@cfpmaresme\" \/>\n<meta name=\"twitter:site\" content=\"@cfpmaresme\" \/>\n<meta name=\"twitter:label1\" content=\"Escrito por\" \/>\n\t<meta name=\"twitter:data1\" content=\"CFPMaresme\" \/>\n\t<meta name=\"twitter:label2\" content=\"Tiempo de lectura\" \/>\n\t<meta name=\"twitter:data2\" content=\"2 minutos\" \/>\n<script type=\"application\/ld+json\" class=\"yoast-schema-graph\">{\"@context\":\"https:\\\/\\\/schema.org\",\"@graph\":[{\"@type\":\"Article\",\"@id\":\"https:\\\/\\\/cfpmaresme.org\\\/es\\\/el-cortometraje-que-presentaremos-en-el-psicurt-esta-en-pleno-proceso-de-realizacion\\\/#article\",\"isPartOf\":{\"@id\":\"https:\\\/\\\/cfpmaresme.org\\\/es\\\/el-cortometraje-que-presentaremos-en-el-psicurt-esta-en-pleno-proceso-de-realizacion\\\/\"},\"author\":{\"name\":\"CFPMaresme\",\"@id\":\"https:\\\/\\\/cfpmaresme.org\\\/#\\\/schema\\\/person\\\/b2634bcd796fafc667ea4055f61b9b2c\"},\"headline\":\"El cortometraje que presentaremos en el Psicurt est\u00e1 en pleno proceso de realizaci\u00f3n\",\"datePublished\":\"2022-05-27T10:18:48+00:00\",\"dateModified\":\"2022-06-07T10:52:08+00:00\",\"mainEntityOfPage\":{\"@id\":\"https:\\\/\\\/cfpmaresme.org\\\/es\\\/el-cortometraje-que-presentaremos-en-el-psicurt-esta-en-pleno-proceso-de-realizacion\\\/\"},\"wordCount\":387,\"commentCount\":0,\"image\":{\"@id\":\"https:\\\/\\\/cfpmaresme.org\\\/es\\\/el-cortometraje-que-presentaremos-en-el-psicurt-esta-en-pleno-proceso-de-realizacion\\\/#primaryimage\"},\"thumbnailUrl\":\"https:\\\/\\\/cfpmaresme.org\\\/wp-content\\\/uploads\\\/2022\\\/05\\\/banner-1.jpg\",\"articleSection\":[\"Servicios de Rehabilitaci\u00f3n Comunitaria\"],\"inLanguage\":\"es\"},{\"@type\":\"WebPage\",\"@id\":\"https:\\\/\\\/cfpmaresme.org\\\/es\\\/el-cortometraje-que-presentaremos-en-el-psicurt-esta-en-pleno-proceso-de-realizacion\\\/\",\"url\":\"https:\\\/\\\/cfpmaresme.org\\\/es\\\/el-cortometraje-que-presentaremos-en-el-psicurt-esta-en-pleno-proceso-de-realizacion\\\/\",\"name\":\"El cortometraje que presentaremos en el Psicurt est\u00e1 en pleno proceso de realizaci\u00f3n | CFP Maresme\",\"isPartOf\":{\"@id\":\"https:\\\/\\\/cfpmaresme.org\\\/#website\"},\"primaryImageOfPage\":{\"@id\":\"https:\\\/\\\/cfpmaresme.org\\\/es\\\/el-cortometraje-que-presentaremos-en-el-psicurt-esta-en-pleno-proceso-de-realizacion\\\/#primaryimage\"},\"image\":{\"@id\":\"https:\\\/\\\/cfpmaresme.org\\\/es\\\/el-cortometraje-que-presentaremos-en-el-psicurt-esta-en-pleno-proceso-de-realizacion\\\/#primaryimage\"},\"thumbnailUrl\":\"https:\\\/\\\/cfpmaresme.org\\\/wp-content\\\/uploads\\\/2022\\\/05\\\/banner-1.jpg\",\"datePublished\":\"2022-05-27T10:18:48+00:00\",\"dateModified\":\"2022-06-07T10:52:08+00:00\",\"author\":{\"@id\":\"https:\\\/\\\/cfpmaresme.org\\\/#\\\/schema\\\/person\\\/b2634bcd796fafc667ea4055f61b9b2c\"},\"breadcrumb\":{\"@id\":\"https:\\\/\\\/cfpmaresme.org\\\/es\\\/el-cortometraje-que-presentaremos-en-el-psicurt-esta-en-pleno-proceso-de-realizacion\\\/#breadcrumb\"},\"inLanguage\":\"es\",\"potentialAction\":[{\"@type\":\"ReadAction\",\"target\":[\"https:\\\/\\\/cfpmaresme.org\\\/es\\\/el-cortometraje-que-presentaremos-en-el-psicurt-esta-en-pleno-proceso-de-realizacion\\\/\"]}]},{\"@type\":\"ImageObject\",\"inLanguage\":\"es\",\"@id\":\"https:\\\/\\\/cfpmaresme.org\\\/es\\\/el-cortometraje-que-presentaremos-en-el-psicurt-esta-en-pleno-proceso-de-realizacion\\\/#primaryimage\",\"url\":\"https:\\\/\\\/cfpmaresme.org\\\/wp-content\\\/uploads\\\/2022\\\/05\\\/banner-1.jpg\",\"contentUrl\":\"https:\\\/\\\/cfpmaresme.org\\\/wp-content\\\/uploads\\\/2022\\\/05\\\/banner-1.jpg\",\"width\":1205,\"height\":536},{\"@type\":\"BreadcrumbList\",\"@id\":\"https:\\\/\\\/cfpmaresme.org\\\/es\\\/el-cortometraje-que-presentaremos-en-el-psicurt-esta-en-pleno-proceso-de-realizacion\\\/#breadcrumb\",\"itemListElement\":[{\"@type\":\"ListItem\",\"position\":1,\"name\":\"Home\",\"item\":\"https:\\\/\\\/cfpmaresme.org\\\/es\\\/\"},{\"@type\":\"ListItem\",\"position\":2,\"name\":\"El cortometraje que presentaremos en el Psicurt est\u00e1 en pleno proceso de realizaci\u00f3n\"}]},{\"@type\":\"WebSite\",\"@id\":\"https:\\\/\\\/cfpmaresme.org\\\/#website\",\"url\":\"https:\\\/\\\/cfpmaresme.org\\\/\",\"name\":\"CFP Maresme\",\"description\":\"Centre Formaci\u00f3 Prevenci\u00f3\",\"potentialAction\":[{\"@type\":\"SearchAction\",\"target\":{\"@type\":\"EntryPoint\",\"urlTemplate\":\"https:\\\/\\\/cfpmaresme.org\\\/?s={search_term_string}\"},\"query-input\":{\"@type\":\"PropertyValueSpecification\",\"valueRequired\":true,\"valueName\":\"search_term_string\"}}],\"inLanguage\":\"es\"},{\"@type\":\"Person\",\"@id\":\"https:\\\/\\\/cfpmaresme.org\\\/#\\\/schema\\\/person\\\/b2634bcd796fafc667ea4055f61b9b2c\",\"name\":\"CFPMaresme\"}]}<\/script>\n<!-- \/ Yoast SEO plugin. -->","yoast_head_json":{"title":"El cortometraje que presentaremos en el Psicurt est\u00e1 en pleno proceso de realizaci\u00f3n | CFP Maresme","robots":{"index":"index","follow":"follow","max-snippet":"max-snippet:-1","max-image-preview":"max-image-preview:large","max-video-preview":"max-video-preview:-1"},"canonical":"https:\/\/cfpmaresme.org\/es\/el-cortometraje-que-presentaremos-en-el-psicurt-esta-en-pleno-proceso-de-realizacion\/","og_locale":"es_ES","og_type":"article","og_title":"El cortometraje que presentaremos en el Psicurt est\u00e1 en pleno proceso de realizaci\u00f3n | CFP Maresme","og_description":"Este a\u00f1o presentaremos un cortometraje a la VII edici\u00f3n del Psicurt, el Festival de cortometrajes sobre salut mental organizado por el Col\u00b7legi Oficial de Psicologia. Participan j\u00f3venes que atendemos desde distintos recursos como los j\u00f3venes de los SRC, Intermediaci\u00f3n laboral y Prelaboral. As\u00ed pues, la...","og_url":"https:\/\/cfpmaresme.org\/es\/el-cortometraje-que-presentaremos-en-el-psicurt-esta-en-pleno-proceso-de-realizacion\/","og_site_name":"CFP Maresme","article_published_time":"2022-05-27T10:18:48+00:00","article_modified_time":"2022-06-07T10:52:08+00:00","og_image":[{"width":1205,"height":536,"url":"https:\/\/cfpmaresme.org\/wp-content\/uploads\/2022\/05\/banner-1.jpg","type":"image\/jpeg"}],"author":"CFPMaresme","twitter_card":"summary_large_image","twitter_creator":"@cfpmaresme","twitter_site":"@cfpmaresme","twitter_misc":{"Escrito por":"CFPMaresme","Tiempo de lectura":"2 minutos"},"schema":{"@context":"https:\/\/schema.org","@graph":[{"@type":"Article","@id":"https:\/\/cfpmaresme.org\/es\/el-cortometraje-que-presentaremos-en-el-psicurt-esta-en-pleno-proceso-de-realizacion\/#article","isPartOf":{"@id":"https:\/\/cfpmaresme.org\/es\/el-cortometraje-que-presentaremos-en-el-psicurt-esta-en-pleno-proceso-de-realizacion\/"},"author":{"name":"CFPMaresme","@id":"https:\/\/cfpmaresme.org\/#\/schema\/person\/b2634bcd796fafc667ea4055f61b9b2c"},"headline":"El cortometraje que presentaremos en el Psicurt est\u00e1 en pleno proceso de realizaci\u00f3n","datePublished":"2022-05-27T10:18:48+00:00","dateModified":"2022-06-07T10:52:08+00:00","mainEntityOfPage":{"@id":"https:\/\/cfpmaresme.org\/es\/el-cortometraje-que-presentaremos-en-el-psicurt-esta-en-pleno-proceso-de-realizacion\/"},"wordCount":387,"commentCount":0,"image":{"@id":"https:\/\/cfpmaresme.org\/es\/el-cortometraje-que-presentaremos-en-el-psicurt-esta-en-pleno-proceso-de-realizacion\/#primaryimage"},"thumbnailUrl":"https:\/\/cfpmaresme.org\/wp-content\/uploads\/2022\/05\/banner-1.jpg","articleSection":["Servicios de Rehabilitaci\u00f3n Comunitaria"],"inLanguage":"es"},{"@type":"WebPage","@id":"https:\/\/cfpmaresme.org\/es\/el-cortometraje-que-presentaremos-en-el-psicurt-esta-en-pleno-proceso-de-realizacion\/","url":"https:\/\/cfpmaresme.org\/es\/el-cortometraje-que-presentaremos-en-el-psicurt-esta-en-pleno-proceso-de-realizacion\/","name":"El cortometraje que presentaremos en el Psicurt est\u00e1 en pleno proceso de realizaci\u00f3n | CFP Maresme","isPartOf":{"@id":"https:\/\/cfpmaresme.org\/#website"},"primaryImageOfPage":{"@id":"https:\/\/cfpmaresme.org\/es\/el-cortometraje-que-presentaremos-en-el-psicurt-esta-en-pleno-proceso-de-realizacion\/#primaryimage"},"image":{"@id":"https:\/\/cfpmaresme.org\/es\/el-cortometraje-que-presentaremos-en-el-psicurt-esta-en-pleno-proceso-de-realizacion\/#primaryimage"},"thumbnailUrl":"https:\/\/cfpmaresme.org\/wp-content\/uploads\/2022\/05\/banner-1.jpg","datePublished":"2022-05-27T10:18:48+00:00","dateModified":"2022-06-07T10:52:08+00:00","author":{"@id":"https:\/\/cfpmaresme.org\/#\/schema\/person\/b2634bcd796fafc667ea4055f61b9b2c"},"breadcrumb":{"@id":"https:\/\/cfpmaresme.org\/es\/el-cortometraje-que-presentaremos-en-el-psicurt-esta-en-pleno-proceso-de-realizacion\/#breadcrumb"},"inLanguage":"es","potentialAction":[{"@type":"ReadAction","target":["https:\/\/cfpmaresme.org\/es\/el-cortometraje-que-presentaremos-en-el-psicurt-esta-en-pleno-proceso-de-realizacion\/"]}]},{"@type":"ImageObject","inLanguage":"es","@id":"https:\/\/cfpmaresme.org\/es\/el-cortometraje-que-presentaremos-en-el-psicurt-esta-en-pleno-proceso-de-realizacion\/#primaryimage","url":"https:\/\/cfpmaresme.org\/wp-content\/uploads\/2022\/05\/banner-1.jpg","contentUrl":"https:\/\/cfpmaresme.org\/wp-content\/uploads\/2022\/05\/banner-1.jpg","width":1205,"height":536},{"@type":"BreadcrumbList","@id":"https:\/\/cfpmaresme.org\/es\/el-cortometraje-que-presentaremos-en-el-psicurt-esta-en-pleno-proceso-de-realizacion\/#breadcrumb","itemListElement":[{"@type":"ListItem","position":1,"name":"Home","item":"https:\/\/cfpmaresme.org\/es\/"},{"@type":"ListItem","position":2,"name":"El cortometraje que presentaremos en el Psicurt est\u00e1 en pleno proceso de realizaci\u00f3n"}]},{"@type":"WebSite","@id":"https:\/\/cfpmaresme.org\/#website","url":"https:\/\/cfpmaresme.org\/","name":"CFP Maresme","description":"Centre Formaci\u00f3 Prevenci\u00f3","potentialAction":[{"@type":"SearchAction","target":{"@type":"EntryPoint","urlTemplate":"https:\/\/cfpmaresme.org\/?s={search_term_string}"},"query-input":{"@type":"PropertyValueSpecification","valueRequired":true,"valueName":"search_term_string"}}],"inLanguage":"es"},{"@type":"Person","@id":"https:\/\/cfpmaresme.org\/#\/schema\/person\/b2634bcd796fafc667ea4055f61b9b2c","name":"CFPMaresme"}]}},"_links":{"self":[{"href":"https:\/\/cfpmaresme.org\/es\/wp-json\/wp\/v2\/posts\/70955","targetHints":{"allow":["GET"]}}],"collection":[{"href":"https:\/\/cfpmaresme.org\/es\/wp-json\/wp\/v2\/posts"}],"about":[{"href":"https:\/\/cfpmaresme.org\/es\/wp-json\/wp\/v2\/types\/post"}],"author":[{"embeddable":true,"href":"https:\/\/cfpmaresme.org\/es\/wp-json\/wp\/v2\/users\/2"}],"replies":[{"embeddable":true,"href":"https:\/\/cfpmaresme.org\/es\/wp-json\/wp\/v2\/comments?post=70955"}],"version-history":[{"count":5,"href":"https:\/\/cfpmaresme.org\/es\/wp-json\/wp\/v2\/posts\/70955\/revisions"}],"predecessor-version":[{"id":70980,"href":"https:\/\/cfpmaresme.org\/es\/wp-json\/wp\/v2\/posts\/70955\/revisions\/70980"}],"wp:featuredmedia":[{"embeddable":true,"href":"https:\/\/cfpmaresme.org\/es\/wp-json\/wp\/v2\/media\/70891"}],"wp:attachment":[{"href":"https:\/\/cfpmaresme.org\/es\/wp-json\/wp\/v2\/media?parent=70955"}],"wp:term":[{"taxonomy":"category","embeddable":true,"href":"https:\/\/cfpmaresme.org\/es\/wp-json\/wp\/v2\/categories?post=70955"},{"taxonomy":"post_tag","embeddable":true,"href":"https:\/\/cfpmaresme.org\/es\/wp-json\/wp\/v2\/tags?post=70955"}],"curies":[{"name":"wp","href":"https:\/\/api.w.org\/{rel}","templated":true}]}}