{"id":71097,"date":"2022-06-10T13:03:49","date_gmt":"2022-06-10T11:03:49","guid":{"rendered":"https:\/\/www.cfpmaresme.org\/?p=71097"},"modified":"2022-06-22T13:27:06","modified_gmt":"2022-06-22T11:27:06","slug":"celebramos-el-20o-aniversario-del-src-burriac-con-la-compania-de-muchas-de-las-personas-que-han-formado-parte-del-recurso","status":"publish","type":"post","link":"https:\/\/cfpmaresme.org\/es\/celebramos-el-20o-aniversario-del-src-burriac-con-la-compania-de-muchas-de-las-personas-que-han-formado-parte-del-recurso\/","title":{"rendered":"Celebramos el 20\u00ba aniversario del SRC Burriac con la compa\u00f1\u00eda de muchas de las personas que han formado parte del recurso"},"content":{"rendered":"<p>Este a\u00f1o ha hecho dos d\u00e9cadas que el Servicio de Rehabilitaci\u00f3n de Premi\u00e0 de Mar, el SRC Burriac, abri\u00f3 sus puertas. Es un buen momento para hacer balance del trabajo hecho. Tambi\u00e9n, de compartir esta fecha tan especial.<\/p>\n<p>Ayer celebramos este 20\u00ba aniversario de trabajo comunitario. Una fiesta que empez\u00f3 con unas puertas abiertas en el recurso, de la mano de los profesionales del SRC. Seguidamente tuvo lugar el acto institucional, con los parlamentos de Jaume Clup\u00e9s, Director General del CFP, Pilar Guarde\u00f1o, Regidora de Salud del Ayuntamiento de Premi\u00e0 de Mar, Laura G\u00f3mez, Jefa del SRC Burriac y varias personas atendidas desde el recurso.<\/p>\n<p>La celebraci\u00f3n termin\u00f3 con un pica-pica, la exposici\u00f3n y pintura en directo de una pareja art\u00edstica de Alterarte. Todo esto, con la amenizaci\u00f3n musical de Eduardo Muraca, a ritmo de jazz y tango.<\/p>\n<h3>Presencia de un centenar de personas vinculadas al SRC Burriac<\/h3>\n<p>El acto tuvo muy buen recibimiento y asistieron personas que han formado y forman parte del CFP y del SRC Burriac de una manera u otra.<\/p>\n<p>Desde<strong> profesionales del CFP<\/strong>, pasando por representantes institucionales como del <strong>Ayuntamiento de Premi\u00e0<\/strong> o de <strong>F\u00f2rum Salut Mental<\/strong>, federaci\u00f3n de la que formamos parte y por personas de otras entidades de la ciudad, como <strong>Radars<\/strong>, la <strong>biblioteca Mart\u00ed i Rossell\u00f3<\/strong> y <strong>Resid\u00e8ncia l\u2019Onada<\/strong>. Hasta profesionales de otros recursos con los que nos coordinamos y compartimos nuestra tarea de atenci\u00f3n a personas, la <strong>Comunitat Terap\u00e8utica del Maresme<\/strong> y el <strong>Institut Catal\u00e0 de la Salut<\/strong>. Tambi\u00e9n asistieron a la fiesta un gran n\u00famero de <strong>personas que atendemos, <\/strong>muchas de ellas haciendo de voluntarias en la organizaci\u00f3n del acto, y sus <strong>fam\u00edlias<\/strong>.<\/p>\n<p>Si con alguna cosa nos quedamos de esta fiesta y de estos \u00faltimos tiempos es con la <strong>importancia de las personas<\/strong> para atender a personas y de la <strong>presencialidad<\/strong>. Ha sido un grand\u00edsimo placer compartir este rato con todos los asistentes, para disfrutar de esta fiesta tan significativa para el SRC y para el conjunto del CFP.<\/p>\n<p>Esperamos reencontrarnos pronto y\u00a0 <strong>seguir haciendo un trabajo aut\u00e9nticamente comunitario <\/strong>creando sinergias y acompa\u00f1\u00e1ndonos<strong> con todos los asistentes.<\/strong><\/p>\n<p>&nbsp;<\/p>\n","protected":false},"excerpt":{"rendered":"<p>Este a\u00f1o ha hecho dos d\u00e9cadas que el Servicio de Rehabilitaci\u00f3n de Premi\u00e0 de Mar, el SRC Burriac, abri\u00f3 sus puertas. Es un buen momento para hacer balance del trabajo hecho. Tambi\u00e9n, de compartir esta fecha tan especial. Ayer celebramos este 20\u00ba aniversario de trabajo&#8230;<\/p>\n","protected":false},"author":2,"featured_media":70999,"comment_status":"open","ping_status":"open","sticky":false,"template":"","format":"standard","meta":{"footnotes":""},"categories":[1231,1199],"tags":[],"class_list":["post-71097","post","type-post","status-publish","format-standard","has-post-thumbnail","hentry","category-serveis-de-rehabilitacio-comunitaria-es","category-servicios-de-rehabilitacion-comunitaria"],"yoast_head":"<!-- This site is optimized with the Yoast SEO plugin v27.4 - https:\/\/yoast.com\/product\/yoast-seo-wordpress\/ -->\n<title>Celebramos el 20\u00ba aniversario del SRC Burriac con la compa\u00f1\u00eda de muchas de las personas que han formado parte del recurso | CFP Maresme<\/title>\n<meta name=\"robots\" content=\"index, follow, max-snippet:-1, max-image-preview:large, max-video-preview:-1\" \/>\n<link rel=\"canonical\" href=\"https:\/\/cfpmaresme.org\/es\/celebramos-el-20o-aniversario-del-src-burriac-con-la-compania-de-muchas-de-las-personas-que-han-formado-parte-del-recurso\/\" \/>\n<meta property=\"og:locale\" content=\"es_ES\" \/>\n<meta property=\"og:type\" content=\"article\" \/>\n<meta property=\"og:title\" content=\"Celebramos el 20\u00ba aniversario del SRC Burriac con la compa\u00f1\u00eda de muchas de las personas que han formado parte del recurso | CFP Maresme\" \/>\n<meta property=\"og:description\" content=\"Este a\u00f1o ha hecho dos d\u00e9cadas que el Servicio de Rehabilitaci\u00f3n de Premi\u00e0 de Mar, el SRC Burriac, abri\u00f3 sus puertas. Es un buen momento para hacer balance del trabajo hecho. Tambi\u00e9n, de compartir esta fecha tan especial. Ayer celebramos este 20\u00ba aniversario de trabajo...\" \/>\n<meta property=\"og:url\" content=\"https:\/\/cfpmaresme.org\/es\/celebramos-el-20o-aniversario-del-src-burriac-con-la-compania-de-muchas-de-las-personas-que-han-formado-parte-del-recurso\/\" \/>\n<meta property=\"og:site_name\" content=\"CFP Maresme\" \/>\n<meta property=\"article:published_time\" content=\"2022-06-10T11:03:49+00:00\" \/>\n<meta property=\"article:modified_time\" content=\"2022-06-22T11:27:06+00:00\" \/>\n<meta property=\"og:image\" content=\"https:\/\/cfpmaresme.org\/wp-content\/uploads\/2022\/06\/banner.jpg\" \/>\n\t<meta property=\"og:image:width\" content=\"1156\" \/>\n\t<meta property=\"og:image:height\" content=\"625\" \/>\n\t<meta property=\"og:image:type\" content=\"image\/jpeg\" \/>\n<meta name=\"author\" content=\"CFPMaresme\" \/>\n<meta name=\"twitter:card\" content=\"summary_large_image\" \/>\n<meta name=\"twitter:creator\" content=\"@cfpmaresme\" \/>\n<meta name=\"twitter:site\" content=\"@cfpmaresme\" \/>\n<meta name=\"twitter:label1\" content=\"Escrito por\" \/>\n\t<meta name=\"twitter:data1\" content=\"CFPMaresme\" \/>\n\t<meta name=\"twitter:label2\" content=\"Tiempo de lectura\" \/>\n\t<meta name=\"twitter:data2\" content=\"2 minutos\" \/>\n<script type=\"application\/ld+json\" class=\"yoast-schema-graph\">{\"@context\":\"https:\\\/\\\/schema.org\",\"@graph\":[{\"@type\":\"Article\",\"@id\":\"https:\\\/\\\/cfpmaresme.org\\\/es\\\/celebramos-el-20o-aniversario-del-src-burriac-con-la-compania-de-muchas-de-las-personas-que-han-formado-parte-del-recurso\\\/#article\",\"isPartOf\":{\"@id\":\"https:\\\/\\\/cfpmaresme.org\\\/es\\\/celebramos-el-20o-aniversario-del-src-burriac-con-la-compania-de-muchas-de-las-personas-que-han-formado-parte-del-recurso\\\/\"},\"author\":{\"name\":\"CFPMaresme\",\"@id\":\"https:\\\/\\\/cfpmaresme.org\\\/#\\\/schema\\\/person\\\/b2634bcd796fafc667ea4055f61b9b2c\"},\"headline\":\"Celebramos el 20\u00ba aniversario del SRC Burriac con la compa\u00f1\u00eda de muchas de las personas que han formado parte del recurso\",\"datePublished\":\"2022-06-10T11:03:49+00:00\",\"dateModified\":\"2022-06-22T11:27:06+00:00\",\"mainEntityOfPage\":{\"@id\":\"https:\\\/\\\/cfpmaresme.org\\\/es\\\/celebramos-el-20o-aniversario-del-src-burriac-con-la-compania-de-muchas-de-las-personas-que-han-formado-parte-del-recurso\\\/\"},\"wordCount\":393,\"commentCount\":0,\"image\":{\"@id\":\"https:\\\/\\\/cfpmaresme.org\\\/es\\\/celebramos-el-20o-aniversario-del-src-burriac-con-la-compania-de-muchas-de-las-personas-que-han-formado-parte-del-recurso\\\/#primaryimage\"},\"thumbnailUrl\":\"https:\\\/\\\/cfpmaresme.org\\\/wp-content\\\/uploads\\\/2022\\\/06\\\/banner.jpg\",\"articleSection\":[\"Serveis de Rehabilitaci\u00f3 Comunit\u00e0ria\",\"Servicios de Rehabilitaci\u00f3n Comunitaria\"],\"inLanguage\":\"es\"},{\"@type\":\"WebPage\",\"@id\":\"https:\\\/\\\/cfpmaresme.org\\\/es\\\/celebramos-el-20o-aniversario-del-src-burriac-con-la-compania-de-muchas-de-las-personas-que-han-formado-parte-del-recurso\\\/\",\"url\":\"https:\\\/\\\/cfpmaresme.org\\\/es\\\/celebramos-el-20o-aniversario-del-src-burriac-con-la-compania-de-muchas-de-las-personas-que-han-formado-parte-del-recurso\\\/\",\"name\":\"Celebramos el 20\u00ba aniversario del SRC Burriac con la compa\u00f1\u00eda de muchas de las personas que han formado parte del recurso | CFP Maresme\",\"isPartOf\":{\"@id\":\"https:\\\/\\\/cfpmaresme.org\\\/#website\"},\"primaryImageOfPage\":{\"@id\":\"https:\\\/\\\/cfpmaresme.org\\\/es\\\/celebramos-el-20o-aniversario-del-src-burriac-con-la-compania-de-muchas-de-las-personas-que-han-formado-parte-del-recurso\\\/#primaryimage\"},\"image\":{\"@id\":\"https:\\\/\\\/cfpmaresme.org\\\/es\\\/celebramos-el-20o-aniversario-del-src-burriac-con-la-compania-de-muchas-de-las-personas-que-han-formado-parte-del-recurso\\\/#primaryimage\"},\"thumbnailUrl\":\"https:\\\/\\\/cfpmaresme.org\\\/wp-content\\\/uploads\\\/2022\\\/06\\\/banner.jpg\",\"datePublished\":\"2022-06-10T11:03:49+00:00\",\"dateModified\":\"2022-06-22T11:27:06+00:00\",\"author\":{\"@id\":\"https:\\\/\\\/cfpmaresme.org\\\/#\\\/schema\\\/person\\\/b2634bcd796fafc667ea4055f61b9b2c\"},\"breadcrumb\":{\"@id\":\"https:\\\/\\\/cfpmaresme.org\\\/es\\\/celebramos-el-20o-aniversario-del-src-burriac-con-la-compania-de-muchas-de-las-personas-que-han-formado-parte-del-recurso\\\/#breadcrumb\"},\"inLanguage\":\"es\",\"potentialAction\":[{\"@type\":\"ReadAction\",\"target\":[\"https:\\\/\\\/cfpmaresme.org\\\/es\\\/celebramos-el-20o-aniversario-del-src-burriac-con-la-compania-de-muchas-de-las-personas-que-han-formado-parte-del-recurso\\\/\"]}]},{\"@type\":\"ImageObject\",\"inLanguage\":\"es\",\"@id\":\"https:\\\/\\\/cfpmaresme.org\\\/es\\\/celebramos-el-20o-aniversario-del-src-burriac-con-la-compania-de-muchas-de-las-personas-que-han-formado-parte-del-recurso\\\/#primaryimage\",\"url\":\"https:\\\/\\\/cfpmaresme.org\\\/wp-content\\\/uploads\\\/2022\\\/06\\\/banner.jpg\",\"contentUrl\":\"https:\\\/\\\/cfpmaresme.org\\\/wp-content\\\/uploads\\\/2022\\\/06\\\/banner.jpg\",\"width\":1156,\"height\":625},{\"@type\":\"BreadcrumbList\",\"@id\":\"https:\\\/\\\/cfpmaresme.org\\\/es\\\/celebramos-el-20o-aniversario-del-src-burriac-con-la-compania-de-muchas-de-las-personas-que-han-formado-parte-del-recurso\\\/#breadcrumb\",\"itemListElement\":[{\"@type\":\"ListItem\",\"position\":1,\"name\":\"Home\",\"item\":\"https:\\\/\\\/cfpmaresme.org\\\/es\\\/\"},{\"@type\":\"ListItem\",\"position\":2,\"name\":\"Celebramos el 20\u00ba aniversario del SRC Burriac con la compa\u00f1\u00eda de muchas de las personas que han formado parte del recurso\"}]},{\"@type\":\"WebSite\",\"@id\":\"https:\\\/\\\/cfpmaresme.org\\\/#website\",\"url\":\"https:\\\/\\\/cfpmaresme.org\\\/\",\"name\":\"CFP Maresme\",\"description\":\"Centre Formaci\u00f3 Prevenci\u00f3\",\"potentialAction\":[{\"@type\":\"SearchAction\",\"target\":{\"@type\":\"EntryPoint\",\"urlTemplate\":\"https:\\\/\\\/cfpmaresme.org\\\/?s={search_term_string}\"},\"query-input\":{\"@type\":\"PropertyValueSpecification\",\"valueRequired\":true,\"valueName\":\"search_term_string\"}}],\"inLanguage\":\"es\"},{\"@type\":\"Person\",\"@id\":\"https:\\\/\\\/cfpmaresme.org\\\/#\\\/schema\\\/person\\\/b2634bcd796fafc667ea4055f61b9b2c\",\"name\":\"CFPMaresme\"}]}<\/script>\n<!-- \/ Yoast SEO plugin. -->","yoast_head_json":{"title":"Celebramos el 20\u00ba aniversario del SRC Burriac con la compa\u00f1\u00eda de muchas de las personas que han formado parte del recurso | CFP Maresme","robots":{"index":"index","follow":"follow","max-snippet":"max-snippet:-1","max-image-preview":"max-image-preview:large","max-video-preview":"max-video-preview:-1"},"canonical":"https:\/\/cfpmaresme.org\/es\/celebramos-el-20o-aniversario-del-src-burriac-con-la-compania-de-muchas-de-las-personas-que-han-formado-parte-del-recurso\/","og_locale":"es_ES","og_type":"article","og_title":"Celebramos el 20\u00ba aniversario del SRC Burriac con la compa\u00f1\u00eda de muchas de las personas que han formado parte del recurso | CFP Maresme","og_description":"Este a\u00f1o ha hecho dos d\u00e9cadas que el Servicio de Rehabilitaci\u00f3n de Premi\u00e0 de Mar, el SRC Burriac, abri\u00f3 sus puertas. Es un buen momento para hacer balance del trabajo hecho. Tambi\u00e9n, de compartir esta fecha tan especial. Ayer celebramos este 20\u00ba aniversario de trabajo...","og_url":"https:\/\/cfpmaresme.org\/es\/celebramos-el-20o-aniversario-del-src-burriac-con-la-compania-de-muchas-de-las-personas-que-han-formado-parte-del-recurso\/","og_site_name":"CFP Maresme","article_published_time":"2022-06-10T11:03:49+00:00","article_modified_time":"2022-06-22T11:27:06+00:00","og_image":[{"width":1156,"height":625,"url":"https:\/\/cfpmaresme.org\/wp-content\/uploads\/2022\/06\/banner.jpg","type":"image\/jpeg"}],"author":"CFPMaresme","twitter_card":"summary_large_image","twitter_creator":"@cfpmaresme","twitter_site":"@cfpmaresme","twitter_misc":{"Escrito por":"CFPMaresme","Tiempo de lectura":"2 minutos"},"schema":{"@context":"https:\/\/schema.org","@graph":[{"@type":"Article","@id":"https:\/\/cfpmaresme.org\/es\/celebramos-el-20o-aniversario-del-src-burriac-con-la-compania-de-muchas-de-las-personas-que-han-formado-parte-del-recurso\/#article","isPartOf":{"@id":"https:\/\/cfpmaresme.org\/es\/celebramos-el-20o-aniversario-del-src-burriac-con-la-compania-de-muchas-de-las-personas-que-han-formado-parte-del-recurso\/"},"author":{"name":"CFPMaresme","@id":"https:\/\/cfpmaresme.org\/#\/schema\/person\/b2634bcd796fafc667ea4055f61b9b2c"},"headline":"Celebramos el 20\u00ba aniversario del SRC Burriac con la compa\u00f1\u00eda de muchas de las personas que han formado parte del recurso","datePublished":"2022-06-10T11:03:49+00:00","dateModified":"2022-06-22T11:27:06+00:00","mainEntityOfPage":{"@id":"https:\/\/cfpmaresme.org\/es\/celebramos-el-20o-aniversario-del-src-burriac-con-la-compania-de-muchas-de-las-personas-que-han-formado-parte-del-recurso\/"},"wordCount":393,"commentCount":0,"image":{"@id":"https:\/\/cfpmaresme.org\/es\/celebramos-el-20o-aniversario-del-src-burriac-con-la-compania-de-muchas-de-las-personas-que-han-formado-parte-del-recurso\/#primaryimage"},"thumbnailUrl":"https:\/\/cfpmaresme.org\/wp-content\/uploads\/2022\/06\/banner.jpg","articleSection":["Serveis de Rehabilitaci\u00f3 Comunit\u00e0ria","Servicios de Rehabilitaci\u00f3n Comunitaria"],"inLanguage":"es"},{"@type":"WebPage","@id":"https:\/\/cfpmaresme.org\/es\/celebramos-el-20o-aniversario-del-src-burriac-con-la-compania-de-muchas-de-las-personas-que-han-formado-parte-del-recurso\/","url":"https:\/\/cfpmaresme.org\/es\/celebramos-el-20o-aniversario-del-src-burriac-con-la-compania-de-muchas-de-las-personas-que-han-formado-parte-del-recurso\/","name":"Celebramos el 20\u00ba aniversario del SRC Burriac con la compa\u00f1\u00eda de muchas de las personas que han formado parte del recurso | CFP Maresme","isPartOf":{"@id":"https:\/\/cfpmaresme.org\/#website"},"primaryImageOfPage":{"@id":"https:\/\/cfpmaresme.org\/es\/celebramos-el-20o-aniversario-del-src-burriac-con-la-compania-de-muchas-de-las-personas-que-han-formado-parte-del-recurso\/#primaryimage"},"image":{"@id":"https:\/\/cfpmaresme.org\/es\/celebramos-el-20o-aniversario-del-src-burriac-con-la-compania-de-muchas-de-las-personas-que-han-formado-parte-del-recurso\/#primaryimage"},"thumbnailUrl":"https:\/\/cfpmaresme.org\/wp-content\/uploads\/2022\/06\/banner.jpg","datePublished":"2022-06-10T11:03:49+00:00","dateModified":"2022-06-22T11:27:06+00:00","author":{"@id":"https:\/\/cfpmaresme.org\/#\/schema\/person\/b2634bcd796fafc667ea4055f61b9b2c"},"breadcrumb":{"@id":"https:\/\/cfpmaresme.org\/es\/celebramos-el-20o-aniversario-del-src-burriac-con-la-compania-de-muchas-de-las-personas-que-han-formado-parte-del-recurso\/#breadcrumb"},"inLanguage":"es","potentialAction":[{"@type":"ReadAction","target":["https:\/\/cfpmaresme.org\/es\/celebramos-el-20o-aniversario-del-src-burriac-con-la-compania-de-muchas-de-las-personas-que-han-formado-parte-del-recurso\/"]}]},{"@type":"ImageObject","inLanguage":"es","@id":"https:\/\/cfpmaresme.org\/es\/celebramos-el-20o-aniversario-del-src-burriac-con-la-compania-de-muchas-de-las-personas-que-han-formado-parte-del-recurso\/#primaryimage","url":"https:\/\/cfpmaresme.org\/wp-content\/uploads\/2022\/06\/banner.jpg","contentUrl":"https:\/\/cfpmaresme.org\/wp-content\/uploads\/2022\/06\/banner.jpg","width":1156,"height":625},{"@type":"BreadcrumbList","@id":"https:\/\/cfpmaresme.org\/es\/celebramos-el-20o-aniversario-del-src-burriac-con-la-compania-de-muchas-de-las-personas-que-han-formado-parte-del-recurso\/#breadcrumb","itemListElement":[{"@type":"ListItem","position":1,"name":"Home","item":"https:\/\/cfpmaresme.org\/es\/"},{"@type":"ListItem","position":2,"name":"Celebramos el 20\u00ba aniversario del SRC Burriac con la compa\u00f1\u00eda de muchas de las personas que han formado parte del recurso"}]},{"@type":"WebSite","@id":"https:\/\/cfpmaresme.org\/#website","url":"https:\/\/cfpmaresme.org\/","name":"CFP Maresme","description":"Centre Formaci\u00f3 Prevenci\u00f3","potentialAction":[{"@type":"SearchAction","target":{"@type":"EntryPoint","urlTemplate":"https:\/\/cfpmaresme.org\/?s={search_term_string}"},"query-input":{"@type":"PropertyValueSpecification","valueRequired":true,"valueName":"search_term_string"}}],"inLanguage":"es"},{"@type":"Person","@id":"https:\/\/cfpmaresme.org\/#\/schema\/person\/b2634bcd796fafc667ea4055f61b9b2c","name":"CFPMaresme"}]}},"_links":{"self":[{"href":"https:\/\/cfpmaresme.org\/es\/wp-json\/wp\/v2\/posts\/71097","targetHints":{"allow":["GET"]}}],"collection":[{"href":"https:\/\/cfpmaresme.org\/es\/wp-json\/wp\/v2\/posts"}],"about":[{"href":"https:\/\/cfpmaresme.org\/es\/wp-json\/wp\/v2\/types\/post"}],"author":[{"embeddable":true,"href":"https:\/\/cfpmaresme.org\/es\/wp-json\/wp\/v2\/users\/2"}],"replies":[{"embeddable":true,"href":"https:\/\/cfpmaresme.org\/es\/wp-json\/wp\/v2\/comments?post=71097"}],"version-history":[{"count":7,"href":"https:\/\/cfpmaresme.org\/es\/wp-json\/wp\/v2\/posts\/71097\/revisions"}],"predecessor-version":[{"id":71104,"href":"https:\/\/cfpmaresme.org\/es\/wp-json\/wp\/v2\/posts\/71097\/revisions\/71104"}],"wp:featuredmedia":[{"embeddable":true,"href":"https:\/\/cfpmaresme.org\/es\/wp-json\/wp\/v2\/media\/70999"}],"wp:attachment":[{"href":"https:\/\/cfpmaresme.org\/es\/wp-json\/wp\/v2\/media?parent=71097"}],"wp:term":[{"taxonomy":"category","embeddable":true,"href":"https:\/\/cfpmaresme.org\/es\/wp-json\/wp\/v2\/categories?post=71097"},{"taxonomy":"post_tag","embeddable":true,"href":"https:\/\/cfpmaresme.org\/es\/wp-json\/wp\/v2\/tags?post=71097"}],"curies":[{"name":"wp","href":"https:\/\/api.w.org\/{rel}","templated":true}]}}