{"id":71158,"date":"2022-06-20T12:59:13","date_gmt":"2022-06-20T10:59:13","guid":{"rendered":"https:\/\/www.cfpmaresme.org\/?p=71158"},"modified":"2022-07-04T15:11:02","modified_gmt":"2022-07-04T13:11:02","slug":"el-poder-de-la-palabra-la-historia-de-confinamiento-del-cfp-compartida-en-el-memorial-covid-19-del-ayuntamiento-de-mataro","status":"publish","type":"post","link":"https:\/\/cfpmaresme.org\/es\/el-poder-de-la-palabra-la-historia-de-confinamiento-del-cfp-compartida-en-el-memorial-covid-19-del-ayuntamiento-de-mataro\/","title":{"rendered":"\u00abEl poder de la palabra\u00bb, la historia de confinamiento del CFP, compartida en el Memorial Covid-19 del Ayuntamiento de Matar\u00f3"},"content":{"rendered":"<p>Hace unos d\u00edas tuvo lugar el acto Memorial Covid-19 del Ayuntamiento de Matar\u00f3. Un acto muy emotivo en memoria de las v\u00edctimas de la Covid-19 y en agradecimiento a las personas que cuidaron a la ciudadan\u00eda durante esta etapa. Luc\u00eda Pose, Subdirectora T\u00e9cnica de la \u00e1rea sanitaria del CFP, represent\u00f3 a la entidad explicando nuestra historia de confinamiento. Concretamente, centrada en los SRC.<\/p>\n<p>El acto, conducido por Jessica P\u00e9rez y Juanjo Cardenal, se inici\u00f3 haciendo una menci\u00f3n a los infantes nacidos en Matar\u00f3 en pleno Estado de Alarma. Seguidamente, se inaugur\u00f3 la escultura que restar\u00e1 en el nou Parc Central, hecha por Pere Casanovas en memoria de las v\u00edctimas y las personas que cuidaron a la ciudadan\u00eda durante el confinamiento. Tambi\u00e9n se ley\u00f3 el llamado &#8216;Diccionario de una pandemia&#8217;. Con el acompa\u00f1amiento de la pianista N\u00faria Palau, este diccionario nombr\u00f3 conceptos que hemos aprendido a lo largo de este tiempo como la pausa, la p\u00e9rdida o el miedo. Cada palabra se acompa\u00f1\u00f3 de la lectura de un fragmento de poema.<\/p>\n<p>Seguidamente, David Bote, Alcalde de Matar\u00f3, hizo un parlamento donde quiso remarcar el homenaje a las personas que se fueron. En palabras suyas \u201cLa pandemia desnud\u00f3 nuestra fragilidad\u201d. El alcalde hizo alusi\u00f3n tambi\u00e9n a la esperanza y la energ\u00eda para afrontar el futuro. Y, sobre todo, quiso agradecer y aplaudir la tarea de todos los profesionales de servicios esenciales, sin excepci\u00f3n, que nos cuidaron durante los momentos m\u00e1s duros de la pandemia.<\/p>\n<p>El momento m\u00e1s emotivo del acto fue la lectura de las historias de confinamiento. Y, por \u00faltimo, Stay Homas, grupo nacido en este momento, concluy\u00f3 el acto con un concierto.<\/p>\n<p>&nbsp;<\/p>\n<h3>Historias de confinamiento: diversas vivencias, en un momento sin precedentes<\/h3>\n<p>Hay tantas historias como personas que hemos vivido la pandemia. Para los parlamentos del acto escogieron acuradamente a personas que, de una manera u otra, vivieron en primera persona este momento hist\u00f3rico. Desde Violeta, trabajadora del Hospital de Matar\u00f3 que explic\u00f3 que aguant\u00f3 el tel\u00e9fono de un paciente despidi\u00e9ndose de su hija, pasando por N\u00faria, que comparti\u00f3 como vivi\u00f3 no poder ir a la escuela y el momento de volver a las aulas y por Cristina, que ejerci\u00f3 de enfermera, antes de graduarse para ayudar a personas enfermas. Hasta Antoni, persona que sobrevivi\u00f3 a un largo ingreso, que explic\u00f3 c\u00f3mo lo vivi\u00f3 y c\u00f3mo consigui\u00f3 mantener la esperanza.<\/p>\n<p>&nbsp;<\/p>\n<h3>\u201cEl poder de la palabra\u201d, historia de confinamiento del CFP<\/h3>\n<p>Entre las vivencias explicadas est\u00e1 de Luc\u00eda Pose, Subdirectora T\u00e9cnica de la \u00e1rea sanitaria del CFP. Comparti\u00f3 con los asistentes c\u00f3mo lo vivimos desde la entidad. Y, m\u00e1s concretamente, desde los SRC.<\/p>\n<p>En su discurso destac\u00f3 el reto de encontrar nuevas maneras de atender a pacientes. Una tarea complicada teniendo en cuenta el trabajo comunitario que realizamos, donde siempre \u00abponemos el cuerpo\u00bb, escuchamos y sostenemos a las personas cara a cara. Hacerlo confinados no fue f\u00e1cil. Luc\u00eda comparti\u00f3 preguntas que surgieron en aquel momento como \u00ab\u00bfC\u00f3mo no estar solos si estamos confinados?\u00bb.<\/p>\n<p>Tambi\u00e9n explic\u00f3 la importancia de la palabra para atender a personas que sufren una enfermedad mental. Esta sostiene nuestro trabajo, la palabra dirigida al otro circula dentro del lazo social.<\/p>\n<p>As\u00ed, explic\u00f3 que utilizamos todas las v\u00edas (tel\u00e9fono, audio, email&#8230;) para mantener el lazo con los otros, cosa que implicaba que no est\u00e1bamos solos. Resumi\u00f3 esta tarea de la siguiente manera: \u201cSe trataba de transitar aquellos meses a la vez que sostener la esperanza y la expectativa en el reencuentro\u00bb.<\/p>\n<p>Un reencuentro que finalmente se hizo realidad. Estamos muy agradecidos con el Ayuntamiento de Matar\u00f3 por haber hecho este acto tan significativo y haber contado con la historia del CFP para ejemplificar tantos profesionales y voluntarios que dieron lo mejor de s\u00ed para mejorar la calidad de vida de otras personas.<\/p>\n","protected":false},"excerpt":{"rendered":"<p>Hace unos d\u00edas tuvo lugar el acto Memorial Covid-19 del Ayuntamiento de Matar\u00f3. Un acto muy emotivo en memoria de las v\u00edctimas de la Covid-19 y en agradecimiento a las personas que cuidaron a la ciudadan\u00eda durante esta etapa. Luc\u00eda Pose, Subdirectora T\u00e9cnica de la&#8230;<\/p>\n","protected":false},"author":2,"featured_media":71068,"comment_status":"open","ping_status":"open","sticky":false,"template":"","format":"standard","meta":{"footnotes":""},"categories":[1187],"tags":[],"class_list":["post-71158","post","type-post","status-publish","format-standard","has-post-thumbnail","hentry","category-cfp-maresme-es"],"yoast_head":"<!-- This site is optimized with the Yoast SEO plugin v27.4 - https:\/\/yoast.com\/product\/yoast-seo-wordpress\/ -->\n<title>&quot;El poder de la palabra&quot;, la historia de confinamiento del CFP, compartida en el Memorial Covid-19 del Ayuntamiento de Matar\u00f3 | CFP Maresme<\/title>\n<meta name=\"robots\" content=\"index, follow, max-snippet:-1, max-image-preview:large, max-video-preview:-1\" \/>\n<link rel=\"canonical\" href=\"https:\/\/cfpmaresme.org\/es\/el-poder-de-la-palabra-la-historia-de-confinamiento-del-cfp-compartida-en-el-memorial-covid-19-del-ayuntamiento-de-mataro\/\" \/>\n<meta property=\"og:locale\" content=\"es_ES\" \/>\n<meta property=\"og:type\" content=\"article\" \/>\n<meta property=\"og:title\" content=\"&quot;El poder de la palabra&quot;, la historia de confinamiento del CFP, compartida en el Memorial Covid-19 del Ayuntamiento de Matar\u00f3 | CFP Maresme\" \/>\n<meta property=\"og:description\" content=\"Hace unos d\u00edas tuvo lugar el acto Memorial Covid-19 del Ayuntamiento de Matar\u00f3. Un acto muy emotivo en memoria de las v\u00edctimas de la Covid-19 y en agradecimiento a las personas que cuidaron a la ciudadan\u00eda durante esta etapa. Luc\u00eda Pose, Subdirectora T\u00e9cnica de la...\" \/>\n<meta property=\"og:url\" content=\"https:\/\/cfpmaresme.org\/es\/el-poder-de-la-palabra-la-historia-de-confinamiento-del-cfp-compartida-en-el-memorial-covid-19-del-ayuntamiento-de-mataro\/\" \/>\n<meta property=\"og:site_name\" content=\"CFP Maresme\" \/>\n<meta property=\"article:published_time\" content=\"2022-06-20T10:59:13+00:00\" \/>\n<meta property=\"article:modified_time\" content=\"2022-07-04T13:11:02+00:00\" \/>\n<meta property=\"og:image\" content=\"https:\/\/cfpmaresme.org\/wp-content\/uploads\/2022\/06\/retallada.jpg\" \/>\n\t<meta property=\"og:image:width\" content=\"881\" \/>\n\t<meta property=\"og:image:height\" content=\"481\" \/>\n\t<meta property=\"og:image:type\" content=\"image\/jpeg\" \/>\n<meta name=\"author\" content=\"CFPMaresme\" \/>\n<meta name=\"twitter:card\" content=\"summary_large_image\" \/>\n<meta name=\"twitter:creator\" content=\"@cfpmaresme\" \/>\n<meta name=\"twitter:site\" content=\"@cfpmaresme\" \/>\n<meta name=\"twitter:label1\" content=\"Escrito por\" \/>\n\t<meta name=\"twitter:data1\" content=\"CFPMaresme\" \/>\n\t<meta name=\"twitter:label2\" content=\"Tiempo de lectura\" \/>\n\t<meta name=\"twitter:data2\" content=\"3 minutos\" \/>\n<script type=\"application\/ld+json\" class=\"yoast-schema-graph\">{\"@context\":\"https:\\\/\\\/schema.org\",\"@graph\":[{\"@type\":\"Article\",\"@id\":\"https:\\\/\\\/cfpmaresme.org\\\/es\\\/el-poder-de-la-palabra-la-historia-de-confinamiento-del-cfp-compartida-en-el-memorial-covid-19-del-ayuntamiento-de-mataro\\\/#article\",\"isPartOf\":{\"@id\":\"https:\\\/\\\/cfpmaresme.org\\\/es\\\/el-poder-de-la-palabra-la-historia-de-confinamiento-del-cfp-compartida-en-el-memorial-covid-19-del-ayuntamiento-de-mataro\\\/\"},\"author\":{\"name\":\"CFPMaresme\",\"@id\":\"https:\\\/\\\/cfpmaresme.org\\\/#\\\/schema\\\/person\\\/b2634bcd796fafc667ea4055f61b9b2c\"},\"headline\":\"\u00abEl poder de la palabra\u00bb, la historia de confinamiento del CFP, compartida en el Memorial Covid-19 del Ayuntamiento de Matar\u00f3\",\"datePublished\":\"2022-06-20T10:59:13+00:00\",\"dateModified\":\"2022-07-04T13:11:02+00:00\",\"mainEntityOfPage\":{\"@id\":\"https:\\\/\\\/cfpmaresme.org\\\/es\\\/el-poder-de-la-palabra-la-historia-de-confinamiento-del-cfp-compartida-en-el-memorial-covid-19-del-ayuntamiento-de-mataro\\\/\"},\"wordCount\":681,\"commentCount\":0,\"image\":{\"@id\":\"https:\\\/\\\/cfpmaresme.org\\\/es\\\/el-poder-de-la-palabra-la-historia-de-confinamiento-del-cfp-compartida-en-el-memorial-covid-19-del-ayuntamiento-de-mataro\\\/#primaryimage\"},\"thumbnailUrl\":\"https:\\\/\\\/cfpmaresme.org\\\/wp-content\\\/uploads\\\/2022\\\/06\\\/retallada.jpg\",\"articleSection\":[\"CFP Maresme\"],\"inLanguage\":\"es\"},{\"@type\":\"WebPage\",\"@id\":\"https:\\\/\\\/cfpmaresme.org\\\/es\\\/el-poder-de-la-palabra-la-historia-de-confinamiento-del-cfp-compartida-en-el-memorial-covid-19-del-ayuntamiento-de-mataro\\\/\",\"url\":\"https:\\\/\\\/cfpmaresme.org\\\/es\\\/el-poder-de-la-palabra-la-historia-de-confinamiento-del-cfp-compartida-en-el-memorial-covid-19-del-ayuntamiento-de-mataro\\\/\",\"name\":\"\\\"El poder de la palabra\\\", la historia de confinamiento del CFP, compartida en el Memorial Covid-19 del Ayuntamiento de Matar\u00f3 | CFP Maresme\",\"isPartOf\":{\"@id\":\"https:\\\/\\\/cfpmaresme.org\\\/#website\"},\"primaryImageOfPage\":{\"@id\":\"https:\\\/\\\/cfpmaresme.org\\\/es\\\/el-poder-de-la-palabra-la-historia-de-confinamiento-del-cfp-compartida-en-el-memorial-covid-19-del-ayuntamiento-de-mataro\\\/#primaryimage\"},\"image\":{\"@id\":\"https:\\\/\\\/cfpmaresme.org\\\/es\\\/el-poder-de-la-palabra-la-historia-de-confinamiento-del-cfp-compartida-en-el-memorial-covid-19-del-ayuntamiento-de-mataro\\\/#primaryimage\"},\"thumbnailUrl\":\"https:\\\/\\\/cfpmaresme.org\\\/wp-content\\\/uploads\\\/2022\\\/06\\\/retallada.jpg\",\"datePublished\":\"2022-06-20T10:59:13+00:00\",\"dateModified\":\"2022-07-04T13:11:02+00:00\",\"author\":{\"@id\":\"https:\\\/\\\/cfpmaresme.org\\\/#\\\/schema\\\/person\\\/b2634bcd796fafc667ea4055f61b9b2c\"},\"breadcrumb\":{\"@id\":\"https:\\\/\\\/cfpmaresme.org\\\/es\\\/el-poder-de-la-palabra-la-historia-de-confinamiento-del-cfp-compartida-en-el-memorial-covid-19-del-ayuntamiento-de-mataro\\\/#breadcrumb\"},\"inLanguage\":\"es\",\"potentialAction\":[{\"@type\":\"ReadAction\",\"target\":[\"https:\\\/\\\/cfpmaresme.org\\\/es\\\/el-poder-de-la-palabra-la-historia-de-confinamiento-del-cfp-compartida-en-el-memorial-covid-19-del-ayuntamiento-de-mataro\\\/\"]}]},{\"@type\":\"ImageObject\",\"inLanguage\":\"es\",\"@id\":\"https:\\\/\\\/cfpmaresme.org\\\/es\\\/el-poder-de-la-palabra-la-historia-de-confinamiento-del-cfp-compartida-en-el-memorial-covid-19-del-ayuntamiento-de-mataro\\\/#primaryimage\",\"url\":\"https:\\\/\\\/cfpmaresme.org\\\/wp-content\\\/uploads\\\/2022\\\/06\\\/retallada.jpg\",\"contentUrl\":\"https:\\\/\\\/cfpmaresme.org\\\/wp-content\\\/uploads\\\/2022\\\/06\\\/retallada.jpg\",\"width\":881,\"height\":481},{\"@type\":\"BreadcrumbList\",\"@id\":\"https:\\\/\\\/cfpmaresme.org\\\/es\\\/el-poder-de-la-palabra-la-historia-de-confinamiento-del-cfp-compartida-en-el-memorial-covid-19-del-ayuntamiento-de-mataro\\\/#breadcrumb\",\"itemListElement\":[{\"@type\":\"ListItem\",\"position\":1,\"name\":\"Home\",\"item\":\"https:\\\/\\\/cfpmaresme.org\\\/es\\\/\"},{\"@type\":\"ListItem\",\"position\":2,\"name\":\"\u00abEl poder de la palabra\u00bb, la historia de confinamiento del CFP, compartida en el Memorial Covid-19 del Ayuntamiento de Matar\u00f3\"}]},{\"@type\":\"WebSite\",\"@id\":\"https:\\\/\\\/cfpmaresme.org\\\/#website\",\"url\":\"https:\\\/\\\/cfpmaresme.org\\\/\",\"name\":\"CFP Maresme\",\"description\":\"Centre Formaci\u00f3 Prevenci\u00f3\",\"potentialAction\":[{\"@type\":\"SearchAction\",\"target\":{\"@type\":\"EntryPoint\",\"urlTemplate\":\"https:\\\/\\\/cfpmaresme.org\\\/?s={search_term_string}\"},\"query-input\":{\"@type\":\"PropertyValueSpecification\",\"valueRequired\":true,\"valueName\":\"search_term_string\"}}],\"inLanguage\":\"es\"},{\"@type\":\"Person\",\"@id\":\"https:\\\/\\\/cfpmaresme.org\\\/#\\\/schema\\\/person\\\/b2634bcd796fafc667ea4055f61b9b2c\",\"name\":\"CFPMaresme\"}]}<\/script>\n<!-- \/ Yoast SEO plugin. -->","yoast_head_json":{"title":"\"El poder de la palabra\", la historia de confinamiento del CFP, compartida en el Memorial Covid-19 del Ayuntamiento de Matar\u00f3 | CFP Maresme","robots":{"index":"index","follow":"follow","max-snippet":"max-snippet:-1","max-image-preview":"max-image-preview:large","max-video-preview":"max-video-preview:-1"},"canonical":"https:\/\/cfpmaresme.org\/es\/el-poder-de-la-palabra-la-historia-de-confinamiento-del-cfp-compartida-en-el-memorial-covid-19-del-ayuntamiento-de-mataro\/","og_locale":"es_ES","og_type":"article","og_title":"\"El poder de la palabra\", la historia de confinamiento del CFP, compartida en el Memorial Covid-19 del Ayuntamiento de Matar\u00f3 | CFP Maresme","og_description":"Hace unos d\u00edas tuvo lugar el acto Memorial Covid-19 del Ayuntamiento de Matar\u00f3. Un acto muy emotivo en memoria de las v\u00edctimas de la Covid-19 y en agradecimiento a las personas que cuidaron a la ciudadan\u00eda durante esta etapa. Luc\u00eda Pose, Subdirectora T\u00e9cnica de la...","og_url":"https:\/\/cfpmaresme.org\/es\/el-poder-de-la-palabra-la-historia-de-confinamiento-del-cfp-compartida-en-el-memorial-covid-19-del-ayuntamiento-de-mataro\/","og_site_name":"CFP Maresme","article_published_time":"2022-06-20T10:59:13+00:00","article_modified_time":"2022-07-04T13:11:02+00:00","og_image":[{"width":881,"height":481,"url":"https:\/\/cfpmaresme.org\/wp-content\/uploads\/2022\/06\/retallada.jpg","type":"image\/jpeg"}],"author":"CFPMaresme","twitter_card":"summary_large_image","twitter_creator":"@cfpmaresme","twitter_site":"@cfpmaresme","twitter_misc":{"Escrito por":"CFPMaresme","Tiempo de lectura":"3 minutos"},"schema":{"@context":"https:\/\/schema.org","@graph":[{"@type":"Article","@id":"https:\/\/cfpmaresme.org\/es\/el-poder-de-la-palabra-la-historia-de-confinamiento-del-cfp-compartida-en-el-memorial-covid-19-del-ayuntamiento-de-mataro\/#article","isPartOf":{"@id":"https:\/\/cfpmaresme.org\/es\/el-poder-de-la-palabra-la-historia-de-confinamiento-del-cfp-compartida-en-el-memorial-covid-19-del-ayuntamiento-de-mataro\/"},"author":{"name":"CFPMaresme","@id":"https:\/\/cfpmaresme.org\/#\/schema\/person\/b2634bcd796fafc667ea4055f61b9b2c"},"headline":"\u00abEl poder de la palabra\u00bb, la historia de confinamiento del CFP, compartida en el Memorial Covid-19 del Ayuntamiento de Matar\u00f3","datePublished":"2022-06-20T10:59:13+00:00","dateModified":"2022-07-04T13:11:02+00:00","mainEntityOfPage":{"@id":"https:\/\/cfpmaresme.org\/es\/el-poder-de-la-palabra-la-historia-de-confinamiento-del-cfp-compartida-en-el-memorial-covid-19-del-ayuntamiento-de-mataro\/"},"wordCount":681,"commentCount":0,"image":{"@id":"https:\/\/cfpmaresme.org\/es\/el-poder-de-la-palabra-la-historia-de-confinamiento-del-cfp-compartida-en-el-memorial-covid-19-del-ayuntamiento-de-mataro\/#primaryimage"},"thumbnailUrl":"https:\/\/cfpmaresme.org\/wp-content\/uploads\/2022\/06\/retallada.jpg","articleSection":["CFP Maresme"],"inLanguage":"es"},{"@type":"WebPage","@id":"https:\/\/cfpmaresme.org\/es\/el-poder-de-la-palabra-la-historia-de-confinamiento-del-cfp-compartida-en-el-memorial-covid-19-del-ayuntamiento-de-mataro\/","url":"https:\/\/cfpmaresme.org\/es\/el-poder-de-la-palabra-la-historia-de-confinamiento-del-cfp-compartida-en-el-memorial-covid-19-del-ayuntamiento-de-mataro\/","name":"\"El poder de la palabra\", la historia de confinamiento del CFP, compartida en el Memorial Covid-19 del Ayuntamiento de Matar\u00f3 | CFP Maresme","isPartOf":{"@id":"https:\/\/cfpmaresme.org\/#website"},"primaryImageOfPage":{"@id":"https:\/\/cfpmaresme.org\/es\/el-poder-de-la-palabra-la-historia-de-confinamiento-del-cfp-compartida-en-el-memorial-covid-19-del-ayuntamiento-de-mataro\/#primaryimage"},"image":{"@id":"https:\/\/cfpmaresme.org\/es\/el-poder-de-la-palabra-la-historia-de-confinamiento-del-cfp-compartida-en-el-memorial-covid-19-del-ayuntamiento-de-mataro\/#primaryimage"},"thumbnailUrl":"https:\/\/cfpmaresme.org\/wp-content\/uploads\/2022\/06\/retallada.jpg","datePublished":"2022-06-20T10:59:13+00:00","dateModified":"2022-07-04T13:11:02+00:00","author":{"@id":"https:\/\/cfpmaresme.org\/#\/schema\/person\/b2634bcd796fafc667ea4055f61b9b2c"},"breadcrumb":{"@id":"https:\/\/cfpmaresme.org\/es\/el-poder-de-la-palabra-la-historia-de-confinamiento-del-cfp-compartida-en-el-memorial-covid-19-del-ayuntamiento-de-mataro\/#breadcrumb"},"inLanguage":"es","potentialAction":[{"@type":"ReadAction","target":["https:\/\/cfpmaresme.org\/es\/el-poder-de-la-palabra-la-historia-de-confinamiento-del-cfp-compartida-en-el-memorial-covid-19-del-ayuntamiento-de-mataro\/"]}]},{"@type":"ImageObject","inLanguage":"es","@id":"https:\/\/cfpmaresme.org\/es\/el-poder-de-la-palabra-la-historia-de-confinamiento-del-cfp-compartida-en-el-memorial-covid-19-del-ayuntamiento-de-mataro\/#primaryimage","url":"https:\/\/cfpmaresme.org\/wp-content\/uploads\/2022\/06\/retallada.jpg","contentUrl":"https:\/\/cfpmaresme.org\/wp-content\/uploads\/2022\/06\/retallada.jpg","width":881,"height":481},{"@type":"BreadcrumbList","@id":"https:\/\/cfpmaresme.org\/es\/el-poder-de-la-palabra-la-historia-de-confinamiento-del-cfp-compartida-en-el-memorial-covid-19-del-ayuntamiento-de-mataro\/#breadcrumb","itemListElement":[{"@type":"ListItem","position":1,"name":"Home","item":"https:\/\/cfpmaresme.org\/es\/"},{"@type":"ListItem","position":2,"name":"\u00abEl poder de la palabra\u00bb, la historia de confinamiento del CFP, compartida en el Memorial Covid-19 del Ayuntamiento de Matar\u00f3"}]},{"@type":"WebSite","@id":"https:\/\/cfpmaresme.org\/#website","url":"https:\/\/cfpmaresme.org\/","name":"CFP Maresme","description":"Centre Formaci\u00f3 Prevenci\u00f3","potentialAction":[{"@type":"SearchAction","target":{"@type":"EntryPoint","urlTemplate":"https:\/\/cfpmaresme.org\/?s={search_term_string}"},"query-input":{"@type":"PropertyValueSpecification","valueRequired":true,"valueName":"search_term_string"}}],"inLanguage":"es"},{"@type":"Person","@id":"https:\/\/cfpmaresme.org\/#\/schema\/person\/b2634bcd796fafc667ea4055f61b9b2c","name":"CFPMaresme"}]}},"_links":{"self":[{"href":"https:\/\/cfpmaresme.org\/es\/wp-json\/wp\/v2\/posts\/71158","targetHints":{"allow":["GET"]}}],"collection":[{"href":"https:\/\/cfpmaresme.org\/es\/wp-json\/wp\/v2\/posts"}],"about":[{"href":"https:\/\/cfpmaresme.org\/es\/wp-json\/wp\/v2\/types\/post"}],"author":[{"embeddable":true,"href":"https:\/\/cfpmaresme.org\/es\/wp-json\/wp\/v2\/users\/2"}],"replies":[{"embeddable":true,"href":"https:\/\/cfpmaresme.org\/es\/wp-json\/wp\/v2\/comments?post=71158"}],"version-history":[{"count":8,"href":"https:\/\/cfpmaresme.org\/es\/wp-json\/wp\/v2\/posts\/71158\/revisions"}],"predecessor-version":[{"id":71167,"href":"https:\/\/cfpmaresme.org\/es\/wp-json\/wp\/v2\/posts\/71158\/revisions\/71167"}],"wp:featuredmedia":[{"embeddable":true,"href":"https:\/\/cfpmaresme.org\/es\/wp-json\/wp\/v2\/media\/71068"}],"wp:attachment":[{"href":"https:\/\/cfpmaresme.org\/es\/wp-json\/wp\/v2\/media?parent=71158"}],"wp:term":[{"taxonomy":"category","embeddable":true,"href":"https:\/\/cfpmaresme.org\/es\/wp-json\/wp\/v2\/categories?post=71158"},{"taxonomy":"post_tag","embeddable":true,"href":"https:\/\/cfpmaresme.org\/es\/wp-json\/wp\/v2\/tags?post=71158"}],"curies":[{"name":"wp","href":"https:\/\/api.w.org\/{rel}","templated":true}]}}