{"id":71241,"date":"2022-07-08T12:53:44","date_gmt":"2022-07-08T10:53:44","guid":{"rendered":"https:\/\/www.cfpmaresme.org\/?p=71241"},"modified":"2022-07-11T13:01:06","modified_gmt":"2022-07-11T11:01:06","slug":"homenaje-a-felix-feliu","status":"publish","type":"post","link":"https:\/\/cfpmaresme.org\/es\/homenaje-a-felix-feliu\/","title":{"rendered":"Homenaje a F\u00e8lix Feliu"},"content":{"rendered":"<p>Recientemente F\u00e8lix Feliu nos ha dejado. Una persona referente en iniciativas sociales y asistenciales de Matar\u00f3 y muy vinculada al CFP desde el origen de la asociaci\u00f3n.<\/p>\n<p>Fue el primer director de C\u00e0ritas Matar\u00f3 y lo fue durante cuatro d\u00e9cadas. Todo un referente del voluntariado mataron\u00edn y de la ayuda a las personas m\u00e1s necesitadas entendida como forma vital y solidaria.<\/p>\n<p>F\u00e8lix fue socio del CFP durante m\u00e1s de 30 a\u00f1os, una veintena de los cuales fue miembro de la Junta de nuestra entidad. Su vinculaci\u00f3n con el CFP se remonta a los or\u00edgenes de la entidad cuando, C\u00e0ritas Interparroquial de Matar\u00f3 (CIM), bajo su presidencia, cedi\u00f3 un local al barrio de Cirera, donde se desarrollaban distintas actividades de formaci\u00f3n e inclusi\u00f3n para j\u00f3venes en situaci\u00f3n de marginalidad. Aqu\u00ed se inici\u00f3 la actividad del CFP. Un origen que recordamos siempre vinculado al soporte de CIM a trav\u00e9s de F\u00e8lix.<\/p>\n<p>Una ayuda y acompa\u00f1amiento que han perdurado a lo largo de toda su vida.<\/p>\n<p>Desde el\u00a0 CFP siempre lo recordaremos como una persona participativa, voluntariosa, con iniciativa. Y, sobretodo, con una firme convicci\u00f3n y compromiso para mejorar la calidad de vida de los colectivos vulnerables.<\/p>\n<p>F\u00e8lix, descansa en paz.<\/p>\n","protected":false},"excerpt":{"rendered":"<p>Recientemente F\u00e8lix Feliu nos ha dejado. Una persona referente en iniciativas sociales y asistenciales de Matar\u00f3 y muy vinculada al CFP desde el origen de la asociaci\u00f3n. Fue el primer director de C\u00e0ritas Matar\u00f3 y lo fue durante cuatro d\u00e9cadas. Todo un referente del voluntariado&#8230;<\/p>\n","protected":false},"author":2,"featured_media":71242,"comment_status":"open","ping_status":"open","sticky":false,"template":"","format":"standard","meta":{"footnotes":""},"categories":[1187],"tags":[],"class_list":["post-71241","post","type-post","status-publish","format-standard","has-post-thumbnail","hentry","category-cfp-maresme-es"],"yoast_head":"<!-- This site is optimized with the Yoast SEO plugin v27.4 - https:\/\/yoast.com\/product\/yoast-seo-wordpress\/ -->\n<title>Homenaje a F\u00e8lix Feliu | CFP Maresme<\/title>\n<meta name=\"robots\" content=\"index, follow, max-snippet:-1, max-image-preview:large, max-video-preview:-1\" \/>\n<link rel=\"canonical\" href=\"https:\/\/cfpmaresme.org\/es\/homenaje-a-felix-feliu\/\" \/>\n<meta property=\"og:locale\" content=\"es_ES\" \/>\n<meta property=\"og:type\" content=\"article\" \/>\n<meta property=\"og:title\" content=\"Homenaje a F\u00e8lix Feliu | CFP Maresme\" \/>\n<meta property=\"og:description\" content=\"Recientemente F\u00e8lix Feliu nos ha dejado. Una persona referente en iniciativas sociales y asistenciales de Matar\u00f3 y muy vinculada al CFP desde el origen de la asociaci\u00f3n. Fue el primer director de C\u00e0ritas Matar\u00f3 y lo fue durante cuatro d\u00e9cadas. Todo un referente del voluntariado...\" \/>\n<meta property=\"og:url\" content=\"https:\/\/cfpmaresme.org\/es\/homenaje-a-felix-feliu\/\" \/>\n<meta property=\"og:site_name\" content=\"CFP Maresme\" \/>\n<meta property=\"article:published_time\" content=\"2022-07-08T10:53:44+00:00\" \/>\n<meta property=\"article:modified_time\" content=\"2022-07-11T11:01:06+00:00\" \/>\n<meta property=\"og:image\" content=\"https:\/\/cfpmaresme.org\/wp-content\/uploads\/2022\/07\/banner-en-castell\u00e0.jpg\" \/>\n\t<meta property=\"og:image:width\" content=\"858\" \/>\n\t<meta property=\"og:image:height\" content=\"253\" \/>\n\t<meta property=\"og:image:type\" content=\"image\/jpeg\" \/>\n<meta name=\"author\" content=\"CFPMaresme\" \/>\n<meta name=\"twitter:card\" content=\"summary_large_image\" \/>\n<meta name=\"twitter:creator\" content=\"@cfpmaresme\" \/>\n<meta name=\"twitter:site\" content=\"@cfpmaresme\" \/>\n<meta name=\"twitter:label1\" content=\"Escrito por\" \/>\n\t<meta name=\"twitter:data1\" content=\"CFPMaresme\" \/>\n\t<meta name=\"twitter:label2\" content=\"Tiempo de lectura\" \/>\n\t<meta name=\"twitter:data2\" content=\"1 minuto\" \/>\n<script type=\"application\/ld+json\" class=\"yoast-schema-graph\">{\"@context\":\"https:\\\/\\\/schema.org\",\"@graph\":[{\"@type\":\"Article\",\"@id\":\"https:\\\/\\\/cfpmaresme.org\\\/es\\\/homenaje-a-felix-feliu\\\/#article\",\"isPartOf\":{\"@id\":\"https:\\\/\\\/cfpmaresme.org\\\/es\\\/homenaje-a-felix-feliu\\\/\"},\"author\":{\"name\":\"CFPMaresme\",\"@id\":\"https:\\\/\\\/cfpmaresme.org\\\/#\\\/schema\\\/person\\\/b2634bcd796fafc667ea4055f61b9b2c\"},\"headline\":\"Homenaje a F\u00e8lix Feliu\",\"datePublished\":\"2022-07-08T10:53:44+00:00\",\"dateModified\":\"2022-07-11T11:01:06+00:00\",\"mainEntityOfPage\":{\"@id\":\"https:\\\/\\\/cfpmaresme.org\\\/es\\\/homenaje-a-felix-feliu\\\/\"},\"wordCount\":223,\"commentCount\":0,\"image\":{\"@id\":\"https:\\\/\\\/cfpmaresme.org\\\/es\\\/homenaje-a-felix-feliu\\\/#primaryimage\"},\"thumbnailUrl\":\"https:\\\/\\\/cfpmaresme.org\\\/wp-content\\\/uploads\\\/2022\\\/07\\\/banner-en-castell\u00e0.jpg\",\"articleSection\":[\"CFP Maresme\"],\"inLanguage\":\"es\"},{\"@type\":\"WebPage\",\"@id\":\"https:\\\/\\\/cfpmaresme.org\\\/es\\\/homenaje-a-felix-feliu\\\/\",\"url\":\"https:\\\/\\\/cfpmaresme.org\\\/es\\\/homenaje-a-felix-feliu\\\/\",\"name\":\"Homenaje a F\u00e8lix Feliu | CFP Maresme\",\"isPartOf\":{\"@id\":\"https:\\\/\\\/cfpmaresme.org\\\/#website\"},\"primaryImageOfPage\":{\"@id\":\"https:\\\/\\\/cfpmaresme.org\\\/es\\\/homenaje-a-felix-feliu\\\/#primaryimage\"},\"image\":{\"@id\":\"https:\\\/\\\/cfpmaresme.org\\\/es\\\/homenaje-a-felix-feliu\\\/#primaryimage\"},\"thumbnailUrl\":\"https:\\\/\\\/cfpmaresme.org\\\/wp-content\\\/uploads\\\/2022\\\/07\\\/banner-en-castell\u00e0.jpg\",\"datePublished\":\"2022-07-08T10:53:44+00:00\",\"dateModified\":\"2022-07-11T11:01:06+00:00\",\"author\":{\"@id\":\"https:\\\/\\\/cfpmaresme.org\\\/#\\\/schema\\\/person\\\/b2634bcd796fafc667ea4055f61b9b2c\"},\"breadcrumb\":{\"@id\":\"https:\\\/\\\/cfpmaresme.org\\\/es\\\/homenaje-a-felix-feliu\\\/#breadcrumb\"},\"inLanguage\":\"es\",\"potentialAction\":[{\"@type\":\"ReadAction\",\"target\":[\"https:\\\/\\\/cfpmaresme.org\\\/es\\\/homenaje-a-felix-feliu\\\/\"]}]},{\"@type\":\"ImageObject\",\"inLanguage\":\"es\",\"@id\":\"https:\\\/\\\/cfpmaresme.org\\\/es\\\/homenaje-a-felix-feliu\\\/#primaryimage\",\"url\":\"https:\\\/\\\/cfpmaresme.org\\\/wp-content\\\/uploads\\\/2022\\\/07\\\/banner-en-castell\u00e0.jpg\",\"contentUrl\":\"https:\\\/\\\/cfpmaresme.org\\\/wp-content\\\/uploads\\\/2022\\\/07\\\/banner-en-castell\u00e0.jpg\",\"width\":858,\"height\":253},{\"@type\":\"BreadcrumbList\",\"@id\":\"https:\\\/\\\/cfpmaresme.org\\\/es\\\/homenaje-a-felix-feliu\\\/#breadcrumb\",\"itemListElement\":[{\"@type\":\"ListItem\",\"position\":1,\"name\":\"Home\",\"item\":\"https:\\\/\\\/cfpmaresme.org\\\/es\\\/\"},{\"@type\":\"ListItem\",\"position\":2,\"name\":\"Homenaje a F\u00e8lix Feliu\"}]},{\"@type\":\"WebSite\",\"@id\":\"https:\\\/\\\/cfpmaresme.org\\\/#website\",\"url\":\"https:\\\/\\\/cfpmaresme.org\\\/\",\"name\":\"CFP Maresme\",\"description\":\"Centre Formaci\u00f3 Prevenci\u00f3\",\"potentialAction\":[{\"@type\":\"SearchAction\",\"target\":{\"@type\":\"EntryPoint\",\"urlTemplate\":\"https:\\\/\\\/cfpmaresme.org\\\/?s={search_term_string}\"},\"query-input\":{\"@type\":\"PropertyValueSpecification\",\"valueRequired\":true,\"valueName\":\"search_term_string\"}}],\"inLanguage\":\"es\"},{\"@type\":\"Person\",\"@id\":\"https:\\\/\\\/cfpmaresme.org\\\/#\\\/schema\\\/person\\\/b2634bcd796fafc667ea4055f61b9b2c\",\"name\":\"CFPMaresme\"}]}<\/script>\n<!-- \/ Yoast SEO plugin. -->","yoast_head_json":{"title":"Homenaje a F\u00e8lix Feliu | CFP Maresme","robots":{"index":"index","follow":"follow","max-snippet":"max-snippet:-1","max-image-preview":"max-image-preview:large","max-video-preview":"max-video-preview:-1"},"canonical":"https:\/\/cfpmaresme.org\/es\/homenaje-a-felix-feliu\/","og_locale":"es_ES","og_type":"article","og_title":"Homenaje a F\u00e8lix Feliu | CFP Maresme","og_description":"Recientemente F\u00e8lix Feliu nos ha dejado. Una persona referente en iniciativas sociales y asistenciales de Matar\u00f3 y muy vinculada al CFP desde el origen de la asociaci\u00f3n. Fue el primer director de C\u00e0ritas Matar\u00f3 y lo fue durante cuatro d\u00e9cadas. Todo un referente del voluntariado...","og_url":"https:\/\/cfpmaresme.org\/es\/homenaje-a-felix-feliu\/","og_site_name":"CFP Maresme","article_published_time":"2022-07-08T10:53:44+00:00","article_modified_time":"2022-07-11T11:01:06+00:00","og_image":[{"width":858,"height":253,"url":"https:\/\/cfpmaresme.org\/wp-content\/uploads\/2022\/07\/banner-en-castell\u00e0.jpg","type":"image\/jpeg"}],"author":"CFPMaresme","twitter_card":"summary_large_image","twitter_creator":"@cfpmaresme","twitter_site":"@cfpmaresme","twitter_misc":{"Escrito por":"CFPMaresme","Tiempo de lectura":"1 minuto"},"schema":{"@context":"https:\/\/schema.org","@graph":[{"@type":"Article","@id":"https:\/\/cfpmaresme.org\/es\/homenaje-a-felix-feliu\/#article","isPartOf":{"@id":"https:\/\/cfpmaresme.org\/es\/homenaje-a-felix-feliu\/"},"author":{"name":"CFPMaresme","@id":"https:\/\/cfpmaresme.org\/#\/schema\/person\/b2634bcd796fafc667ea4055f61b9b2c"},"headline":"Homenaje a F\u00e8lix Feliu","datePublished":"2022-07-08T10:53:44+00:00","dateModified":"2022-07-11T11:01:06+00:00","mainEntityOfPage":{"@id":"https:\/\/cfpmaresme.org\/es\/homenaje-a-felix-feliu\/"},"wordCount":223,"commentCount":0,"image":{"@id":"https:\/\/cfpmaresme.org\/es\/homenaje-a-felix-feliu\/#primaryimage"},"thumbnailUrl":"https:\/\/cfpmaresme.org\/wp-content\/uploads\/2022\/07\/banner-en-castell\u00e0.jpg","articleSection":["CFP Maresme"],"inLanguage":"es"},{"@type":"WebPage","@id":"https:\/\/cfpmaresme.org\/es\/homenaje-a-felix-feliu\/","url":"https:\/\/cfpmaresme.org\/es\/homenaje-a-felix-feliu\/","name":"Homenaje a F\u00e8lix Feliu | CFP Maresme","isPartOf":{"@id":"https:\/\/cfpmaresme.org\/#website"},"primaryImageOfPage":{"@id":"https:\/\/cfpmaresme.org\/es\/homenaje-a-felix-feliu\/#primaryimage"},"image":{"@id":"https:\/\/cfpmaresme.org\/es\/homenaje-a-felix-feliu\/#primaryimage"},"thumbnailUrl":"https:\/\/cfpmaresme.org\/wp-content\/uploads\/2022\/07\/banner-en-castell\u00e0.jpg","datePublished":"2022-07-08T10:53:44+00:00","dateModified":"2022-07-11T11:01:06+00:00","author":{"@id":"https:\/\/cfpmaresme.org\/#\/schema\/person\/b2634bcd796fafc667ea4055f61b9b2c"},"breadcrumb":{"@id":"https:\/\/cfpmaresme.org\/es\/homenaje-a-felix-feliu\/#breadcrumb"},"inLanguage":"es","potentialAction":[{"@type":"ReadAction","target":["https:\/\/cfpmaresme.org\/es\/homenaje-a-felix-feliu\/"]}]},{"@type":"ImageObject","inLanguage":"es","@id":"https:\/\/cfpmaresme.org\/es\/homenaje-a-felix-feliu\/#primaryimage","url":"https:\/\/cfpmaresme.org\/wp-content\/uploads\/2022\/07\/banner-en-castell\u00e0.jpg","contentUrl":"https:\/\/cfpmaresme.org\/wp-content\/uploads\/2022\/07\/banner-en-castell\u00e0.jpg","width":858,"height":253},{"@type":"BreadcrumbList","@id":"https:\/\/cfpmaresme.org\/es\/homenaje-a-felix-feliu\/#breadcrumb","itemListElement":[{"@type":"ListItem","position":1,"name":"Home","item":"https:\/\/cfpmaresme.org\/es\/"},{"@type":"ListItem","position":2,"name":"Homenaje a F\u00e8lix Feliu"}]},{"@type":"WebSite","@id":"https:\/\/cfpmaresme.org\/#website","url":"https:\/\/cfpmaresme.org\/","name":"CFP Maresme","description":"Centre Formaci\u00f3 Prevenci\u00f3","potentialAction":[{"@type":"SearchAction","target":{"@type":"EntryPoint","urlTemplate":"https:\/\/cfpmaresme.org\/?s={search_term_string}"},"query-input":{"@type":"PropertyValueSpecification","valueRequired":true,"valueName":"search_term_string"}}],"inLanguage":"es"},{"@type":"Person","@id":"https:\/\/cfpmaresme.org\/#\/schema\/person\/b2634bcd796fafc667ea4055f61b9b2c","name":"CFPMaresme"}]}},"_links":{"self":[{"href":"https:\/\/cfpmaresme.org\/es\/wp-json\/wp\/v2\/posts\/71241","targetHints":{"allow":["GET"]}}],"collection":[{"href":"https:\/\/cfpmaresme.org\/es\/wp-json\/wp\/v2\/posts"}],"about":[{"href":"https:\/\/cfpmaresme.org\/es\/wp-json\/wp\/v2\/types\/post"}],"author":[{"embeddable":true,"href":"https:\/\/cfpmaresme.org\/es\/wp-json\/wp\/v2\/users\/2"}],"replies":[{"embeddable":true,"href":"https:\/\/cfpmaresme.org\/es\/wp-json\/wp\/v2\/comments?post=71241"}],"version-history":[{"count":1,"href":"https:\/\/cfpmaresme.org\/es\/wp-json\/wp\/v2\/posts\/71241\/revisions"}],"predecessor-version":[{"id":71244,"href":"https:\/\/cfpmaresme.org\/es\/wp-json\/wp\/v2\/posts\/71241\/revisions\/71244"}],"wp:featuredmedia":[{"embeddable":true,"href":"https:\/\/cfpmaresme.org\/es\/wp-json\/wp\/v2\/media\/71242"}],"wp:attachment":[{"href":"https:\/\/cfpmaresme.org\/es\/wp-json\/wp\/v2\/media?parent=71241"}],"wp:term":[{"taxonomy":"category","embeddable":true,"href":"https:\/\/cfpmaresme.org\/es\/wp-json\/wp\/v2\/categories?post=71241"},{"taxonomy":"post_tag","embeddable":true,"href":"https:\/\/cfpmaresme.org\/es\/wp-json\/wp\/v2\/tags?post=71241"}],"curies":[{"name":"wp","href":"https:\/\/api.w.org\/{rel}","templated":true}]}}