{"id":71502,"date":"2022-07-31T14:16:40","date_gmt":"2022-07-31T12:16:40","guid":{"rendered":"https:\/\/cfpmaresme.org\/?p=71502"},"modified":"2022-09-20T14:24:42","modified_gmt":"2022-09-20T12:24:42","slug":"diversos-equips-dels-serveis-comercials-treballen-per-les-santes-la-festa-major-de-mataro","status":"publish","type":"post","link":"https:\/\/cfpmaresme.org\/es\/diversos-equips-dels-serveis-comercials-treballen-per-les-santes-la-festa-major-de-mataro\/","title":{"rendered":"Diversos equips dels Serveis Comercials treballen per Les Santes, La Festa Major de Matar\u00f3"},"content":{"rendered":"<p>Esta \u00faltima semana ha sido intensa para 25 personas trabajadoras de la entidad pues hemos estado dando soporte a varios actos de Les Santes. Tambi\u00e9n, hemos distribuido publicidad de las\u00a0 \u00a0Dissantes, evento organizado por Fundaci\u00f3 el Maresme.<\/p>\n<p>Los equipos que han ofrecido sus servicios en la Festa Major han sido los de Repartimiento y distribuci\u00f3n de publicidad, Carga y descarga y Atenci\u00f3n y acogida al p\u00fablico y venda de entradas para espect\u00e1culos. Profesionales de Mantenimiento de espacios naturales y solares tambi\u00e9n han dado soporte a los compa\u00f1eros cuando ha sido necesario.<\/p>\n<p>En definitiva, son personas que trabajan en servicios distintos dentro del departamento comercial y, cuando es necesario, funcionan como todo el CFP: de manera transversal. Est\u00e1n coordinados y se dan soporte a fin de poder dar el mejor servicio posible.<\/p>\n<p>Entre los trabajos que hemos realizado ha habido el abastecimiento de espect\u00e1culos con tareas de montaje de sillas, tancas y accesos, entre otros, y de acogida al p\u00fablico a espacios como el infantil. Tambi\u00e9n, distribuir carteles del Ayuntamiento de Matar\u00f3 y cartas informativas para avisar a los vecinos de las calles afectadas por los actos de fuego. Algunas de las localizaciones a las que hemos trabajado han sido el Parque Central y la zona de playa, donde tuvieron lugar los fuegos artificiales que concluyeron Les Santes.<\/p>\n<p>&nbsp;<\/p>\n<p>Una col\u00b7laboraci\u00f3 que perdura en el temps<\/p>\n<p>Fa 25 anys que els equips comercials del CFP treballen per Les Santes. No nom\u00e9s formem part dels professionals que asseguren l\u2019\u00e8xit de la festa per excel\u00b7l\u00e8ncia de Matar\u00f3 sin\u00f3 que ens les sentim nostres.<\/p>\n<p>Matar\u00f3 \u00e9s la ciutat que ha vist n\u00e9ixer el CFP i on es desenvolupa la major part de la nostra activitat. Molts dels professionals i persones que atenem s\u00f3n de la capital maresmenca i rodalies. Aix\u00ed doncs, vivim aquesta festivitat amb molta alegria.<\/p>\n<p>\u00c9s un plaer seguir treballant-hi despr\u00e9s de tants anys.<\/p>\n","protected":false},"excerpt":{"rendered":"<p>Esta \u00faltima semana ha sido intensa para 25 personas trabajadoras de la entidad pues hemos estado dando soporte a varios actos de Les Santes. Tambi\u00e9n, hemos distribuido publicidad de las\u00a0 \u00a0Dissantes, evento organizado por Fundaci\u00f3 el Maresme. Los equipos que han ofrecido sus servicios en&#8230;<\/p>\n","protected":false},"author":2,"featured_media":71333,"comment_status":"open","ping_status":"open","sticky":false,"template":"","format":"standard","meta":{"footnotes":""},"categories":[1232,1190],"tags":[],"class_list":["post-71502","post","type-post","status-publish","format-standard","has-post-thumbnail","hentry","category-serveis-a-les-empreses-es","category-servicios-a-las-empresas"],"yoast_head":"<!-- This site is optimized with the Yoast SEO plugin v27.4 - https:\/\/yoast.com\/product\/yoast-seo-wordpress\/ -->\n<title>Diversos equips dels Serveis Comercials treballen per Les Santes, La Festa Major de Matar\u00f3 | CFP Maresme<\/title>\n<meta name=\"robots\" content=\"index, follow, max-snippet:-1, max-image-preview:large, max-video-preview:-1\" \/>\n<link rel=\"canonical\" href=\"https:\/\/cfpmaresme.org\/es\/diversos-equips-dels-serveis-comercials-treballen-per-les-santes-la-festa-major-de-mataro\/\" \/>\n<meta property=\"og:locale\" content=\"es_ES\" \/>\n<meta property=\"og:type\" content=\"article\" \/>\n<meta property=\"og:title\" content=\"Diversos equips dels Serveis Comercials treballen per Les Santes, La Festa Major de Matar\u00f3 | CFP Maresme\" \/>\n<meta property=\"og:description\" content=\"Esta \u00faltima semana ha sido intensa para 25 personas trabajadoras de la entidad pues hemos estado dando soporte a varios actos de Les Santes. Tambi\u00e9n, hemos distribuido publicidad de las\u00a0 \u00a0Dissantes, evento organizado por Fundaci\u00f3 el Maresme. Los equipos que han ofrecido sus servicios en...\" \/>\n<meta property=\"og:url\" content=\"https:\/\/cfpmaresme.org\/es\/diversos-equips-dels-serveis-comercials-treballen-per-les-santes-la-festa-major-de-mataro\/\" \/>\n<meta property=\"og:site_name\" content=\"CFP Maresme\" \/>\n<meta property=\"article:published_time\" content=\"2022-07-31T12:16:40+00:00\" \/>\n<meta property=\"article:modified_time\" content=\"2022-09-20T12:24:42+00:00\" \/>\n<meta property=\"og:image\" content=\"https:\/\/cfpmaresme.org\/wp-content\/uploads\/2022\/08\/banner.jpg\" \/>\n\t<meta property=\"og:image:width\" content=\"903\" \/>\n\t<meta property=\"og:image:height\" content=\"619\" \/>\n\t<meta property=\"og:image:type\" content=\"image\/jpeg\" \/>\n<meta name=\"author\" content=\"CFPMaresme\" \/>\n<meta name=\"twitter:card\" content=\"summary_large_image\" \/>\n<meta name=\"twitter:creator\" content=\"@cfpmaresme\" \/>\n<meta name=\"twitter:site\" content=\"@cfpmaresme\" \/>\n<meta name=\"twitter:label1\" content=\"Escrito por\" \/>\n\t<meta name=\"twitter:data1\" content=\"CFPMaresme\" \/>\n\t<meta name=\"twitter:label2\" content=\"Tiempo de lectura\" \/>\n\t<meta name=\"twitter:data2\" content=\"2 minutos\" \/>\n<script type=\"application\/ld+json\" class=\"yoast-schema-graph\">{\"@context\":\"https:\\\/\\\/schema.org\",\"@graph\":[{\"@type\":\"Article\",\"@id\":\"https:\\\/\\\/cfpmaresme.org\\\/es\\\/diversos-equips-dels-serveis-comercials-treballen-per-les-santes-la-festa-major-de-mataro\\\/#article\",\"isPartOf\":{\"@id\":\"https:\\\/\\\/cfpmaresme.org\\\/es\\\/diversos-equips-dels-serveis-comercials-treballen-per-les-santes-la-festa-major-de-mataro\\\/\"},\"author\":{\"name\":\"CFPMaresme\",\"@id\":\"https:\\\/\\\/cfpmaresme.org\\\/#\\\/schema\\\/person\\\/b2634bcd796fafc667ea4055f61b9b2c\"},\"headline\":\"Diversos equips dels Serveis Comercials treballen per Les Santes, La Festa Major de Matar\u00f3\",\"datePublished\":\"2022-07-31T12:16:40+00:00\",\"dateModified\":\"2022-09-20T12:24:42+00:00\",\"mainEntityOfPage\":{\"@id\":\"https:\\\/\\\/cfpmaresme.org\\\/es\\\/diversos-equips-dels-serveis-comercials-treballen-per-les-santes-la-festa-major-de-mataro\\\/\"},\"wordCount\":343,\"commentCount\":0,\"image\":{\"@id\":\"https:\\\/\\\/cfpmaresme.org\\\/es\\\/diversos-equips-dels-serveis-comercials-treballen-per-les-santes-la-festa-major-de-mataro\\\/#primaryimage\"},\"thumbnailUrl\":\"https:\\\/\\\/cfpmaresme.org\\\/wp-content\\\/uploads\\\/2022\\\/08\\\/banner.jpg\",\"articleSection\":[\"Serveis a les empreses\",\"Servicios a las empresas\"],\"inLanguage\":\"es\"},{\"@type\":\"WebPage\",\"@id\":\"https:\\\/\\\/cfpmaresme.org\\\/es\\\/diversos-equips-dels-serveis-comercials-treballen-per-les-santes-la-festa-major-de-mataro\\\/\",\"url\":\"https:\\\/\\\/cfpmaresme.org\\\/es\\\/diversos-equips-dels-serveis-comercials-treballen-per-les-santes-la-festa-major-de-mataro\\\/\",\"name\":\"Diversos equips dels Serveis Comercials treballen per Les Santes, La Festa Major de Matar\u00f3 | CFP Maresme\",\"isPartOf\":{\"@id\":\"https:\\\/\\\/cfpmaresme.org\\\/#website\"},\"primaryImageOfPage\":{\"@id\":\"https:\\\/\\\/cfpmaresme.org\\\/es\\\/diversos-equips-dels-serveis-comercials-treballen-per-les-santes-la-festa-major-de-mataro\\\/#primaryimage\"},\"image\":{\"@id\":\"https:\\\/\\\/cfpmaresme.org\\\/es\\\/diversos-equips-dels-serveis-comercials-treballen-per-les-santes-la-festa-major-de-mataro\\\/#primaryimage\"},\"thumbnailUrl\":\"https:\\\/\\\/cfpmaresme.org\\\/wp-content\\\/uploads\\\/2022\\\/08\\\/banner.jpg\",\"datePublished\":\"2022-07-31T12:16:40+00:00\",\"dateModified\":\"2022-09-20T12:24:42+00:00\",\"author\":{\"@id\":\"https:\\\/\\\/cfpmaresme.org\\\/#\\\/schema\\\/person\\\/b2634bcd796fafc667ea4055f61b9b2c\"},\"breadcrumb\":{\"@id\":\"https:\\\/\\\/cfpmaresme.org\\\/es\\\/diversos-equips-dels-serveis-comercials-treballen-per-les-santes-la-festa-major-de-mataro\\\/#breadcrumb\"},\"inLanguage\":\"es\",\"potentialAction\":[{\"@type\":\"ReadAction\",\"target\":[\"https:\\\/\\\/cfpmaresme.org\\\/es\\\/diversos-equips-dels-serveis-comercials-treballen-per-les-santes-la-festa-major-de-mataro\\\/\"]}]},{\"@type\":\"ImageObject\",\"inLanguage\":\"es\",\"@id\":\"https:\\\/\\\/cfpmaresme.org\\\/es\\\/diversos-equips-dels-serveis-comercials-treballen-per-les-santes-la-festa-major-de-mataro\\\/#primaryimage\",\"url\":\"https:\\\/\\\/cfpmaresme.org\\\/wp-content\\\/uploads\\\/2022\\\/08\\\/banner.jpg\",\"contentUrl\":\"https:\\\/\\\/cfpmaresme.org\\\/wp-content\\\/uploads\\\/2022\\\/08\\\/banner.jpg\",\"width\":903,\"height\":619},{\"@type\":\"BreadcrumbList\",\"@id\":\"https:\\\/\\\/cfpmaresme.org\\\/es\\\/diversos-equips-dels-serveis-comercials-treballen-per-les-santes-la-festa-major-de-mataro\\\/#breadcrumb\",\"itemListElement\":[{\"@type\":\"ListItem\",\"position\":1,\"name\":\"Home\",\"item\":\"https:\\\/\\\/cfpmaresme.org\\\/es\\\/\"},{\"@type\":\"ListItem\",\"position\":2,\"name\":\"Diversos equips dels Serveis Comercials treballen per Les Santes, La Festa Major de Matar\u00f3\"}]},{\"@type\":\"WebSite\",\"@id\":\"https:\\\/\\\/cfpmaresme.org\\\/#website\",\"url\":\"https:\\\/\\\/cfpmaresme.org\\\/\",\"name\":\"CFP Maresme\",\"description\":\"Centre Formaci\u00f3 Prevenci\u00f3\",\"potentialAction\":[{\"@type\":\"SearchAction\",\"target\":{\"@type\":\"EntryPoint\",\"urlTemplate\":\"https:\\\/\\\/cfpmaresme.org\\\/?s={search_term_string}\"},\"query-input\":{\"@type\":\"PropertyValueSpecification\",\"valueRequired\":true,\"valueName\":\"search_term_string\"}}],\"inLanguage\":\"es\"},{\"@type\":\"Person\",\"@id\":\"https:\\\/\\\/cfpmaresme.org\\\/#\\\/schema\\\/person\\\/b2634bcd796fafc667ea4055f61b9b2c\",\"name\":\"CFPMaresme\"}]}<\/script>\n<!-- \/ Yoast SEO plugin. -->","yoast_head_json":{"title":"Diversos equips dels Serveis Comercials treballen per Les Santes, La Festa Major de Matar\u00f3 | CFP Maresme","robots":{"index":"index","follow":"follow","max-snippet":"max-snippet:-1","max-image-preview":"max-image-preview:large","max-video-preview":"max-video-preview:-1"},"canonical":"https:\/\/cfpmaresme.org\/es\/diversos-equips-dels-serveis-comercials-treballen-per-les-santes-la-festa-major-de-mataro\/","og_locale":"es_ES","og_type":"article","og_title":"Diversos equips dels Serveis Comercials treballen per Les Santes, La Festa Major de Matar\u00f3 | CFP Maresme","og_description":"Esta \u00faltima semana ha sido intensa para 25 personas trabajadoras de la entidad pues hemos estado dando soporte a varios actos de Les Santes. Tambi\u00e9n, hemos distribuido publicidad de las\u00a0 \u00a0Dissantes, evento organizado por Fundaci\u00f3 el Maresme. Los equipos que han ofrecido sus servicios en...","og_url":"https:\/\/cfpmaresme.org\/es\/diversos-equips-dels-serveis-comercials-treballen-per-les-santes-la-festa-major-de-mataro\/","og_site_name":"CFP Maresme","article_published_time":"2022-07-31T12:16:40+00:00","article_modified_time":"2022-09-20T12:24:42+00:00","og_image":[{"width":903,"height":619,"url":"https:\/\/cfpmaresme.org\/wp-content\/uploads\/2022\/08\/banner.jpg","type":"image\/jpeg"}],"author":"CFPMaresme","twitter_card":"summary_large_image","twitter_creator":"@cfpmaresme","twitter_site":"@cfpmaresme","twitter_misc":{"Escrito por":"CFPMaresme","Tiempo de lectura":"2 minutos"},"schema":{"@context":"https:\/\/schema.org","@graph":[{"@type":"Article","@id":"https:\/\/cfpmaresme.org\/es\/diversos-equips-dels-serveis-comercials-treballen-per-les-santes-la-festa-major-de-mataro\/#article","isPartOf":{"@id":"https:\/\/cfpmaresme.org\/es\/diversos-equips-dels-serveis-comercials-treballen-per-les-santes-la-festa-major-de-mataro\/"},"author":{"name":"CFPMaresme","@id":"https:\/\/cfpmaresme.org\/#\/schema\/person\/b2634bcd796fafc667ea4055f61b9b2c"},"headline":"Diversos equips dels Serveis Comercials treballen per Les Santes, La Festa Major de Matar\u00f3","datePublished":"2022-07-31T12:16:40+00:00","dateModified":"2022-09-20T12:24:42+00:00","mainEntityOfPage":{"@id":"https:\/\/cfpmaresme.org\/es\/diversos-equips-dels-serveis-comercials-treballen-per-les-santes-la-festa-major-de-mataro\/"},"wordCount":343,"commentCount":0,"image":{"@id":"https:\/\/cfpmaresme.org\/es\/diversos-equips-dels-serveis-comercials-treballen-per-les-santes-la-festa-major-de-mataro\/#primaryimage"},"thumbnailUrl":"https:\/\/cfpmaresme.org\/wp-content\/uploads\/2022\/08\/banner.jpg","articleSection":["Serveis a les empreses","Servicios a las empresas"],"inLanguage":"es"},{"@type":"WebPage","@id":"https:\/\/cfpmaresme.org\/es\/diversos-equips-dels-serveis-comercials-treballen-per-les-santes-la-festa-major-de-mataro\/","url":"https:\/\/cfpmaresme.org\/es\/diversos-equips-dels-serveis-comercials-treballen-per-les-santes-la-festa-major-de-mataro\/","name":"Diversos equips dels Serveis Comercials treballen per Les Santes, La Festa Major de Matar\u00f3 | CFP Maresme","isPartOf":{"@id":"https:\/\/cfpmaresme.org\/#website"},"primaryImageOfPage":{"@id":"https:\/\/cfpmaresme.org\/es\/diversos-equips-dels-serveis-comercials-treballen-per-les-santes-la-festa-major-de-mataro\/#primaryimage"},"image":{"@id":"https:\/\/cfpmaresme.org\/es\/diversos-equips-dels-serveis-comercials-treballen-per-les-santes-la-festa-major-de-mataro\/#primaryimage"},"thumbnailUrl":"https:\/\/cfpmaresme.org\/wp-content\/uploads\/2022\/08\/banner.jpg","datePublished":"2022-07-31T12:16:40+00:00","dateModified":"2022-09-20T12:24:42+00:00","author":{"@id":"https:\/\/cfpmaresme.org\/#\/schema\/person\/b2634bcd796fafc667ea4055f61b9b2c"},"breadcrumb":{"@id":"https:\/\/cfpmaresme.org\/es\/diversos-equips-dels-serveis-comercials-treballen-per-les-santes-la-festa-major-de-mataro\/#breadcrumb"},"inLanguage":"es","potentialAction":[{"@type":"ReadAction","target":["https:\/\/cfpmaresme.org\/es\/diversos-equips-dels-serveis-comercials-treballen-per-les-santes-la-festa-major-de-mataro\/"]}]},{"@type":"ImageObject","inLanguage":"es","@id":"https:\/\/cfpmaresme.org\/es\/diversos-equips-dels-serveis-comercials-treballen-per-les-santes-la-festa-major-de-mataro\/#primaryimage","url":"https:\/\/cfpmaresme.org\/wp-content\/uploads\/2022\/08\/banner.jpg","contentUrl":"https:\/\/cfpmaresme.org\/wp-content\/uploads\/2022\/08\/banner.jpg","width":903,"height":619},{"@type":"BreadcrumbList","@id":"https:\/\/cfpmaresme.org\/es\/diversos-equips-dels-serveis-comercials-treballen-per-les-santes-la-festa-major-de-mataro\/#breadcrumb","itemListElement":[{"@type":"ListItem","position":1,"name":"Home","item":"https:\/\/cfpmaresme.org\/es\/"},{"@type":"ListItem","position":2,"name":"Diversos equips dels Serveis Comercials treballen per Les Santes, La Festa Major de Matar\u00f3"}]},{"@type":"WebSite","@id":"https:\/\/cfpmaresme.org\/#website","url":"https:\/\/cfpmaresme.org\/","name":"CFP Maresme","description":"Centre Formaci\u00f3 Prevenci\u00f3","potentialAction":[{"@type":"SearchAction","target":{"@type":"EntryPoint","urlTemplate":"https:\/\/cfpmaresme.org\/?s={search_term_string}"},"query-input":{"@type":"PropertyValueSpecification","valueRequired":true,"valueName":"search_term_string"}}],"inLanguage":"es"},{"@type":"Person","@id":"https:\/\/cfpmaresme.org\/#\/schema\/person\/b2634bcd796fafc667ea4055f61b9b2c","name":"CFPMaresme"}]}},"_links":{"self":[{"href":"https:\/\/cfpmaresme.org\/es\/wp-json\/wp\/v2\/posts\/71502","targetHints":{"allow":["GET"]}}],"collection":[{"href":"https:\/\/cfpmaresme.org\/es\/wp-json\/wp\/v2\/posts"}],"about":[{"href":"https:\/\/cfpmaresme.org\/es\/wp-json\/wp\/v2\/types\/post"}],"author":[{"embeddable":true,"href":"https:\/\/cfpmaresme.org\/es\/wp-json\/wp\/v2\/users\/2"}],"replies":[{"embeddable":true,"href":"https:\/\/cfpmaresme.org\/es\/wp-json\/wp\/v2\/comments?post=71502"}],"version-history":[{"count":4,"href":"https:\/\/cfpmaresme.org\/es\/wp-json\/wp\/v2\/posts\/71502\/revisions"}],"predecessor-version":[{"id":71506,"href":"https:\/\/cfpmaresme.org\/es\/wp-json\/wp\/v2\/posts\/71502\/revisions\/71506"}],"wp:featuredmedia":[{"embeddable":true,"href":"https:\/\/cfpmaresme.org\/es\/wp-json\/wp\/v2\/media\/71333"}],"wp:attachment":[{"href":"https:\/\/cfpmaresme.org\/es\/wp-json\/wp\/v2\/media?parent=71502"}],"wp:term":[{"taxonomy":"category","embeddable":true,"href":"https:\/\/cfpmaresme.org\/es\/wp-json\/wp\/v2\/categories?post=71502"},{"taxonomy":"post_tag","embeddable":true,"href":"https:\/\/cfpmaresme.org\/es\/wp-json\/wp\/v2\/tags?post=71502"}],"curies":[{"name":"wp","href":"https:\/\/api.w.org\/{rel}","templated":true}]}}