{"id":71516,"date":"2022-09-16T12:45:41","date_gmt":"2022-09-16T10:45:41","guid":{"rendered":"https:\/\/cfpmaresme.org\/?p=71516"},"modified":"2022-09-22T12:55:51","modified_gmt":"2022-09-22T10:55:51","slug":"personas-atendidas-desde-los-src-ensenan-cocina-a-los-jovenes-del-programa-de-atencion-especifica-a-trastornos-psicoticos-incipientes","status":"publish","type":"post","link":"https:\/\/cfpmaresme.org\/es\/personas-atendidas-desde-los-src-ensenan-cocina-a-los-jovenes-del-programa-de-atencion-especifica-a-trastornos-psicoticos-incipientes\/","title":{"rendered":"Personas atendidas desde los SRC ense\u00f1an cocina a los j\u00f3venes del programa de atenci\u00f3n espec\u00edfica a trastornos psic\u00f3ticos incipientes"},"content":{"rendered":"<p>Pronto har\u00e1 un a\u00f1o que Jenny y Esther, aficionadas a la cocina y personas que acompa\u00f1amos desde el SRC y el SRC Burriac, respectivamente, comparten sus conocimientos culinarios con los j\u00f3venes que atendemos en el programa de Atenci\u00f3n Espec\u00edfica a Trastornos Psic\u00f3ticos Incipientes.<\/p>\n<p>La actividad de cocina se realiza una vez al mes en el emblem\u00e1tico Mercado Plaza de Cuba de Matar\u00f3. Jenny y Esther ense\u00f1an a los chicos y chicas a hacer recetas f\u00e1ciles y apetitosas, ideales para iniciarse en el mundo de los fogones. De vez en cuando hacen alg\u00fan plato m\u00e1s complicado, como la paella.<\/p>\n<p>&nbsp;<\/p>\n<h3>Una sinergia beneficiosa para todos<\/h3>\n<p>Crear actividades entre personas que atendemos de distintos grupos es, en la mayor\u00eda de casos, una pr\u00e1ctica muy interesante. M\u00e1s all\u00e1 de la din\u00e1mica en s\u00ed y el beneficio m\u00e1s evidente, como ser\u00eda en este caso aprender a cocinar, a menudo estos encuentros hacen reflexionar sobre las distintas realidades existentes. Esto deviene un ejercicio de lucha contra el estigma hacia el propio colectivo y hacia otros.<\/p>\n<p>Esperamos que este curso de cocina ayude a los j\u00f3venes a ser m\u00e1s aut\u00f3nomos en su d\u00eda a d\u00eda. As\u00ed mismo, deseamos que Esther y Jenny est\u00e9n disfrutando much\u00edsimo de la experiencia de ser maestras cocineras.<\/p>\n","protected":false},"excerpt":{"rendered":"<p>Pronto har\u00e1 un a\u00f1o que Jenny y Esther, aficionadas a la cocina y personas que acompa\u00f1amos desde el SRC y el SRC Burriac, respectivamente, comparten sus conocimientos culinarios con los j\u00f3venes que atendemos en el programa de Atenci\u00f3n Espec\u00edfica a Trastornos Psic\u00f3ticos Incipientes. La actividad&#8230;<\/p>\n","protected":false},"author":2,"featured_media":71475,"comment_status":"open","ping_status":"open","sticky":false,"template":"","format":"standard","meta":{"footnotes":""},"categories":[1231,1199],"tags":[],"class_list":["post-71516","post","type-post","status-publish","format-standard","has-post-thumbnail","hentry","category-serveis-de-rehabilitacio-comunitaria-es","category-servicios-de-rehabilitacion-comunitaria"],"yoast_head":"<!-- This site is optimized with the Yoast SEO plugin v27.4 - https:\/\/yoast.com\/product\/yoast-seo-wordpress\/ -->\n<title>Personas atendidas desde los SRC ense\u00f1an cocina a los j\u00f3venes del programa de atenci\u00f3n espec\u00edfica a trastornos psic\u00f3ticos incipientes | CFP Maresme<\/title>\n<meta name=\"robots\" content=\"index, follow, max-snippet:-1, max-image-preview:large, max-video-preview:-1\" \/>\n<link rel=\"canonical\" href=\"https:\/\/cfpmaresme.org\/es\/personas-atendidas-desde-los-src-ensenan-cocina-a-los-jovenes-del-programa-de-atencion-especifica-a-trastornos-psicoticos-incipientes\/\" \/>\n<meta property=\"og:locale\" content=\"es_ES\" \/>\n<meta property=\"og:type\" content=\"article\" \/>\n<meta property=\"og:title\" content=\"Personas atendidas desde los SRC ense\u00f1an cocina a los j\u00f3venes del programa de atenci\u00f3n espec\u00edfica a trastornos psic\u00f3ticos incipientes | CFP Maresme\" \/>\n<meta property=\"og:description\" content=\"Pronto har\u00e1 un a\u00f1o que Jenny y Esther, aficionadas a la cocina y personas que acompa\u00f1amos desde el SRC y el SRC Burriac, respectivamente, comparten sus conocimientos culinarios con los j\u00f3venes que atendemos en el programa de Atenci\u00f3n Espec\u00edfica a Trastornos Psic\u00f3ticos Incipientes. La actividad...\" \/>\n<meta property=\"og:url\" content=\"https:\/\/cfpmaresme.org\/es\/personas-atendidas-desde-los-src-ensenan-cocina-a-los-jovenes-del-programa-de-atencion-especifica-a-trastornos-psicoticos-incipientes\/\" \/>\n<meta property=\"og:site_name\" content=\"CFP Maresme\" \/>\n<meta property=\"article:published_time\" content=\"2022-09-16T10:45:41+00:00\" \/>\n<meta property=\"article:modified_time\" content=\"2022-09-22T10:55:51+00:00\" \/>\n<meta property=\"og:image\" content=\"https:\/\/cfpmaresme.org\/wp-content\/uploads\/2022\/09\/Captura2.jpg\" \/>\n\t<meta property=\"og:image:width\" content=\"1188\" \/>\n\t<meta property=\"og:image:height\" content=\"785\" \/>\n\t<meta property=\"og:image:type\" content=\"image\/jpeg\" \/>\n<meta name=\"author\" content=\"CFPMaresme\" \/>\n<meta name=\"twitter:card\" content=\"summary_large_image\" \/>\n<meta name=\"twitter:creator\" content=\"@cfpmaresme\" \/>\n<meta name=\"twitter:site\" content=\"@cfpmaresme\" \/>\n<meta name=\"twitter:label1\" content=\"Escrito por\" \/>\n\t<meta name=\"twitter:data1\" content=\"CFPMaresme\" \/>\n\t<meta name=\"twitter:label2\" content=\"Tiempo de lectura\" \/>\n\t<meta name=\"twitter:data2\" content=\"2 minutos\" \/>\n<script type=\"application\/ld+json\" class=\"yoast-schema-graph\">{\"@context\":\"https:\\\/\\\/schema.org\",\"@graph\":[{\"@type\":\"Article\",\"@id\":\"https:\\\/\\\/cfpmaresme.org\\\/es\\\/personas-atendidas-desde-los-src-ensenan-cocina-a-los-jovenes-del-programa-de-atencion-especifica-a-trastornos-psicoticos-incipientes\\\/#article\",\"isPartOf\":{\"@id\":\"https:\\\/\\\/cfpmaresme.org\\\/es\\\/personas-atendidas-desde-los-src-ensenan-cocina-a-los-jovenes-del-programa-de-atencion-especifica-a-trastornos-psicoticos-incipientes\\\/\"},\"author\":{\"name\":\"CFPMaresme\",\"@id\":\"https:\\\/\\\/cfpmaresme.org\\\/#\\\/schema\\\/person\\\/b2634bcd796fafc667ea4055f61b9b2c\"},\"headline\":\"Personas atendidas desde los SRC ense\u00f1an cocina a los j\u00f3venes del programa de atenci\u00f3n espec\u00edfica a trastornos psic\u00f3ticos incipientes\",\"datePublished\":\"2022-09-16T10:45:41+00:00\",\"dateModified\":\"2022-09-22T10:55:51+00:00\",\"mainEntityOfPage\":{\"@id\":\"https:\\\/\\\/cfpmaresme.org\\\/es\\\/personas-atendidas-desde-los-src-ensenan-cocina-a-los-jovenes-del-programa-de-atencion-especifica-a-trastornos-psicoticos-incipientes\\\/\"},\"wordCount\":254,\"commentCount\":0,\"image\":{\"@id\":\"https:\\\/\\\/cfpmaresme.org\\\/es\\\/personas-atendidas-desde-los-src-ensenan-cocina-a-los-jovenes-del-programa-de-atencion-especifica-a-trastornos-psicoticos-incipientes\\\/#primaryimage\"},\"thumbnailUrl\":\"https:\\\/\\\/cfpmaresme.org\\\/wp-content\\\/uploads\\\/2022\\\/09\\\/Captura2.jpg\",\"articleSection\":[\"Serveis de Rehabilitaci\u00f3 Comunit\u00e0ria\",\"Servicios de Rehabilitaci\u00f3n Comunitaria\"],\"inLanguage\":\"es\"},{\"@type\":\"WebPage\",\"@id\":\"https:\\\/\\\/cfpmaresme.org\\\/es\\\/personas-atendidas-desde-los-src-ensenan-cocina-a-los-jovenes-del-programa-de-atencion-especifica-a-trastornos-psicoticos-incipientes\\\/\",\"url\":\"https:\\\/\\\/cfpmaresme.org\\\/es\\\/personas-atendidas-desde-los-src-ensenan-cocina-a-los-jovenes-del-programa-de-atencion-especifica-a-trastornos-psicoticos-incipientes\\\/\",\"name\":\"Personas atendidas desde los SRC ense\u00f1an cocina a los j\u00f3venes del programa de atenci\u00f3n espec\u00edfica a trastornos psic\u00f3ticos incipientes | CFP Maresme\",\"isPartOf\":{\"@id\":\"https:\\\/\\\/cfpmaresme.org\\\/#website\"},\"primaryImageOfPage\":{\"@id\":\"https:\\\/\\\/cfpmaresme.org\\\/es\\\/personas-atendidas-desde-los-src-ensenan-cocina-a-los-jovenes-del-programa-de-atencion-especifica-a-trastornos-psicoticos-incipientes\\\/#primaryimage\"},\"image\":{\"@id\":\"https:\\\/\\\/cfpmaresme.org\\\/es\\\/personas-atendidas-desde-los-src-ensenan-cocina-a-los-jovenes-del-programa-de-atencion-especifica-a-trastornos-psicoticos-incipientes\\\/#primaryimage\"},\"thumbnailUrl\":\"https:\\\/\\\/cfpmaresme.org\\\/wp-content\\\/uploads\\\/2022\\\/09\\\/Captura2.jpg\",\"datePublished\":\"2022-09-16T10:45:41+00:00\",\"dateModified\":\"2022-09-22T10:55:51+00:00\",\"author\":{\"@id\":\"https:\\\/\\\/cfpmaresme.org\\\/#\\\/schema\\\/person\\\/b2634bcd796fafc667ea4055f61b9b2c\"},\"breadcrumb\":{\"@id\":\"https:\\\/\\\/cfpmaresme.org\\\/es\\\/personas-atendidas-desde-los-src-ensenan-cocina-a-los-jovenes-del-programa-de-atencion-especifica-a-trastornos-psicoticos-incipientes\\\/#breadcrumb\"},\"inLanguage\":\"es\",\"potentialAction\":[{\"@type\":\"ReadAction\",\"target\":[\"https:\\\/\\\/cfpmaresme.org\\\/es\\\/personas-atendidas-desde-los-src-ensenan-cocina-a-los-jovenes-del-programa-de-atencion-especifica-a-trastornos-psicoticos-incipientes\\\/\"]}]},{\"@type\":\"ImageObject\",\"inLanguage\":\"es\",\"@id\":\"https:\\\/\\\/cfpmaresme.org\\\/es\\\/personas-atendidas-desde-los-src-ensenan-cocina-a-los-jovenes-del-programa-de-atencion-especifica-a-trastornos-psicoticos-incipientes\\\/#primaryimage\",\"url\":\"https:\\\/\\\/cfpmaresme.org\\\/wp-content\\\/uploads\\\/2022\\\/09\\\/Captura2.jpg\",\"contentUrl\":\"https:\\\/\\\/cfpmaresme.org\\\/wp-content\\\/uploads\\\/2022\\\/09\\\/Captura2.jpg\",\"width\":1188,\"height\":785},{\"@type\":\"BreadcrumbList\",\"@id\":\"https:\\\/\\\/cfpmaresme.org\\\/es\\\/personas-atendidas-desde-los-src-ensenan-cocina-a-los-jovenes-del-programa-de-atencion-especifica-a-trastornos-psicoticos-incipientes\\\/#breadcrumb\",\"itemListElement\":[{\"@type\":\"ListItem\",\"position\":1,\"name\":\"Home\",\"item\":\"https:\\\/\\\/cfpmaresme.org\\\/es\\\/\"},{\"@type\":\"ListItem\",\"position\":2,\"name\":\"Personas atendidas desde los SRC ense\u00f1an cocina a los j\u00f3venes del programa de atenci\u00f3n espec\u00edfica a trastornos psic\u00f3ticos incipientes\"}]},{\"@type\":\"WebSite\",\"@id\":\"https:\\\/\\\/cfpmaresme.org\\\/#website\",\"url\":\"https:\\\/\\\/cfpmaresme.org\\\/\",\"name\":\"CFP Maresme\",\"description\":\"Centre Formaci\u00f3 Prevenci\u00f3\",\"potentialAction\":[{\"@type\":\"SearchAction\",\"target\":{\"@type\":\"EntryPoint\",\"urlTemplate\":\"https:\\\/\\\/cfpmaresme.org\\\/?s={search_term_string}\"},\"query-input\":{\"@type\":\"PropertyValueSpecification\",\"valueRequired\":true,\"valueName\":\"search_term_string\"}}],\"inLanguage\":\"es\"},{\"@type\":\"Person\",\"@id\":\"https:\\\/\\\/cfpmaresme.org\\\/#\\\/schema\\\/person\\\/b2634bcd796fafc667ea4055f61b9b2c\",\"name\":\"CFPMaresme\"}]}<\/script>\n<!-- \/ Yoast SEO plugin. -->","yoast_head_json":{"title":"Personas atendidas desde los SRC ense\u00f1an cocina a los j\u00f3venes del programa de atenci\u00f3n espec\u00edfica a trastornos psic\u00f3ticos incipientes | CFP Maresme","robots":{"index":"index","follow":"follow","max-snippet":"max-snippet:-1","max-image-preview":"max-image-preview:large","max-video-preview":"max-video-preview:-1"},"canonical":"https:\/\/cfpmaresme.org\/es\/personas-atendidas-desde-los-src-ensenan-cocina-a-los-jovenes-del-programa-de-atencion-especifica-a-trastornos-psicoticos-incipientes\/","og_locale":"es_ES","og_type":"article","og_title":"Personas atendidas desde los SRC ense\u00f1an cocina a los j\u00f3venes del programa de atenci\u00f3n espec\u00edfica a trastornos psic\u00f3ticos incipientes | CFP Maresme","og_description":"Pronto har\u00e1 un a\u00f1o que Jenny y Esther, aficionadas a la cocina y personas que acompa\u00f1amos desde el SRC y el SRC Burriac, respectivamente, comparten sus conocimientos culinarios con los j\u00f3venes que atendemos en el programa de Atenci\u00f3n Espec\u00edfica a Trastornos Psic\u00f3ticos Incipientes. La actividad...","og_url":"https:\/\/cfpmaresme.org\/es\/personas-atendidas-desde-los-src-ensenan-cocina-a-los-jovenes-del-programa-de-atencion-especifica-a-trastornos-psicoticos-incipientes\/","og_site_name":"CFP Maresme","article_published_time":"2022-09-16T10:45:41+00:00","article_modified_time":"2022-09-22T10:55:51+00:00","og_image":[{"width":1188,"height":785,"url":"https:\/\/cfpmaresme.org\/wp-content\/uploads\/2022\/09\/Captura2.jpg","type":"image\/jpeg"}],"author":"CFPMaresme","twitter_card":"summary_large_image","twitter_creator":"@cfpmaresme","twitter_site":"@cfpmaresme","twitter_misc":{"Escrito por":"CFPMaresme","Tiempo de lectura":"2 minutos"},"schema":{"@context":"https:\/\/schema.org","@graph":[{"@type":"Article","@id":"https:\/\/cfpmaresme.org\/es\/personas-atendidas-desde-los-src-ensenan-cocina-a-los-jovenes-del-programa-de-atencion-especifica-a-trastornos-psicoticos-incipientes\/#article","isPartOf":{"@id":"https:\/\/cfpmaresme.org\/es\/personas-atendidas-desde-los-src-ensenan-cocina-a-los-jovenes-del-programa-de-atencion-especifica-a-trastornos-psicoticos-incipientes\/"},"author":{"name":"CFPMaresme","@id":"https:\/\/cfpmaresme.org\/#\/schema\/person\/b2634bcd796fafc667ea4055f61b9b2c"},"headline":"Personas atendidas desde los SRC ense\u00f1an cocina a los j\u00f3venes del programa de atenci\u00f3n espec\u00edfica a trastornos psic\u00f3ticos incipientes","datePublished":"2022-09-16T10:45:41+00:00","dateModified":"2022-09-22T10:55:51+00:00","mainEntityOfPage":{"@id":"https:\/\/cfpmaresme.org\/es\/personas-atendidas-desde-los-src-ensenan-cocina-a-los-jovenes-del-programa-de-atencion-especifica-a-trastornos-psicoticos-incipientes\/"},"wordCount":254,"commentCount":0,"image":{"@id":"https:\/\/cfpmaresme.org\/es\/personas-atendidas-desde-los-src-ensenan-cocina-a-los-jovenes-del-programa-de-atencion-especifica-a-trastornos-psicoticos-incipientes\/#primaryimage"},"thumbnailUrl":"https:\/\/cfpmaresme.org\/wp-content\/uploads\/2022\/09\/Captura2.jpg","articleSection":["Serveis de Rehabilitaci\u00f3 Comunit\u00e0ria","Servicios de Rehabilitaci\u00f3n Comunitaria"],"inLanguage":"es"},{"@type":"WebPage","@id":"https:\/\/cfpmaresme.org\/es\/personas-atendidas-desde-los-src-ensenan-cocina-a-los-jovenes-del-programa-de-atencion-especifica-a-trastornos-psicoticos-incipientes\/","url":"https:\/\/cfpmaresme.org\/es\/personas-atendidas-desde-los-src-ensenan-cocina-a-los-jovenes-del-programa-de-atencion-especifica-a-trastornos-psicoticos-incipientes\/","name":"Personas atendidas desde los SRC ense\u00f1an cocina a los j\u00f3venes del programa de atenci\u00f3n espec\u00edfica a trastornos psic\u00f3ticos incipientes | CFP Maresme","isPartOf":{"@id":"https:\/\/cfpmaresme.org\/#website"},"primaryImageOfPage":{"@id":"https:\/\/cfpmaresme.org\/es\/personas-atendidas-desde-los-src-ensenan-cocina-a-los-jovenes-del-programa-de-atencion-especifica-a-trastornos-psicoticos-incipientes\/#primaryimage"},"image":{"@id":"https:\/\/cfpmaresme.org\/es\/personas-atendidas-desde-los-src-ensenan-cocina-a-los-jovenes-del-programa-de-atencion-especifica-a-trastornos-psicoticos-incipientes\/#primaryimage"},"thumbnailUrl":"https:\/\/cfpmaresme.org\/wp-content\/uploads\/2022\/09\/Captura2.jpg","datePublished":"2022-09-16T10:45:41+00:00","dateModified":"2022-09-22T10:55:51+00:00","author":{"@id":"https:\/\/cfpmaresme.org\/#\/schema\/person\/b2634bcd796fafc667ea4055f61b9b2c"},"breadcrumb":{"@id":"https:\/\/cfpmaresme.org\/es\/personas-atendidas-desde-los-src-ensenan-cocina-a-los-jovenes-del-programa-de-atencion-especifica-a-trastornos-psicoticos-incipientes\/#breadcrumb"},"inLanguage":"es","potentialAction":[{"@type":"ReadAction","target":["https:\/\/cfpmaresme.org\/es\/personas-atendidas-desde-los-src-ensenan-cocina-a-los-jovenes-del-programa-de-atencion-especifica-a-trastornos-psicoticos-incipientes\/"]}]},{"@type":"ImageObject","inLanguage":"es","@id":"https:\/\/cfpmaresme.org\/es\/personas-atendidas-desde-los-src-ensenan-cocina-a-los-jovenes-del-programa-de-atencion-especifica-a-trastornos-psicoticos-incipientes\/#primaryimage","url":"https:\/\/cfpmaresme.org\/wp-content\/uploads\/2022\/09\/Captura2.jpg","contentUrl":"https:\/\/cfpmaresme.org\/wp-content\/uploads\/2022\/09\/Captura2.jpg","width":1188,"height":785},{"@type":"BreadcrumbList","@id":"https:\/\/cfpmaresme.org\/es\/personas-atendidas-desde-los-src-ensenan-cocina-a-los-jovenes-del-programa-de-atencion-especifica-a-trastornos-psicoticos-incipientes\/#breadcrumb","itemListElement":[{"@type":"ListItem","position":1,"name":"Home","item":"https:\/\/cfpmaresme.org\/es\/"},{"@type":"ListItem","position":2,"name":"Personas atendidas desde los SRC ense\u00f1an cocina a los j\u00f3venes del programa de atenci\u00f3n espec\u00edfica a trastornos psic\u00f3ticos incipientes"}]},{"@type":"WebSite","@id":"https:\/\/cfpmaresme.org\/#website","url":"https:\/\/cfpmaresme.org\/","name":"CFP Maresme","description":"Centre Formaci\u00f3 Prevenci\u00f3","potentialAction":[{"@type":"SearchAction","target":{"@type":"EntryPoint","urlTemplate":"https:\/\/cfpmaresme.org\/?s={search_term_string}"},"query-input":{"@type":"PropertyValueSpecification","valueRequired":true,"valueName":"search_term_string"}}],"inLanguage":"es"},{"@type":"Person","@id":"https:\/\/cfpmaresme.org\/#\/schema\/person\/b2634bcd796fafc667ea4055f61b9b2c","name":"CFPMaresme"}]}},"_links":{"self":[{"href":"https:\/\/cfpmaresme.org\/es\/wp-json\/wp\/v2\/posts\/71516","targetHints":{"allow":["GET"]}}],"collection":[{"href":"https:\/\/cfpmaresme.org\/es\/wp-json\/wp\/v2\/posts"}],"about":[{"href":"https:\/\/cfpmaresme.org\/es\/wp-json\/wp\/v2\/types\/post"}],"author":[{"embeddable":true,"href":"https:\/\/cfpmaresme.org\/es\/wp-json\/wp\/v2\/users\/2"}],"replies":[{"embeddable":true,"href":"https:\/\/cfpmaresme.org\/es\/wp-json\/wp\/v2\/comments?post=71516"}],"version-history":[{"count":3,"href":"https:\/\/cfpmaresme.org\/es\/wp-json\/wp\/v2\/posts\/71516\/revisions"}],"predecessor-version":[{"id":71520,"href":"https:\/\/cfpmaresme.org\/es\/wp-json\/wp\/v2\/posts\/71516\/revisions\/71520"}],"wp:featuredmedia":[{"embeddable":true,"href":"https:\/\/cfpmaresme.org\/es\/wp-json\/wp\/v2\/media\/71475"}],"wp:attachment":[{"href":"https:\/\/cfpmaresme.org\/es\/wp-json\/wp\/v2\/media?parent=71516"}],"wp:term":[{"taxonomy":"category","embeddable":true,"href":"https:\/\/cfpmaresme.org\/es\/wp-json\/wp\/v2\/categories?post=71516"},{"taxonomy":"post_tag","embeddable":true,"href":"https:\/\/cfpmaresme.org\/es\/wp-json\/wp\/v2\/tags?post=71516"}],"curies":[{"name":"wp","href":"https:\/\/api.w.org\/{rel}","templated":true}]}}