{"id":71582,"date":"2022-09-28T12:14:53","date_gmt":"2022-09-28T10:14:53","guid":{"rendered":"https:\/\/cfpmaresme.org\/?p=71582"},"modified":"2022-12-12T13:52:52","modified_gmt":"2022-12-12T11:52:52","slug":"asistimos-al-acto-de-entrega-de-ayudas-de-la-convocatoria-daccio-social-2022-de-fundacio-iluro-y-caixabank","status":"publish","type":"post","link":"https:\/\/cfpmaresme.org\/es\/asistimos-al-acto-de-entrega-de-ayudas-de-la-convocatoria-daccio-social-2022-de-fundacio-iluro-y-caixabank\/","title":{"rendered":"Asistimos al acto de entrega de ayudas de la Convocat\u00f2ria d&#8217;Acci\u00f3 Social 2022 de Fundaci\u00f3 Iluro y Caixabank"},"content":{"rendered":"<p>Ayer el Ateneu Centre Cultural de la Fundaci\u00f3 Iluro reuni\u00f3 autoridades municipales como el Alcalde David Bote, miembros de Fundaci\u00f3 Iluro y Caixabank y de las 13 entidades receptoras de la ayuda. <img loading=\"lazy\" decoding=\"async\" class=\"alignright wp-image-71536\" src=\"http:\/\/cfpmaresme.org\/wp-content\/uploads\/2022\/09\/20220927_141132-225x300.jpg\" alt=\"\" width=\"150\" height=\"200\" srcset=\"https:\/\/cfpmaresme.org\/wp-content\/uploads\/2022\/09\/20220927_141132-225x300.jpg 225w, https:\/\/cfpmaresme.org\/wp-content\/uploads\/2022\/09\/20220927_141132-768x1024.jpg 768w, https:\/\/cfpmaresme.org\/wp-content\/uploads\/2022\/09\/20220927_141132-1152x1536.jpg 1152w, https:\/\/cfpmaresme.org\/wp-content\/uploads\/2022\/09\/20220927_141132-1536x2048.jpg 1536w, https:\/\/cfpmaresme.org\/wp-content\/uploads\/2022\/09\/20220927_141132-600x800.jpg 600w, https:\/\/cfpmaresme.org\/wp-content\/uploads\/2022\/09\/20220927_141132-700x933.jpg 700w, https:\/\/cfpmaresme.org\/wp-content\/uploads\/2022\/09\/20220927_141132-scaled.jpg 1920w\" sizes=\"auto, (max-width: 150px) 100vw, 150px\" \/><\/p>\n<p>Tal y como explic\u00f3 Marta Ibarz, Directora de Fundaci\u00f3 Iluro, este a\u00f1o las entidades beneficiarias son de Matar\u00f3 y la comarca del Maresme, atienden a personas en riesgo socioecon\u00f3mico, infancia o juventud y personas que conviven con una discapacidad y\/o enfermedad. Es el caso de C\u00e0ritas, La Fundaci\u00f3 Diagrama, Asperger Maresme o La Fundaci\u00f3 Catalana d\u2019ELA Miquel Valls, por ejemplo.<\/p>\n<p>En el acto pudimos conocer detalladamente todos los proyectos que han recibido ayudas. Jaume Clup\u00e9s, Director del CFP, explic\u00f3 el trabajo transversal de atenci\u00f3n a personas que realizamos a trav\u00e9s de un engranaje de m\u00e1s de veinte servicios. En su discurso, destac\u00f3 el trabajo individualizado que llevamos a cabo, haciendo una atenci\u00f3n integral y ofreciendo, a cada persona, un itinerario por nuestros recursos totalmente adaptado a sus necesidades.<\/p>\n<p>&nbsp;<\/p>\n<h3>ItinerariNet II, el curso de Auxiliar en servicios de Limpieza al que destinaremos la ayuda<\/h3>\n<p>La donaci\u00f3n recibida gracias a esta convocatoria de Acci\u00f3n Social 2022 se destinar\u00e1 a la formaci\u00f3n en Auxiliar de Limpieza. Asistir\u00e1n 10 personas en riesgo de exclusi\u00f3n social, la mayor\u00eda de ellas conviven con una discapacidad y\/o enfermedad mental.<\/p>\n<p>Con todo, queremos mostrar de nuevo nuestro agradecimiento a Fundaci\u00f3 Iluro y CaixaBank para contar con el CFP como entidad perceptora de esta ayuda. \u00a1Gracias!<\/p>\n","protected":false},"excerpt":{"rendered":"<p>Ayer el Ateneu Centre Cultural de la Fundaci\u00f3 Iluro reuni\u00f3 autoridades municipales como el Alcalde David Bote, miembros de Fundaci\u00f3 Iluro y Caixabank y de las 13 entidades receptoras de la ayuda. Tal y como explic\u00f3 Marta Ibarz, Directora de Fundaci\u00f3 Iluro, este a\u00f1o las&#8230;<\/p>\n","protected":false},"author":2,"featured_media":71535,"comment_status":"open","ping_status":"open","sticky":false,"template":"","format":"standard","meta":{"footnotes":""},"categories":[1193],"tags":[],"class_list":["post-71582","post","type-post","status-publish","format-standard","has-post-thumbnail","hentry","category-servicio-de-formacion-e-intermediacion-laboral"],"yoast_head":"<!-- This site is optimized with the Yoast SEO plugin v27.4 - https:\/\/yoast.com\/product\/yoast-seo-wordpress\/ -->\n<title>Asistimos al acto de entrega de ayudas de la Convocat\u00f2ria d&#039;Acci\u00f3 Social 2022 de Fundaci\u00f3 Iluro y Caixabank | CFP Maresme<\/title>\n<meta name=\"robots\" content=\"index, follow, max-snippet:-1, max-image-preview:large, max-video-preview:-1\" \/>\n<link rel=\"canonical\" href=\"https:\/\/cfpmaresme.org\/es\/asistimos-al-acto-de-entrega-de-ayudas-de-la-convocatoria-daccio-social-2022-de-fundacio-iluro-y-caixabank\/\" \/>\n<meta property=\"og:locale\" content=\"es_ES\" \/>\n<meta property=\"og:type\" content=\"article\" \/>\n<meta property=\"og:title\" content=\"Asistimos al acto de entrega de ayudas de la Convocat\u00f2ria d&#039;Acci\u00f3 Social 2022 de Fundaci\u00f3 Iluro y Caixabank | CFP Maresme\" \/>\n<meta property=\"og:description\" content=\"Ayer el Ateneu Centre Cultural de la Fundaci\u00f3 Iluro reuni\u00f3 autoridades municipales como el Alcalde David Bote, miembros de Fundaci\u00f3 Iluro y Caixabank y de las 13 entidades receptoras de la ayuda. Tal y como explic\u00f3 Marta Ibarz, Directora de Fundaci\u00f3 Iluro, este a\u00f1o las...\" \/>\n<meta property=\"og:url\" content=\"https:\/\/cfpmaresme.org\/es\/asistimos-al-acto-de-entrega-de-ayudas-de-la-convocatoria-daccio-social-2022-de-fundacio-iluro-y-caixabank\/\" \/>\n<meta property=\"og:site_name\" content=\"CFP Maresme\" \/>\n<meta property=\"article:published_time\" content=\"2022-09-28T10:14:53+00:00\" \/>\n<meta property=\"article:modified_time\" content=\"2022-12-12T11:52:52+00:00\" \/>\n<meta property=\"og:image\" content=\"https:\/\/cfpmaresme.org\/wp-content\/uploads\/2022\/09\/20220928_093501-scaled.jpg\" \/>\n\t<meta property=\"og:image:width\" content=\"2560\" \/>\n\t<meta property=\"og:image:height\" content=\"1290\" \/>\n\t<meta property=\"og:image:type\" content=\"image\/jpeg\" \/>\n<meta name=\"author\" content=\"CFPMaresme\" \/>\n<meta name=\"twitter:card\" content=\"summary_large_image\" \/>\n<meta name=\"twitter:creator\" content=\"@cfpmaresme\" \/>\n<meta name=\"twitter:site\" content=\"@cfpmaresme\" \/>\n<meta name=\"twitter:label1\" content=\"Escrito por\" \/>\n\t<meta name=\"twitter:data1\" content=\"CFPMaresme\" \/>\n\t<meta name=\"twitter:label2\" content=\"Tiempo de lectura\" \/>\n\t<meta name=\"twitter:data2\" content=\"2 minutos\" \/>\n<script type=\"application\/ld+json\" class=\"yoast-schema-graph\">{\"@context\":\"https:\\\/\\\/schema.org\",\"@graph\":[{\"@type\":\"Article\",\"@id\":\"https:\\\/\\\/cfpmaresme.org\\\/es\\\/asistimos-al-acto-de-entrega-de-ayudas-de-la-convocatoria-daccio-social-2022-de-fundacio-iluro-y-caixabank\\\/#article\",\"isPartOf\":{\"@id\":\"https:\\\/\\\/cfpmaresme.org\\\/es\\\/asistimos-al-acto-de-entrega-de-ayudas-de-la-convocatoria-daccio-social-2022-de-fundacio-iluro-y-caixabank\\\/\"},\"author\":{\"name\":\"CFPMaresme\",\"@id\":\"https:\\\/\\\/cfpmaresme.org\\\/#\\\/schema\\\/person\\\/b2634bcd796fafc667ea4055f61b9b2c\"},\"headline\":\"Asistimos al acto de entrega de ayudas de la Convocat\u00f2ria d&#8217;Acci\u00f3 Social 2022 de Fundaci\u00f3 Iluro y Caixabank\",\"datePublished\":\"2022-09-28T10:14:53+00:00\",\"dateModified\":\"2022-12-12T11:52:52+00:00\",\"mainEntityOfPage\":{\"@id\":\"https:\\\/\\\/cfpmaresme.org\\\/es\\\/asistimos-al-acto-de-entrega-de-ayudas-de-la-convocatoria-daccio-social-2022-de-fundacio-iluro-y-caixabank\\\/\"},\"wordCount\":273,\"commentCount\":0,\"image\":{\"@id\":\"https:\\\/\\\/cfpmaresme.org\\\/es\\\/asistimos-al-acto-de-entrega-de-ayudas-de-la-convocatoria-daccio-social-2022-de-fundacio-iluro-y-caixabank\\\/#primaryimage\"},\"thumbnailUrl\":\"https:\\\/\\\/cfpmaresme.org\\\/wp-content\\\/uploads\\\/2022\\\/09\\\/20220928_093501-scaled.jpg\",\"articleSection\":[\"Formaci\u00f3n e Intermediaci\u00f3n Laboral\"],\"inLanguage\":\"es\"},{\"@type\":\"WebPage\",\"@id\":\"https:\\\/\\\/cfpmaresme.org\\\/es\\\/asistimos-al-acto-de-entrega-de-ayudas-de-la-convocatoria-daccio-social-2022-de-fundacio-iluro-y-caixabank\\\/\",\"url\":\"https:\\\/\\\/cfpmaresme.org\\\/es\\\/asistimos-al-acto-de-entrega-de-ayudas-de-la-convocatoria-daccio-social-2022-de-fundacio-iluro-y-caixabank\\\/\",\"name\":\"Asistimos al acto de entrega de ayudas de la Convocat\u00f2ria d'Acci\u00f3 Social 2022 de Fundaci\u00f3 Iluro y Caixabank | CFP Maresme\",\"isPartOf\":{\"@id\":\"https:\\\/\\\/cfpmaresme.org\\\/#website\"},\"primaryImageOfPage\":{\"@id\":\"https:\\\/\\\/cfpmaresme.org\\\/es\\\/asistimos-al-acto-de-entrega-de-ayudas-de-la-convocatoria-daccio-social-2022-de-fundacio-iluro-y-caixabank\\\/#primaryimage\"},\"image\":{\"@id\":\"https:\\\/\\\/cfpmaresme.org\\\/es\\\/asistimos-al-acto-de-entrega-de-ayudas-de-la-convocatoria-daccio-social-2022-de-fundacio-iluro-y-caixabank\\\/#primaryimage\"},\"thumbnailUrl\":\"https:\\\/\\\/cfpmaresme.org\\\/wp-content\\\/uploads\\\/2022\\\/09\\\/20220928_093501-scaled.jpg\",\"datePublished\":\"2022-09-28T10:14:53+00:00\",\"dateModified\":\"2022-12-12T11:52:52+00:00\",\"author\":{\"@id\":\"https:\\\/\\\/cfpmaresme.org\\\/#\\\/schema\\\/person\\\/b2634bcd796fafc667ea4055f61b9b2c\"},\"breadcrumb\":{\"@id\":\"https:\\\/\\\/cfpmaresme.org\\\/es\\\/asistimos-al-acto-de-entrega-de-ayudas-de-la-convocatoria-daccio-social-2022-de-fundacio-iluro-y-caixabank\\\/#breadcrumb\"},\"inLanguage\":\"es\",\"potentialAction\":[{\"@type\":\"ReadAction\",\"target\":[\"https:\\\/\\\/cfpmaresme.org\\\/es\\\/asistimos-al-acto-de-entrega-de-ayudas-de-la-convocatoria-daccio-social-2022-de-fundacio-iluro-y-caixabank\\\/\"]}]},{\"@type\":\"ImageObject\",\"inLanguage\":\"es\",\"@id\":\"https:\\\/\\\/cfpmaresme.org\\\/es\\\/asistimos-al-acto-de-entrega-de-ayudas-de-la-convocatoria-daccio-social-2022-de-fundacio-iluro-y-caixabank\\\/#primaryimage\",\"url\":\"https:\\\/\\\/cfpmaresme.org\\\/wp-content\\\/uploads\\\/2022\\\/09\\\/20220928_093501-scaled.jpg\",\"contentUrl\":\"https:\\\/\\\/cfpmaresme.org\\\/wp-content\\\/uploads\\\/2022\\\/09\\\/20220928_093501-scaled.jpg\",\"width\":2560,\"height\":1290},{\"@type\":\"BreadcrumbList\",\"@id\":\"https:\\\/\\\/cfpmaresme.org\\\/es\\\/asistimos-al-acto-de-entrega-de-ayudas-de-la-convocatoria-daccio-social-2022-de-fundacio-iluro-y-caixabank\\\/#breadcrumb\",\"itemListElement\":[{\"@type\":\"ListItem\",\"position\":1,\"name\":\"Home\",\"item\":\"https:\\\/\\\/cfpmaresme.org\\\/es\\\/\"},{\"@type\":\"ListItem\",\"position\":2,\"name\":\"Asistimos al acto de entrega de ayudas de la Convocat\u00f2ria d&#8217;Acci\u00f3 Social 2022 de Fundaci\u00f3 Iluro y Caixabank\"}]},{\"@type\":\"WebSite\",\"@id\":\"https:\\\/\\\/cfpmaresme.org\\\/#website\",\"url\":\"https:\\\/\\\/cfpmaresme.org\\\/\",\"name\":\"CFP Maresme\",\"description\":\"Centre Formaci\u00f3 Prevenci\u00f3\",\"potentialAction\":[{\"@type\":\"SearchAction\",\"target\":{\"@type\":\"EntryPoint\",\"urlTemplate\":\"https:\\\/\\\/cfpmaresme.org\\\/?s={search_term_string}\"},\"query-input\":{\"@type\":\"PropertyValueSpecification\",\"valueRequired\":true,\"valueName\":\"search_term_string\"}}],\"inLanguage\":\"es\"},{\"@type\":\"Person\",\"@id\":\"https:\\\/\\\/cfpmaresme.org\\\/#\\\/schema\\\/person\\\/b2634bcd796fafc667ea4055f61b9b2c\",\"name\":\"CFPMaresme\"}]}<\/script>\n<!-- \/ Yoast SEO plugin. -->","yoast_head_json":{"title":"Asistimos al acto de entrega de ayudas de la Convocat\u00f2ria d'Acci\u00f3 Social 2022 de Fundaci\u00f3 Iluro y Caixabank | CFP Maresme","robots":{"index":"index","follow":"follow","max-snippet":"max-snippet:-1","max-image-preview":"max-image-preview:large","max-video-preview":"max-video-preview:-1"},"canonical":"https:\/\/cfpmaresme.org\/es\/asistimos-al-acto-de-entrega-de-ayudas-de-la-convocatoria-daccio-social-2022-de-fundacio-iluro-y-caixabank\/","og_locale":"es_ES","og_type":"article","og_title":"Asistimos al acto de entrega de ayudas de la Convocat\u00f2ria d'Acci\u00f3 Social 2022 de Fundaci\u00f3 Iluro y Caixabank | CFP Maresme","og_description":"Ayer el Ateneu Centre Cultural de la Fundaci\u00f3 Iluro reuni\u00f3 autoridades municipales como el Alcalde David Bote, miembros de Fundaci\u00f3 Iluro y Caixabank y de las 13 entidades receptoras de la ayuda. Tal y como explic\u00f3 Marta Ibarz, Directora de Fundaci\u00f3 Iluro, este a\u00f1o las...","og_url":"https:\/\/cfpmaresme.org\/es\/asistimos-al-acto-de-entrega-de-ayudas-de-la-convocatoria-daccio-social-2022-de-fundacio-iluro-y-caixabank\/","og_site_name":"CFP Maresme","article_published_time":"2022-09-28T10:14:53+00:00","article_modified_time":"2022-12-12T11:52:52+00:00","og_image":[{"width":2560,"height":1290,"url":"https:\/\/cfpmaresme.org\/wp-content\/uploads\/2022\/09\/20220928_093501-scaled.jpg","type":"image\/jpeg"}],"author":"CFPMaresme","twitter_card":"summary_large_image","twitter_creator":"@cfpmaresme","twitter_site":"@cfpmaresme","twitter_misc":{"Escrito por":"CFPMaresme","Tiempo de lectura":"2 minutos"},"schema":{"@context":"https:\/\/schema.org","@graph":[{"@type":"Article","@id":"https:\/\/cfpmaresme.org\/es\/asistimos-al-acto-de-entrega-de-ayudas-de-la-convocatoria-daccio-social-2022-de-fundacio-iluro-y-caixabank\/#article","isPartOf":{"@id":"https:\/\/cfpmaresme.org\/es\/asistimos-al-acto-de-entrega-de-ayudas-de-la-convocatoria-daccio-social-2022-de-fundacio-iluro-y-caixabank\/"},"author":{"name":"CFPMaresme","@id":"https:\/\/cfpmaresme.org\/#\/schema\/person\/b2634bcd796fafc667ea4055f61b9b2c"},"headline":"Asistimos al acto de entrega de ayudas de la Convocat\u00f2ria d&#8217;Acci\u00f3 Social 2022 de Fundaci\u00f3 Iluro y Caixabank","datePublished":"2022-09-28T10:14:53+00:00","dateModified":"2022-12-12T11:52:52+00:00","mainEntityOfPage":{"@id":"https:\/\/cfpmaresme.org\/es\/asistimos-al-acto-de-entrega-de-ayudas-de-la-convocatoria-daccio-social-2022-de-fundacio-iluro-y-caixabank\/"},"wordCount":273,"commentCount":0,"image":{"@id":"https:\/\/cfpmaresme.org\/es\/asistimos-al-acto-de-entrega-de-ayudas-de-la-convocatoria-daccio-social-2022-de-fundacio-iluro-y-caixabank\/#primaryimage"},"thumbnailUrl":"https:\/\/cfpmaresme.org\/wp-content\/uploads\/2022\/09\/20220928_093501-scaled.jpg","articleSection":["Formaci\u00f3n e Intermediaci\u00f3n Laboral"],"inLanguage":"es"},{"@type":"WebPage","@id":"https:\/\/cfpmaresme.org\/es\/asistimos-al-acto-de-entrega-de-ayudas-de-la-convocatoria-daccio-social-2022-de-fundacio-iluro-y-caixabank\/","url":"https:\/\/cfpmaresme.org\/es\/asistimos-al-acto-de-entrega-de-ayudas-de-la-convocatoria-daccio-social-2022-de-fundacio-iluro-y-caixabank\/","name":"Asistimos al acto de entrega de ayudas de la Convocat\u00f2ria d'Acci\u00f3 Social 2022 de Fundaci\u00f3 Iluro y Caixabank | CFP Maresme","isPartOf":{"@id":"https:\/\/cfpmaresme.org\/#website"},"primaryImageOfPage":{"@id":"https:\/\/cfpmaresme.org\/es\/asistimos-al-acto-de-entrega-de-ayudas-de-la-convocatoria-daccio-social-2022-de-fundacio-iluro-y-caixabank\/#primaryimage"},"image":{"@id":"https:\/\/cfpmaresme.org\/es\/asistimos-al-acto-de-entrega-de-ayudas-de-la-convocatoria-daccio-social-2022-de-fundacio-iluro-y-caixabank\/#primaryimage"},"thumbnailUrl":"https:\/\/cfpmaresme.org\/wp-content\/uploads\/2022\/09\/20220928_093501-scaled.jpg","datePublished":"2022-09-28T10:14:53+00:00","dateModified":"2022-12-12T11:52:52+00:00","author":{"@id":"https:\/\/cfpmaresme.org\/#\/schema\/person\/b2634bcd796fafc667ea4055f61b9b2c"},"breadcrumb":{"@id":"https:\/\/cfpmaresme.org\/es\/asistimos-al-acto-de-entrega-de-ayudas-de-la-convocatoria-daccio-social-2022-de-fundacio-iluro-y-caixabank\/#breadcrumb"},"inLanguage":"es","potentialAction":[{"@type":"ReadAction","target":["https:\/\/cfpmaresme.org\/es\/asistimos-al-acto-de-entrega-de-ayudas-de-la-convocatoria-daccio-social-2022-de-fundacio-iluro-y-caixabank\/"]}]},{"@type":"ImageObject","inLanguage":"es","@id":"https:\/\/cfpmaresme.org\/es\/asistimos-al-acto-de-entrega-de-ayudas-de-la-convocatoria-daccio-social-2022-de-fundacio-iluro-y-caixabank\/#primaryimage","url":"https:\/\/cfpmaresme.org\/wp-content\/uploads\/2022\/09\/20220928_093501-scaled.jpg","contentUrl":"https:\/\/cfpmaresme.org\/wp-content\/uploads\/2022\/09\/20220928_093501-scaled.jpg","width":2560,"height":1290},{"@type":"BreadcrumbList","@id":"https:\/\/cfpmaresme.org\/es\/asistimos-al-acto-de-entrega-de-ayudas-de-la-convocatoria-daccio-social-2022-de-fundacio-iluro-y-caixabank\/#breadcrumb","itemListElement":[{"@type":"ListItem","position":1,"name":"Home","item":"https:\/\/cfpmaresme.org\/es\/"},{"@type":"ListItem","position":2,"name":"Asistimos al acto de entrega de ayudas de la Convocat\u00f2ria d&#8217;Acci\u00f3 Social 2022 de Fundaci\u00f3 Iluro y Caixabank"}]},{"@type":"WebSite","@id":"https:\/\/cfpmaresme.org\/#website","url":"https:\/\/cfpmaresme.org\/","name":"CFP Maresme","description":"Centre Formaci\u00f3 Prevenci\u00f3","potentialAction":[{"@type":"SearchAction","target":{"@type":"EntryPoint","urlTemplate":"https:\/\/cfpmaresme.org\/?s={search_term_string}"},"query-input":{"@type":"PropertyValueSpecification","valueRequired":true,"valueName":"search_term_string"}}],"inLanguage":"es"},{"@type":"Person","@id":"https:\/\/cfpmaresme.org\/#\/schema\/person\/b2634bcd796fafc667ea4055f61b9b2c","name":"CFPMaresme"}]}},"_links":{"self":[{"href":"https:\/\/cfpmaresme.org\/es\/wp-json\/wp\/v2\/posts\/71582","targetHints":{"allow":["GET"]}}],"collection":[{"href":"https:\/\/cfpmaresme.org\/es\/wp-json\/wp\/v2\/posts"}],"about":[{"href":"https:\/\/cfpmaresme.org\/es\/wp-json\/wp\/v2\/types\/post"}],"author":[{"embeddable":true,"href":"https:\/\/cfpmaresme.org\/es\/wp-json\/wp\/v2\/users\/2"}],"replies":[{"embeddable":true,"href":"https:\/\/cfpmaresme.org\/es\/wp-json\/wp\/v2\/comments?post=71582"}],"version-history":[{"count":5,"href":"https:\/\/cfpmaresme.org\/es\/wp-json\/wp\/v2\/posts\/71582\/revisions"}],"predecessor-version":[{"id":71584,"href":"https:\/\/cfpmaresme.org\/es\/wp-json\/wp\/v2\/posts\/71582\/revisions\/71584"}],"wp:featuredmedia":[{"embeddable":true,"href":"https:\/\/cfpmaresme.org\/es\/wp-json\/wp\/v2\/media\/71535"}],"wp:attachment":[{"href":"https:\/\/cfpmaresme.org\/es\/wp-json\/wp\/v2\/media?parent=71582"}],"wp:term":[{"taxonomy":"category","embeddable":true,"href":"https:\/\/cfpmaresme.org\/es\/wp-json\/wp\/v2\/categories?post=71582"},{"taxonomy":"post_tag","embeddable":true,"href":"https:\/\/cfpmaresme.org\/es\/wp-json\/wp\/v2\/tags?post=71582"}],"curies":[{"name":"wp","href":"https:\/\/api.w.org\/{rel}","templated":true}]}}