{"id":71588,"date":"2022-09-29T12:33:12","date_gmt":"2022-09-29T10:33:12","guid":{"rendered":"https:\/\/cfpmaresme.org\/?p=71588"},"modified":"2022-10-05T13:06:23","modified_gmt":"2022-10-05T11:06:23","slug":"nos-descubrimos-el-trabajo-de-recerca-que-muestra-la-realidad-de-jovenes-recien-llegados-que-acompanamos-a-traves-de-la-fotografia","status":"publish","type":"post","link":"https:\/\/cfpmaresme.org\/es\/nos-descubrimos-el-trabajo-de-recerca-que-muestra-la-realidad-de-jovenes-recien-llegados-que-acompanamos-a-traves-de-la-fotografia\/","title":{"rendered":"\u00abNos descubrimos\u00bb el Trabajo de Recerca que muestra la realidad de j\u00f3venes reci\u00e9n llegados que acompa\u00f1amos a trav\u00e9s de la fotograf\u00eda"},"content":{"rendered":"<p>Un grupo de chicos que viven en los<a href=\"https:\/\/cfpmaresme.org\/pisos-assistits-per-a-joves\/\" target=\"_blank\" rel=\"noopener\"> Pisos asistidos para j\u00f3venes<\/a> han participado en el Trabajo de Recerca que ha hecho Ruth Juan, estudiante de segundo de bachillerato del Instituto Celest\u00ed Bellera de Granollers. El objetivo principal del trabajo es que los chicos y chicas creen, a trav\u00e9s de la fotograf\u00eda, la mirada con la que les gustar\u00eda que la sociedad los mirase. Otro hito es dar a conocer la realidad de los j\u00f3venes reci\u00e9n llegados y, por lo tanto, luchar contra el estigma hacia este colectivo.<\/p>\n<p>&nbsp;<\/p>\n<h3>La fotograf\u00eda como herramienta participativa y de crecimiento personal<\/h3>\n<p>El rasgo diferencial del trabajo, titulado \u00abNos descubrimos\u00bb, es que la fotograf\u00eda tiene un papel muy importante. Tal y como explica Ruth, se utiliza como un proceso personal y lo m\u00e1s importante de los talleres no es el resultado, sino haber provocado a los j\u00f3venes una reflexi\u00f3n y una expresi\u00f3n emocional.<\/p>\n<p>As\u00ed pues, durante las \u00faltimas semanas, Ruth acompa\u00f1ada de una Educadora Social referente en pisos, ha realizado varias sesiones pr\u00e1cticas, con los chicos como protagonistas. Algunos ejemplos son un taller en el que los j\u00f3venes mostraron como es su d\u00eda a d\u00eda mediante fotos o otro en el que compartieron su proceso migratorio.<\/p>\n<p>Sesiones muy \u00edntimas y personales donde inmortalizar a trav\u00e9s de im\u00e1genes su realidad, una realidad con la que convivimos socialmente d\u00eda tras d\u00eda.<\/p>\n<p>Desde aqu\u00ed queremos mostrar nuestra agradecimiento a Ruth por contar con los j\u00f3venes que acompa\u00f1amos desde la entidad por este trabajo. Difundiendo su realidad en entornos acad\u00e9micos, ayudamos a que los j\u00f3venes de hoy no tengan prejuicios y, as\u00ed, construimos un futuro libre de estigma hacia los reci\u00e9n llegados.<\/p>\n","protected":false},"excerpt":{"rendered":"<p>Un grupo de chicos que viven en los Pisos asistidos para j\u00f3venes han participado en el Trabajo de Recerca que ha hecho Ruth Juan, estudiante de segundo de bachillerato del Instituto Celest\u00ed Bellera de Granollers. El objetivo principal del trabajo es que los chicos y&#8230;<\/p>\n","protected":false},"author":2,"featured_media":71542,"comment_status":"open","ping_status":"open","sticky":false,"template":"","format":"standard","meta":{"footnotes":""},"categories":[1144,1244,1240],"tags":[],"class_list":["post-71588","post","type-post","status-publish","format-standard","has-post-thumbnail","hentry","category-infancia-y-familia","category-pisos-jovenes","category-pisos-joves-es"],"yoast_head":"<!-- This site is optimized with the Yoast SEO plugin v27.4 - https:\/\/yoast.com\/product\/yoast-seo-wordpress\/ -->\n<title>&quot;Nos descubrimos&quot; el Trabajo de Recerca que muestra la realidad de j\u00f3venes reci\u00e9n llegados que acompa\u00f1amos a trav\u00e9s de la fotograf\u00eda | CFP Maresme<\/title>\n<meta name=\"robots\" content=\"index, follow, max-snippet:-1, max-image-preview:large, max-video-preview:-1\" \/>\n<link rel=\"canonical\" href=\"https:\/\/cfpmaresme.org\/es\/nos-descubrimos-el-trabajo-de-recerca-que-muestra-la-realidad-de-jovenes-recien-llegados-que-acompanamos-a-traves-de-la-fotografia\/\" \/>\n<meta property=\"og:locale\" content=\"es_ES\" \/>\n<meta property=\"og:type\" content=\"article\" \/>\n<meta property=\"og:title\" content=\"&quot;Nos descubrimos&quot; el Trabajo de Recerca que muestra la realidad de j\u00f3venes reci\u00e9n llegados que acompa\u00f1amos a trav\u00e9s de la fotograf\u00eda | CFP Maresme\" \/>\n<meta property=\"og:description\" content=\"Un grupo de chicos que viven en los Pisos asistidos para j\u00f3venes han participado en el Trabajo de Recerca que ha hecho Ruth Juan, estudiante de segundo de bachillerato del Instituto Celest\u00ed Bellera de Granollers. El objetivo principal del trabajo es que los chicos y...\" \/>\n<meta property=\"og:url\" content=\"https:\/\/cfpmaresme.org\/es\/nos-descubrimos-el-trabajo-de-recerca-que-muestra-la-realidad-de-jovenes-recien-llegados-que-acompanamos-a-traves-de-la-fotografia\/\" \/>\n<meta property=\"og:site_name\" content=\"CFP Maresme\" \/>\n<meta property=\"article:published_time\" content=\"2022-09-29T10:33:12+00:00\" \/>\n<meta property=\"article:modified_time\" content=\"2022-10-05T11:06:23+00:00\" \/>\n<meta property=\"og:image\" content=\"https:\/\/cfpmaresme.org\/wp-content\/uploads\/2022\/09\/foto-grup-pixelada-en-png-i-retallada.jpg\" \/>\n\t<meta property=\"og:image:width\" content=\"1104\" \/>\n\t<meta property=\"og:image:height\" content=\"827\" \/>\n\t<meta property=\"og:image:type\" content=\"image\/jpeg\" \/>\n<meta name=\"author\" content=\"CFPMaresme\" \/>\n<meta name=\"twitter:card\" content=\"summary_large_image\" \/>\n<meta name=\"twitter:creator\" content=\"@cfpmaresme\" \/>\n<meta name=\"twitter:site\" content=\"@cfpmaresme\" \/>\n<meta name=\"twitter:label1\" content=\"Escrito por\" \/>\n\t<meta name=\"twitter:data1\" content=\"CFPMaresme\" \/>\n\t<meta name=\"twitter:label2\" content=\"Tiempo de lectura\" \/>\n\t<meta name=\"twitter:data2\" content=\"2 minutos\" \/>\n<script type=\"application\/ld+json\" class=\"yoast-schema-graph\">{\"@context\":\"https:\\\/\\\/schema.org\",\"@graph\":[{\"@type\":\"Article\",\"@id\":\"https:\\\/\\\/cfpmaresme.org\\\/es\\\/nos-descubrimos-el-trabajo-de-recerca-que-muestra-la-realidad-de-jovenes-recien-llegados-que-acompanamos-a-traves-de-la-fotografia\\\/#article\",\"isPartOf\":{\"@id\":\"https:\\\/\\\/cfpmaresme.org\\\/es\\\/nos-descubrimos-el-trabajo-de-recerca-que-muestra-la-realidad-de-jovenes-recien-llegados-que-acompanamos-a-traves-de-la-fotografia\\\/\"},\"author\":{\"name\":\"CFPMaresme\",\"@id\":\"https:\\\/\\\/cfpmaresme.org\\\/#\\\/schema\\\/person\\\/b2634bcd796fafc667ea4055f61b9b2c\"},\"headline\":\"\u00abNos descubrimos\u00bb el Trabajo de Recerca que muestra la realidad de j\u00f3venes reci\u00e9n llegados que acompa\u00f1amos a trav\u00e9s de la fotograf\u00eda\",\"datePublished\":\"2022-09-29T10:33:12+00:00\",\"dateModified\":\"2022-10-05T11:06:23+00:00\",\"mainEntityOfPage\":{\"@id\":\"https:\\\/\\\/cfpmaresme.org\\\/es\\\/nos-descubrimos-el-trabajo-de-recerca-que-muestra-la-realidad-de-jovenes-recien-llegados-que-acompanamos-a-traves-de-la-fotografia\\\/\"},\"wordCount\":326,\"commentCount\":0,\"image\":{\"@id\":\"https:\\\/\\\/cfpmaresme.org\\\/es\\\/nos-descubrimos-el-trabajo-de-recerca-que-muestra-la-realidad-de-jovenes-recien-llegados-que-acompanamos-a-traves-de-la-fotografia\\\/#primaryimage\"},\"thumbnailUrl\":\"https:\\\/\\\/cfpmaresme.org\\\/wp-content\\\/uploads\\\/2022\\\/09\\\/foto-grup-pixelada-en-png-i-retallada.jpg\",\"articleSection\":[\"\u00c1rea de infancia, adolescencia y fam\u00edlia\",\"Pisos j\u00f3venes\",\"Pisos joves\"],\"inLanguage\":\"es\"},{\"@type\":\"WebPage\",\"@id\":\"https:\\\/\\\/cfpmaresme.org\\\/es\\\/nos-descubrimos-el-trabajo-de-recerca-que-muestra-la-realidad-de-jovenes-recien-llegados-que-acompanamos-a-traves-de-la-fotografia\\\/\",\"url\":\"https:\\\/\\\/cfpmaresme.org\\\/es\\\/nos-descubrimos-el-trabajo-de-recerca-que-muestra-la-realidad-de-jovenes-recien-llegados-que-acompanamos-a-traves-de-la-fotografia\\\/\",\"name\":\"\\\"Nos descubrimos\\\" el Trabajo de Recerca que muestra la realidad de j\u00f3venes reci\u00e9n llegados que acompa\u00f1amos a trav\u00e9s de la fotograf\u00eda | CFP Maresme\",\"isPartOf\":{\"@id\":\"https:\\\/\\\/cfpmaresme.org\\\/#website\"},\"primaryImageOfPage\":{\"@id\":\"https:\\\/\\\/cfpmaresme.org\\\/es\\\/nos-descubrimos-el-trabajo-de-recerca-que-muestra-la-realidad-de-jovenes-recien-llegados-que-acompanamos-a-traves-de-la-fotografia\\\/#primaryimage\"},\"image\":{\"@id\":\"https:\\\/\\\/cfpmaresme.org\\\/es\\\/nos-descubrimos-el-trabajo-de-recerca-que-muestra-la-realidad-de-jovenes-recien-llegados-que-acompanamos-a-traves-de-la-fotografia\\\/#primaryimage\"},\"thumbnailUrl\":\"https:\\\/\\\/cfpmaresme.org\\\/wp-content\\\/uploads\\\/2022\\\/09\\\/foto-grup-pixelada-en-png-i-retallada.jpg\",\"datePublished\":\"2022-09-29T10:33:12+00:00\",\"dateModified\":\"2022-10-05T11:06:23+00:00\",\"author\":{\"@id\":\"https:\\\/\\\/cfpmaresme.org\\\/#\\\/schema\\\/person\\\/b2634bcd796fafc667ea4055f61b9b2c\"},\"breadcrumb\":{\"@id\":\"https:\\\/\\\/cfpmaresme.org\\\/es\\\/nos-descubrimos-el-trabajo-de-recerca-que-muestra-la-realidad-de-jovenes-recien-llegados-que-acompanamos-a-traves-de-la-fotografia\\\/#breadcrumb\"},\"inLanguage\":\"es\",\"potentialAction\":[{\"@type\":\"ReadAction\",\"target\":[\"https:\\\/\\\/cfpmaresme.org\\\/es\\\/nos-descubrimos-el-trabajo-de-recerca-que-muestra-la-realidad-de-jovenes-recien-llegados-que-acompanamos-a-traves-de-la-fotografia\\\/\"]}]},{\"@type\":\"ImageObject\",\"inLanguage\":\"es\",\"@id\":\"https:\\\/\\\/cfpmaresme.org\\\/es\\\/nos-descubrimos-el-trabajo-de-recerca-que-muestra-la-realidad-de-jovenes-recien-llegados-que-acompanamos-a-traves-de-la-fotografia\\\/#primaryimage\",\"url\":\"https:\\\/\\\/cfpmaresme.org\\\/wp-content\\\/uploads\\\/2022\\\/09\\\/foto-grup-pixelada-en-png-i-retallada.jpg\",\"contentUrl\":\"https:\\\/\\\/cfpmaresme.org\\\/wp-content\\\/uploads\\\/2022\\\/09\\\/foto-grup-pixelada-en-png-i-retallada.jpg\",\"width\":1104,\"height\":827},{\"@type\":\"BreadcrumbList\",\"@id\":\"https:\\\/\\\/cfpmaresme.org\\\/es\\\/nos-descubrimos-el-trabajo-de-recerca-que-muestra-la-realidad-de-jovenes-recien-llegados-que-acompanamos-a-traves-de-la-fotografia\\\/#breadcrumb\",\"itemListElement\":[{\"@type\":\"ListItem\",\"position\":1,\"name\":\"Home\",\"item\":\"https:\\\/\\\/cfpmaresme.org\\\/es\\\/\"},{\"@type\":\"ListItem\",\"position\":2,\"name\":\"\u00abNos descubrimos\u00bb el Trabajo de Recerca que muestra la realidad de j\u00f3venes reci\u00e9n llegados que acompa\u00f1amos a trav\u00e9s de la fotograf\u00eda\"}]},{\"@type\":\"WebSite\",\"@id\":\"https:\\\/\\\/cfpmaresme.org\\\/#website\",\"url\":\"https:\\\/\\\/cfpmaresme.org\\\/\",\"name\":\"CFP Maresme\",\"description\":\"Centre Formaci\u00f3 Prevenci\u00f3\",\"potentialAction\":[{\"@type\":\"SearchAction\",\"target\":{\"@type\":\"EntryPoint\",\"urlTemplate\":\"https:\\\/\\\/cfpmaresme.org\\\/?s={search_term_string}\"},\"query-input\":{\"@type\":\"PropertyValueSpecification\",\"valueRequired\":true,\"valueName\":\"search_term_string\"}}],\"inLanguage\":\"es\"},{\"@type\":\"Person\",\"@id\":\"https:\\\/\\\/cfpmaresme.org\\\/#\\\/schema\\\/person\\\/b2634bcd796fafc667ea4055f61b9b2c\",\"name\":\"CFPMaresme\"}]}<\/script>\n<!-- \/ Yoast SEO plugin. -->","yoast_head_json":{"title":"\"Nos descubrimos\" el Trabajo de Recerca que muestra la realidad de j\u00f3venes reci\u00e9n llegados que acompa\u00f1amos a trav\u00e9s de la fotograf\u00eda | CFP Maresme","robots":{"index":"index","follow":"follow","max-snippet":"max-snippet:-1","max-image-preview":"max-image-preview:large","max-video-preview":"max-video-preview:-1"},"canonical":"https:\/\/cfpmaresme.org\/es\/nos-descubrimos-el-trabajo-de-recerca-que-muestra-la-realidad-de-jovenes-recien-llegados-que-acompanamos-a-traves-de-la-fotografia\/","og_locale":"es_ES","og_type":"article","og_title":"\"Nos descubrimos\" el Trabajo de Recerca que muestra la realidad de j\u00f3venes reci\u00e9n llegados que acompa\u00f1amos a trav\u00e9s de la fotograf\u00eda | CFP Maresme","og_description":"Un grupo de chicos que viven en los Pisos asistidos para j\u00f3venes han participado en el Trabajo de Recerca que ha hecho Ruth Juan, estudiante de segundo de bachillerato del Instituto Celest\u00ed Bellera de Granollers. El objetivo principal del trabajo es que los chicos y...","og_url":"https:\/\/cfpmaresme.org\/es\/nos-descubrimos-el-trabajo-de-recerca-que-muestra-la-realidad-de-jovenes-recien-llegados-que-acompanamos-a-traves-de-la-fotografia\/","og_site_name":"CFP Maresme","article_published_time":"2022-09-29T10:33:12+00:00","article_modified_time":"2022-10-05T11:06:23+00:00","og_image":[{"width":1104,"height":827,"url":"https:\/\/cfpmaresme.org\/wp-content\/uploads\/2022\/09\/foto-grup-pixelada-en-png-i-retallada.jpg","type":"image\/jpeg"}],"author":"CFPMaresme","twitter_card":"summary_large_image","twitter_creator":"@cfpmaresme","twitter_site":"@cfpmaresme","twitter_misc":{"Escrito por":"CFPMaresme","Tiempo de lectura":"2 minutos"},"schema":{"@context":"https:\/\/schema.org","@graph":[{"@type":"Article","@id":"https:\/\/cfpmaresme.org\/es\/nos-descubrimos-el-trabajo-de-recerca-que-muestra-la-realidad-de-jovenes-recien-llegados-que-acompanamos-a-traves-de-la-fotografia\/#article","isPartOf":{"@id":"https:\/\/cfpmaresme.org\/es\/nos-descubrimos-el-trabajo-de-recerca-que-muestra-la-realidad-de-jovenes-recien-llegados-que-acompanamos-a-traves-de-la-fotografia\/"},"author":{"name":"CFPMaresme","@id":"https:\/\/cfpmaresme.org\/#\/schema\/person\/b2634bcd796fafc667ea4055f61b9b2c"},"headline":"\u00abNos descubrimos\u00bb el Trabajo de Recerca que muestra la realidad de j\u00f3venes reci\u00e9n llegados que acompa\u00f1amos a trav\u00e9s de la fotograf\u00eda","datePublished":"2022-09-29T10:33:12+00:00","dateModified":"2022-10-05T11:06:23+00:00","mainEntityOfPage":{"@id":"https:\/\/cfpmaresme.org\/es\/nos-descubrimos-el-trabajo-de-recerca-que-muestra-la-realidad-de-jovenes-recien-llegados-que-acompanamos-a-traves-de-la-fotografia\/"},"wordCount":326,"commentCount":0,"image":{"@id":"https:\/\/cfpmaresme.org\/es\/nos-descubrimos-el-trabajo-de-recerca-que-muestra-la-realidad-de-jovenes-recien-llegados-que-acompanamos-a-traves-de-la-fotografia\/#primaryimage"},"thumbnailUrl":"https:\/\/cfpmaresme.org\/wp-content\/uploads\/2022\/09\/foto-grup-pixelada-en-png-i-retallada.jpg","articleSection":["\u00c1rea de infancia, adolescencia y fam\u00edlia","Pisos j\u00f3venes","Pisos joves"],"inLanguage":"es"},{"@type":"WebPage","@id":"https:\/\/cfpmaresme.org\/es\/nos-descubrimos-el-trabajo-de-recerca-que-muestra-la-realidad-de-jovenes-recien-llegados-que-acompanamos-a-traves-de-la-fotografia\/","url":"https:\/\/cfpmaresme.org\/es\/nos-descubrimos-el-trabajo-de-recerca-que-muestra-la-realidad-de-jovenes-recien-llegados-que-acompanamos-a-traves-de-la-fotografia\/","name":"\"Nos descubrimos\" el Trabajo de Recerca que muestra la realidad de j\u00f3venes reci\u00e9n llegados que acompa\u00f1amos a trav\u00e9s de la fotograf\u00eda | CFP Maresme","isPartOf":{"@id":"https:\/\/cfpmaresme.org\/#website"},"primaryImageOfPage":{"@id":"https:\/\/cfpmaresme.org\/es\/nos-descubrimos-el-trabajo-de-recerca-que-muestra-la-realidad-de-jovenes-recien-llegados-que-acompanamos-a-traves-de-la-fotografia\/#primaryimage"},"image":{"@id":"https:\/\/cfpmaresme.org\/es\/nos-descubrimos-el-trabajo-de-recerca-que-muestra-la-realidad-de-jovenes-recien-llegados-que-acompanamos-a-traves-de-la-fotografia\/#primaryimage"},"thumbnailUrl":"https:\/\/cfpmaresme.org\/wp-content\/uploads\/2022\/09\/foto-grup-pixelada-en-png-i-retallada.jpg","datePublished":"2022-09-29T10:33:12+00:00","dateModified":"2022-10-05T11:06:23+00:00","author":{"@id":"https:\/\/cfpmaresme.org\/#\/schema\/person\/b2634bcd796fafc667ea4055f61b9b2c"},"breadcrumb":{"@id":"https:\/\/cfpmaresme.org\/es\/nos-descubrimos-el-trabajo-de-recerca-que-muestra-la-realidad-de-jovenes-recien-llegados-que-acompanamos-a-traves-de-la-fotografia\/#breadcrumb"},"inLanguage":"es","potentialAction":[{"@type":"ReadAction","target":["https:\/\/cfpmaresme.org\/es\/nos-descubrimos-el-trabajo-de-recerca-que-muestra-la-realidad-de-jovenes-recien-llegados-que-acompanamos-a-traves-de-la-fotografia\/"]}]},{"@type":"ImageObject","inLanguage":"es","@id":"https:\/\/cfpmaresme.org\/es\/nos-descubrimos-el-trabajo-de-recerca-que-muestra-la-realidad-de-jovenes-recien-llegados-que-acompanamos-a-traves-de-la-fotografia\/#primaryimage","url":"https:\/\/cfpmaresme.org\/wp-content\/uploads\/2022\/09\/foto-grup-pixelada-en-png-i-retallada.jpg","contentUrl":"https:\/\/cfpmaresme.org\/wp-content\/uploads\/2022\/09\/foto-grup-pixelada-en-png-i-retallada.jpg","width":1104,"height":827},{"@type":"BreadcrumbList","@id":"https:\/\/cfpmaresme.org\/es\/nos-descubrimos-el-trabajo-de-recerca-que-muestra-la-realidad-de-jovenes-recien-llegados-que-acompanamos-a-traves-de-la-fotografia\/#breadcrumb","itemListElement":[{"@type":"ListItem","position":1,"name":"Home","item":"https:\/\/cfpmaresme.org\/es\/"},{"@type":"ListItem","position":2,"name":"\u00abNos descubrimos\u00bb el Trabajo de Recerca que muestra la realidad de j\u00f3venes reci\u00e9n llegados que acompa\u00f1amos a trav\u00e9s de la fotograf\u00eda"}]},{"@type":"WebSite","@id":"https:\/\/cfpmaresme.org\/#website","url":"https:\/\/cfpmaresme.org\/","name":"CFP Maresme","description":"Centre Formaci\u00f3 Prevenci\u00f3","potentialAction":[{"@type":"SearchAction","target":{"@type":"EntryPoint","urlTemplate":"https:\/\/cfpmaresme.org\/?s={search_term_string}"},"query-input":{"@type":"PropertyValueSpecification","valueRequired":true,"valueName":"search_term_string"}}],"inLanguage":"es"},{"@type":"Person","@id":"https:\/\/cfpmaresme.org\/#\/schema\/person\/b2634bcd796fafc667ea4055f61b9b2c","name":"CFPMaresme"}]}},"_links":{"self":[{"href":"https:\/\/cfpmaresme.org\/es\/wp-json\/wp\/v2\/posts\/71588","targetHints":{"allow":["GET"]}}],"collection":[{"href":"https:\/\/cfpmaresme.org\/es\/wp-json\/wp\/v2\/posts"}],"about":[{"href":"https:\/\/cfpmaresme.org\/es\/wp-json\/wp\/v2\/types\/post"}],"author":[{"embeddable":true,"href":"https:\/\/cfpmaresme.org\/es\/wp-json\/wp\/v2\/users\/2"}],"replies":[{"embeddable":true,"href":"https:\/\/cfpmaresme.org\/es\/wp-json\/wp\/v2\/comments?post=71588"}],"version-history":[{"count":4,"href":"https:\/\/cfpmaresme.org\/es\/wp-json\/wp\/v2\/posts\/71588\/revisions"}],"predecessor-version":[{"id":71592,"href":"https:\/\/cfpmaresme.org\/es\/wp-json\/wp\/v2\/posts\/71588\/revisions\/71592"}],"wp:featuredmedia":[{"embeddable":true,"href":"https:\/\/cfpmaresme.org\/es\/wp-json\/wp\/v2\/media\/71542"}],"wp:attachment":[{"href":"https:\/\/cfpmaresme.org\/es\/wp-json\/wp\/v2\/media?parent=71588"}],"wp:term":[{"taxonomy":"category","embeddable":true,"href":"https:\/\/cfpmaresme.org\/es\/wp-json\/wp\/v2\/categories?post=71588"},{"taxonomy":"post_tag","embeddable":true,"href":"https:\/\/cfpmaresme.org\/es\/wp-json\/wp\/v2\/tags?post=71588"}],"curies":[{"name":"wp","href":"https:\/\/api.w.org\/{rel}","templated":true}]}}