{"id":71905,"date":"2022-11-23T14:33:57","date_gmt":"2022-11-23T12:33:57","guid":{"rendered":"https:\/\/cfpmaresme.org\/?p=71905"},"modified":"2022-12-19T16:05:20","modified_gmt":"2022-12-19T14:05:20","slug":"finaliza-donam-eines-el-primer-programa-exclusivo-para-mujeres-con-una-mejora-importante-de-la-ocupabilidad-de-las-participantes","status":"publish","type":"post","link":"https:\/\/cfpmaresme.org\/es\/finaliza-donam-eines-el-primer-programa-exclusivo-para-mujeres-con-una-mejora-importante-de-la-ocupabilidad-de-las-participantes\/","title":{"rendered":"Finaliza Dona&#8217;m eines, el primer programa exclusivo para mujeres, con una mejora importante de la ocupabilidad de las participantes"},"content":{"rendered":"<p>Un programa del servicio de Formaci\u00f3n e Intermediaci\u00f3n Laboral de la entidad, posible gracias al programa de Ayudas a Proyectos de Iniciativas Sociales de Fundaci\u00f3 La Caixa.<\/p>\n<p>\u201cDona\u2019m eines\u201d se inici\u00f3 en septiembre de 2021 y ha acabado recientemente. Casi un a\u00f1o en el que hemos trabajado, con las 18 mujeres participantes, para que se apoderen en su proceso de inserci\u00f3n laboral.<\/p>\n<p>&nbsp;<\/p>\n<h3>Especial foco en la perspectiva de g\u00e9nero y la igualdad entre diversidades funcionales<\/h3>\n<p>Todas las participantes en \u201cDona\u2019m eines\u201d conviven con una discapacidad y\/o problem\u00e1tica de salud mental. El equipo profesional ha puesto \u00e9nfasis con que el trabajo para mejorar la ocupabilidad y las competencias personales, se haga con el objetivo de conseguir disminuir las desigualdades que provocan las diferencias de g\u00e9nero y la diversidad funcional. Mujeres empoderadas conocedoras de sus habilidades y posibilidades de ser unas buenas trabajadoras.<\/p>\n<p>As\u00ed mismo, tambi\u00e9n hemos destinado tiempo y esfuerzos a mejorar el uso de herramientas digitales, tan necesario hoy en d\u00eda.<\/p>\n<h3><\/h3>\n<h3>Once meses de trabajo intenso con buenos resultados<\/h3>\n<p>De las 18 mujeres que iniciaron el programa, 10 est\u00e1n trabajando hoy en d\u00eda. Dato mucho m\u00e1s que positivo. Concretamente, los resultados del programa son los siguientes:<\/p>\n<p><img loading=\"lazy\" decoding=\"async\" class=\" wp-image-71785 aligncenter\" src=\"http:\/\/cfpmaresme.org\/wp-content\/uploads\/2022\/11\/donam-eines-en-xifres-300x168.jpg\" alt=\"\" width=\"516\" height=\"289\" srcset=\"https:\/\/cfpmaresme.org\/wp-content\/uploads\/2022\/11\/donam-eines-en-xifres-300x168.jpg 300w, https:\/\/cfpmaresme.org\/wp-content\/uploads\/2022\/11\/donam-eines-en-xifres-1024x572.jpg 1024w, https:\/\/cfpmaresme.org\/wp-content\/uploads\/2022\/11\/donam-eines-en-xifres-768x429.jpg 768w, https:\/\/cfpmaresme.org\/wp-content\/uploads\/2022\/11\/donam-eines-en-xifres-700x391.jpg 700w, https:\/\/cfpmaresme.org\/wp-content\/uploads\/2022\/11\/donam-eines-en-xifres-539x303.jpg 539w, https:\/\/cfpmaresme.org\/wp-content\/uploads\/2022\/11\/donam-eines-en-xifres.jpg 1069w\" sizes=\"auto, (max-width: 516px) 100vw, 516px\" \/><\/p>\n<p>Unos resultados satisfactorios que, esperamos, poder repetir en futuros programas centrados en la atenci\u00f3n y la mejora de la inserci\u00f3n laboral de mujeres. \u00a1Una experiencia muy positiva para todos\/as!es!<\/p>\n","protected":false},"excerpt":{"rendered":"<p>Un programa del servicio de Formaci\u00f3n e Intermediaci\u00f3n Laboral de la entidad, posible gracias al programa de Ayudas a Proyectos de Iniciativas Sociales de Fundaci\u00f3 La Caixa. \u201cDona\u2019m eines\u201d se inici\u00f3 en septiembre de 2021 y ha acabado recientemente. Casi un a\u00f1o en el que&#8230;<\/p>\n","protected":false},"author":2,"featured_media":71788,"comment_status":"open","ping_status":"open","sticky":false,"template":"","format":"standard","meta":{"footnotes":""},"categories":[1193],"tags":[],"class_list":["post-71905","post","type-post","status-publish","format-standard","has-post-thumbnail","hentry","category-servicio-de-formacion-e-intermediacion-laboral"],"yoast_head":"<!-- This site is optimized with the Yoast SEO plugin v27.4 - https:\/\/yoast.com\/product\/yoast-seo-wordpress\/ -->\n<title>Finaliza Dona&#039;m eines, el primer programa exclusivo para mujeres, con una mejora importante de la ocupabilidad de las participantes | CFP Maresme<\/title>\n<meta name=\"robots\" content=\"index, follow, max-snippet:-1, max-image-preview:large, max-video-preview:-1\" \/>\n<link rel=\"canonical\" href=\"https:\/\/cfpmaresme.org\/es\/finaliza-donam-eines-el-primer-programa-exclusivo-para-mujeres-con-una-mejora-importante-de-la-ocupabilidad-de-las-participantes\/\" \/>\n<meta property=\"og:locale\" content=\"es_ES\" \/>\n<meta property=\"og:type\" content=\"article\" \/>\n<meta property=\"og:title\" content=\"Finaliza Dona&#039;m eines, el primer programa exclusivo para mujeres, con una mejora importante de la ocupabilidad de las participantes | CFP Maresme\" \/>\n<meta property=\"og:description\" content=\"Un programa del servicio de Formaci\u00f3n e Intermediaci\u00f3n Laboral de la entidad, posible gracias al programa de Ayudas a Proyectos de Iniciativas Sociales de Fundaci\u00f3 La Caixa. \u201cDona\u2019m eines\u201d se inici\u00f3 en septiembre de 2021 y ha acabado recientemente. Casi un a\u00f1o en el que...\" \/>\n<meta property=\"og:url\" content=\"https:\/\/cfpmaresme.org\/es\/finaliza-donam-eines-el-primer-programa-exclusivo-para-mujeres-con-una-mejora-importante-de-la-ocupabilidad-de-las-participantes\/\" \/>\n<meta property=\"og:site_name\" content=\"CFP Maresme\" \/>\n<meta property=\"article:published_time\" content=\"2022-11-23T12:33:57+00:00\" \/>\n<meta property=\"article:modified_time\" content=\"2022-12-19T14:05:20+00:00\" \/>\n<meta property=\"og:image\" content=\"https:\/\/cfpmaresme.org\/wp-content\/uploads\/2022\/11\/banner-donam-eines.jpg\" \/>\n\t<meta property=\"og:image:width\" content=\"1125\" \/>\n\t<meta property=\"og:image:height\" content=\"726\" \/>\n\t<meta property=\"og:image:type\" content=\"image\/jpeg\" \/>\n<meta name=\"author\" content=\"CFPMaresme\" \/>\n<meta name=\"twitter:card\" content=\"summary_large_image\" \/>\n<meta name=\"twitter:creator\" content=\"@cfpmaresme\" \/>\n<meta name=\"twitter:site\" content=\"@cfpmaresme\" \/>\n<meta name=\"twitter:label1\" content=\"Escrito por\" \/>\n\t<meta name=\"twitter:data1\" content=\"CFPMaresme\" \/>\n\t<meta name=\"twitter:label2\" content=\"Tiempo de lectura\" \/>\n\t<meta name=\"twitter:data2\" content=\"2 minutos\" \/>\n<script type=\"application\/ld+json\" class=\"yoast-schema-graph\">{\"@context\":\"https:\\\/\\\/schema.org\",\"@graph\":[{\"@type\":\"Article\",\"@id\":\"https:\\\/\\\/cfpmaresme.org\\\/es\\\/finaliza-donam-eines-el-primer-programa-exclusivo-para-mujeres-con-una-mejora-importante-de-la-ocupabilidad-de-las-participantes\\\/#article\",\"isPartOf\":{\"@id\":\"https:\\\/\\\/cfpmaresme.org\\\/es\\\/finaliza-donam-eines-el-primer-programa-exclusivo-para-mujeres-con-una-mejora-importante-de-la-ocupabilidad-de-las-participantes\\\/\"},\"author\":{\"name\":\"CFPMaresme\",\"@id\":\"https:\\\/\\\/cfpmaresme.org\\\/#\\\/schema\\\/person\\\/b2634bcd796fafc667ea4055f61b9b2c\"},\"headline\":\"Finaliza Dona&#8217;m eines, el primer programa exclusivo para mujeres, con una mejora importante de la ocupabilidad de las participantes\",\"datePublished\":\"2022-11-23T12:33:57+00:00\",\"dateModified\":\"2022-12-19T14:05:20+00:00\",\"mainEntityOfPage\":{\"@id\":\"https:\\\/\\\/cfpmaresme.org\\\/es\\\/finaliza-donam-eines-el-primer-programa-exclusivo-para-mujeres-con-una-mejora-importante-de-la-ocupabilidad-de-las-participantes\\\/\"},\"wordCount\":261,\"commentCount\":0,\"image\":{\"@id\":\"https:\\\/\\\/cfpmaresme.org\\\/es\\\/finaliza-donam-eines-el-primer-programa-exclusivo-para-mujeres-con-una-mejora-importante-de-la-ocupabilidad-de-las-participantes\\\/#primaryimage\"},\"thumbnailUrl\":\"https:\\\/\\\/cfpmaresme.org\\\/wp-content\\\/uploads\\\/2022\\\/11\\\/banner-donam-eines.jpg\",\"articleSection\":[\"Formaci\u00f3n e Intermediaci\u00f3n Laboral\"],\"inLanguage\":\"es\"},{\"@type\":\"WebPage\",\"@id\":\"https:\\\/\\\/cfpmaresme.org\\\/es\\\/finaliza-donam-eines-el-primer-programa-exclusivo-para-mujeres-con-una-mejora-importante-de-la-ocupabilidad-de-las-participantes\\\/\",\"url\":\"https:\\\/\\\/cfpmaresme.org\\\/es\\\/finaliza-donam-eines-el-primer-programa-exclusivo-para-mujeres-con-una-mejora-importante-de-la-ocupabilidad-de-las-participantes\\\/\",\"name\":\"Finaliza Dona'm eines, el primer programa exclusivo para mujeres, con una mejora importante de la ocupabilidad de las participantes | CFP Maresme\",\"isPartOf\":{\"@id\":\"https:\\\/\\\/cfpmaresme.org\\\/#website\"},\"primaryImageOfPage\":{\"@id\":\"https:\\\/\\\/cfpmaresme.org\\\/es\\\/finaliza-donam-eines-el-primer-programa-exclusivo-para-mujeres-con-una-mejora-importante-de-la-ocupabilidad-de-las-participantes\\\/#primaryimage\"},\"image\":{\"@id\":\"https:\\\/\\\/cfpmaresme.org\\\/es\\\/finaliza-donam-eines-el-primer-programa-exclusivo-para-mujeres-con-una-mejora-importante-de-la-ocupabilidad-de-las-participantes\\\/#primaryimage\"},\"thumbnailUrl\":\"https:\\\/\\\/cfpmaresme.org\\\/wp-content\\\/uploads\\\/2022\\\/11\\\/banner-donam-eines.jpg\",\"datePublished\":\"2022-11-23T12:33:57+00:00\",\"dateModified\":\"2022-12-19T14:05:20+00:00\",\"author\":{\"@id\":\"https:\\\/\\\/cfpmaresme.org\\\/#\\\/schema\\\/person\\\/b2634bcd796fafc667ea4055f61b9b2c\"},\"breadcrumb\":{\"@id\":\"https:\\\/\\\/cfpmaresme.org\\\/es\\\/finaliza-donam-eines-el-primer-programa-exclusivo-para-mujeres-con-una-mejora-importante-de-la-ocupabilidad-de-las-participantes\\\/#breadcrumb\"},\"inLanguage\":\"es\",\"potentialAction\":[{\"@type\":\"ReadAction\",\"target\":[\"https:\\\/\\\/cfpmaresme.org\\\/es\\\/finaliza-donam-eines-el-primer-programa-exclusivo-para-mujeres-con-una-mejora-importante-de-la-ocupabilidad-de-las-participantes\\\/\"]}]},{\"@type\":\"ImageObject\",\"inLanguage\":\"es\",\"@id\":\"https:\\\/\\\/cfpmaresme.org\\\/es\\\/finaliza-donam-eines-el-primer-programa-exclusivo-para-mujeres-con-una-mejora-importante-de-la-ocupabilidad-de-las-participantes\\\/#primaryimage\",\"url\":\"https:\\\/\\\/cfpmaresme.org\\\/wp-content\\\/uploads\\\/2022\\\/11\\\/banner-donam-eines.jpg\",\"contentUrl\":\"https:\\\/\\\/cfpmaresme.org\\\/wp-content\\\/uploads\\\/2022\\\/11\\\/banner-donam-eines.jpg\",\"width\":1125,\"height\":726},{\"@type\":\"BreadcrumbList\",\"@id\":\"https:\\\/\\\/cfpmaresme.org\\\/es\\\/finaliza-donam-eines-el-primer-programa-exclusivo-para-mujeres-con-una-mejora-importante-de-la-ocupabilidad-de-las-participantes\\\/#breadcrumb\",\"itemListElement\":[{\"@type\":\"ListItem\",\"position\":1,\"name\":\"Home\",\"item\":\"https:\\\/\\\/cfpmaresme.org\\\/es\\\/\"},{\"@type\":\"ListItem\",\"position\":2,\"name\":\"Finaliza Dona&#8217;m eines, el primer programa exclusivo para mujeres, con una mejora importante de la ocupabilidad de las participantes\"}]},{\"@type\":\"WebSite\",\"@id\":\"https:\\\/\\\/cfpmaresme.org\\\/#website\",\"url\":\"https:\\\/\\\/cfpmaresme.org\\\/\",\"name\":\"CFP Maresme\",\"description\":\"Centre Formaci\u00f3 Prevenci\u00f3\",\"potentialAction\":[{\"@type\":\"SearchAction\",\"target\":{\"@type\":\"EntryPoint\",\"urlTemplate\":\"https:\\\/\\\/cfpmaresme.org\\\/?s={search_term_string}\"},\"query-input\":{\"@type\":\"PropertyValueSpecification\",\"valueRequired\":true,\"valueName\":\"search_term_string\"}}],\"inLanguage\":\"es\"},{\"@type\":\"Person\",\"@id\":\"https:\\\/\\\/cfpmaresme.org\\\/#\\\/schema\\\/person\\\/b2634bcd796fafc667ea4055f61b9b2c\",\"name\":\"CFPMaresme\"}]}<\/script>\n<!-- \/ Yoast SEO plugin. -->","yoast_head_json":{"title":"Finaliza Dona'm eines, el primer programa exclusivo para mujeres, con una mejora importante de la ocupabilidad de las participantes | CFP Maresme","robots":{"index":"index","follow":"follow","max-snippet":"max-snippet:-1","max-image-preview":"max-image-preview:large","max-video-preview":"max-video-preview:-1"},"canonical":"https:\/\/cfpmaresme.org\/es\/finaliza-donam-eines-el-primer-programa-exclusivo-para-mujeres-con-una-mejora-importante-de-la-ocupabilidad-de-las-participantes\/","og_locale":"es_ES","og_type":"article","og_title":"Finaliza Dona'm eines, el primer programa exclusivo para mujeres, con una mejora importante de la ocupabilidad de las participantes | CFP Maresme","og_description":"Un programa del servicio de Formaci\u00f3n e Intermediaci\u00f3n Laboral de la entidad, posible gracias al programa de Ayudas a Proyectos de Iniciativas Sociales de Fundaci\u00f3 La Caixa. \u201cDona\u2019m eines\u201d se inici\u00f3 en septiembre de 2021 y ha acabado recientemente. Casi un a\u00f1o en el que...","og_url":"https:\/\/cfpmaresme.org\/es\/finaliza-donam-eines-el-primer-programa-exclusivo-para-mujeres-con-una-mejora-importante-de-la-ocupabilidad-de-las-participantes\/","og_site_name":"CFP Maresme","article_published_time":"2022-11-23T12:33:57+00:00","article_modified_time":"2022-12-19T14:05:20+00:00","og_image":[{"width":1125,"height":726,"url":"https:\/\/cfpmaresme.org\/wp-content\/uploads\/2022\/11\/banner-donam-eines.jpg","type":"image\/jpeg"}],"author":"CFPMaresme","twitter_card":"summary_large_image","twitter_creator":"@cfpmaresme","twitter_site":"@cfpmaresme","twitter_misc":{"Escrito por":"CFPMaresme","Tiempo de lectura":"2 minutos"},"schema":{"@context":"https:\/\/schema.org","@graph":[{"@type":"Article","@id":"https:\/\/cfpmaresme.org\/es\/finaliza-donam-eines-el-primer-programa-exclusivo-para-mujeres-con-una-mejora-importante-de-la-ocupabilidad-de-las-participantes\/#article","isPartOf":{"@id":"https:\/\/cfpmaresme.org\/es\/finaliza-donam-eines-el-primer-programa-exclusivo-para-mujeres-con-una-mejora-importante-de-la-ocupabilidad-de-las-participantes\/"},"author":{"name":"CFPMaresme","@id":"https:\/\/cfpmaresme.org\/#\/schema\/person\/b2634bcd796fafc667ea4055f61b9b2c"},"headline":"Finaliza Dona&#8217;m eines, el primer programa exclusivo para mujeres, con una mejora importante de la ocupabilidad de las participantes","datePublished":"2022-11-23T12:33:57+00:00","dateModified":"2022-12-19T14:05:20+00:00","mainEntityOfPage":{"@id":"https:\/\/cfpmaresme.org\/es\/finaliza-donam-eines-el-primer-programa-exclusivo-para-mujeres-con-una-mejora-importante-de-la-ocupabilidad-de-las-participantes\/"},"wordCount":261,"commentCount":0,"image":{"@id":"https:\/\/cfpmaresme.org\/es\/finaliza-donam-eines-el-primer-programa-exclusivo-para-mujeres-con-una-mejora-importante-de-la-ocupabilidad-de-las-participantes\/#primaryimage"},"thumbnailUrl":"https:\/\/cfpmaresme.org\/wp-content\/uploads\/2022\/11\/banner-donam-eines.jpg","articleSection":["Formaci\u00f3n e Intermediaci\u00f3n Laboral"],"inLanguage":"es"},{"@type":"WebPage","@id":"https:\/\/cfpmaresme.org\/es\/finaliza-donam-eines-el-primer-programa-exclusivo-para-mujeres-con-una-mejora-importante-de-la-ocupabilidad-de-las-participantes\/","url":"https:\/\/cfpmaresme.org\/es\/finaliza-donam-eines-el-primer-programa-exclusivo-para-mujeres-con-una-mejora-importante-de-la-ocupabilidad-de-las-participantes\/","name":"Finaliza Dona'm eines, el primer programa exclusivo para mujeres, con una mejora importante de la ocupabilidad de las participantes | CFP Maresme","isPartOf":{"@id":"https:\/\/cfpmaresme.org\/#website"},"primaryImageOfPage":{"@id":"https:\/\/cfpmaresme.org\/es\/finaliza-donam-eines-el-primer-programa-exclusivo-para-mujeres-con-una-mejora-importante-de-la-ocupabilidad-de-las-participantes\/#primaryimage"},"image":{"@id":"https:\/\/cfpmaresme.org\/es\/finaliza-donam-eines-el-primer-programa-exclusivo-para-mujeres-con-una-mejora-importante-de-la-ocupabilidad-de-las-participantes\/#primaryimage"},"thumbnailUrl":"https:\/\/cfpmaresme.org\/wp-content\/uploads\/2022\/11\/banner-donam-eines.jpg","datePublished":"2022-11-23T12:33:57+00:00","dateModified":"2022-12-19T14:05:20+00:00","author":{"@id":"https:\/\/cfpmaresme.org\/#\/schema\/person\/b2634bcd796fafc667ea4055f61b9b2c"},"breadcrumb":{"@id":"https:\/\/cfpmaresme.org\/es\/finaliza-donam-eines-el-primer-programa-exclusivo-para-mujeres-con-una-mejora-importante-de-la-ocupabilidad-de-las-participantes\/#breadcrumb"},"inLanguage":"es","potentialAction":[{"@type":"ReadAction","target":["https:\/\/cfpmaresme.org\/es\/finaliza-donam-eines-el-primer-programa-exclusivo-para-mujeres-con-una-mejora-importante-de-la-ocupabilidad-de-las-participantes\/"]}]},{"@type":"ImageObject","inLanguage":"es","@id":"https:\/\/cfpmaresme.org\/es\/finaliza-donam-eines-el-primer-programa-exclusivo-para-mujeres-con-una-mejora-importante-de-la-ocupabilidad-de-las-participantes\/#primaryimage","url":"https:\/\/cfpmaresme.org\/wp-content\/uploads\/2022\/11\/banner-donam-eines.jpg","contentUrl":"https:\/\/cfpmaresme.org\/wp-content\/uploads\/2022\/11\/banner-donam-eines.jpg","width":1125,"height":726},{"@type":"BreadcrumbList","@id":"https:\/\/cfpmaresme.org\/es\/finaliza-donam-eines-el-primer-programa-exclusivo-para-mujeres-con-una-mejora-importante-de-la-ocupabilidad-de-las-participantes\/#breadcrumb","itemListElement":[{"@type":"ListItem","position":1,"name":"Home","item":"https:\/\/cfpmaresme.org\/es\/"},{"@type":"ListItem","position":2,"name":"Finaliza Dona&#8217;m eines, el primer programa exclusivo para mujeres, con una mejora importante de la ocupabilidad de las participantes"}]},{"@type":"WebSite","@id":"https:\/\/cfpmaresme.org\/#website","url":"https:\/\/cfpmaresme.org\/","name":"CFP Maresme","description":"Centre Formaci\u00f3 Prevenci\u00f3","potentialAction":[{"@type":"SearchAction","target":{"@type":"EntryPoint","urlTemplate":"https:\/\/cfpmaresme.org\/?s={search_term_string}"},"query-input":{"@type":"PropertyValueSpecification","valueRequired":true,"valueName":"search_term_string"}}],"inLanguage":"es"},{"@type":"Person","@id":"https:\/\/cfpmaresme.org\/#\/schema\/person\/b2634bcd796fafc667ea4055f61b9b2c","name":"CFPMaresme"}]}},"_links":{"self":[{"href":"https:\/\/cfpmaresme.org\/es\/wp-json\/wp\/v2\/posts\/71905","targetHints":{"allow":["GET"]}}],"collection":[{"href":"https:\/\/cfpmaresme.org\/es\/wp-json\/wp\/v2\/posts"}],"about":[{"href":"https:\/\/cfpmaresme.org\/es\/wp-json\/wp\/v2\/types\/post"}],"author":[{"embeddable":true,"href":"https:\/\/cfpmaresme.org\/es\/wp-json\/wp\/v2\/users\/2"}],"replies":[{"embeddable":true,"href":"https:\/\/cfpmaresme.org\/es\/wp-json\/wp\/v2\/comments?post=71905"}],"version-history":[{"count":1,"href":"https:\/\/cfpmaresme.org\/es\/wp-json\/wp\/v2\/posts\/71905\/revisions"}],"predecessor-version":[{"id":71906,"href":"https:\/\/cfpmaresme.org\/es\/wp-json\/wp\/v2\/posts\/71905\/revisions\/71906"}],"wp:featuredmedia":[{"embeddable":true,"href":"https:\/\/cfpmaresme.org\/es\/wp-json\/wp\/v2\/media\/71788"}],"wp:attachment":[{"href":"https:\/\/cfpmaresme.org\/es\/wp-json\/wp\/v2\/media?parent=71905"}],"wp:term":[{"taxonomy":"category","embeddable":true,"href":"https:\/\/cfpmaresme.org\/es\/wp-json\/wp\/v2\/categories?post=71905"},{"taxonomy":"post_tag","embeddable":true,"href":"https:\/\/cfpmaresme.org\/es\/wp-json\/wp\/v2\/tags?post=71905"}],"curies":[{"name":"wp","href":"https:\/\/api.w.org\/{rel}","templated":true}]}}