{"id":71907,"date":"2022-11-30T13:02:07","date_gmt":"2022-11-30T11:02:07","guid":{"rendered":"https:\/\/cfpmaresme.org\/?p=71907"},"modified":"2022-12-21T13:26:03","modified_gmt":"2022-12-21T11:26:03","slug":"ser-educadora-social-y-trabajar-con-personas-sobretodo-con-sus-dificultades-tiene-mucho-que-ver-con-toda-la-parte-personal-de-una-misma","status":"publish","type":"post","link":"https:\/\/cfpmaresme.org\/es\/ser-educadora-social-y-trabajar-con-personas-sobretodo-con-sus-dificultades-tiene-mucho-que-ver-con-toda-la-parte-personal-de-una-misma\/","title":{"rendered":"\u00abSer Educadora Social y trabajar con personas, sobretodo con sus dificultades, tiene mucho que ver con toda la parte personal de una misma\u00bb"},"content":{"rendered":"<h4>Perfil: Cristina Almerich es jefa del SRC Maresme. Educadora Social, formada en la escuela de educadores Flor de Maig, la primera del territorio en impartir lo que antes se llamaba \u201cEducador especializado\u00bb, hasta que se cre\u00f3 la diplomatura universitaria de Educaci\u00f3n Social. Tambi\u00e9n es Mediadora familiar. Ahora hace 36 a\u00f1os que inici\u00f3 su trayectoria profesional en el CFP, despu\u00e9s de un per\u00edodo de pr\u00e1cticas como estudiante de tercer curso.<\/h4>\n<h3>Experiencia en el CRAE<\/h3>\n<h4>Tu recorrido laboral en el CFP se inici\u00f3 en el CRAE, acompa\u00f1ando a infantes y adolescentes durante 11 a\u00f1os. \u00bfQu\u00e9 destacar\u00edas de esta experiencia?<\/h4>\n<p>Fue mi primer aprendizaje como Educadora Social. Me fascin\u00f3 aquel trabajo, hab\u00eda una implicaci\u00f3n muy grande. Pude aplicar muchas cosas que hab\u00eda aprendido en la escuela de educadores Flor de Maig. Me encontr\u00e9 con vida cuotidiana de ni\u00f1os, de golpe y porrazo. Esto me permiti\u00f3 desarrollarme como Educadora Social en todos los \u00e1mbitos porque el trabajo con infantes incluye h\u00e1bitos, escuela, familia, relaci\u00f3n con\u00a0 los otros&#8230;Todo.<\/p>\n<h4>Claro&#8230;Supongo que es atenci\u00f3n 24\/7, 365 d\u00edas y a ni\u00f1os, que est\u00e1n en formaci\u00f3n constante&#8230;<\/h4>\n<p>\u00a1Exacto! Pienso que es un sitio en el que o encajas y te gusta mucho o no. Y a mi me gust\u00f3 much\u00edsimo. All\u00ed hab\u00eda una cosa que o se practica mucho o no tiras: el trabajo en equipo. Es b\u00e1sico. Siempre he sido una gran defensora del trabajo en equipo, de compartir las cosas, que all\u00ed donde yo no estoy hay otro. Esto te hace confiar mucho en tus compa\u00f1eros, te hace repartir las cosas, te hace tener en cuenta la opini\u00f3n de los otros&#8230;Todo esto, all\u00ed fue un aprendizaje. Tambi\u00e9n por la vida.<\/p>\n<h4>\u00bfPor la vida personal?<\/h4>\n<p>S\u00ed, tengo ganas de hablar de esto, porque es como mi historia. Y mi historia profesional no la puedo desligar de mi historia personal.<\/p>\n<h4>Y esto que dices que no lo puedes desligar de tu vida personal. \u00bfEn qu\u00e9 sentido?<\/h4>\n<p>S\u00ed! Parte del aprendizaje siempre ha sido conectar y desconectar. Ahora est\u00e1s en el trabajo y ahora no est\u00e1s en el trabajo \u00bfNo? Porque tanto dentro como fuera est\u00e1s viva. Si hablamos del CRAE una de las cosas que a mi me atrapaba mucho era ser tutora de unos ni\u00f1os y ver como llevar la tutor\u00eda. Tienes que decidir muchas cosas, los tienes que acompa\u00f1ar porque no van solos&#8230;Y claro, sabes que no son tuyos, pero est\u00e1s tratando muchas cosas directas de su vida. Para mi este tipo de trabajo es un aprendizaje constante. Y esto me ha mantenido muy motivada siempre.<\/p>\n<p>Yo siempre he dicho que \u201cCuando yo trabajo, estoy viviendo. No estoy trabajando solamente\u00bb. \u00bfY c\u00f3mo tengo que estar? Pues bien, un poco a mi manera, que est\u00e9 a cuerdo con el sitio, que tenga mi recompensa&#8230; Porque yo mientras tanto estoy viviendo. Ser Educadora Social y trabajar con personas, sobre todo con sus dificultades, tiene mucho que ver con toda la parte personal de una misma.<\/p>\n<h3><\/h3>\n<h3>El SRC Maresme. Atender a personas que conviven con una problem\u00e1tica de salud mental<\/h3>\n<h4>Despu\u00e9s de los infantes del CRAE pasaste a trabajar con adultos que conviven con una problem\u00e1tica de salud mental. \u00bfQu\u00e9 es lo que m\u00e1s te sorprendi\u00f3 de este cambio de colectivo?<\/h4>\n<p>El cambio de colectivo fue brutal para m\u00ed. Tambi\u00e9n tuvo que ver mi formaci\u00f3n de Educadora Social. En la escuela de educadores trat\u00e1bamos poco sobre la salud mental, ya hac\u00eda a\u00f1os que hab\u00eda estudiado y mi experiencia era con ni\u00f1os. Entonces empec\u00e9 como muy de nuevo, hice alguna formaci\u00f3n de salud mental.<\/p>\n<p>Em va sobtar veure la poca autonomia en persones adultes, que \u00e9s una cosa que jo havia treballat molt amb nens. \u00c9s molt diferent el treball per aconseguir l\u2019autonomia entre els dos col\u00b7lectius. Tamb\u00e9 veure el patiment de moltes persones que elles mateixes ja es veuen diferents. Tenen una problem\u00e0tica que no els deixa sortir i \u00e9s el tema de l\u2019autoestima, com ells mateixos es van tancant i tu has de fer una feina una mica d\u2019estirar. El canvi em va costar fins que vaig pensar: Aqu\u00ed tamb\u00e9 estic b\u00e9 i puc tirar endavant.<\/p>\n<p>Jo sobretot havia de tenir clar que m\u2019havia d\u2019agradar la meva feina perqu\u00e8 estic vivint i jo ho he tingut sempre molt al cap, un ha de ser el m\u00e0xim feli\u00e7 possible i treballant tamb\u00e9 ho has de ser. Ja hi ha coses que t\u2019enfades i que no resols b\u00e9, per\u00f2 a la vida tamb\u00e9 et passa aix\u00f2.<\/p>\n<h4>Si haguessis d\u2019explicar a alg\u00fa que pot ser derivat al SRC Maresme qu\u00e8 hi feu. Qu\u00e8 li diries?<\/h4>\n<p>Li diria que ens centrem molt en les possibilitats de cada persona, no en les mancances. I en tirar endavant. I tamb\u00e9 que ser\u00e0 tractat de manera individual. A cada persona li fem un pla individualitzat, mirem qu\u00e8 li agrada, qu\u00e8 no, qu\u00e8 li pot anar b\u00e9. No nom\u00e9s qu\u00e8 necessita, sin\u00f3 en qu\u00e8 \u00e9s h\u00e0bil i qu\u00e8 li agrada fer.<\/p>\n<h4>Quin paper juga la fam\u00edlia?<\/h4>\n<p>La fam\u00edlia sempre juga un paper: en\u00a0 positiu, en negatiu, en suport, en posar pals a les rodes&#8230;Per\u00f2 sempre \u00e9s important. I el que som ens ho ha donat tamb\u00e9 la fam\u00edlia. Fins i tot els que viuen sols perqu\u00e8 els pares s\u2019han mort, perqu\u00e8 no hi ha bona relaci\u00f3 amb la fam\u00edlia&#8230;Per mi l\u2019\u00e0mbit familiar \u00e9s tot un gran apartat a treballar.<\/p>\n<p>A m\u00e9s, tamb\u00e9 ens trobem amb que molts s\u00f3n dependents, per coses com que no poden treballar. Aqu\u00ed treballem perqu\u00e8 necessitin el m\u00ednim d\u2019atenci\u00f3 externa.<\/p>\n<h4>Com resumiries el teu recorregut al CFP?<\/h4>\n<p>Aprenentatge, oportunitat de viure la vessant professional de manera feli\u00e7. Jo he estat feli\u00e7 al CFP. M\u2019han ofert la possibilitat de fer canvis, de conciliaci\u00f3 tamb\u00e9. Tamb\u00e9 poder aportar moltes coses, de formar part d\u2019equips diferents, que aix\u00f2 tamb\u00e9 m\u2019ha agradat molt.<\/p>\n<p>&nbsp;<\/p>\n<h3>30\u00e8 aniversari del SRC Maresme<\/h3>\n<h4>Aquest mes de novembre heu celebrat els 30 anys del SRC Maresme en un acte on les persones ateses han estat protagonistes&#8230; Com vau viure aquesta diada i amb qui la vau compartir?<\/h4>\n<p>Jo vaig viure aquesta diada bastant en primera persona. Perqu\u00e8 porto uns 25 anys entre el centre de dia i el SRC. Per tant, he vist tot el recorregut. La festa dels 30 anys a mi em va fer il\u00b7lusi\u00f3, ens ho va plantejar Direcci\u00f3 i em va agradar que fos una festa sentida. No de qu\u00e8 fem perqu\u00e8 ens vegi la gent. Sin\u00f3 una cosa on particip\u00e9s tothom. Una festa viscuda per nosaltres. I em va agradar molt l\u2019alta participaci\u00f3 de les persones ateses en l\u2019actualitat i la pres\u00e8ncia d\u2019altres que fa temps van estar vinculades amb nostres.<\/p>\n<p>Vam voler explicar i ensenyar el qu\u00e8 fem, qui som i on estem. La idea era que qui no ho conegu\u00e9s es fes alguna idea de la nostra tasca.<\/p>\n<h4>I com creus que ho van viure les persones ateses?<\/h4>\n<p>Van participar molt. I ho van viure molt b\u00e9 perqu\u00e8 els hi vam donar el seu protagonisme, sense dir-ho, ven\u00edem a dir: Aix\u00f2 es vostre i hem d\u2019explicar el que fem. I qu\u00e8 menys que fer-ho nosaltres, amb les nostres mans.<\/p>\n<p>Les tres \u00faltimes setmanes venien els mateixos dies i les mateixes hores per\u00f2 feien coses relacionades amb la festa. Em va fer il\u00b7lusi\u00f3 que fos aix\u00ed.<\/p>\n","protected":false},"excerpt":{"rendered":"<p>Perfil: Cristina Almerich es jefa del SRC Maresme. Educadora Social, formada en la escuela de educadores Flor de Maig, la primera del territorio en impartir lo que antes se llamaba \u201cEducador especializado\u00bb, hasta que se cre\u00f3 la diplomatura universitaria de Educaci\u00f3n Social. Tambi\u00e9n es Mediadora&#8230;<\/p>\n","protected":false},"author":2,"featured_media":71908,"comment_status":"open","ping_status":"open","sticky":false,"template":"","format":"standard","meta":{"footnotes":""},"categories":[1258],"tags":[],"class_list":["post-71907","post","type-post","status-publish","format-standard","has-post-thumbnail","hentry","category-entrevistas"],"yoast_head":"<!-- This site is optimized with the Yoast SEO plugin v27.4 - https:\/\/yoast.com\/product\/yoast-seo-wordpress\/ -->\n<title>&quot;Ser Educadora Social y trabajar con personas, sobretodo con sus dificultades, tiene mucho que ver con toda la parte personal de una misma&quot; | CFP Maresme<\/title>\n<meta name=\"robots\" content=\"index, follow, max-snippet:-1, max-image-preview:large, max-video-preview:-1\" \/>\n<link rel=\"canonical\" href=\"https:\/\/cfpmaresme.org\/es\/ser-educadora-social-y-trabajar-con-personas-sobretodo-con-sus-dificultades-tiene-mucho-que-ver-con-toda-la-parte-personal-de-una-misma\/\" \/>\n<meta property=\"og:locale\" content=\"es_ES\" \/>\n<meta property=\"og:type\" content=\"article\" \/>\n<meta property=\"og:title\" content=\"&quot;Ser Educadora Social y trabajar con personas, sobretodo con sus dificultades, tiene mucho que ver con toda la parte personal de una misma&quot; | CFP Maresme\" \/>\n<meta property=\"og:description\" content=\"Perfil: Cristina Almerich es jefa del SRC Maresme. Educadora Social, formada en la escuela de educadores Flor de Maig, la primera del territorio en impartir lo que antes se llamaba \u201cEducador especializado\u00bb, hasta que se cre\u00f3 la diplomatura universitaria de Educaci\u00f3n Social. Tambi\u00e9n es Mediadora...\" \/>\n<meta property=\"og:url\" content=\"https:\/\/cfpmaresme.org\/es\/ser-educadora-social-y-trabajar-con-personas-sobretodo-con-sus-dificultades-tiene-mucho-que-ver-con-toda-la-parte-personal-de-una-misma\/\" \/>\n<meta property=\"og:site_name\" content=\"CFP Maresme\" \/>\n<meta property=\"article:published_time\" content=\"2022-11-30T11:02:07+00:00\" \/>\n<meta property=\"article:modified_time\" content=\"2022-12-21T11:26:03+00:00\" \/>\n<meta property=\"og:image\" content=\"https:\/\/cfpmaresme.org\/wp-content\/uploads\/2022\/12\/banner-cristina-en-castella.jpg\" \/>\n\t<meta property=\"og:image:width\" content=\"902\" \/>\n\t<meta property=\"og:image:height\" content=\"231\" \/>\n\t<meta property=\"og:image:type\" content=\"image\/jpeg\" \/>\n<meta name=\"author\" content=\"CFPMaresme\" \/>\n<meta name=\"twitter:card\" content=\"summary_large_image\" \/>\n<meta name=\"twitter:creator\" content=\"@cfpmaresme\" \/>\n<meta name=\"twitter:site\" content=\"@cfpmaresme\" \/>\n<meta name=\"twitter:label1\" content=\"Escrito por\" \/>\n\t<meta name=\"twitter:data1\" content=\"CFPMaresme\" \/>\n\t<meta name=\"twitter:label2\" content=\"Tiempo de lectura\" \/>\n\t<meta name=\"twitter:data2\" content=\"7 minutos\" \/>\n<script type=\"application\/ld+json\" class=\"yoast-schema-graph\">{\"@context\":\"https:\\\/\\\/schema.org\",\"@graph\":[{\"@type\":\"Article\",\"@id\":\"https:\\\/\\\/cfpmaresme.org\\\/es\\\/ser-educadora-social-y-trabajar-con-personas-sobretodo-con-sus-dificultades-tiene-mucho-que-ver-con-toda-la-parte-personal-de-una-misma\\\/#article\",\"isPartOf\":{\"@id\":\"https:\\\/\\\/cfpmaresme.org\\\/es\\\/ser-educadora-social-y-trabajar-con-personas-sobretodo-con-sus-dificultades-tiene-mucho-que-ver-con-toda-la-parte-personal-de-una-misma\\\/\"},\"author\":{\"name\":\"CFPMaresme\",\"@id\":\"https:\\\/\\\/cfpmaresme.org\\\/#\\\/schema\\\/person\\\/b2634bcd796fafc667ea4055f61b9b2c\"},\"headline\":\"\u00abSer Educadora Social y trabajar con personas, sobretodo con sus dificultades, tiene mucho que ver con toda la parte personal de una misma\u00bb\",\"datePublished\":\"2022-11-30T11:02:07+00:00\",\"dateModified\":\"2022-12-21T11:26:03+00:00\",\"mainEntityOfPage\":{\"@id\":\"https:\\\/\\\/cfpmaresme.org\\\/es\\\/ser-educadora-social-y-trabajar-con-personas-sobretodo-con-sus-dificultades-tiene-mucho-que-ver-con-toda-la-parte-personal-de-una-misma\\\/\"},\"wordCount\":1302,\"commentCount\":0,\"image\":{\"@id\":\"https:\\\/\\\/cfpmaresme.org\\\/es\\\/ser-educadora-social-y-trabajar-con-personas-sobretodo-con-sus-dificultades-tiene-mucho-que-ver-con-toda-la-parte-personal-de-una-misma\\\/#primaryimage\"},\"thumbnailUrl\":\"https:\\\/\\\/cfpmaresme.org\\\/wp-content\\\/uploads\\\/2022\\\/12\\\/banner-cristina-en-castella.jpg\",\"articleSection\":[\"Entrevistas\"],\"inLanguage\":\"es\"},{\"@type\":\"WebPage\",\"@id\":\"https:\\\/\\\/cfpmaresme.org\\\/es\\\/ser-educadora-social-y-trabajar-con-personas-sobretodo-con-sus-dificultades-tiene-mucho-que-ver-con-toda-la-parte-personal-de-una-misma\\\/\",\"url\":\"https:\\\/\\\/cfpmaresme.org\\\/es\\\/ser-educadora-social-y-trabajar-con-personas-sobretodo-con-sus-dificultades-tiene-mucho-que-ver-con-toda-la-parte-personal-de-una-misma\\\/\",\"name\":\"\\\"Ser Educadora Social y trabajar con personas, sobretodo con sus dificultades, tiene mucho que ver con toda la parte personal de una misma\\\" | CFP Maresme\",\"isPartOf\":{\"@id\":\"https:\\\/\\\/cfpmaresme.org\\\/#website\"},\"primaryImageOfPage\":{\"@id\":\"https:\\\/\\\/cfpmaresme.org\\\/es\\\/ser-educadora-social-y-trabajar-con-personas-sobretodo-con-sus-dificultades-tiene-mucho-que-ver-con-toda-la-parte-personal-de-una-misma\\\/#primaryimage\"},\"image\":{\"@id\":\"https:\\\/\\\/cfpmaresme.org\\\/es\\\/ser-educadora-social-y-trabajar-con-personas-sobretodo-con-sus-dificultades-tiene-mucho-que-ver-con-toda-la-parte-personal-de-una-misma\\\/#primaryimage\"},\"thumbnailUrl\":\"https:\\\/\\\/cfpmaresme.org\\\/wp-content\\\/uploads\\\/2022\\\/12\\\/banner-cristina-en-castella.jpg\",\"datePublished\":\"2022-11-30T11:02:07+00:00\",\"dateModified\":\"2022-12-21T11:26:03+00:00\",\"author\":{\"@id\":\"https:\\\/\\\/cfpmaresme.org\\\/#\\\/schema\\\/person\\\/b2634bcd796fafc667ea4055f61b9b2c\"},\"breadcrumb\":{\"@id\":\"https:\\\/\\\/cfpmaresme.org\\\/es\\\/ser-educadora-social-y-trabajar-con-personas-sobretodo-con-sus-dificultades-tiene-mucho-que-ver-con-toda-la-parte-personal-de-una-misma\\\/#breadcrumb\"},\"inLanguage\":\"es\",\"potentialAction\":[{\"@type\":\"ReadAction\",\"target\":[\"https:\\\/\\\/cfpmaresme.org\\\/es\\\/ser-educadora-social-y-trabajar-con-personas-sobretodo-con-sus-dificultades-tiene-mucho-que-ver-con-toda-la-parte-personal-de-una-misma\\\/\"]}]},{\"@type\":\"ImageObject\",\"inLanguage\":\"es\",\"@id\":\"https:\\\/\\\/cfpmaresme.org\\\/es\\\/ser-educadora-social-y-trabajar-con-personas-sobretodo-con-sus-dificultades-tiene-mucho-que-ver-con-toda-la-parte-personal-de-una-misma\\\/#primaryimage\",\"url\":\"https:\\\/\\\/cfpmaresme.org\\\/wp-content\\\/uploads\\\/2022\\\/12\\\/banner-cristina-en-castella.jpg\",\"contentUrl\":\"https:\\\/\\\/cfpmaresme.org\\\/wp-content\\\/uploads\\\/2022\\\/12\\\/banner-cristina-en-castella.jpg\",\"width\":902,\"height\":231},{\"@type\":\"BreadcrumbList\",\"@id\":\"https:\\\/\\\/cfpmaresme.org\\\/es\\\/ser-educadora-social-y-trabajar-con-personas-sobretodo-con-sus-dificultades-tiene-mucho-que-ver-con-toda-la-parte-personal-de-una-misma\\\/#breadcrumb\",\"itemListElement\":[{\"@type\":\"ListItem\",\"position\":1,\"name\":\"Home\",\"item\":\"https:\\\/\\\/cfpmaresme.org\\\/es\\\/\"},{\"@type\":\"ListItem\",\"position\":2,\"name\":\"\u00abSer Educadora Social y trabajar con personas, sobretodo con sus dificultades, tiene mucho que ver con toda la parte personal de una misma\u00bb\"}]},{\"@type\":\"WebSite\",\"@id\":\"https:\\\/\\\/cfpmaresme.org\\\/#website\",\"url\":\"https:\\\/\\\/cfpmaresme.org\\\/\",\"name\":\"CFP Maresme\",\"description\":\"Centre Formaci\u00f3 Prevenci\u00f3\",\"potentialAction\":[{\"@type\":\"SearchAction\",\"target\":{\"@type\":\"EntryPoint\",\"urlTemplate\":\"https:\\\/\\\/cfpmaresme.org\\\/?s={search_term_string}\"},\"query-input\":{\"@type\":\"PropertyValueSpecification\",\"valueRequired\":true,\"valueName\":\"search_term_string\"}}],\"inLanguage\":\"es\"},{\"@type\":\"Person\",\"@id\":\"https:\\\/\\\/cfpmaresme.org\\\/#\\\/schema\\\/person\\\/b2634bcd796fafc667ea4055f61b9b2c\",\"name\":\"CFPMaresme\"}]}<\/script>\n<!-- \/ Yoast SEO plugin. -->","yoast_head_json":{"title":"\"Ser Educadora Social y trabajar con personas, sobretodo con sus dificultades, tiene mucho que ver con toda la parte personal de una misma\" | CFP Maresme","robots":{"index":"index","follow":"follow","max-snippet":"max-snippet:-1","max-image-preview":"max-image-preview:large","max-video-preview":"max-video-preview:-1"},"canonical":"https:\/\/cfpmaresme.org\/es\/ser-educadora-social-y-trabajar-con-personas-sobretodo-con-sus-dificultades-tiene-mucho-que-ver-con-toda-la-parte-personal-de-una-misma\/","og_locale":"es_ES","og_type":"article","og_title":"\"Ser Educadora Social y trabajar con personas, sobretodo con sus dificultades, tiene mucho que ver con toda la parte personal de una misma\" | CFP Maresme","og_description":"Perfil: Cristina Almerich es jefa del SRC Maresme. Educadora Social, formada en la escuela de educadores Flor de Maig, la primera del territorio en impartir lo que antes se llamaba \u201cEducador especializado\u00bb, hasta que se cre\u00f3 la diplomatura universitaria de Educaci\u00f3n Social. Tambi\u00e9n es Mediadora...","og_url":"https:\/\/cfpmaresme.org\/es\/ser-educadora-social-y-trabajar-con-personas-sobretodo-con-sus-dificultades-tiene-mucho-que-ver-con-toda-la-parte-personal-de-una-misma\/","og_site_name":"CFP Maresme","article_published_time":"2022-11-30T11:02:07+00:00","article_modified_time":"2022-12-21T11:26:03+00:00","og_image":[{"width":902,"height":231,"url":"https:\/\/cfpmaresme.org\/wp-content\/uploads\/2022\/12\/banner-cristina-en-castella.jpg","type":"image\/jpeg"}],"author":"CFPMaresme","twitter_card":"summary_large_image","twitter_creator":"@cfpmaresme","twitter_site":"@cfpmaresme","twitter_misc":{"Escrito por":"CFPMaresme","Tiempo de lectura":"7 minutos"},"schema":{"@context":"https:\/\/schema.org","@graph":[{"@type":"Article","@id":"https:\/\/cfpmaresme.org\/es\/ser-educadora-social-y-trabajar-con-personas-sobretodo-con-sus-dificultades-tiene-mucho-que-ver-con-toda-la-parte-personal-de-una-misma\/#article","isPartOf":{"@id":"https:\/\/cfpmaresme.org\/es\/ser-educadora-social-y-trabajar-con-personas-sobretodo-con-sus-dificultades-tiene-mucho-que-ver-con-toda-la-parte-personal-de-una-misma\/"},"author":{"name":"CFPMaresme","@id":"https:\/\/cfpmaresme.org\/#\/schema\/person\/b2634bcd796fafc667ea4055f61b9b2c"},"headline":"\u00abSer Educadora Social y trabajar con personas, sobretodo con sus dificultades, tiene mucho que ver con toda la parte personal de una misma\u00bb","datePublished":"2022-11-30T11:02:07+00:00","dateModified":"2022-12-21T11:26:03+00:00","mainEntityOfPage":{"@id":"https:\/\/cfpmaresme.org\/es\/ser-educadora-social-y-trabajar-con-personas-sobretodo-con-sus-dificultades-tiene-mucho-que-ver-con-toda-la-parte-personal-de-una-misma\/"},"wordCount":1302,"commentCount":0,"image":{"@id":"https:\/\/cfpmaresme.org\/es\/ser-educadora-social-y-trabajar-con-personas-sobretodo-con-sus-dificultades-tiene-mucho-que-ver-con-toda-la-parte-personal-de-una-misma\/#primaryimage"},"thumbnailUrl":"https:\/\/cfpmaresme.org\/wp-content\/uploads\/2022\/12\/banner-cristina-en-castella.jpg","articleSection":["Entrevistas"],"inLanguage":"es"},{"@type":"WebPage","@id":"https:\/\/cfpmaresme.org\/es\/ser-educadora-social-y-trabajar-con-personas-sobretodo-con-sus-dificultades-tiene-mucho-que-ver-con-toda-la-parte-personal-de-una-misma\/","url":"https:\/\/cfpmaresme.org\/es\/ser-educadora-social-y-trabajar-con-personas-sobretodo-con-sus-dificultades-tiene-mucho-que-ver-con-toda-la-parte-personal-de-una-misma\/","name":"\"Ser Educadora Social y trabajar con personas, sobretodo con sus dificultades, tiene mucho que ver con toda la parte personal de una misma\" | CFP Maresme","isPartOf":{"@id":"https:\/\/cfpmaresme.org\/#website"},"primaryImageOfPage":{"@id":"https:\/\/cfpmaresme.org\/es\/ser-educadora-social-y-trabajar-con-personas-sobretodo-con-sus-dificultades-tiene-mucho-que-ver-con-toda-la-parte-personal-de-una-misma\/#primaryimage"},"image":{"@id":"https:\/\/cfpmaresme.org\/es\/ser-educadora-social-y-trabajar-con-personas-sobretodo-con-sus-dificultades-tiene-mucho-que-ver-con-toda-la-parte-personal-de-una-misma\/#primaryimage"},"thumbnailUrl":"https:\/\/cfpmaresme.org\/wp-content\/uploads\/2022\/12\/banner-cristina-en-castella.jpg","datePublished":"2022-11-30T11:02:07+00:00","dateModified":"2022-12-21T11:26:03+00:00","author":{"@id":"https:\/\/cfpmaresme.org\/#\/schema\/person\/b2634bcd796fafc667ea4055f61b9b2c"},"breadcrumb":{"@id":"https:\/\/cfpmaresme.org\/es\/ser-educadora-social-y-trabajar-con-personas-sobretodo-con-sus-dificultades-tiene-mucho-que-ver-con-toda-la-parte-personal-de-una-misma\/#breadcrumb"},"inLanguage":"es","potentialAction":[{"@type":"ReadAction","target":["https:\/\/cfpmaresme.org\/es\/ser-educadora-social-y-trabajar-con-personas-sobretodo-con-sus-dificultades-tiene-mucho-que-ver-con-toda-la-parte-personal-de-una-misma\/"]}]},{"@type":"ImageObject","inLanguage":"es","@id":"https:\/\/cfpmaresme.org\/es\/ser-educadora-social-y-trabajar-con-personas-sobretodo-con-sus-dificultades-tiene-mucho-que-ver-con-toda-la-parte-personal-de-una-misma\/#primaryimage","url":"https:\/\/cfpmaresme.org\/wp-content\/uploads\/2022\/12\/banner-cristina-en-castella.jpg","contentUrl":"https:\/\/cfpmaresme.org\/wp-content\/uploads\/2022\/12\/banner-cristina-en-castella.jpg","width":902,"height":231},{"@type":"BreadcrumbList","@id":"https:\/\/cfpmaresme.org\/es\/ser-educadora-social-y-trabajar-con-personas-sobretodo-con-sus-dificultades-tiene-mucho-que-ver-con-toda-la-parte-personal-de-una-misma\/#breadcrumb","itemListElement":[{"@type":"ListItem","position":1,"name":"Home","item":"https:\/\/cfpmaresme.org\/es\/"},{"@type":"ListItem","position":2,"name":"\u00abSer Educadora Social y trabajar con personas, sobretodo con sus dificultades, tiene mucho que ver con toda la parte personal de una misma\u00bb"}]},{"@type":"WebSite","@id":"https:\/\/cfpmaresme.org\/#website","url":"https:\/\/cfpmaresme.org\/","name":"CFP Maresme","description":"Centre Formaci\u00f3 Prevenci\u00f3","potentialAction":[{"@type":"SearchAction","target":{"@type":"EntryPoint","urlTemplate":"https:\/\/cfpmaresme.org\/?s={search_term_string}"},"query-input":{"@type":"PropertyValueSpecification","valueRequired":true,"valueName":"search_term_string"}}],"inLanguage":"es"},{"@type":"Person","@id":"https:\/\/cfpmaresme.org\/#\/schema\/person\/b2634bcd796fafc667ea4055f61b9b2c","name":"CFPMaresme"}]}},"_links":{"self":[{"href":"https:\/\/cfpmaresme.org\/es\/wp-json\/wp\/v2\/posts\/71907","targetHints":{"allow":["GET"]}}],"collection":[{"href":"https:\/\/cfpmaresme.org\/es\/wp-json\/wp\/v2\/posts"}],"about":[{"href":"https:\/\/cfpmaresme.org\/es\/wp-json\/wp\/v2\/types\/post"}],"author":[{"embeddable":true,"href":"https:\/\/cfpmaresme.org\/es\/wp-json\/wp\/v2\/users\/2"}],"replies":[{"embeddable":true,"href":"https:\/\/cfpmaresme.org\/es\/wp-json\/wp\/v2\/comments?post=71907"}],"version-history":[{"count":8,"href":"https:\/\/cfpmaresme.org\/es\/wp-json\/wp\/v2\/posts\/71907\/revisions"}],"predecessor-version":[{"id":71922,"href":"https:\/\/cfpmaresme.org\/es\/wp-json\/wp\/v2\/posts\/71907\/revisions\/71922"}],"wp:featuredmedia":[{"embeddable":true,"href":"https:\/\/cfpmaresme.org\/es\/wp-json\/wp\/v2\/media\/71908"}],"wp:attachment":[{"href":"https:\/\/cfpmaresme.org\/es\/wp-json\/wp\/v2\/media?parent=71907"}],"wp:term":[{"taxonomy":"category","embeddable":true,"href":"https:\/\/cfpmaresme.org\/es\/wp-json\/wp\/v2\/categories?post=71907"},{"taxonomy":"post_tag","embeddable":true,"href":"https:\/\/cfpmaresme.org\/es\/wp-json\/wp\/v2\/tags?post=71907"}],"curies":[{"name":"wp","href":"https:\/\/api.w.org\/{rel}","templated":true}]}}