{"id":72408,"date":"2023-02-28T14:02:32","date_gmt":"2023-02-28T12:02:32","guid":{"rendered":"https:\/\/cfpmaresme.org\/?p=72408"},"modified":"2023-02-28T14:04:52","modified_gmt":"2023-02-28T12:04:52","slug":"la-segona-seu-de-llibre-actiu-ubicada-en-premia-de-mar-ya-es-una-realidad","status":"publish","type":"post","link":"https:\/\/cfpmaresme.org\/es\/la-segona-seu-de-llibre-actiu-ubicada-en-premia-de-mar-ya-es-una-realidad\/","title":{"rendered":"La segunda sede de Llibre Actiu, ubicada en Premi\u00e0 de Mar, ya es una realidad"},"content":{"rendered":"<p>Llibre Actiu, la librer\u00eda de intercambio gratuita de la entidad abri\u00f3 ayer sus puertas en Premi\u00e0 de Mar. Concretamente, en el Servicio de Rehabilitaci\u00f3n Comunitaria Burriac, situado en el Pasaje Burriac n\u00famero 3. El concepto es exactamente el mismo que la librer\u00eda pionera, la de Matar\u00f3: es un espacio donde poder traer libros y llevarte tantos como hayas aportado, siendo tres el m\u00e1ximo cada vez que vas. De esta manera damos una segunda vida a los libros, incentivamos la cultura gratuita y, tambi\u00e9n, la reutilizaci\u00f3n.<\/p>\n<p>&nbsp;<\/p>\n<h3>La importancia del voluntariado<\/h3>\n<p>El alma de Llibre Actiu son las personas voluntarias. Ellas gestionan la librer\u00eda de forma altruista. En Matar\u00f3 hay personas que llevan toda una vida all\u00ed. Es el caso Yolanda, m\u00e1s de una d\u00e9cada siendo voluntaria.<\/p>\n<p>El voluntariado en la librer\u00eda est\u00e1 abierto a toda la ciudadan\u00eda pero, a menudo, las personas voluntarias han estado o est\u00e1n vinculadas a servicios que atienden a personas que conviven con una problem\u00e1tica de salud mental del CFP. As\u00ed pues, la librer\u00eda es tambi\u00e9n un programa comunitario propio que facilita la inclusi\u00f3n comunitaria de personas.<\/p>\n<p>A d\u00eda de hoy en Llibre Actiu Premi\u00e0 ya contamos con siete personas voluntarias y esto solo accaba de empezar. Esperamos que veng\u00e1is y disftrut\u00e9is del intercambio cultural gratuito.<\/p>\n","protected":false},"excerpt":{"rendered":"<p>Llibre Actiu, la librer\u00eda de intercambio gratuita de la entidad abri\u00f3 ayer sus puertas en Premi\u00e0 de Mar. Concretamente, en el Servicio de Rehabilitaci\u00f3n Comunitaria Burriac, situado en el Pasaje Burriac n\u00famero 3. El concepto es exactamente el mismo que la librer\u00eda pionera, la de&#8230;<\/p>\n","protected":false},"author":2,"featured_media":72406,"comment_status":"open","ping_status":"open","sticky":false,"template":"","format":"standard","meta":{"footnotes":""},"categories":[1259,1199],"tags":[],"class_list":["post-72408","post","type-post","status-publish","format-standard","has-post-thumbnail","hentry","category-publicaciones","category-servicios-de-rehabilitacion-comunitaria"],"yoast_head":"<!-- This site is optimized with the Yoast SEO plugin v27.4 - https:\/\/yoast.com\/product\/yoast-seo-wordpress\/ -->\n<title>La segunda sede de Llibre Actiu, ubicada en Premi\u00e0 de Mar, ya es una realidad | CFP Maresme<\/title>\n<meta name=\"robots\" content=\"index, follow, max-snippet:-1, max-image-preview:large, max-video-preview:-1\" \/>\n<link rel=\"canonical\" href=\"https:\/\/cfpmaresme.org\/es\/la-segona-seu-de-llibre-actiu-ubicada-en-premia-de-mar-ya-es-una-realidad\/\" \/>\n<meta property=\"og:locale\" content=\"es_ES\" \/>\n<meta property=\"og:type\" content=\"article\" \/>\n<meta property=\"og:title\" content=\"La segunda sede de Llibre Actiu, ubicada en Premi\u00e0 de Mar, ya es una realidad | CFP Maresme\" \/>\n<meta property=\"og:description\" content=\"Llibre Actiu, la librer\u00eda de intercambio gratuita de la entidad abri\u00f3 ayer sus puertas en Premi\u00e0 de Mar. Concretamente, en el Servicio de Rehabilitaci\u00f3n Comunitaria Burriac, situado en el Pasaje Burriac n\u00famero 3. El concepto es exactamente el mismo que la librer\u00eda pionera, la de...\" \/>\n<meta property=\"og:url\" content=\"https:\/\/cfpmaresme.org\/es\/la-segona-seu-de-llibre-actiu-ubicada-en-premia-de-mar-ya-es-una-realidad\/\" \/>\n<meta property=\"og:site_name\" content=\"CFP Maresme\" \/>\n<meta property=\"article:published_time\" content=\"2023-02-28T12:02:32+00:00\" \/>\n<meta property=\"article:modified_time\" content=\"2023-02-28T12:04:52+00:00\" \/>\n<meta property=\"og:image\" content=\"https:\/\/cfpmaresme.org\/wp-content\/uploads\/2023\/02\/banner.jpg\" \/>\n\t<meta property=\"og:image:width\" content=\"1098\" \/>\n\t<meta property=\"og:image:height\" content=\"804\" \/>\n\t<meta property=\"og:image:type\" content=\"image\/jpeg\" \/>\n<meta name=\"author\" content=\"CFPMaresme\" \/>\n<meta name=\"twitter:card\" content=\"summary_large_image\" \/>\n<meta name=\"twitter:creator\" content=\"@cfpmaresme\" \/>\n<meta name=\"twitter:site\" content=\"@cfpmaresme\" \/>\n<meta name=\"twitter:label1\" content=\"Escrito por\" \/>\n\t<meta name=\"twitter:data1\" content=\"CFPMaresme\" \/>\n\t<meta name=\"twitter:label2\" content=\"Tiempo de lectura\" \/>\n\t<meta name=\"twitter:data2\" content=\"2 minutos\" \/>\n<script type=\"application\/ld+json\" class=\"yoast-schema-graph\">{\"@context\":\"https:\\\/\\\/schema.org\",\"@graph\":[{\"@type\":\"Article\",\"@id\":\"https:\\\/\\\/cfpmaresme.org\\\/es\\\/la-segona-seu-de-llibre-actiu-ubicada-en-premia-de-mar-ya-es-una-realidad\\\/#article\",\"isPartOf\":{\"@id\":\"https:\\\/\\\/cfpmaresme.org\\\/es\\\/la-segona-seu-de-llibre-actiu-ubicada-en-premia-de-mar-ya-es-una-realidad\\\/\"},\"author\":{\"name\":\"CFPMaresme\",\"@id\":\"https:\\\/\\\/cfpmaresme.org\\\/#\\\/schema\\\/person\\\/b2634bcd796fafc667ea4055f61b9b2c\"},\"headline\":\"La segunda sede de Llibre Actiu, ubicada en Premi\u00e0 de Mar, ya es una realidad\",\"datePublished\":\"2023-02-28T12:02:32+00:00\",\"dateModified\":\"2023-02-28T12:04:52+00:00\",\"mainEntityOfPage\":{\"@id\":\"https:\\\/\\\/cfpmaresme.org\\\/es\\\/la-segona-seu-de-llibre-actiu-ubicada-en-premia-de-mar-ya-es-una-realidad\\\/\"},\"wordCount\":244,\"commentCount\":0,\"image\":{\"@id\":\"https:\\\/\\\/cfpmaresme.org\\\/es\\\/la-segona-seu-de-llibre-actiu-ubicada-en-premia-de-mar-ya-es-una-realidad\\\/#primaryimage\"},\"thumbnailUrl\":\"https:\\\/\\\/cfpmaresme.org\\\/wp-content\\\/uploads\\\/2023\\\/02\\\/banner.jpg\",\"articleSection\":[\"Publicaciones\",\"Servicios de Rehabilitaci\u00f3n Comunitaria\"],\"inLanguage\":\"es\"},{\"@type\":\"WebPage\",\"@id\":\"https:\\\/\\\/cfpmaresme.org\\\/es\\\/la-segona-seu-de-llibre-actiu-ubicada-en-premia-de-mar-ya-es-una-realidad\\\/\",\"url\":\"https:\\\/\\\/cfpmaresme.org\\\/es\\\/la-segona-seu-de-llibre-actiu-ubicada-en-premia-de-mar-ya-es-una-realidad\\\/\",\"name\":\"La segunda sede de Llibre Actiu, ubicada en Premi\u00e0 de Mar, ya es una realidad | CFP Maresme\",\"isPartOf\":{\"@id\":\"https:\\\/\\\/cfpmaresme.org\\\/#website\"},\"primaryImageOfPage\":{\"@id\":\"https:\\\/\\\/cfpmaresme.org\\\/es\\\/la-segona-seu-de-llibre-actiu-ubicada-en-premia-de-mar-ya-es-una-realidad\\\/#primaryimage\"},\"image\":{\"@id\":\"https:\\\/\\\/cfpmaresme.org\\\/es\\\/la-segona-seu-de-llibre-actiu-ubicada-en-premia-de-mar-ya-es-una-realidad\\\/#primaryimage\"},\"thumbnailUrl\":\"https:\\\/\\\/cfpmaresme.org\\\/wp-content\\\/uploads\\\/2023\\\/02\\\/banner.jpg\",\"datePublished\":\"2023-02-28T12:02:32+00:00\",\"dateModified\":\"2023-02-28T12:04:52+00:00\",\"author\":{\"@id\":\"https:\\\/\\\/cfpmaresme.org\\\/#\\\/schema\\\/person\\\/b2634bcd796fafc667ea4055f61b9b2c\"},\"breadcrumb\":{\"@id\":\"https:\\\/\\\/cfpmaresme.org\\\/es\\\/la-segona-seu-de-llibre-actiu-ubicada-en-premia-de-mar-ya-es-una-realidad\\\/#breadcrumb\"},\"inLanguage\":\"es\",\"potentialAction\":[{\"@type\":\"ReadAction\",\"target\":[\"https:\\\/\\\/cfpmaresme.org\\\/es\\\/la-segona-seu-de-llibre-actiu-ubicada-en-premia-de-mar-ya-es-una-realidad\\\/\"]}]},{\"@type\":\"ImageObject\",\"inLanguage\":\"es\",\"@id\":\"https:\\\/\\\/cfpmaresme.org\\\/es\\\/la-segona-seu-de-llibre-actiu-ubicada-en-premia-de-mar-ya-es-una-realidad\\\/#primaryimage\",\"url\":\"https:\\\/\\\/cfpmaresme.org\\\/wp-content\\\/uploads\\\/2023\\\/02\\\/banner.jpg\",\"contentUrl\":\"https:\\\/\\\/cfpmaresme.org\\\/wp-content\\\/uploads\\\/2023\\\/02\\\/banner.jpg\",\"width\":1098,\"height\":804},{\"@type\":\"BreadcrumbList\",\"@id\":\"https:\\\/\\\/cfpmaresme.org\\\/es\\\/la-segona-seu-de-llibre-actiu-ubicada-en-premia-de-mar-ya-es-una-realidad\\\/#breadcrumb\",\"itemListElement\":[{\"@type\":\"ListItem\",\"position\":1,\"name\":\"Home\",\"item\":\"https:\\\/\\\/cfpmaresme.org\\\/es\\\/\"},{\"@type\":\"ListItem\",\"position\":2,\"name\":\"La segunda sede de Llibre Actiu, ubicada en Premi\u00e0 de Mar, ya es una realidad\"}]},{\"@type\":\"WebSite\",\"@id\":\"https:\\\/\\\/cfpmaresme.org\\\/#website\",\"url\":\"https:\\\/\\\/cfpmaresme.org\\\/\",\"name\":\"CFP Maresme\",\"description\":\"Centre Formaci\u00f3 Prevenci\u00f3\",\"potentialAction\":[{\"@type\":\"SearchAction\",\"target\":{\"@type\":\"EntryPoint\",\"urlTemplate\":\"https:\\\/\\\/cfpmaresme.org\\\/?s={search_term_string}\"},\"query-input\":{\"@type\":\"PropertyValueSpecification\",\"valueRequired\":true,\"valueName\":\"search_term_string\"}}],\"inLanguage\":\"es\"},{\"@type\":\"Person\",\"@id\":\"https:\\\/\\\/cfpmaresme.org\\\/#\\\/schema\\\/person\\\/b2634bcd796fafc667ea4055f61b9b2c\",\"name\":\"CFPMaresme\"}]}<\/script>\n<!-- \/ Yoast SEO plugin. -->","yoast_head_json":{"title":"La segunda sede de Llibre Actiu, ubicada en Premi\u00e0 de Mar, ya es una realidad | CFP Maresme","robots":{"index":"index","follow":"follow","max-snippet":"max-snippet:-1","max-image-preview":"max-image-preview:large","max-video-preview":"max-video-preview:-1"},"canonical":"https:\/\/cfpmaresme.org\/es\/la-segona-seu-de-llibre-actiu-ubicada-en-premia-de-mar-ya-es-una-realidad\/","og_locale":"es_ES","og_type":"article","og_title":"La segunda sede de Llibre Actiu, ubicada en Premi\u00e0 de Mar, ya es una realidad | CFP Maresme","og_description":"Llibre Actiu, la librer\u00eda de intercambio gratuita de la entidad abri\u00f3 ayer sus puertas en Premi\u00e0 de Mar. Concretamente, en el Servicio de Rehabilitaci\u00f3n Comunitaria Burriac, situado en el Pasaje Burriac n\u00famero 3. El concepto es exactamente el mismo que la librer\u00eda pionera, la de...","og_url":"https:\/\/cfpmaresme.org\/es\/la-segona-seu-de-llibre-actiu-ubicada-en-premia-de-mar-ya-es-una-realidad\/","og_site_name":"CFP Maresme","article_published_time":"2023-02-28T12:02:32+00:00","article_modified_time":"2023-02-28T12:04:52+00:00","og_image":[{"width":1098,"height":804,"url":"https:\/\/cfpmaresme.org\/wp-content\/uploads\/2023\/02\/banner.jpg","type":"image\/jpeg"}],"author":"CFPMaresme","twitter_card":"summary_large_image","twitter_creator":"@cfpmaresme","twitter_site":"@cfpmaresme","twitter_misc":{"Escrito por":"CFPMaresme","Tiempo de lectura":"2 minutos"},"schema":{"@context":"https:\/\/schema.org","@graph":[{"@type":"Article","@id":"https:\/\/cfpmaresme.org\/es\/la-segona-seu-de-llibre-actiu-ubicada-en-premia-de-mar-ya-es-una-realidad\/#article","isPartOf":{"@id":"https:\/\/cfpmaresme.org\/es\/la-segona-seu-de-llibre-actiu-ubicada-en-premia-de-mar-ya-es-una-realidad\/"},"author":{"name":"CFPMaresme","@id":"https:\/\/cfpmaresme.org\/#\/schema\/person\/b2634bcd796fafc667ea4055f61b9b2c"},"headline":"La segunda sede de Llibre Actiu, ubicada en Premi\u00e0 de Mar, ya es una realidad","datePublished":"2023-02-28T12:02:32+00:00","dateModified":"2023-02-28T12:04:52+00:00","mainEntityOfPage":{"@id":"https:\/\/cfpmaresme.org\/es\/la-segona-seu-de-llibre-actiu-ubicada-en-premia-de-mar-ya-es-una-realidad\/"},"wordCount":244,"commentCount":0,"image":{"@id":"https:\/\/cfpmaresme.org\/es\/la-segona-seu-de-llibre-actiu-ubicada-en-premia-de-mar-ya-es-una-realidad\/#primaryimage"},"thumbnailUrl":"https:\/\/cfpmaresme.org\/wp-content\/uploads\/2023\/02\/banner.jpg","articleSection":["Publicaciones","Servicios de Rehabilitaci\u00f3n Comunitaria"],"inLanguage":"es"},{"@type":"WebPage","@id":"https:\/\/cfpmaresme.org\/es\/la-segona-seu-de-llibre-actiu-ubicada-en-premia-de-mar-ya-es-una-realidad\/","url":"https:\/\/cfpmaresme.org\/es\/la-segona-seu-de-llibre-actiu-ubicada-en-premia-de-mar-ya-es-una-realidad\/","name":"La segunda sede de Llibre Actiu, ubicada en Premi\u00e0 de Mar, ya es una realidad | CFP Maresme","isPartOf":{"@id":"https:\/\/cfpmaresme.org\/#website"},"primaryImageOfPage":{"@id":"https:\/\/cfpmaresme.org\/es\/la-segona-seu-de-llibre-actiu-ubicada-en-premia-de-mar-ya-es-una-realidad\/#primaryimage"},"image":{"@id":"https:\/\/cfpmaresme.org\/es\/la-segona-seu-de-llibre-actiu-ubicada-en-premia-de-mar-ya-es-una-realidad\/#primaryimage"},"thumbnailUrl":"https:\/\/cfpmaresme.org\/wp-content\/uploads\/2023\/02\/banner.jpg","datePublished":"2023-02-28T12:02:32+00:00","dateModified":"2023-02-28T12:04:52+00:00","author":{"@id":"https:\/\/cfpmaresme.org\/#\/schema\/person\/b2634bcd796fafc667ea4055f61b9b2c"},"breadcrumb":{"@id":"https:\/\/cfpmaresme.org\/es\/la-segona-seu-de-llibre-actiu-ubicada-en-premia-de-mar-ya-es-una-realidad\/#breadcrumb"},"inLanguage":"es","potentialAction":[{"@type":"ReadAction","target":["https:\/\/cfpmaresme.org\/es\/la-segona-seu-de-llibre-actiu-ubicada-en-premia-de-mar-ya-es-una-realidad\/"]}]},{"@type":"ImageObject","inLanguage":"es","@id":"https:\/\/cfpmaresme.org\/es\/la-segona-seu-de-llibre-actiu-ubicada-en-premia-de-mar-ya-es-una-realidad\/#primaryimage","url":"https:\/\/cfpmaresme.org\/wp-content\/uploads\/2023\/02\/banner.jpg","contentUrl":"https:\/\/cfpmaresme.org\/wp-content\/uploads\/2023\/02\/banner.jpg","width":1098,"height":804},{"@type":"BreadcrumbList","@id":"https:\/\/cfpmaresme.org\/es\/la-segona-seu-de-llibre-actiu-ubicada-en-premia-de-mar-ya-es-una-realidad\/#breadcrumb","itemListElement":[{"@type":"ListItem","position":1,"name":"Home","item":"https:\/\/cfpmaresme.org\/es\/"},{"@type":"ListItem","position":2,"name":"La segunda sede de Llibre Actiu, ubicada en Premi\u00e0 de Mar, ya es una realidad"}]},{"@type":"WebSite","@id":"https:\/\/cfpmaresme.org\/#website","url":"https:\/\/cfpmaresme.org\/","name":"CFP Maresme","description":"Centre Formaci\u00f3 Prevenci\u00f3","potentialAction":[{"@type":"SearchAction","target":{"@type":"EntryPoint","urlTemplate":"https:\/\/cfpmaresme.org\/?s={search_term_string}"},"query-input":{"@type":"PropertyValueSpecification","valueRequired":true,"valueName":"search_term_string"}}],"inLanguage":"es"},{"@type":"Person","@id":"https:\/\/cfpmaresme.org\/#\/schema\/person\/b2634bcd796fafc667ea4055f61b9b2c","name":"CFPMaresme"}]}},"_links":{"self":[{"href":"https:\/\/cfpmaresme.org\/es\/wp-json\/wp\/v2\/posts\/72408","targetHints":{"allow":["GET"]}}],"collection":[{"href":"https:\/\/cfpmaresme.org\/es\/wp-json\/wp\/v2\/posts"}],"about":[{"href":"https:\/\/cfpmaresme.org\/es\/wp-json\/wp\/v2\/types\/post"}],"author":[{"embeddable":true,"href":"https:\/\/cfpmaresme.org\/es\/wp-json\/wp\/v2\/users\/2"}],"replies":[{"embeddable":true,"href":"https:\/\/cfpmaresme.org\/es\/wp-json\/wp\/v2\/comments?post=72408"}],"version-history":[{"count":5,"href":"https:\/\/cfpmaresme.org\/es\/wp-json\/wp\/v2\/posts\/72408\/revisions"}],"predecessor-version":[{"id":72413,"href":"https:\/\/cfpmaresme.org\/es\/wp-json\/wp\/v2\/posts\/72408\/revisions\/72413"}],"wp:featuredmedia":[{"embeddable":true,"href":"https:\/\/cfpmaresme.org\/es\/wp-json\/wp\/v2\/media\/72406"}],"wp:attachment":[{"href":"https:\/\/cfpmaresme.org\/es\/wp-json\/wp\/v2\/media?parent=72408"}],"wp:term":[{"taxonomy":"category","embeddable":true,"href":"https:\/\/cfpmaresme.org\/es\/wp-json\/wp\/v2\/categories?post=72408"},{"taxonomy":"post_tag","embeddable":true,"href":"https:\/\/cfpmaresme.org\/es\/wp-json\/wp\/v2\/tags?post=72408"}],"curies":[{"name":"wp","href":"https:\/\/api.w.org\/{rel}","templated":true}]}}