{"id":72500,"date":"2023-03-31T09:47:33","date_gmt":"2023-03-31T07:47:33","guid":{"rendered":"https:\/\/cfpmaresme.org\/?p=72500"},"modified":"2023-03-31T11:05:27","modified_gmt":"2023-03-31T09:05:27","slug":"en-la-colla-siento-que-formo-parte-de-alguna-cosa-grande-y-que-todos-los-ninos-estan-ilusionados-me-siento-muy-unida-alli","status":"publish","type":"post","link":"https:\/\/cfpmaresme.org\/es\/en-la-colla-siento-que-formo-parte-de-alguna-cosa-grande-y-que-todos-los-ninos-estan-ilusionados-me-siento-muy-unida-alli\/","title":{"rendered":"\u00abEn la colla siento que formo parte de alguna cosa grande y que todos los ni\u00f1os est\u00e1n ilusionados. Me siento muy unida all\u00ed\u00bb"},"content":{"rendered":"<h4>Perfil: B. es una de las adolescentes que forma parte de la <em>\u00abColla Gegantera\u00bb<\/em> de la entidad y Cristina y Laia son las Educadoras referentes del proyecto.<\/h4>\n<p>&nbsp;<\/p>\n<h3>Origen de<em> la colla<\/em><\/h3>\n<h4>La creaci\u00f3n de <em>la colla<\/em> se inici\u00f3 durante un largo confinamiento. \u00bfPodr\u00edais explicarnos c\u00f3mo empez\u00f3 todo?<\/h4>\n<p><strong>Laia:<\/strong> Nos confinaron en julio, una \u00e9poca un poco complicada porque tienes ganas de salir, de ir a la playa&#8230;Tambi\u00e9n tuvimos que parar los casales de verano y fue un confinamiento un poco rollo porque en principio eran 15 d\u00edas y, conforme iban saliendo m\u00e1s positivos, se iba alargando.<\/p>\n<p>Les propuse hacer una actividad m\u00e1s manual. Estuvimos mirando v\u00eddeos de qu\u00e9 son las <em>colles geganteres<\/em> aqu\u00ed en Catalunya, tambi\u00e9n pensando en que conociesen la tradici\u00f3n catalana. Y empezamos haciendo un gigante con una caja del microondas que se acababa de comprar. Dijimos: \u00ab\u00a1Vamos a hacer una cabeza!\u00bb Y as\u00ed empezamos y ellos decidieron hacer un drag\u00f3n.<\/p>\n<p>Entre todos lo dibujamos, pensamos c\u00f3mo lo quer\u00edamos hacer con papel mach\u00e9. Cuando tuvimos la cabeza dijimos: le falta un cuerpo. Entonces Irene, la subdirectora del CRAE, nos puso en contacto con el <a href=\"https:\/\/cfpmaresme.org\/es\/servicio-prelaboral\/\" target=\"_blank\" rel=\"noopener\">servicio Prelaboral<\/a> porque nos hiciesen la estructura y entonces tuvimos nuestro gigant\u00f3n.<\/p>\n<p>La idea fue buscar un poco trabajar en equipo durante el confinamiento que era bastante duro y que cada ma\u00f1ana tuvi\u00e9semos una motivaci\u00f3n que no fuese cada d\u00eda el t\u00edpico juego de mesa.<\/p>\n<h4>\u00bfEl confinamiento era de todos los ni\u00f1os y ni\u00f1as?<\/h4>\n<p><strong>B.: <\/strong>S\u00ed, pero los m\u00e1s grandes no participamos al principio porque en el confinamiento nos divid\u00edamos en grupos y esta actividad fue propuesta para los m\u00e1s peque\u00f1os. Se podr\u00eda a\u00f1adir a todo el mundo que quisiera pero no nos unimos, era m\u00e1s para los peque\u00f1os.<\/p>\n<h4>\u00bfQu\u00e9 destacar\u00edais de la distribuci\u00f3n de tareas?<\/h4>\n<p><strong>Laia:<\/strong> Hay dos casos para explicar: el de una ni\u00f1a que empez\u00f3 a hacer las alas y justo dio positivo y le subimos las alas a la habitaci\u00f3n y, el otro caso, es el de una ni\u00f1a que hizo de la estructura de las manos su proyecto. Intent\u00e1bamos que cada ni\u00f1o tuviese su funci\u00f3n concreta y que todo el mundo pudiese participar.<\/p>\n<p>&nbsp;<\/p>\n<h3><u>La primera salida de <em>la colla:<\/em> la r\u00faa de Carnaval<\/u><\/h3>\n<h4>La primera salida de <em>la colla<\/em> fue la r\u00faa de Carnaval, el a\u00f1o 2022. \u00bfC\u00f3mo la vivisteis?<\/h4>\n<p><strong>Laia: <\/strong>Cristina me explic\u00f3 que querr\u00eda ir como espectadora en la r\u00faa de Carnaval y dijimos: tenemos el drag\u00f3n, por qu\u00e9 no participamos, hacemos el disfraz de los dragones y aprovechamos para sacarlo. <img loading=\"lazy\" decoding=\"async\" class=\" wp-image-69791 alignright\" src=\"http:\/\/cfpmaresme.org\/wp-content\/uploads\/2022\/03\/collage-240x300.jpg\" alt=\"\" width=\"313\" height=\"391\" srcset=\"https:\/\/cfpmaresme.org\/wp-content\/uploads\/2022\/03\/collage-240x300.jpg 240w, https:\/\/cfpmaresme.org\/wp-content\/uploads\/2022\/03\/collage-819x1024.jpg 819w, https:\/\/cfpmaresme.org\/wp-content\/uploads\/2022\/03\/collage-768x960.jpg 768w, https:\/\/cfpmaresme.org\/wp-content\/uploads\/2022\/03\/collage-1229x1536.jpg 1229w, https:\/\/cfpmaresme.org\/wp-content\/uploads\/2022\/03\/collage-1638x2048.jpg 1638w, https:\/\/cfpmaresme.org\/wp-content\/uploads\/2022\/03\/collage-700x875.jpg 700w, https:\/\/cfpmaresme.org\/wp-content\/uploads\/2022\/03\/collage-scaled.jpg 2048w\" sizes=\"auto, (max-width: 313px) 100vw, 313px\" \/><\/p>\n<p><strong>Cristina: <\/strong>Y en 15 d\u00edas lo organizamos todo y participamos.<\/p>\n<p><strong>B: <\/strong>Fue genial, me sent\u00ed muy bien. Todos los ni\u00f1os participaron much\u00edsimo. Yo estaba euf\u00f3rica.<\/p>\n<h4>\u00bfY a nivel de grupo?<\/h4>\n<p><strong>Cristina:<\/strong> No nos lo esper\u00e1bamos&#8230;Los adolescentes cuidaban de los peque\u00f1os, los cog\u00edan en brazos cuando estaban cansados, la sensaci\u00f3n fue de mucha uni\u00f3n. Estaban todos a una.<\/p>\n<p><strong>B.:\u00a0 <\/strong>Tambi\u00e9n porque nos vinieron a ver muchos trabajadores del centro&#8230;Era muy emocionante.<\/p>\n<h4>Esta r\u00faa acab\u00f3 de la mejor manera posible: ganasteis un tercer premio. \u00bfC\u00f3mo record\u00e1is este momento?<\/h4>\n<p><strong>Laia: <\/strong>S\u00ed, el premio fue ya&#8230;<\/p>\n<p><strong>Cristina: <\/strong>Fue lo que anim\u00f3, \u00bfNo tambi\u00e9n? No tan como a premio sino como un reconocimiento por el trabajo hecho.<\/p>\n<p>&nbsp;<\/p>\n<h3>Significado y proyecto de futuro<\/h3>\n<h4>B., si tuvieses que destacar alguna cosa sobre qu\u00e9 te aporta formar parte de <em>la colla<\/em>, \u00bfQu\u00e9 ser\u00eda?<\/h4>\n<p><strong>B.:\u00a0 <\/strong>En la<em> colla<\/em> siento que formo parte de alguna cosa grande y que todos los ni\u00f1os est\u00e1n ilusionados. Me siento muy unida all\u00ed. Yo me lo tomo muy en serio. Aprieto a los compa\u00f1eros para que participen y despu\u00e9s ya&#8230;Alegr\u00eda (Risas).<\/p>\n<h4>\u00bf Como Educadoras, qu\u00e9 dir\u00edais que aporta <em>la colla<\/em> a los infantes y adolescentes?<\/h4>\n<p><strong>Cristina: <\/strong>A los ni\u00f1os mucha uni\u00f3n, sensaci\u00f3n de hacer grupo. Tambi\u00e9n el v\u00ednculo de las educadoras que estamos presentes en el proyecto. Desde mi punto de vista, mi v\u00ednculo con los ni\u00f1os ha aumentado el doble. Son muchos ratos, tambi\u00e9n hacemos broma&#8230;Es un momento guai. Creo que los ni\u00f1os lo valoran muy bien y yo personalmente como educadora tambi\u00e9n. Creo que es un proyecto muy importante.<\/p>\n<h4>Tambi\u00e9n a nivel comunitario, \u00bfNo?<\/h4>\n<p><strong>Cristina: <\/strong>S\u00ed, pienso que a\u00f1adir a los ni\u00f1os en un entorno cultural, conociendo otro \u00e1mbito es positivo.<\/p>\n<p>El proyecto empieza a ser una cosa transversal. La hermana de una ni\u00f1a nos ayuda, la mujer de limpieza que tambi\u00e9n es costurera nos ha hecho los disfraces&#8230;Nos ha ayudado mucho.<\/p>\n<p><strong>Laia: <\/strong>La idea es que sea un proyecto de entidad.<\/p>\n<p><strong>B.:<\/strong> Tengo que decir que los ni\u00f1os sabemos que las educadoras dedican tiempo fuera para hacer cosas para <em>la colla<\/em>. Nosotros vemos que realmente les importamos.<\/p>\n<h4>\u00bfQu\u00e9 proyectos de futuro ten\u00e9is con <em>la colla<\/em>?<\/h4>\n<p><strong>Laia: <\/strong>Cuando ganamos el Carnaval nos emocionamos y dise\u00f1amos un proyecto que es hacer un bestiario. Es decir, tocar todas las figuras que tiene una <em>colla gegantera<\/em> que son un bestiario, el drag\u00f3n y los gigantones. Hicimos un gigante de dos cabezas, que lo queremos restaurar porque en una salida chocamos con un \u00e1rbol (Risas).<\/p>\n<h4>Claro&#8230;De todo se aprende&#8230;<\/h4>\n<p><strong>Laia: <\/strong>Ara restauraremos el drag\u00f3n y queremos hacer a Santa Jordina, el drag\u00f3n en mujer y estar\u00e1 inspirada en B.<\/p>\n<p><strong>B.: <\/strong>\u00bfC\u00f3mo?! Estoo yo no lo sab\u00eda.<\/p>\n<p><strong>Laia: <\/strong>Una mujer empoderada. Le estamos dando su lugar.<\/p>\n<p><strong>\u00a0<\/strong><\/p>\n<p><strong>Perfecto&#8230;Cuando lo teng\u00e1is haremos una entrevista a la fuente de inspiraci\u00f3n.\u00a0<\/strong><\/p>\n<p>&nbsp;<\/p>\n<p><img loading=\"lazy\" decoding=\"async\" class=\"alignnone wp-image-69787\" src=\"http:\/\/cfpmaresme.org\/wp-content\/uploads\/2022\/03\/pinya-pixelada-en-png-i-retallada-300x157.jpg\" alt=\"\" width=\"592\" height=\"310\" srcset=\"https:\/\/cfpmaresme.org\/wp-content\/uploads\/2022\/03\/pinya-pixelada-en-png-i-retallada-300x157.jpg 300w, https:\/\/cfpmaresme.org\/wp-content\/uploads\/2022\/03\/pinya-pixelada-en-png-i-retallada-768x402.jpg 768w, https:\/\/cfpmaresme.org\/wp-content\/uploads\/2022\/03\/pinya-pixelada-en-png-i-retallada-700x366.jpg 700w, https:\/\/cfpmaresme.org\/wp-content\/uploads\/2022\/03\/pinya-pixelada-en-png-i-retallada.jpg 1000w\" sizes=\"auto, (max-width: 592px) 100vw, 592px\" \/><\/p>\n","protected":false},"excerpt":{"rendered":"<p>Perfil: B. es una de las adolescentes que forma parte de la \u00abColla Gegantera\u00bb de la entidad y Cristina y Laia son las Educadoras referentes del proyecto. &nbsp; Origen de la colla La creaci\u00f3n de la colla se inici\u00f3 durante un largo confinamiento. \u00bfPodr\u00edais explicarnos&#8230;<\/p>\n","protected":false},"author":2,"featured_media":72501,"comment_status":"open","ping_status":"open","sticky":false,"template":"","format":"standard","meta":{"footnotes":""},"categories":[1258],"tags":[],"class_list":["post-72500","post","type-post","status-publish","format-standard","has-post-thumbnail","hentry","category-entrevistas"],"yoast_head":"<!-- This site is optimized with the Yoast SEO plugin v27.4 - https:\/\/yoast.com\/product\/yoast-seo-wordpress\/ -->\n<title>&quot;En la colla siento que formo parte de alguna cosa grande y que todos los ni\u00f1os est\u00e1n ilusionados. Me siento muy unida all\u00ed&quot; | CFP Maresme<\/title>\n<meta name=\"robots\" content=\"index, follow, max-snippet:-1, max-image-preview:large, max-video-preview:-1\" \/>\n<link rel=\"canonical\" href=\"https:\/\/cfpmaresme.org\/es\/en-la-colla-siento-que-formo-parte-de-alguna-cosa-grande-y-que-todos-los-ninos-estan-ilusionados-me-siento-muy-unida-alli\/\" \/>\n<meta property=\"og:locale\" content=\"es_ES\" \/>\n<meta property=\"og:type\" content=\"article\" \/>\n<meta property=\"og:title\" content=\"&quot;En la colla siento que formo parte de alguna cosa grande y que todos los ni\u00f1os est\u00e1n ilusionados. Me siento muy unida all\u00ed&quot; | CFP Maresme\" \/>\n<meta property=\"og:description\" content=\"Perfil: B. es una de las adolescentes que forma parte de la \u00abColla Gegantera\u00bb de la entidad y Cristina y Laia son las Educadoras referentes del proyecto. &nbsp; Origen de la colla La creaci\u00f3n de la colla se inici\u00f3 durante un largo confinamiento. \u00bfPodr\u00edais explicarnos...\" \/>\n<meta property=\"og:url\" content=\"https:\/\/cfpmaresme.org\/es\/en-la-colla-siento-que-formo-parte-de-alguna-cosa-grande-y-que-todos-los-ninos-estan-ilusionados-me-siento-muy-unida-alli\/\" \/>\n<meta property=\"og:site_name\" content=\"CFP Maresme\" \/>\n<meta property=\"article:published_time\" content=\"2023-03-31T07:47:33+00:00\" \/>\n<meta property=\"article:modified_time\" content=\"2023-03-31T09:05:27+00:00\" \/>\n<meta property=\"og:image\" content=\"https:\/\/cfpmaresme.org\/wp-content\/uploads\/2023\/03\/banner-en-castella.jpg\" \/>\n\t<meta property=\"og:image:width\" content=\"1149\" \/>\n\t<meta property=\"og:image:height\" content=\"263\" \/>\n\t<meta property=\"og:image:type\" content=\"image\/jpeg\" \/>\n<meta name=\"author\" content=\"CFPMaresme\" \/>\n<meta name=\"twitter:card\" content=\"summary_large_image\" \/>\n<meta name=\"twitter:creator\" content=\"@cfpmaresme\" \/>\n<meta name=\"twitter:site\" content=\"@cfpmaresme\" \/>\n<meta name=\"twitter:label1\" content=\"Escrito por\" \/>\n\t<meta name=\"twitter:data1\" content=\"CFPMaresme\" \/>\n\t<meta name=\"twitter:label2\" content=\"Tiempo de lectura\" \/>\n\t<meta name=\"twitter:data2\" content=\"6 minutos\" \/>\n<script type=\"application\/ld+json\" class=\"yoast-schema-graph\">{\"@context\":\"https:\\\/\\\/schema.org\",\"@graph\":[{\"@type\":\"Article\",\"@id\":\"https:\\\/\\\/cfpmaresme.org\\\/es\\\/en-la-colla-siento-que-formo-parte-de-alguna-cosa-grande-y-que-todos-los-ninos-estan-ilusionados-me-siento-muy-unida-alli\\\/#article\",\"isPartOf\":{\"@id\":\"https:\\\/\\\/cfpmaresme.org\\\/es\\\/en-la-colla-siento-que-formo-parte-de-alguna-cosa-grande-y-que-todos-los-ninos-estan-ilusionados-me-siento-muy-unida-alli\\\/\"},\"author\":{\"name\":\"CFPMaresme\",\"@id\":\"https:\\\/\\\/cfpmaresme.org\\\/#\\\/schema\\\/person\\\/b2634bcd796fafc667ea4055f61b9b2c\"},\"headline\":\"\u00abEn la colla siento que formo parte de alguna cosa grande y que todos los ni\u00f1os est\u00e1n ilusionados. Me siento muy unida all\u00ed\u00bb\",\"datePublished\":\"2023-03-31T07:47:33+00:00\",\"dateModified\":\"2023-03-31T09:05:27+00:00\",\"mainEntityOfPage\":{\"@id\":\"https:\\\/\\\/cfpmaresme.org\\\/es\\\/en-la-colla-siento-que-formo-parte-de-alguna-cosa-grande-y-que-todos-los-ninos-estan-ilusionados-me-siento-muy-unida-alli\\\/\"},\"wordCount\":997,\"commentCount\":0,\"image\":{\"@id\":\"https:\\\/\\\/cfpmaresme.org\\\/es\\\/en-la-colla-siento-que-formo-parte-de-alguna-cosa-grande-y-que-todos-los-ninos-estan-ilusionados-me-siento-muy-unida-alli\\\/#primaryimage\"},\"thumbnailUrl\":\"https:\\\/\\\/cfpmaresme.org\\\/wp-content\\\/uploads\\\/2023\\\/03\\\/banner-en-castella.jpg\",\"articleSection\":[\"Entrevistas\"],\"inLanguage\":\"es\"},{\"@type\":\"WebPage\",\"@id\":\"https:\\\/\\\/cfpmaresme.org\\\/es\\\/en-la-colla-siento-que-formo-parte-de-alguna-cosa-grande-y-que-todos-los-ninos-estan-ilusionados-me-siento-muy-unida-alli\\\/\",\"url\":\"https:\\\/\\\/cfpmaresme.org\\\/es\\\/en-la-colla-siento-que-formo-parte-de-alguna-cosa-grande-y-que-todos-los-ninos-estan-ilusionados-me-siento-muy-unida-alli\\\/\",\"name\":\"\\\"En la colla siento que formo parte de alguna cosa grande y que todos los ni\u00f1os est\u00e1n ilusionados. Me siento muy unida all\u00ed\\\" | CFP Maresme\",\"isPartOf\":{\"@id\":\"https:\\\/\\\/cfpmaresme.org\\\/#website\"},\"primaryImageOfPage\":{\"@id\":\"https:\\\/\\\/cfpmaresme.org\\\/es\\\/en-la-colla-siento-que-formo-parte-de-alguna-cosa-grande-y-que-todos-los-ninos-estan-ilusionados-me-siento-muy-unida-alli\\\/#primaryimage\"},\"image\":{\"@id\":\"https:\\\/\\\/cfpmaresme.org\\\/es\\\/en-la-colla-siento-que-formo-parte-de-alguna-cosa-grande-y-que-todos-los-ninos-estan-ilusionados-me-siento-muy-unida-alli\\\/#primaryimage\"},\"thumbnailUrl\":\"https:\\\/\\\/cfpmaresme.org\\\/wp-content\\\/uploads\\\/2023\\\/03\\\/banner-en-castella.jpg\",\"datePublished\":\"2023-03-31T07:47:33+00:00\",\"dateModified\":\"2023-03-31T09:05:27+00:00\",\"author\":{\"@id\":\"https:\\\/\\\/cfpmaresme.org\\\/#\\\/schema\\\/person\\\/b2634bcd796fafc667ea4055f61b9b2c\"},\"breadcrumb\":{\"@id\":\"https:\\\/\\\/cfpmaresme.org\\\/es\\\/en-la-colla-siento-que-formo-parte-de-alguna-cosa-grande-y-que-todos-los-ninos-estan-ilusionados-me-siento-muy-unida-alli\\\/#breadcrumb\"},\"inLanguage\":\"es\",\"potentialAction\":[{\"@type\":\"ReadAction\",\"target\":[\"https:\\\/\\\/cfpmaresme.org\\\/es\\\/en-la-colla-siento-que-formo-parte-de-alguna-cosa-grande-y-que-todos-los-ninos-estan-ilusionados-me-siento-muy-unida-alli\\\/\"]}]},{\"@type\":\"ImageObject\",\"inLanguage\":\"es\",\"@id\":\"https:\\\/\\\/cfpmaresme.org\\\/es\\\/en-la-colla-siento-que-formo-parte-de-alguna-cosa-grande-y-que-todos-los-ninos-estan-ilusionados-me-siento-muy-unida-alli\\\/#primaryimage\",\"url\":\"https:\\\/\\\/cfpmaresme.org\\\/wp-content\\\/uploads\\\/2023\\\/03\\\/banner-en-castella.jpg\",\"contentUrl\":\"https:\\\/\\\/cfpmaresme.org\\\/wp-content\\\/uploads\\\/2023\\\/03\\\/banner-en-castella.jpg\",\"width\":1149,\"height\":263},{\"@type\":\"BreadcrumbList\",\"@id\":\"https:\\\/\\\/cfpmaresme.org\\\/es\\\/en-la-colla-siento-que-formo-parte-de-alguna-cosa-grande-y-que-todos-los-ninos-estan-ilusionados-me-siento-muy-unida-alli\\\/#breadcrumb\",\"itemListElement\":[{\"@type\":\"ListItem\",\"position\":1,\"name\":\"Home\",\"item\":\"https:\\\/\\\/cfpmaresme.org\\\/es\\\/\"},{\"@type\":\"ListItem\",\"position\":2,\"name\":\"\u00abEn la colla siento que formo parte de alguna cosa grande y que todos los ni\u00f1os est\u00e1n ilusionados. Me siento muy unida all\u00ed\u00bb\"}]},{\"@type\":\"WebSite\",\"@id\":\"https:\\\/\\\/cfpmaresme.org\\\/#website\",\"url\":\"https:\\\/\\\/cfpmaresme.org\\\/\",\"name\":\"CFP Maresme\",\"description\":\"Centre Formaci\u00f3 Prevenci\u00f3\",\"potentialAction\":[{\"@type\":\"SearchAction\",\"target\":{\"@type\":\"EntryPoint\",\"urlTemplate\":\"https:\\\/\\\/cfpmaresme.org\\\/?s={search_term_string}\"},\"query-input\":{\"@type\":\"PropertyValueSpecification\",\"valueRequired\":true,\"valueName\":\"search_term_string\"}}],\"inLanguage\":\"es\"},{\"@type\":\"Person\",\"@id\":\"https:\\\/\\\/cfpmaresme.org\\\/#\\\/schema\\\/person\\\/b2634bcd796fafc667ea4055f61b9b2c\",\"name\":\"CFPMaresme\"}]}<\/script>\n<!-- \/ Yoast SEO plugin. -->","yoast_head_json":{"title":"\"En la colla siento que formo parte de alguna cosa grande y que todos los ni\u00f1os est\u00e1n ilusionados. Me siento muy unida all\u00ed\" | CFP Maresme","robots":{"index":"index","follow":"follow","max-snippet":"max-snippet:-1","max-image-preview":"max-image-preview:large","max-video-preview":"max-video-preview:-1"},"canonical":"https:\/\/cfpmaresme.org\/es\/en-la-colla-siento-que-formo-parte-de-alguna-cosa-grande-y-que-todos-los-ninos-estan-ilusionados-me-siento-muy-unida-alli\/","og_locale":"es_ES","og_type":"article","og_title":"\"En la colla siento que formo parte de alguna cosa grande y que todos los ni\u00f1os est\u00e1n ilusionados. Me siento muy unida all\u00ed\" | CFP Maresme","og_description":"Perfil: B. es una de las adolescentes que forma parte de la \u00abColla Gegantera\u00bb de la entidad y Cristina y Laia son las Educadoras referentes del proyecto. &nbsp; Origen de la colla La creaci\u00f3n de la colla se inici\u00f3 durante un largo confinamiento. \u00bfPodr\u00edais explicarnos...","og_url":"https:\/\/cfpmaresme.org\/es\/en-la-colla-siento-que-formo-parte-de-alguna-cosa-grande-y-que-todos-los-ninos-estan-ilusionados-me-siento-muy-unida-alli\/","og_site_name":"CFP Maresme","article_published_time":"2023-03-31T07:47:33+00:00","article_modified_time":"2023-03-31T09:05:27+00:00","og_image":[{"width":1149,"height":263,"url":"https:\/\/cfpmaresme.org\/wp-content\/uploads\/2023\/03\/banner-en-castella.jpg","type":"image\/jpeg"}],"author":"CFPMaresme","twitter_card":"summary_large_image","twitter_creator":"@cfpmaresme","twitter_site":"@cfpmaresme","twitter_misc":{"Escrito por":"CFPMaresme","Tiempo de lectura":"6 minutos"},"schema":{"@context":"https:\/\/schema.org","@graph":[{"@type":"Article","@id":"https:\/\/cfpmaresme.org\/es\/en-la-colla-siento-que-formo-parte-de-alguna-cosa-grande-y-que-todos-los-ninos-estan-ilusionados-me-siento-muy-unida-alli\/#article","isPartOf":{"@id":"https:\/\/cfpmaresme.org\/es\/en-la-colla-siento-que-formo-parte-de-alguna-cosa-grande-y-que-todos-los-ninos-estan-ilusionados-me-siento-muy-unida-alli\/"},"author":{"name":"CFPMaresme","@id":"https:\/\/cfpmaresme.org\/#\/schema\/person\/b2634bcd796fafc667ea4055f61b9b2c"},"headline":"\u00abEn la colla siento que formo parte de alguna cosa grande y que todos los ni\u00f1os est\u00e1n ilusionados. Me siento muy unida all\u00ed\u00bb","datePublished":"2023-03-31T07:47:33+00:00","dateModified":"2023-03-31T09:05:27+00:00","mainEntityOfPage":{"@id":"https:\/\/cfpmaresme.org\/es\/en-la-colla-siento-que-formo-parte-de-alguna-cosa-grande-y-que-todos-los-ninos-estan-ilusionados-me-siento-muy-unida-alli\/"},"wordCount":997,"commentCount":0,"image":{"@id":"https:\/\/cfpmaresme.org\/es\/en-la-colla-siento-que-formo-parte-de-alguna-cosa-grande-y-que-todos-los-ninos-estan-ilusionados-me-siento-muy-unida-alli\/#primaryimage"},"thumbnailUrl":"https:\/\/cfpmaresme.org\/wp-content\/uploads\/2023\/03\/banner-en-castella.jpg","articleSection":["Entrevistas"],"inLanguage":"es"},{"@type":"WebPage","@id":"https:\/\/cfpmaresme.org\/es\/en-la-colla-siento-que-formo-parte-de-alguna-cosa-grande-y-que-todos-los-ninos-estan-ilusionados-me-siento-muy-unida-alli\/","url":"https:\/\/cfpmaresme.org\/es\/en-la-colla-siento-que-formo-parte-de-alguna-cosa-grande-y-que-todos-los-ninos-estan-ilusionados-me-siento-muy-unida-alli\/","name":"\"En la colla siento que formo parte de alguna cosa grande y que todos los ni\u00f1os est\u00e1n ilusionados. Me siento muy unida all\u00ed\" | CFP Maresme","isPartOf":{"@id":"https:\/\/cfpmaresme.org\/#website"},"primaryImageOfPage":{"@id":"https:\/\/cfpmaresme.org\/es\/en-la-colla-siento-que-formo-parte-de-alguna-cosa-grande-y-que-todos-los-ninos-estan-ilusionados-me-siento-muy-unida-alli\/#primaryimage"},"image":{"@id":"https:\/\/cfpmaresme.org\/es\/en-la-colla-siento-que-formo-parte-de-alguna-cosa-grande-y-que-todos-los-ninos-estan-ilusionados-me-siento-muy-unida-alli\/#primaryimage"},"thumbnailUrl":"https:\/\/cfpmaresme.org\/wp-content\/uploads\/2023\/03\/banner-en-castella.jpg","datePublished":"2023-03-31T07:47:33+00:00","dateModified":"2023-03-31T09:05:27+00:00","author":{"@id":"https:\/\/cfpmaresme.org\/#\/schema\/person\/b2634bcd796fafc667ea4055f61b9b2c"},"breadcrumb":{"@id":"https:\/\/cfpmaresme.org\/es\/en-la-colla-siento-que-formo-parte-de-alguna-cosa-grande-y-que-todos-los-ninos-estan-ilusionados-me-siento-muy-unida-alli\/#breadcrumb"},"inLanguage":"es","potentialAction":[{"@type":"ReadAction","target":["https:\/\/cfpmaresme.org\/es\/en-la-colla-siento-que-formo-parte-de-alguna-cosa-grande-y-que-todos-los-ninos-estan-ilusionados-me-siento-muy-unida-alli\/"]}]},{"@type":"ImageObject","inLanguage":"es","@id":"https:\/\/cfpmaresme.org\/es\/en-la-colla-siento-que-formo-parte-de-alguna-cosa-grande-y-que-todos-los-ninos-estan-ilusionados-me-siento-muy-unida-alli\/#primaryimage","url":"https:\/\/cfpmaresme.org\/wp-content\/uploads\/2023\/03\/banner-en-castella.jpg","contentUrl":"https:\/\/cfpmaresme.org\/wp-content\/uploads\/2023\/03\/banner-en-castella.jpg","width":1149,"height":263},{"@type":"BreadcrumbList","@id":"https:\/\/cfpmaresme.org\/es\/en-la-colla-siento-que-formo-parte-de-alguna-cosa-grande-y-que-todos-los-ninos-estan-ilusionados-me-siento-muy-unida-alli\/#breadcrumb","itemListElement":[{"@type":"ListItem","position":1,"name":"Home","item":"https:\/\/cfpmaresme.org\/es\/"},{"@type":"ListItem","position":2,"name":"\u00abEn la colla siento que formo parte de alguna cosa grande y que todos los ni\u00f1os est\u00e1n ilusionados. Me siento muy unida all\u00ed\u00bb"}]},{"@type":"WebSite","@id":"https:\/\/cfpmaresme.org\/#website","url":"https:\/\/cfpmaresme.org\/","name":"CFP Maresme","description":"Centre Formaci\u00f3 Prevenci\u00f3","potentialAction":[{"@type":"SearchAction","target":{"@type":"EntryPoint","urlTemplate":"https:\/\/cfpmaresme.org\/?s={search_term_string}"},"query-input":{"@type":"PropertyValueSpecification","valueRequired":true,"valueName":"search_term_string"}}],"inLanguage":"es"},{"@type":"Person","@id":"https:\/\/cfpmaresme.org\/#\/schema\/person\/b2634bcd796fafc667ea4055f61b9b2c","name":"CFPMaresme"}]}},"_links":{"self":[{"href":"https:\/\/cfpmaresme.org\/es\/wp-json\/wp\/v2\/posts\/72500","targetHints":{"allow":["GET"]}}],"collection":[{"href":"https:\/\/cfpmaresme.org\/es\/wp-json\/wp\/v2\/posts"}],"about":[{"href":"https:\/\/cfpmaresme.org\/es\/wp-json\/wp\/v2\/types\/post"}],"author":[{"embeddable":true,"href":"https:\/\/cfpmaresme.org\/es\/wp-json\/wp\/v2\/users\/2"}],"replies":[{"embeddable":true,"href":"https:\/\/cfpmaresme.org\/es\/wp-json\/wp\/v2\/comments?post=72500"}],"version-history":[{"count":7,"href":"https:\/\/cfpmaresme.org\/es\/wp-json\/wp\/v2\/posts\/72500\/revisions"}],"predecessor-version":[{"id":72509,"href":"https:\/\/cfpmaresme.org\/es\/wp-json\/wp\/v2\/posts\/72500\/revisions\/72509"}],"wp:featuredmedia":[{"embeddable":true,"href":"https:\/\/cfpmaresme.org\/es\/wp-json\/wp\/v2\/media\/72501"}],"wp:attachment":[{"href":"https:\/\/cfpmaresme.org\/es\/wp-json\/wp\/v2\/media?parent=72500"}],"wp:term":[{"taxonomy":"category","embeddable":true,"href":"https:\/\/cfpmaresme.org\/es\/wp-json\/wp\/v2\/categories?post=72500"},{"taxonomy":"post_tag","embeddable":true,"href":"https:\/\/cfpmaresme.org\/es\/wp-json\/wp\/v2\/tags?post=72500"}],"curies":[{"name":"wp","href":"https:\/\/api.w.org\/{rel}","templated":true}]}}