{"id":72601,"date":"2023-04-28T10:14:07","date_gmt":"2023-04-28T08:14:07","guid":{"rendered":"https:\/\/cfpmaresme.org\/?p=72601"},"modified":"2023-09-04T12:47:56","modified_gmt":"2023-09-04T10:47:56","slug":"acompanamiento-emocional-trabajo-profesionalizador-y-sinergias-el-dia-a-dia-del-prelaboral","status":"publish","type":"post","link":"https:\/\/cfpmaresme.org\/es\/acompanamiento-emocional-trabajo-profesionalizador-y-sinergias-el-dia-a-dia-del-prelaboral\/","title":{"rendered":"Acompa\u00f1amiento emocional, trabajo profesionalizador y sinergias, el d\u00eda a d\u00eda del Prelaboral"},"content":{"rendered":"<p>El servicio Prelaboral trabajamos porque personas adultas que conviven con una problem\u00e1tica de salud mental adquieran habilidades y competencias que las ayuden a estar m\u00e1s preparadas para inserirse laboralmente cuando sea el momento. Lo hacemos a trav\u00e9s de actividades para mejorar en vertientes transversales como las habilidades sociales y laborales, por ejemplo, y mediante talleres profesionalizadores especializados como son el de soldadura y cerrajer\u00eda, el de carpinter\u00eda y\/o el de mantenimiento y reparaci\u00f3n de bicicletas.<\/p>\n<p>En el d\u00eda a d\u00eda, la tarea de los Educadores incluye el soporte emocional, el acompa\u00f1amiento y el ense\u00f1amiento. Tambi\u00e9n la b\u00fasqueda de ideas y la promoci\u00f3n de la implicaci\u00f3n de las personas atendidas.<\/p>\n<p>Este mes de abril, por ejemplo, algunas de las actividades realizadas han sido las siguientes:<\/p>\n<p>Gabri ha creado este cuadro. La propuesta hecha por parte de Toni, el Educador, fue trabajar con distintas texturas y materiales reutilizados, tambi\u00e9n hacer un marco de madera pintada. Este es el resultado: un regalo para el D\u00eda de la madre. Realiz\u00e1ndolo hemos incidido en aspectos como la imaginaci\u00f3n, la proyecci\u00f3n, la constancia, la puntualidad, el compromiso, la autoestima y la satisfacci\u00f3n personal.<\/p>\n<p>Jonathan es usuario del SRC Maresme y asiste al taller de soldadura. Para aprender el oficio, a menudo hacemos creaciones m\u00e1s art\u00edsticas que funcionales. Es el caso de lo que veis en la imagen. Dar lugar a la creatividad permite, a parte de mejorar las habilidades soldando, concentrarse en lo que est\u00e1 haciendo y desconectar de la preocupaci\u00f3n que lo acompa\u00f1a. Es un espacio libre, en un ambiente confortable donde lo importante es soldar y hacer lo que buenamente nos salga. Sin l\u00edmite, sin estereotipos y sin presi\u00f3n.<\/p>\n<p>&nbsp;<\/p>\n<h3><img loading=\"lazy\" decoding=\"async\" class=\"size-medium wp-image-72588 alignleft\" src=\"http:\/\/cfpmaresme.org\/wp-content\/uploads\/2023\/04\/cuadro-i-gabri-225x300.jpeg\" alt=\"\" width=\"225\" height=\"300\" srcset=\"https:\/\/cfpmaresme.org\/wp-content\/uploads\/2023\/04\/cuadro-i-gabri-225x300.jpeg 225w, https:\/\/cfpmaresme.org\/wp-content\/uploads\/2023\/04\/cuadro-i-gabri-768x1024.jpeg 768w, https:\/\/cfpmaresme.org\/wp-content\/uploads\/2023\/04\/cuadro-i-gabri-1152x1536.jpeg 1152w, https:\/\/cfpmaresme.org\/wp-content\/uploads\/2023\/04\/cuadro-i-gabri-600x800.jpeg 600w, https:\/\/cfpmaresme.org\/wp-content\/uploads\/2023\/04\/cuadro-i-gabri-700x933.jpeg 700w, https:\/\/cfpmaresme.org\/wp-content\/uploads\/2023\/04\/cuadro-i-gabri.jpeg 1512w\" sizes=\"auto, (max-width: 225px) 100vw, 225px\" \/><img loading=\"lazy\" decoding=\"async\" class=\"size-medium wp-image-72586 alignleft\" src=\"http:\/\/cfpmaresme.org\/wp-content\/uploads\/2023\/04\/20230413_104524_retoc-de-color-225x300.jpg\" alt=\"\" width=\"225\" height=\"300\" srcset=\"https:\/\/cfpmaresme.org\/wp-content\/uploads\/2023\/04\/20230413_104524_retoc-de-color-225x300.jpg 225w, https:\/\/cfpmaresme.org\/wp-content\/uploads\/2023\/04\/20230413_104524_retoc-de-color-768x1024.jpg 768w, https:\/\/cfpmaresme.org\/wp-content\/uploads\/2023\/04\/20230413_104524_retoc-de-color-1152x1536.jpg 1152w, https:\/\/cfpmaresme.org\/wp-content\/uploads\/2023\/04\/20230413_104524_retoc-de-color-1536x2048.jpg 1536w, https:\/\/cfpmaresme.org\/wp-content\/uploads\/2023\/04\/20230413_104524_retoc-de-color-600x800.jpg 600w, https:\/\/cfpmaresme.org\/wp-content\/uploads\/2023\/04\/20230413_104524_retoc-de-color-700x933.jpg 700w, https:\/\/cfpmaresme.org\/wp-content\/uploads\/2023\/04\/20230413_104524_retoc-de-color-scaled.jpg 1920w\" sizes=\"auto, (max-width: 225px) 100vw, 225px\" \/><\/h3>\n<h3 style=\"text-align: left;\"><\/h3>\n<h3 style=\"text-align: left;\"><\/h3>\n<h3 style=\"text-align: left;\"><\/h3>\n<h3 style=\"text-align: left;\"><\/h3>\n<h3 style=\"text-align: left;\"><\/h3>\n<h3 style=\"text-align: left;\"><\/h3>\n<h3 style=\"text-align: left;\"><\/h3>\n<h3><\/h3>\n<h3>La transversalitat dels serveis de l\u2019entitat, patent tamb\u00e9 en el dia a dia del Prelaboral<\/h3>\n<p>En Rafa va\u00a0 estar a Prelaboral una temporada. Ara ja no hi \u00e9s per\u00f2 s\u00ed que assisteix a <a href=\"https:\/\/alterartecfp.org\/\" target=\"_blank\" rel=\"noopener\">Alterarte<\/a>. Recentment ens ha convidat a visitar l\u2019exposici\u00f3 que est\u00e0 fent.\u00a0 Hi vam \u00a0anar, fent una sortida conjunta amb els companys del <a href=\"https:\/\/cfpmaresme.org\/rehabilitacio-comunitaria\/\" target=\"_blank\" rel=\"noopener\">Servei de Rehabilitaci\u00f3 Comunit\u00e0ria Maresme<\/a>.<\/p>\n<p>Aix\u00ed \u00e9s el dia a dia a Prelaboral: acompanyament, treball per millorar les habilitats professionals, creaci\u00f3 de sinergies amb altres serveis del CFP i d\u2019altres entitats. I, en definitiva, treballar per la recuperaci\u00f3 i la inclusi\u00f3, en aquest cas laboral, de les persones que conviuen amb una problem\u00e0tica de salut mental.<\/p>\n<p><img loading=\"lazy\" decoding=\"async\" class=\"alignnone size-medium wp-image-72590\" src=\"http:\/\/cfpmaresme.org\/wp-content\/uploads\/2023\/04\/exposicion-rafa-y-prelabral-300x225.jpg\" alt=\"\" width=\"300\" height=\"225\" srcset=\"https:\/\/cfpmaresme.org\/wp-content\/uploads\/2023\/04\/exposicion-rafa-y-prelabral-300x225.jpg 300w, https:\/\/cfpmaresme.org\/wp-content\/uploads\/2023\/04\/exposicion-rafa-y-prelabral-1024x768.jpg 1024w, https:\/\/cfpmaresme.org\/wp-content\/uploads\/2023\/04\/exposicion-rafa-y-prelabral-768x576.jpg 768w, https:\/\/cfpmaresme.org\/wp-content\/uploads\/2023\/04\/exposicion-rafa-y-prelabral-1536x1152.jpg 1536w, https:\/\/cfpmaresme.org\/wp-content\/uploads\/2023\/04\/exposicion-rafa-y-prelabral-2048x1536.jpg 2048w, https:\/\/cfpmaresme.org\/wp-content\/uploads\/2023\/04\/exposicion-rafa-y-prelabral-800x600.jpg 800w, https:\/\/cfpmaresme.org\/wp-content\/uploads\/2023\/04\/exposicion-rafa-y-prelabral-700x525.jpg 700w\" sizes=\"auto, (max-width: 300px) 100vw, 300px\" \/><img loading=\"lazy\" decoding=\"async\" class=\"alignnone size-medium wp-image-72592\" src=\"http:\/\/cfpmaresme.org\/wp-content\/uploads\/2023\/04\/prelaboral-src-300x225.jpg\" alt=\"\" width=\"300\" height=\"225\" srcset=\"https:\/\/cfpmaresme.org\/wp-content\/uploads\/2023\/04\/prelaboral-src-300x225.jpg 300w, https:\/\/cfpmaresme.org\/wp-content\/uploads\/2023\/04\/prelaboral-src-1024x768.jpg 1024w, https:\/\/cfpmaresme.org\/wp-content\/uploads\/2023\/04\/prelaboral-src-768x576.jpg 768w, https:\/\/cfpmaresme.org\/wp-content\/uploads\/2023\/04\/prelaboral-src-1536x1152.jpg 1536w, https:\/\/cfpmaresme.org\/wp-content\/uploads\/2023\/04\/prelaboral-src-2048x1536.jpg 2048w, https:\/\/cfpmaresme.org\/wp-content\/uploads\/2023\/04\/prelaboral-src-800x600.jpg 800w, https:\/\/cfpmaresme.org\/wp-content\/uploads\/2023\/04\/prelaboral-src-700x525.jpg 700w\" sizes=\"auto, (max-width: 300px) 100vw, 300px\" \/><\/p>\n","protected":false},"excerpt":{"rendered":"<p>El servicio Prelaboral trabajamos porque personas adultas que conviven con una problem\u00e1tica de salud mental adquieran habilidades y competencias que las ayuden a estar m\u00e1s preparadas para inserirse laboralmente cuando sea el momento. Lo hacemos a trav\u00e9s de actividades para mejorar en vertientes transversales como&#8230;<\/p>\n","protected":false},"author":2,"featured_media":72585,"comment_status":"closed","ping_status":"closed","sticky":false,"template":"","format":"standard","meta":{"footnotes":""},"categories":[1259,1195],"tags":[],"class_list":["post-72601","post","type-post","status-publish","format-standard","has-post-thumbnail","hentry","category-publicaciones","category-servicio-prelaboral"],"yoast_head":"<!-- This site is optimized with the Yoast SEO plugin v27.4 - https:\/\/yoast.com\/product\/yoast-seo-wordpress\/ -->\n<title>Acompa\u00f1amiento emocional, trabajo profesionalizador y sinergias, el d\u00eda a d\u00eda del Prelaboral | CFP Maresme<\/title>\n<meta name=\"robots\" content=\"index, follow, max-snippet:-1, max-image-preview:large, max-video-preview:-1\" \/>\n<link rel=\"canonical\" href=\"https:\/\/cfpmaresme.org\/es\/acompanamiento-emocional-trabajo-profesionalizador-y-sinergias-el-dia-a-dia-del-prelaboral\/\" \/>\n<meta property=\"og:locale\" content=\"es_ES\" \/>\n<meta property=\"og:type\" content=\"article\" \/>\n<meta property=\"og:title\" content=\"Acompa\u00f1amiento emocional, trabajo profesionalizador y sinergias, el d\u00eda a d\u00eda del Prelaboral | CFP Maresme\" \/>\n<meta property=\"og:description\" content=\"El servicio Prelaboral trabajamos porque personas adultas que conviven con una problem\u00e1tica de salud mental adquieran habilidades y competencias que las ayuden a estar m\u00e1s preparadas para inserirse laboralmente cuando sea el momento. Lo hacemos a trav\u00e9s de actividades para mejorar en vertientes transversales como...\" \/>\n<meta property=\"og:url\" content=\"https:\/\/cfpmaresme.org\/es\/acompanamiento-emocional-trabajo-profesionalizador-y-sinergias-el-dia-a-dia-del-prelaboral\/\" \/>\n<meta property=\"og:site_name\" content=\"CFP Maresme\" \/>\n<meta property=\"article:published_time\" content=\"2023-04-28T08:14:07+00:00\" \/>\n<meta property=\"article:modified_time\" content=\"2023-09-04T10:47:56+00:00\" \/>\n<meta property=\"og:image\" content=\"https:\/\/cfpmaresme.org\/wp-content\/uploads\/2023\/04\/Banner-1.jpg\" \/>\n\t<meta property=\"og:image:width\" content=\"1015\" \/>\n\t<meta property=\"og:image:height\" content=\"391\" \/>\n\t<meta property=\"og:image:type\" content=\"image\/jpeg\" \/>\n<meta name=\"author\" content=\"CFPMaresme\" \/>\n<meta name=\"twitter:card\" content=\"summary_large_image\" \/>\n<meta name=\"twitter:creator\" content=\"@cfpmaresme\" \/>\n<meta name=\"twitter:site\" content=\"@cfpmaresme\" \/>\n<meta name=\"twitter:label1\" content=\"Escrito por\" \/>\n\t<meta name=\"twitter:data1\" content=\"CFPMaresme\" \/>\n\t<meta name=\"twitter:label2\" content=\"Tiempo de lectura\" \/>\n\t<meta name=\"twitter:data2\" content=\"3 minutos\" \/>\n<script type=\"application\/ld+json\" class=\"yoast-schema-graph\">{\"@context\":\"https:\\\/\\\/schema.org\",\"@graph\":[{\"@type\":\"Article\",\"@id\":\"https:\\\/\\\/cfpmaresme.org\\\/es\\\/acompanamiento-emocional-trabajo-profesionalizador-y-sinergias-el-dia-a-dia-del-prelaboral\\\/#article\",\"isPartOf\":{\"@id\":\"https:\\\/\\\/cfpmaresme.org\\\/es\\\/acompanamiento-emocional-trabajo-profesionalizador-y-sinergias-el-dia-a-dia-del-prelaboral\\\/\"},\"author\":{\"name\":\"CFPMaresme\",\"@id\":\"https:\\\/\\\/cfpmaresme.org\\\/#\\\/schema\\\/person\\\/b2634bcd796fafc667ea4055f61b9b2c\"},\"headline\":\"Acompa\u00f1amiento emocional, trabajo profesionalizador y sinergias, el d\u00eda a d\u00eda del Prelaboral\",\"datePublished\":\"2023-04-28T08:14:07+00:00\",\"dateModified\":\"2023-09-04T10:47:56+00:00\",\"mainEntityOfPage\":{\"@id\":\"https:\\\/\\\/cfpmaresme.org\\\/es\\\/acompanamiento-emocional-trabajo-profesionalizador-y-sinergias-el-dia-a-dia-del-prelaboral\\\/\"},\"wordCount\":434,\"image\":{\"@id\":\"https:\\\/\\\/cfpmaresme.org\\\/es\\\/acompanamiento-emocional-trabajo-profesionalizador-y-sinergias-el-dia-a-dia-del-prelaboral\\\/#primaryimage\"},\"thumbnailUrl\":\"https:\\\/\\\/cfpmaresme.org\\\/wp-content\\\/uploads\\\/2023\\\/04\\\/Banner-1.jpg\",\"articleSection\":[\"Publicaciones\",\"Servicio Prelaboral\"],\"inLanguage\":\"es\"},{\"@type\":\"WebPage\",\"@id\":\"https:\\\/\\\/cfpmaresme.org\\\/es\\\/acompanamiento-emocional-trabajo-profesionalizador-y-sinergias-el-dia-a-dia-del-prelaboral\\\/\",\"url\":\"https:\\\/\\\/cfpmaresme.org\\\/es\\\/acompanamiento-emocional-trabajo-profesionalizador-y-sinergias-el-dia-a-dia-del-prelaboral\\\/\",\"name\":\"Acompa\u00f1amiento emocional, trabajo profesionalizador y sinergias, el d\u00eda a d\u00eda del Prelaboral | CFP Maresme\",\"isPartOf\":{\"@id\":\"https:\\\/\\\/cfpmaresme.org\\\/#website\"},\"primaryImageOfPage\":{\"@id\":\"https:\\\/\\\/cfpmaresme.org\\\/es\\\/acompanamiento-emocional-trabajo-profesionalizador-y-sinergias-el-dia-a-dia-del-prelaboral\\\/#primaryimage\"},\"image\":{\"@id\":\"https:\\\/\\\/cfpmaresme.org\\\/es\\\/acompanamiento-emocional-trabajo-profesionalizador-y-sinergias-el-dia-a-dia-del-prelaboral\\\/#primaryimage\"},\"thumbnailUrl\":\"https:\\\/\\\/cfpmaresme.org\\\/wp-content\\\/uploads\\\/2023\\\/04\\\/Banner-1.jpg\",\"datePublished\":\"2023-04-28T08:14:07+00:00\",\"dateModified\":\"2023-09-04T10:47:56+00:00\",\"author\":{\"@id\":\"https:\\\/\\\/cfpmaresme.org\\\/#\\\/schema\\\/person\\\/b2634bcd796fafc667ea4055f61b9b2c\"},\"breadcrumb\":{\"@id\":\"https:\\\/\\\/cfpmaresme.org\\\/es\\\/acompanamiento-emocional-trabajo-profesionalizador-y-sinergias-el-dia-a-dia-del-prelaboral\\\/#breadcrumb\"},\"inLanguage\":\"es\",\"potentialAction\":[{\"@type\":\"ReadAction\",\"target\":[\"https:\\\/\\\/cfpmaresme.org\\\/es\\\/acompanamiento-emocional-trabajo-profesionalizador-y-sinergias-el-dia-a-dia-del-prelaboral\\\/\"]}]},{\"@type\":\"ImageObject\",\"inLanguage\":\"es\",\"@id\":\"https:\\\/\\\/cfpmaresme.org\\\/es\\\/acompanamiento-emocional-trabajo-profesionalizador-y-sinergias-el-dia-a-dia-del-prelaboral\\\/#primaryimage\",\"url\":\"https:\\\/\\\/cfpmaresme.org\\\/wp-content\\\/uploads\\\/2023\\\/04\\\/Banner-1.jpg\",\"contentUrl\":\"https:\\\/\\\/cfpmaresme.org\\\/wp-content\\\/uploads\\\/2023\\\/04\\\/Banner-1.jpg\",\"width\":1015,\"height\":391},{\"@type\":\"BreadcrumbList\",\"@id\":\"https:\\\/\\\/cfpmaresme.org\\\/es\\\/acompanamiento-emocional-trabajo-profesionalizador-y-sinergias-el-dia-a-dia-del-prelaboral\\\/#breadcrumb\",\"itemListElement\":[{\"@type\":\"ListItem\",\"position\":1,\"name\":\"Home\",\"item\":\"https:\\\/\\\/cfpmaresme.org\\\/es\\\/\"},{\"@type\":\"ListItem\",\"position\":2,\"name\":\"Acompa\u00f1amiento emocional, trabajo profesionalizador y sinergias, el d\u00eda a d\u00eda del Prelaboral\"}]},{\"@type\":\"WebSite\",\"@id\":\"https:\\\/\\\/cfpmaresme.org\\\/#website\",\"url\":\"https:\\\/\\\/cfpmaresme.org\\\/\",\"name\":\"CFP Maresme\",\"description\":\"Centre Formaci\u00f3 Prevenci\u00f3\",\"potentialAction\":[{\"@type\":\"SearchAction\",\"target\":{\"@type\":\"EntryPoint\",\"urlTemplate\":\"https:\\\/\\\/cfpmaresme.org\\\/?s={search_term_string}\"},\"query-input\":{\"@type\":\"PropertyValueSpecification\",\"valueRequired\":true,\"valueName\":\"search_term_string\"}}],\"inLanguage\":\"es\"},{\"@type\":\"Person\",\"@id\":\"https:\\\/\\\/cfpmaresme.org\\\/#\\\/schema\\\/person\\\/b2634bcd796fafc667ea4055f61b9b2c\",\"name\":\"CFPMaresme\"}]}<\/script>\n<!-- \/ Yoast SEO plugin. -->","yoast_head_json":{"title":"Acompa\u00f1amiento emocional, trabajo profesionalizador y sinergias, el d\u00eda a d\u00eda del Prelaboral | CFP Maresme","robots":{"index":"index","follow":"follow","max-snippet":"max-snippet:-1","max-image-preview":"max-image-preview:large","max-video-preview":"max-video-preview:-1"},"canonical":"https:\/\/cfpmaresme.org\/es\/acompanamiento-emocional-trabajo-profesionalizador-y-sinergias-el-dia-a-dia-del-prelaboral\/","og_locale":"es_ES","og_type":"article","og_title":"Acompa\u00f1amiento emocional, trabajo profesionalizador y sinergias, el d\u00eda a d\u00eda del Prelaboral | CFP Maresme","og_description":"El servicio Prelaboral trabajamos porque personas adultas que conviven con una problem\u00e1tica de salud mental adquieran habilidades y competencias que las ayuden a estar m\u00e1s preparadas para inserirse laboralmente cuando sea el momento. Lo hacemos a trav\u00e9s de actividades para mejorar en vertientes transversales como...","og_url":"https:\/\/cfpmaresme.org\/es\/acompanamiento-emocional-trabajo-profesionalizador-y-sinergias-el-dia-a-dia-del-prelaboral\/","og_site_name":"CFP Maresme","article_published_time":"2023-04-28T08:14:07+00:00","article_modified_time":"2023-09-04T10:47:56+00:00","og_image":[{"width":1015,"height":391,"url":"https:\/\/cfpmaresme.org\/wp-content\/uploads\/2023\/04\/Banner-1.jpg","type":"image\/jpeg"}],"author":"CFPMaresme","twitter_card":"summary_large_image","twitter_creator":"@cfpmaresme","twitter_site":"@cfpmaresme","twitter_misc":{"Escrito por":"CFPMaresme","Tiempo de lectura":"3 minutos"},"schema":{"@context":"https:\/\/schema.org","@graph":[{"@type":"Article","@id":"https:\/\/cfpmaresme.org\/es\/acompanamiento-emocional-trabajo-profesionalizador-y-sinergias-el-dia-a-dia-del-prelaboral\/#article","isPartOf":{"@id":"https:\/\/cfpmaresme.org\/es\/acompanamiento-emocional-trabajo-profesionalizador-y-sinergias-el-dia-a-dia-del-prelaboral\/"},"author":{"name":"CFPMaresme","@id":"https:\/\/cfpmaresme.org\/#\/schema\/person\/b2634bcd796fafc667ea4055f61b9b2c"},"headline":"Acompa\u00f1amiento emocional, trabajo profesionalizador y sinergias, el d\u00eda a d\u00eda del Prelaboral","datePublished":"2023-04-28T08:14:07+00:00","dateModified":"2023-09-04T10:47:56+00:00","mainEntityOfPage":{"@id":"https:\/\/cfpmaresme.org\/es\/acompanamiento-emocional-trabajo-profesionalizador-y-sinergias-el-dia-a-dia-del-prelaboral\/"},"wordCount":434,"image":{"@id":"https:\/\/cfpmaresme.org\/es\/acompanamiento-emocional-trabajo-profesionalizador-y-sinergias-el-dia-a-dia-del-prelaboral\/#primaryimage"},"thumbnailUrl":"https:\/\/cfpmaresme.org\/wp-content\/uploads\/2023\/04\/Banner-1.jpg","articleSection":["Publicaciones","Servicio Prelaboral"],"inLanguage":"es"},{"@type":"WebPage","@id":"https:\/\/cfpmaresme.org\/es\/acompanamiento-emocional-trabajo-profesionalizador-y-sinergias-el-dia-a-dia-del-prelaboral\/","url":"https:\/\/cfpmaresme.org\/es\/acompanamiento-emocional-trabajo-profesionalizador-y-sinergias-el-dia-a-dia-del-prelaboral\/","name":"Acompa\u00f1amiento emocional, trabajo profesionalizador y sinergias, el d\u00eda a d\u00eda del Prelaboral | CFP Maresme","isPartOf":{"@id":"https:\/\/cfpmaresme.org\/#website"},"primaryImageOfPage":{"@id":"https:\/\/cfpmaresme.org\/es\/acompanamiento-emocional-trabajo-profesionalizador-y-sinergias-el-dia-a-dia-del-prelaboral\/#primaryimage"},"image":{"@id":"https:\/\/cfpmaresme.org\/es\/acompanamiento-emocional-trabajo-profesionalizador-y-sinergias-el-dia-a-dia-del-prelaboral\/#primaryimage"},"thumbnailUrl":"https:\/\/cfpmaresme.org\/wp-content\/uploads\/2023\/04\/Banner-1.jpg","datePublished":"2023-04-28T08:14:07+00:00","dateModified":"2023-09-04T10:47:56+00:00","author":{"@id":"https:\/\/cfpmaresme.org\/#\/schema\/person\/b2634bcd796fafc667ea4055f61b9b2c"},"breadcrumb":{"@id":"https:\/\/cfpmaresme.org\/es\/acompanamiento-emocional-trabajo-profesionalizador-y-sinergias-el-dia-a-dia-del-prelaboral\/#breadcrumb"},"inLanguage":"es","potentialAction":[{"@type":"ReadAction","target":["https:\/\/cfpmaresme.org\/es\/acompanamiento-emocional-trabajo-profesionalizador-y-sinergias-el-dia-a-dia-del-prelaboral\/"]}]},{"@type":"ImageObject","inLanguage":"es","@id":"https:\/\/cfpmaresme.org\/es\/acompanamiento-emocional-trabajo-profesionalizador-y-sinergias-el-dia-a-dia-del-prelaboral\/#primaryimage","url":"https:\/\/cfpmaresme.org\/wp-content\/uploads\/2023\/04\/Banner-1.jpg","contentUrl":"https:\/\/cfpmaresme.org\/wp-content\/uploads\/2023\/04\/Banner-1.jpg","width":1015,"height":391},{"@type":"BreadcrumbList","@id":"https:\/\/cfpmaresme.org\/es\/acompanamiento-emocional-trabajo-profesionalizador-y-sinergias-el-dia-a-dia-del-prelaboral\/#breadcrumb","itemListElement":[{"@type":"ListItem","position":1,"name":"Home","item":"https:\/\/cfpmaresme.org\/es\/"},{"@type":"ListItem","position":2,"name":"Acompa\u00f1amiento emocional, trabajo profesionalizador y sinergias, el d\u00eda a d\u00eda del Prelaboral"}]},{"@type":"WebSite","@id":"https:\/\/cfpmaresme.org\/#website","url":"https:\/\/cfpmaresme.org\/","name":"CFP Maresme","description":"Centre Formaci\u00f3 Prevenci\u00f3","potentialAction":[{"@type":"SearchAction","target":{"@type":"EntryPoint","urlTemplate":"https:\/\/cfpmaresme.org\/?s={search_term_string}"},"query-input":{"@type":"PropertyValueSpecification","valueRequired":true,"valueName":"search_term_string"}}],"inLanguage":"es"},{"@type":"Person","@id":"https:\/\/cfpmaresme.org\/#\/schema\/person\/b2634bcd796fafc667ea4055f61b9b2c","name":"CFPMaresme"}]}},"_links":{"self":[{"href":"https:\/\/cfpmaresme.org\/es\/wp-json\/wp\/v2\/posts\/72601","targetHints":{"allow":["GET"]}}],"collection":[{"href":"https:\/\/cfpmaresme.org\/es\/wp-json\/wp\/v2\/posts"}],"about":[{"href":"https:\/\/cfpmaresme.org\/es\/wp-json\/wp\/v2\/types\/post"}],"author":[{"embeddable":true,"href":"https:\/\/cfpmaresme.org\/es\/wp-json\/wp\/v2\/users\/2"}],"replies":[{"embeddable":true,"href":"https:\/\/cfpmaresme.org\/es\/wp-json\/wp\/v2\/comments?post=72601"}],"version-history":[{"count":3,"href":"https:\/\/cfpmaresme.org\/es\/wp-json\/wp\/v2\/posts\/72601\/revisions"}],"predecessor-version":[{"id":72604,"href":"https:\/\/cfpmaresme.org\/es\/wp-json\/wp\/v2\/posts\/72601\/revisions\/72604"}],"wp:featuredmedia":[{"embeddable":true,"href":"https:\/\/cfpmaresme.org\/es\/wp-json\/wp\/v2\/media\/72585"}],"wp:attachment":[{"href":"https:\/\/cfpmaresme.org\/es\/wp-json\/wp\/v2\/media?parent=72601"}],"wp:term":[{"taxonomy":"category","embeddable":true,"href":"https:\/\/cfpmaresme.org\/es\/wp-json\/wp\/v2\/categories?post=72601"},{"taxonomy":"post_tag","embeddable":true,"href":"https:\/\/cfpmaresme.org\/es\/wp-json\/wp\/v2\/tags?post=72601"}],"curies":[{"name":"wp","href":"https:\/\/api.w.org\/{rel}","templated":true}]}}