{"id":72662,"date":"2023-05-12T10:34:13","date_gmt":"2023-05-12T08:34:13","guid":{"rendered":"https:\/\/cfpmaresme.org\/?p=72662"},"modified":"2023-07-19T11:49:23","modified_gmt":"2023-07-19T09:49:23","slug":"educat-servicios-auxiliares-continua-apostando-por-la-inclusion-laboral","status":"publish","type":"post","link":"https:\/\/cfpmaresme.org\/es\/educat-servicios-auxiliares-continua-apostando-por-la-inclusion-laboral\/","title":{"rendered":"EDUCAT Servicios Auxiliares contin\u00faa apostando por la inclusi\u00f3n laboral"},"content":{"rendered":"<p>EDUCAT es una empresa especializada en la limpieza de los Centros de Escola Pia de Catalunya. El servicio de Formaci\u00f3n e Intermediaci\u00f3n Laboral del CFP colabora desde hace a\u00f1os con esta<img loading=\"lazy\" decoding=\"async\" class=\"size-medium wp-image-72658 alignright\" src=\"http:\/\/cfpmaresme.org\/wp-content\/uploads\/2023\/05\/1683031004891-225x300.jpg\" alt=\"\" width=\"225\" height=\"300\" srcset=\"https:\/\/cfpmaresme.org\/wp-content\/uploads\/2023\/05\/1683031004891-225x300.jpg 225w, https:\/\/cfpmaresme.org\/wp-content\/uploads\/2023\/05\/1683031004891-768x1024.jpg 768w, https:\/\/cfpmaresme.org\/wp-content\/uploads\/2023\/05\/1683031004891-1152x1536.jpg 1152w, https:\/\/cfpmaresme.org\/wp-content\/uploads\/2023\/05\/1683031004891-1536x2048.jpg 1536w, https:\/\/cfpmaresme.org\/wp-content\/uploads\/2023\/05\/1683031004891-600x800.jpg 600w, https:\/\/cfpmaresme.org\/wp-content\/uploads\/2023\/05\/1683031004891-700x933.jpg 700w, https:\/\/cfpmaresme.org\/wp-content\/uploads\/2023\/05\/1683031004891-scaled.jpg 1920w\" sizes=\"auto, (max-width: 225px) 100vw, 225px\" \/> empresa.<\/p>\n<p>En plena pandemia ya explic\u00e1bamos que <a href=\"https:\/\/cfpmaresme.org\/es\/educat-serveis-auxiliars-acull-a-5-alumnes-dauxiliars-de-neteja-en-practiques-a-diverses-escola-pia-de-la-comarca\/\" target=\"_blank\" rel=\"noopener\">hab\u00edan contratado a varios alumnos del curso de Auxiliar de Limpieza<\/a>. La \u00faltima colaboraci\u00f3n demuestra, una vez m\u00e1s, su apuesta por la inclusi\u00f3n laboral de colectivos vulnerables. As\u00ed como tambi\u00e9n su confianza en sus capacidades. La experiencia entre \u00c1ngel y Enric es una realidad.<\/p>\n<p>\u00c1ngel trabaja en EDUCAT como limpiador &#8211; vidriero desde el 2019. Anteriormente hab\u00eda sido alumno del curso de Limpieza Industrial que impartimos. \u00c1ngel convive con una problem\u00e1tica de salud mental. Por su lado, Enric ha cursado recientemente la misma formaci\u00f3n y \u00e9l est\u00e1 en situaci\u00f3n de riesgo de exclusi\u00f3n social. En estos momentos ha empezado a hacer pr\u00e1cticas en EDUCAT. Aprovechando la experiencia y el bagaje profesional de \u00c1ngel en esta empresa, se le propuso ser la persona formadora de las pr\u00e1cticas de Enric. Un ofrecimiento que \u00c1ngel acept\u00f3 con mucha motivaci\u00f3n e ilusi\u00f3n. Una sinergia que demuestra que la inclusi\u00f3n laboral es posible y que con voluntad y trabajo en equipo se puede superar cualquier dificultad y estigma.<\/p>\n","protected":false},"excerpt":{"rendered":"<p>EDUCAT es una empresa especializada en la limpieza de los Centros de Escola Pia de Catalunya. El servicio de Formaci\u00f3n e Intermediaci\u00f3n Laboral del CFP colabora desde hace a\u00f1os con esta empresa. En plena pandemia ya explic\u00e1bamos que hab\u00edan contratado a varios alumnos del curso&#8230;<\/p>\n","protected":false},"author":2,"featured_media":23427,"comment_status":"closed","ping_status":"closed","sticky":false,"template":"","format":"standard","meta":{"footnotes":""},"categories":[1193,1259],"tags":[],"class_list":["post-72662","post","type-post","status-publish","format-standard","has-post-thumbnail","hentry","category-servicio-de-formacion-e-intermediacion-laboral","category-publicaciones"],"yoast_head":"<!-- This site is optimized with the Yoast SEO plugin v27.4 - https:\/\/yoast.com\/product\/yoast-seo-wordpress\/ -->\n<title>EDUCAT Servicios Auxiliares contin\u00faa apostando por la inclusi\u00f3n laboral | CFP Maresme<\/title>\n<meta name=\"robots\" content=\"index, follow, max-snippet:-1, max-image-preview:large, max-video-preview:-1\" \/>\n<link rel=\"canonical\" href=\"https:\/\/cfpmaresme.org\/es\/educat-servicios-auxiliares-continua-apostando-por-la-inclusion-laboral\/\" \/>\n<meta property=\"og:locale\" content=\"es_ES\" \/>\n<meta property=\"og:type\" content=\"article\" \/>\n<meta property=\"og:title\" content=\"EDUCAT Servicios Auxiliares contin\u00faa apostando por la inclusi\u00f3n laboral | CFP Maresme\" \/>\n<meta property=\"og:description\" content=\"EDUCAT es una empresa especializada en la limpieza de los Centros de Escola Pia de Catalunya. El servicio de Formaci\u00f3n e Intermediaci\u00f3n Laboral del CFP colabora desde hace a\u00f1os con esta empresa. En plena pandemia ya explic\u00e1bamos que hab\u00edan contratado a varios alumnos del curso...\" \/>\n<meta property=\"og:url\" content=\"https:\/\/cfpmaresme.org\/es\/educat-servicios-auxiliares-continua-apostando-por-la-inclusion-laboral\/\" \/>\n<meta property=\"og:site_name\" content=\"CFP Maresme\" \/>\n<meta property=\"article:published_time\" content=\"2023-05-12T08:34:13+00:00\" \/>\n<meta property=\"article:modified_time\" content=\"2023-07-19T09:49:23+00:00\" \/>\n<meta property=\"og:image\" content=\"https:\/\/cfpmaresme.org\/wp-content\/uploads\/2021\/02\/escola-pia-Calella-retocada.jpg\" \/>\n\t<meta property=\"og:image:width\" content=\"1195\" \/>\n\t<meta property=\"og:image:height\" content=\"706\" \/>\n\t<meta property=\"og:image:type\" content=\"image\/jpeg\" \/>\n<meta name=\"author\" content=\"CFPMaresme\" \/>\n<meta name=\"twitter:card\" content=\"summary_large_image\" \/>\n<meta name=\"twitter:creator\" content=\"@cfpmaresme\" \/>\n<meta name=\"twitter:site\" content=\"@cfpmaresme\" \/>\n<meta name=\"twitter:label1\" content=\"Escrito por\" \/>\n\t<meta name=\"twitter:data1\" content=\"CFPMaresme\" \/>\n\t<meta name=\"twitter:label2\" content=\"Tiempo de lectura\" \/>\n\t<meta name=\"twitter:data2\" content=\"2 minutos\" \/>\n<script type=\"application\/ld+json\" class=\"yoast-schema-graph\">{\"@context\":\"https:\\\/\\\/schema.org\",\"@graph\":[{\"@type\":\"Article\",\"@id\":\"https:\\\/\\\/cfpmaresme.org\\\/es\\\/educat-servicios-auxiliares-continua-apostando-por-la-inclusion-laboral\\\/#article\",\"isPartOf\":{\"@id\":\"https:\\\/\\\/cfpmaresme.org\\\/es\\\/educat-servicios-auxiliares-continua-apostando-por-la-inclusion-laboral\\\/\"},\"author\":{\"name\":\"CFPMaresme\",\"@id\":\"https:\\\/\\\/cfpmaresme.org\\\/#\\\/schema\\\/person\\\/b2634bcd796fafc667ea4055f61b9b2c\"},\"headline\":\"EDUCAT Servicios Auxiliares contin\u00faa apostando por la inclusi\u00f3n laboral\",\"datePublished\":\"2023-05-12T08:34:13+00:00\",\"dateModified\":\"2023-07-19T09:49:23+00:00\",\"mainEntityOfPage\":{\"@id\":\"https:\\\/\\\/cfpmaresme.org\\\/es\\\/educat-servicios-auxiliares-continua-apostando-por-la-inclusion-laboral\\\/\"},\"wordCount\":230,\"image\":{\"@id\":\"https:\\\/\\\/cfpmaresme.org\\\/es\\\/educat-servicios-auxiliares-continua-apostando-por-la-inclusion-laboral\\\/#primaryimage\"},\"thumbnailUrl\":\"https:\\\/\\\/cfpmaresme.org\\\/wp-content\\\/uploads\\\/2021\\\/02\\\/escola-pia-Calella-retocada.jpg\",\"articleSection\":[\"Formaci\u00f3n e Intermediaci\u00f3n Laboral\",\"Publicaciones\"],\"inLanguage\":\"es\"},{\"@type\":\"WebPage\",\"@id\":\"https:\\\/\\\/cfpmaresme.org\\\/es\\\/educat-servicios-auxiliares-continua-apostando-por-la-inclusion-laboral\\\/\",\"url\":\"https:\\\/\\\/cfpmaresme.org\\\/es\\\/educat-servicios-auxiliares-continua-apostando-por-la-inclusion-laboral\\\/\",\"name\":\"EDUCAT Servicios Auxiliares contin\u00faa apostando por la inclusi\u00f3n laboral | CFP Maresme\",\"isPartOf\":{\"@id\":\"https:\\\/\\\/cfpmaresme.org\\\/#website\"},\"primaryImageOfPage\":{\"@id\":\"https:\\\/\\\/cfpmaresme.org\\\/es\\\/educat-servicios-auxiliares-continua-apostando-por-la-inclusion-laboral\\\/#primaryimage\"},\"image\":{\"@id\":\"https:\\\/\\\/cfpmaresme.org\\\/es\\\/educat-servicios-auxiliares-continua-apostando-por-la-inclusion-laboral\\\/#primaryimage\"},\"thumbnailUrl\":\"https:\\\/\\\/cfpmaresme.org\\\/wp-content\\\/uploads\\\/2021\\\/02\\\/escola-pia-Calella-retocada.jpg\",\"datePublished\":\"2023-05-12T08:34:13+00:00\",\"dateModified\":\"2023-07-19T09:49:23+00:00\",\"author\":{\"@id\":\"https:\\\/\\\/cfpmaresme.org\\\/#\\\/schema\\\/person\\\/b2634bcd796fafc667ea4055f61b9b2c\"},\"breadcrumb\":{\"@id\":\"https:\\\/\\\/cfpmaresme.org\\\/es\\\/educat-servicios-auxiliares-continua-apostando-por-la-inclusion-laboral\\\/#breadcrumb\"},\"inLanguage\":\"es\",\"potentialAction\":[{\"@type\":\"ReadAction\",\"target\":[\"https:\\\/\\\/cfpmaresme.org\\\/es\\\/educat-servicios-auxiliares-continua-apostando-por-la-inclusion-laboral\\\/\"]}]},{\"@type\":\"ImageObject\",\"inLanguage\":\"es\",\"@id\":\"https:\\\/\\\/cfpmaresme.org\\\/es\\\/educat-servicios-auxiliares-continua-apostando-por-la-inclusion-laboral\\\/#primaryimage\",\"url\":\"https:\\\/\\\/cfpmaresme.org\\\/wp-content\\\/uploads\\\/2021\\\/02\\\/escola-pia-Calella-retocada.jpg\",\"contentUrl\":\"https:\\\/\\\/cfpmaresme.org\\\/wp-content\\\/uploads\\\/2021\\\/02\\\/escola-pia-Calella-retocada.jpg\",\"width\":1195,\"height\":706},{\"@type\":\"BreadcrumbList\",\"@id\":\"https:\\\/\\\/cfpmaresme.org\\\/es\\\/educat-servicios-auxiliares-continua-apostando-por-la-inclusion-laboral\\\/#breadcrumb\",\"itemListElement\":[{\"@type\":\"ListItem\",\"position\":1,\"name\":\"Home\",\"item\":\"https:\\\/\\\/cfpmaresme.org\\\/es\\\/\"},{\"@type\":\"ListItem\",\"position\":2,\"name\":\"EDUCAT Servicios Auxiliares contin\u00faa apostando por la inclusi\u00f3n laboral\"}]},{\"@type\":\"WebSite\",\"@id\":\"https:\\\/\\\/cfpmaresme.org\\\/#website\",\"url\":\"https:\\\/\\\/cfpmaresme.org\\\/\",\"name\":\"CFP Maresme\",\"description\":\"Centre Formaci\u00f3 Prevenci\u00f3\",\"potentialAction\":[{\"@type\":\"SearchAction\",\"target\":{\"@type\":\"EntryPoint\",\"urlTemplate\":\"https:\\\/\\\/cfpmaresme.org\\\/?s={search_term_string}\"},\"query-input\":{\"@type\":\"PropertyValueSpecification\",\"valueRequired\":true,\"valueName\":\"search_term_string\"}}],\"inLanguage\":\"es\"},{\"@type\":\"Person\",\"@id\":\"https:\\\/\\\/cfpmaresme.org\\\/#\\\/schema\\\/person\\\/b2634bcd796fafc667ea4055f61b9b2c\",\"name\":\"CFPMaresme\"}]}<\/script>\n<!-- \/ Yoast SEO plugin. -->","yoast_head_json":{"title":"EDUCAT Servicios Auxiliares contin\u00faa apostando por la inclusi\u00f3n laboral | CFP Maresme","robots":{"index":"index","follow":"follow","max-snippet":"max-snippet:-1","max-image-preview":"max-image-preview:large","max-video-preview":"max-video-preview:-1"},"canonical":"https:\/\/cfpmaresme.org\/es\/educat-servicios-auxiliares-continua-apostando-por-la-inclusion-laboral\/","og_locale":"es_ES","og_type":"article","og_title":"EDUCAT Servicios Auxiliares contin\u00faa apostando por la inclusi\u00f3n laboral | CFP Maresme","og_description":"EDUCAT es una empresa especializada en la limpieza de los Centros de Escola Pia de Catalunya. El servicio de Formaci\u00f3n e Intermediaci\u00f3n Laboral del CFP colabora desde hace a\u00f1os con esta empresa. En plena pandemia ya explic\u00e1bamos que hab\u00edan contratado a varios alumnos del curso...","og_url":"https:\/\/cfpmaresme.org\/es\/educat-servicios-auxiliares-continua-apostando-por-la-inclusion-laboral\/","og_site_name":"CFP Maresme","article_published_time":"2023-05-12T08:34:13+00:00","article_modified_time":"2023-07-19T09:49:23+00:00","og_image":[{"width":1195,"height":706,"url":"https:\/\/cfpmaresme.org\/wp-content\/uploads\/2021\/02\/escola-pia-Calella-retocada.jpg","type":"image\/jpeg"}],"author":"CFPMaresme","twitter_card":"summary_large_image","twitter_creator":"@cfpmaresme","twitter_site":"@cfpmaresme","twitter_misc":{"Escrito por":"CFPMaresme","Tiempo de lectura":"2 minutos"},"schema":{"@context":"https:\/\/schema.org","@graph":[{"@type":"Article","@id":"https:\/\/cfpmaresme.org\/es\/educat-servicios-auxiliares-continua-apostando-por-la-inclusion-laboral\/#article","isPartOf":{"@id":"https:\/\/cfpmaresme.org\/es\/educat-servicios-auxiliares-continua-apostando-por-la-inclusion-laboral\/"},"author":{"name":"CFPMaresme","@id":"https:\/\/cfpmaresme.org\/#\/schema\/person\/b2634bcd796fafc667ea4055f61b9b2c"},"headline":"EDUCAT Servicios Auxiliares contin\u00faa apostando por la inclusi\u00f3n laboral","datePublished":"2023-05-12T08:34:13+00:00","dateModified":"2023-07-19T09:49:23+00:00","mainEntityOfPage":{"@id":"https:\/\/cfpmaresme.org\/es\/educat-servicios-auxiliares-continua-apostando-por-la-inclusion-laboral\/"},"wordCount":230,"image":{"@id":"https:\/\/cfpmaresme.org\/es\/educat-servicios-auxiliares-continua-apostando-por-la-inclusion-laboral\/#primaryimage"},"thumbnailUrl":"https:\/\/cfpmaresme.org\/wp-content\/uploads\/2021\/02\/escola-pia-Calella-retocada.jpg","articleSection":["Formaci\u00f3n e Intermediaci\u00f3n Laboral","Publicaciones"],"inLanguage":"es"},{"@type":"WebPage","@id":"https:\/\/cfpmaresme.org\/es\/educat-servicios-auxiliares-continua-apostando-por-la-inclusion-laboral\/","url":"https:\/\/cfpmaresme.org\/es\/educat-servicios-auxiliares-continua-apostando-por-la-inclusion-laboral\/","name":"EDUCAT Servicios Auxiliares contin\u00faa apostando por la inclusi\u00f3n laboral | CFP Maresme","isPartOf":{"@id":"https:\/\/cfpmaresme.org\/#website"},"primaryImageOfPage":{"@id":"https:\/\/cfpmaresme.org\/es\/educat-servicios-auxiliares-continua-apostando-por-la-inclusion-laboral\/#primaryimage"},"image":{"@id":"https:\/\/cfpmaresme.org\/es\/educat-servicios-auxiliares-continua-apostando-por-la-inclusion-laboral\/#primaryimage"},"thumbnailUrl":"https:\/\/cfpmaresme.org\/wp-content\/uploads\/2021\/02\/escola-pia-Calella-retocada.jpg","datePublished":"2023-05-12T08:34:13+00:00","dateModified":"2023-07-19T09:49:23+00:00","author":{"@id":"https:\/\/cfpmaresme.org\/#\/schema\/person\/b2634bcd796fafc667ea4055f61b9b2c"},"breadcrumb":{"@id":"https:\/\/cfpmaresme.org\/es\/educat-servicios-auxiliares-continua-apostando-por-la-inclusion-laboral\/#breadcrumb"},"inLanguage":"es","potentialAction":[{"@type":"ReadAction","target":["https:\/\/cfpmaresme.org\/es\/educat-servicios-auxiliares-continua-apostando-por-la-inclusion-laboral\/"]}]},{"@type":"ImageObject","inLanguage":"es","@id":"https:\/\/cfpmaresme.org\/es\/educat-servicios-auxiliares-continua-apostando-por-la-inclusion-laboral\/#primaryimage","url":"https:\/\/cfpmaresme.org\/wp-content\/uploads\/2021\/02\/escola-pia-Calella-retocada.jpg","contentUrl":"https:\/\/cfpmaresme.org\/wp-content\/uploads\/2021\/02\/escola-pia-Calella-retocada.jpg","width":1195,"height":706},{"@type":"BreadcrumbList","@id":"https:\/\/cfpmaresme.org\/es\/educat-servicios-auxiliares-continua-apostando-por-la-inclusion-laboral\/#breadcrumb","itemListElement":[{"@type":"ListItem","position":1,"name":"Home","item":"https:\/\/cfpmaresme.org\/es\/"},{"@type":"ListItem","position":2,"name":"EDUCAT Servicios Auxiliares contin\u00faa apostando por la inclusi\u00f3n laboral"}]},{"@type":"WebSite","@id":"https:\/\/cfpmaresme.org\/#website","url":"https:\/\/cfpmaresme.org\/","name":"CFP Maresme","description":"Centre Formaci\u00f3 Prevenci\u00f3","potentialAction":[{"@type":"SearchAction","target":{"@type":"EntryPoint","urlTemplate":"https:\/\/cfpmaresme.org\/?s={search_term_string}"},"query-input":{"@type":"PropertyValueSpecification","valueRequired":true,"valueName":"search_term_string"}}],"inLanguage":"es"},{"@type":"Person","@id":"https:\/\/cfpmaresme.org\/#\/schema\/person\/b2634bcd796fafc667ea4055f61b9b2c","name":"CFPMaresme"}]}},"_links":{"self":[{"href":"https:\/\/cfpmaresme.org\/es\/wp-json\/wp\/v2\/posts\/72662","targetHints":{"allow":["GET"]}}],"collection":[{"href":"https:\/\/cfpmaresme.org\/es\/wp-json\/wp\/v2\/posts"}],"about":[{"href":"https:\/\/cfpmaresme.org\/es\/wp-json\/wp\/v2\/types\/post"}],"author":[{"embeddable":true,"href":"https:\/\/cfpmaresme.org\/es\/wp-json\/wp\/v2\/users\/2"}],"replies":[{"embeddable":true,"href":"https:\/\/cfpmaresme.org\/es\/wp-json\/wp\/v2\/comments?post=72662"}],"version-history":[{"count":1,"href":"https:\/\/cfpmaresme.org\/es\/wp-json\/wp\/v2\/posts\/72662\/revisions"}],"predecessor-version":[{"id":72663,"href":"https:\/\/cfpmaresme.org\/es\/wp-json\/wp\/v2\/posts\/72662\/revisions\/72663"}],"wp:featuredmedia":[{"embeddable":true,"href":"https:\/\/cfpmaresme.org\/es\/wp-json\/wp\/v2\/media\/23427"}],"wp:attachment":[{"href":"https:\/\/cfpmaresme.org\/es\/wp-json\/wp\/v2\/media?parent=72662"}],"wp:term":[{"taxonomy":"category","embeddable":true,"href":"https:\/\/cfpmaresme.org\/es\/wp-json\/wp\/v2\/categories?post=72662"},{"taxonomy":"post_tag","embeddable":true,"href":"https:\/\/cfpmaresme.org\/es\/wp-json\/wp\/v2\/tags?post=72662"}],"curies":[{"name":"wp","href":"https:\/\/api.w.org\/{rel}","templated":true}]}}