{"id":72823,"date":"2023-06-01T10:59:07","date_gmt":"2023-06-01T08:59:07","guid":{"rendered":"https:\/\/cfpmaresme.org\/?p=72823"},"modified":"2023-07-12T12:14:16","modified_gmt":"2023-07-12T10:14:16","slug":"dos-personas-que-hemos-acompanado-desde-intermediacion-laboral-se-insieren-en-el-cet-de-fundacio-el-maresme","status":"publish","type":"post","link":"https:\/\/cfpmaresme.org\/es\/dos-personas-que-hemos-acompanado-desde-intermediacion-laboral-se-insieren-en-el-cet-de-fundacio-el-maresme\/","title":{"rendered":"Dos personas que hemos acompa\u00f1ado desde Intermediaci\u00f3n Laboral se insieren en el CET de Fundaci\u00f3 el Maresme"},"content":{"rendered":"<p>El departamento de Formaci\u00f3n e Intermediaci\u00f3n Laboral tiene como finalidad principal que las personas que asisten accedan al mercado laboral. Las inserciones laborales pueden ser en una empresa ordinaria o protegida. Recientemente dos personas que acompa\u00f1amos han conseguido la inserci\u00f3n laboral en el Centre Especial de Treball de Fundaci\u00f3 el Maresme.<\/p>\n<p>&nbsp;<\/p>\n<h3>Un mismo inicio y un camino bien distinto para conseguir la inclusi\u00f3n laboral<\/h3>\n<p>Hace aproximadamente un a\u00f1o que tanto Joaquim como Eli aterrizaron en el <a href=\"https:\/\/cfpmaresme.org\/programa-sioas\/\" target=\"_blank\" rel=\"noopener\">programa SIOAS<\/a>. Joaquim, despu\u00e9s de unos meses, inici\u00f3 un per\u00edodo de pr\u00e1cticas reponiendo mercader\u00edas y haciendo de cajero en el bon\u00c0rea. Ahora se ha incorporado en la plantilla del CEO el Maresme, realizando tareas de pe\u00f3n de jardinero y de limpiador de playas.<\/p>\n<p>El recorrido de Eli es distinto. Entr\u00f3 a formar parte del SIOAS como Joaquim y, muy r\u00e1pidamente, consigui\u00f3 un contrato de Auxiliar de geriatr\u00eda en una residencia de la tercera edad. Aun as\u00ed, a principios del a\u00f1o pasado decidi\u00f3 hacer una reorientaci\u00f3n profesional y encaminarse hacia ser Auxiliar de Servicios de Limpieza. Despu\u00e9s de hacer una formaci\u00f3n y unas pr\u00e1cticas en esta materia ha estado contratada por el CEO el Maresme como limpiadora.<\/p>\n<p>Historias como la de Joaquim y Eli muestran que, con dedicaci\u00f3n y ganas, podemos inserirnos laboralmente sea el que sea nuestro recorrido. Desde aqu\u00ed queremos felicitarlos. Tambi\u00e9n agradecer al CEO el Maresme la confianza y la Responsabilidad Social Corporativa que muestra contratando personas que provienen de entidades del territorio.<\/p>\n","protected":false},"excerpt":{"rendered":"<p>El departamento de Formaci\u00f3n e Intermediaci\u00f3n Laboral tiene como finalidad principal que las personas que asisten accedan al mercado laboral. Las inserciones laborales pueden ser en una empresa ordinaria o protegida. Recientemente dos personas que acompa\u00f1amos han conseguido la inserci\u00f3n laboral en el Centre Especial&#8230;<\/p>\n","protected":false},"author":2,"featured_media":72822,"comment_status":"closed","ping_status":"closed","sticky":false,"template":"","format":"standard","meta":{"footnotes":""},"categories":[1193,1259],"tags":[],"class_list":["post-72823","post","type-post","status-publish","format-standard","has-post-thumbnail","hentry","category-servicio-de-formacion-e-intermediacion-laboral","category-publicaciones"],"yoast_head":"<!-- This site is optimized with the Yoast SEO plugin v27.4 - https:\/\/yoast.com\/product\/yoast-seo-wordpress\/ -->\n<title>Dos personas que hemos acompa\u00f1ado desde Intermediaci\u00f3n Laboral se insieren en el CET de Fundaci\u00f3 el Maresme | CFP Maresme<\/title>\n<meta name=\"robots\" content=\"index, follow, max-snippet:-1, max-image-preview:large, max-video-preview:-1\" \/>\n<link rel=\"canonical\" href=\"https:\/\/cfpmaresme.org\/es\/dos-personas-que-hemos-acompanado-desde-intermediacion-laboral-se-insieren-en-el-cet-de-fundacio-el-maresme\/\" \/>\n<meta property=\"og:locale\" content=\"es_ES\" \/>\n<meta property=\"og:type\" content=\"article\" \/>\n<meta property=\"og:title\" content=\"Dos personas que hemos acompa\u00f1ado desde Intermediaci\u00f3n Laboral se insieren en el CET de Fundaci\u00f3 el Maresme | CFP Maresme\" \/>\n<meta property=\"og:description\" content=\"El departamento de Formaci\u00f3n e Intermediaci\u00f3n Laboral tiene como finalidad principal que las personas que asisten accedan al mercado laboral. Las inserciones laborales pueden ser en una empresa ordinaria o protegida. Recientemente dos personas que acompa\u00f1amos han conseguido la inserci\u00f3n laboral en el Centre Especial...\" \/>\n<meta property=\"og:url\" content=\"https:\/\/cfpmaresme.org\/es\/dos-personas-que-hemos-acompanado-desde-intermediacion-laboral-se-insieren-en-el-cet-de-fundacio-el-maresme\/\" \/>\n<meta property=\"og:site_name\" content=\"CFP Maresme\" \/>\n<meta property=\"article:published_time\" content=\"2023-06-01T08:59:07+00:00\" \/>\n<meta property=\"article:modified_time\" content=\"2023-07-12T10:14:16+00:00\" \/>\n<meta property=\"og:image\" content=\"https:\/\/cfpmaresme.org\/wp-content\/uploads\/2023\/06\/banner.jpg\" \/>\n\t<meta property=\"og:image:width\" content=\"1070\" \/>\n\t<meta property=\"og:image:height\" content=\"317\" \/>\n\t<meta property=\"og:image:type\" content=\"image\/jpeg\" \/>\n<meta name=\"author\" content=\"CFPMaresme\" \/>\n<meta name=\"twitter:card\" content=\"summary_large_image\" \/>\n<meta name=\"twitter:creator\" content=\"@cfpmaresme\" \/>\n<meta name=\"twitter:site\" content=\"@cfpmaresme\" \/>\n<meta name=\"twitter:label1\" content=\"Escrito por\" \/>\n\t<meta name=\"twitter:data1\" content=\"CFPMaresme\" \/>\n\t<meta name=\"twitter:label2\" content=\"Tiempo de lectura\" \/>\n\t<meta name=\"twitter:data2\" content=\"2 minutos\" \/>\n<script type=\"application\/ld+json\" class=\"yoast-schema-graph\">{\"@context\":\"https:\\\/\\\/schema.org\",\"@graph\":[{\"@type\":\"Article\",\"@id\":\"https:\\\/\\\/cfpmaresme.org\\\/es\\\/dos-personas-que-hemos-acompanado-desde-intermediacion-laboral-se-insieren-en-el-cet-de-fundacio-el-maresme\\\/#article\",\"isPartOf\":{\"@id\":\"https:\\\/\\\/cfpmaresme.org\\\/es\\\/dos-personas-que-hemos-acompanado-desde-intermediacion-laboral-se-insieren-en-el-cet-de-fundacio-el-maresme\\\/\"},\"author\":{\"name\":\"CFPMaresme\",\"@id\":\"https:\\\/\\\/cfpmaresme.org\\\/#\\\/schema\\\/person\\\/b2634bcd796fafc667ea4055f61b9b2c\"},\"headline\":\"Dos personas que hemos acompa\u00f1ado desde Intermediaci\u00f3n Laboral se insieren en el CET de Fundaci\u00f3 el Maresme\",\"datePublished\":\"2023-06-01T08:59:07+00:00\",\"dateModified\":\"2023-07-12T10:14:16+00:00\",\"mainEntityOfPage\":{\"@id\":\"https:\\\/\\\/cfpmaresme.org\\\/es\\\/dos-personas-que-hemos-acompanado-desde-intermediacion-laboral-se-insieren-en-el-cet-de-fundacio-el-maresme\\\/\"},\"wordCount\":282,\"image\":{\"@id\":\"https:\\\/\\\/cfpmaresme.org\\\/es\\\/dos-personas-que-hemos-acompanado-desde-intermediacion-laboral-se-insieren-en-el-cet-de-fundacio-el-maresme\\\/#primaryimage\"},\"thumbnailUrl\":\"https:\\\/\\\/cfpmaresme.org\\\/wp-content\\\/uploads\\\/2023\\\/06\\\/banner.jpg\",\"articleSection\":[\"Formaci\u00f3n e Intermediaci\u00f3n Laboral\",\"Publicaciones\"],\"inLanguage\":\"es\"},{\"@type\":\"WebPage\",\"@id\":\"https:\\\/\\\/cfpmaresme.org\\\/es\\\/dos-personas-que-hemos-acompanado-desde-intermediacion-laboral-se-insieren-en-el-cet-de-fundacio-el-maresme\\\/\",\"url\":\"https:\\\/\\\/cfpmaresme.org\\\/es\\\/dos-personas-que-hemos-acompanado-desde-intermediacion-laboral-se-insieren-en-el-cet-de-fundacio-el-maresme\\\/\",\"name\":\"Dos personas que hemos acompa\u00f1ado desde Intermediaci\u00f3n Laboral se insieren en el CET de Fundaci\u00f3 el Maresme | CFP Maresme\",\"isPartOf\":{\"@id\":\"https:\\\/\\\/cfpmaresme.org\\\/#website\"},\"primaryImageOfPage\":{\"@id\":\"https:\\\/\\\/cfpmaresme.org\\\/es\\\/dos-personas-que-hemos-acompanado-desde-intermediacion-laboral-se-insieren-en-el-cet-de-fundacio-el-maresme\\\/#primaryimage\"},\"image\":{\"@id\":\"https:\\\/\\\/cfpmaresme.org\\\/es\\\/dos-personas-que-hemos-acompanado-desde-intermediacion-laboral-se-insieren-en-el-cet-de-fundacio-el-maresme\\\/#primaryimage\"},\"thumbnailUrl\":\"https:\\\/\\\/cfpmaresme.org\\\/wp-content\\\/uploads\\\/2023\\\/06\\\/banner.jpg\",\"datePublished\":\"2023-06-01T08:59:07+00:00\",\"dateModified\":\"2023-07-12T10:14:16+00:00\",\"author\":{\"@id\":\"https:\\\/\\\/cfpmaresme.org\\\/#\\\/schema\\\/person\\\/b2634bcd796fafc667ea4055f61b9b2c\"},\"breadcrumb\":{\"@id\":\"https:\\\/\\\/cfpmaresme.org\\\/es\\\/dos-personas-que-hemos-acompanado-desde-intermediacion-laboral-se-insieren-en-el-cet-de-fundacio-el-maresme\\\/#breadcrumb\"},\"inLanguage\":\"es\",\"potentialAction\":[{\"@type\":\"ReadAction\",\"target\":[\"https:\\\/\\\/cfpmaresme.org\\\/es\\\/dos-personas-que-hemos-acompanado-desde-intermediacion-laboral-se-insieren-en-el-cet-de-fundacio-el-maresme\\\/\"]}]},{\"@type\":\"ImageObject\",\"inLanguage\":\"es\",\"@id\":\"https:\\\/\\\/cfpmaresme.org\\\/es\\\/dos-personas-que-hemos-acompanado-desde-intermediacion-laboral-se-insieren-en-el-cet-de-fundacio-el-maresme\\\/#primaryimage\",\"url\":\"https:\\\/\\\/cfpmaresme.org\\\/wp-content\\\/uploads\\\/2023\\\/06\\\/banner.jpg\",\"contentUrl\":\"https:\\\/\\\/cfpmaresme.org\\\/wp-content\\\/uploads\\\/2023\\\/06\\\/banner.jpg\",\"width\":1070,\"height\":317},{\"@type\":\"BreadcrumbList\",\"@id\":\"https:\\\/\\\/cfpmaresme.org\\\/es\\\/dos-personas-que-hemos-acompanado-desde-intermediacion-laboral-se-insieren-en-el-cet-de-fundacio-el-maresme\\\/#breadcrumb\",\"itemListElement\":[{\"@type\":\"ListItem\",\"position\":1,\"name\":\"Home\",\"item\":\"https:\\\/\\\/cfpmaresme.org\\\/es\\\/\"},{\"@type\":\"ListItem\",\"position\":2,\"name\":\"Dos personas que hemos acompa\u00f1ado desde Intermediaci\u00f3n Laboral se insieren en el CET de Fundaci\u00f3 el Maresme\"}]},{\"@type\":\"WebSite\",\"@id\":\"https:\\\/\\\/cfpmaresme.org\\\/#website\",\"url\":\"https:\\\/\\\/cfpmaresme.org\\\/\",\"name\":\"CFP Maresme\",\"description\":\"Centre Formaci\u00f3 Prevenci\u00f3\",\"potentialAction\":[{\"@type\":\"SearchAction\",\"target\":{\"@type\":\"EntryPoint\",\"urlTemplate\":\"https:\\\/\\\/cfpmaresme.org\\\/?s={search_term_string}\"},\"query-input\":{\"@type\":\"PropertyValueSpecification\",\"valueRequired\":true,\"valueName\":\"search_term_string\"}}],\"inLanguage\":\"es\"},{\"@type\":\"Person\",\"@id\":\"https:\\\/\\\/cfpmaresme.org\\\/#\\\/schema\\\/person\\\/b2634bcd796fafc667ea4055f61b9b2c\",\"name\":\"CFPMaresme\"}]}<\/script>\n<!-- \/ Yoast SEO plugin. -->","yoast_head_json":{"title":"Dos personas que hemos acompa\u00f1ado desde Intermediaci\u00f3n Laboral se insieren en el CET de Fundaci\u00f3 el Maresme | CFP Maresme","robots":{"index":"index","follow":"follow","max-snippet":"max-snippet:-1","max-image-preview":"max-image-preview:large","max-video-preview":"max-video-preview:-1"},"canonical":"https:\/\/cfpmaresme.org\/es\/dos-personas-que-hemos-acompanado-desde-intermediacion-laboral-se-insieren-en-el-cet-de-fundacio-el-maresme\/","og_locale":"es_ES","og_type":"article","og_title":"Dos personas que hemos acompa\u00f1ado desde Intermediaci\u00f3n Laboral se insieren en el CET de Fundaci\u00f3 el Maresme | CFP Maresme","og_description":"El departamento de Formaci\u00f3n e Intermediaci\u00f3n Laboral tiene como finalidad principal que las personas que asisten accedan al mercado laboral. Las inserciones laborales pueden ser en una empresa ordinaria o protegida. Recientemente dos personas que acompa\u00f1amos han conseguido la inserci\u00f3n laboral en el Centre Especial...","og_url":"https:\/\/cfpmaresme.org\/es\/dos-personas-que-hemos-acompanado-desde-intermediacion-laboral-se-insieren-en-el-cet-de-fundacio-el-maresme\/","og_site_name":"CFP Maresme","article_published_time":"2023-06-01T08:59:07+00:00","article_modified_time":"2023-07-12T10:14:16+00:00","og_image":[{"width":1070,"height":317,"url":"https:\/\/cfpmaresme.org\/wp-content\/uploads\/2023\/06\/banner.jpg","type":"image\/jpeg"}],"author":"CFPMaresme","twitter_card":"summary_large_image","twitter_creator":"@cfpmaresme","twitter_site":"@cfpmaresme","twitter_misc":{"Escrito por":"CFPMaresme","Tiempo de lectura":"2 minutos"},"schema":{"@context":"https:\/\/schema.org","@graph":[{"@type":"Article","@id":"https:\/\/cfpmaresme.org\/es\/dos-personas-que-hemos-acompanado-desde-intermediacion-laboral-se-insieren-en-el-cet-de-fundacio-el-maresme\/#article","isPartOf":{"@id":"https:\/\/cfpmaresme.org\/es\/dos-personas-que-hemos-acompanado-desde-intermediacion-laboral-se-insieren-en-el-cet-de-fundacio-el-maresme\/"},"author":{"name":"CFPMaresme","@id":"https:\/\/cfpmaresme.org\/#\/schema\/person\/b2634bcd796fafc667ea4055f61b9b2c"},"headline":"Dos personas que hemos acompa\u00f1ado desde Intermediaci\u00f3n Laboral se insieren en el CET de Fundaci\u00f3 el Maresme","datePublished":"2023-06-01T08:59:07+00:00","dateModified":"2023-07-12T10:14:16+00:00","mainEntityOfPage":{"@id":"https:\/\/cfpmaresme.org\/es\/dos-personas-que-hemos-acompanado-desde-intermediacion-laboral-se-insieren-en-el-cet-de-fundacio-el-maresme\/"},"wordCount":282,"image":{"@id":"https:\/\/cfpmaresme.org\/es\/dos-personas-que-hemos-acompanado-desde-intermediacion-laboral-se-insieren-en-el-cet-de-fundacio-el-maresme\/#primaryimage"},"thumbnailUrl":"https:\/\/cfpmaresme.org\/wp-content\/uploads\/2023\/06\/banner.jpg","articleSection":["Formaci\u00f3n e Intermediaci\u00f3n Laboral","Publicaciones"],"inLanguage":"es"},{"@type":"WebPage","@id":"https:\/\/cfpmaresme.org\/es\/dos-personas-que-hemos-acompanado-desde-intermediacion-laboral-se-insieren-en-el-cet-de-fundacio-el-maresme\/","url":"https:\/\/cfpmaresme.org\/es\/dos-personas-que-hemos-acompanado-desde-intermediacion-laboral-se-insieren-en-el-cet-de-fundacio-el-maresme\/","name":"Dos personas que hemos acompa\u00f1ado desde Intermediaci\u00f3n Laboral se insieren en el CET de Fundaci\u00f3 el Maresme | CFP Maresme","isPartOf":{"@id":"https:\/\/cfpmaresme.org\/#website"},"primaryImageOfPage":{"@id":"https:\/\/cfpmaresme.org\/es\/dos-personas-que-hemos-acompanado-desde-intermediacion-laboral-se-insieren-en-el-cet-de-fundacio-el-maresme\/#primaryimage"},"image":{"@id":"https:\/\/cfpmaresme.org\/es\/dos-personas-que-hemos-acompanado-desde-intermediacion-laboral-se-insieren-en-el-cet-de-fundacio-el-maresme\/#primaryimage"},"thumbnailUrl":"https:\/\/cfpmaresme.org\/wp-content\/uploads\/2023\/06\/banner.jpg","datePublished":"2023-06-01T08:59:07+00:00","dateModified":"2023-07-12T10:14:16+00:00","author":{"@id":"https:\/\/cfpmaresme.org\/#\/schema\/person\/b2634bcd796fafc667ea4055f61b9b2c"},"breadcrumb":{"@id":"https:\/\/cfpmaresme.org\/es\/dos-personas-que-hemos-acompanado-desde-intermediacion-laboral-se-insieren-en-el-cet-de-fundacio-el-maresme\/#breadcrumb"},"inLanguage":"es","potentialAction":[{"@type":"ReadAction","target":["https:\/\/cfpmaresme.org\/es\/dos-personas-que-hemos-acompanado-desde-intermediacion-laboral-se-insieren-en-el-cet-de-fundacio-el-maresme\/"]}]},{"@type":"ImageObject","inLanguage":"es","@id":"https:\/\/cfpmaresme.org\/es\/dos-personas-que-hemos-acompanado-desde-intermediacion-laboral-se-insieren-en-el-cet-de-fundacio-el-maresme\/#primaryimage","url":"https:\/\/cfpmaresme.org\/wp-content\/uploads\/2023\/06\/banner.jpg","contentUrl":"https:\/\/cfpmaresme.org\/wp-content\/uploads\/2023\/06\/banner.jpg","width":1070,"height":317},{"@type":"BreadcrumbList","@id":"https:\/\/cfpmaresme.org\/es\/dos-personas-que-hemos-acompanado-desde-intermediacion-laboral-se-insieren-en-el-cet-de-fundacio-el-maresme\/#breadcrumb","itemListElement":[{"@type":"ListItem","position":1,"name":"Home","item":"https:\/\/cfpmaresme.org\/es\/"},{"@type":"ListItem","position":2,"name":"Dos personas que hemos acompa\u00f1ado desde Intermediaci\u00f3n Laboral se insieren en el CET de Fundaci\u00f3 el Maresme"}]},{"@type":"WebSite","@id":"https:\/\/cfpmaresme.org\/#website","url":"https:\/\/cfpmaresme.org\/","name":"CFP Maresme","description":"Centre Formaci\u00f3 Prevenci\u00f3","potentialAction":[{"@type":"SearchAction","target":{"@type":"EntryPoint","urlTemplate":"https:\/\/cfpmaresme.org\/?s={search_term_string}"},"query-input":{"@type":"PropertyValueSpecification","valueRequired":true,"valueName":"search_term_string"}}],"inLanguage":"es"},{"@type":"Person","@id":"https:\/\/cfpmaresme.org\/#\/schema\/person\/b2634bcd796fafc667ea4055f61b9b2c","name":"CFPMaresme"}]}},"_links":{"self":[{"href":"https:\/\/cfpmaresme.org\/es\/wp-json\/wp\/v2\/posts\/72823","targetHints":{"allow":["GET"]}}],"collection":[{"href":"https:\/\/cfpmaresme.org\/es\/wp-json\/wp\/v2\/posts"}],"about":[{"href":"https:\/\/cfpmaresme.org\/es\/wp-json\/wp\/v2\/types\/post"}],"author":[{"embeddable":true,"href":"https:\/\/cfpmaresme.org\/es\/wp-json\/wp\/v2\/users\/2"}],"replies":[{"embeddable":true,"href":"https:\/\/cfpmaresme.org\/es\/wp-json\/wp\/v2\/comments?post=72823"}],"version-history":[{"count":6,"href":"https:\/\/cfpmaresme.org\/es\/wp-json\/wp\/v2\/posts\/72823\/revisions"}],"predecessor-version":[{"id":72829,"href":"https:\/\/cfpmaresme.org\/es\/wp-json\/wp\/v2\/posts\/72823\/revisions\/72829"}],"wp:featuredmedia":[{"embeddable":true,"href":"https:\/\/cfpmaresme.org\/es\/wp-json\/wp\/v2\/media\/72822"}],"wp:attachment":[{"href":"https:\/\/cfpmaresme.org\/es\/wp-json\/wp\/v2\/media?parent=72823"}],"wp:term":[{"taxonomy":"category","embeddable":true,"href":"https:\/\/cfpmaresme.org\/es\/wp-json\/wp\/v2\/categories?post=72823"},{"taxonomy":"post_tag","embeddable":true,"href":"https:\/\/cfpmaresme.org\/es\/wp-json\/wp\/v2\/tags?post=72823"}],"curies":[{"name":"wp","href":"https:\/\/api.w.org\/{rel}","templated":true}]}}