{"id":73155,"date":"2023-07-05T12:13:10","date_gmt":"2023-07-05T10:13:10","guid":{"rendered":"https:\/\/cfpmaresme.org\/?p=73155"},"modified":"2023-07-12T12:13:31","modified_gmt":"2023-07-12T10:13:31","slug":"acabamos-la-visita-de-magda-casamitjana-sintiendonos-parte-de-la-construccion-del-pacte-nacional-de-la-salut-mental","status":"publish","type":"post","link":"https:\/\/cfpmaresme.org\/es\/acabamos-la-visita-de-magda-casamitjana-sintiendonos-parte-de-la-construccion-del-pacte-nacional-de-la-salut-mental\/","title":{"rendered":"Acabamos la visita de Magda Casamitjana sinti\u00e9ndonos parte de la construcci\u00f3n del Pacte Nacional de la salut mental"},"content":{"rendered":"<p>Ayer recibimos a Magda Casamitjana, Directora del Pacte Nacional de Salut Mental, en el Servicio de Rehabilitaci\u00f3n Comunitaria. Una ma\u00f1ana compartida que const\u00f3 de dos partes: la asentada con personas usuarias, que le plantearon demandas y dudas, y la reuni\u00f3n t\u00e9cnica.<\/p>\n<p>&nbsp;<\/p>\n<h3>Detalles de los ingresos hospitalarios y de las visitas de seguimiento, lo que m\u00e1s preocupa<\/h3>\n<p>Las personas atendidas hab\u00edan estado preparando el encuentro con Magda. Su objetivo era expresarle situaciones que han vivido que creen que tendr\u00edan que cambiar. Casamitjana les invit\u00f3 a volver a quedar porque le puedan presentar propuestas concretas. <img loading=\"lazy\" decoding=\"async\" class=\"size-medium wp-image-72875 alignright\" src=\"http:\/\/cfpmaresme.org\/wp-content\/uploads\/2023\/06\/20230612_144106-300x173.jpg\" alt=\"\" width=\"300\" height=\"173\" srcset=\"https:\/\/cfpmaresme.org\/wp-content\/uploads\/2023\/06\/20230612_144106-300x173.jpg 300w, https:\/\/cfpmaresme.org\/wp-content\/uploads\/2023\/06\/20230612_144106-1024x592.jpg 1024w, https:\/\/cfpmaresme.org\/wp-content\/uploads\/2023\/06\/20230612_144106-768x444.jpg 768w, https:\/\/cfpmaresme.org\/wp-content\/uploads\/2023\/06\/20230612_144106-1536x888.jpg 1536w, https:\/\/cfpmaresme.org\/wp-content\/uploads\/2023\/06\/20230612_144106-2048x1184.jpg 2048w, https:\/\/cfpmaresme.org\/wp-content\/uploads\/2023\/06\/20230612_144106-345x198.jpg 345w, https:\/\/cfpmaresme.org\/wp-content\/uploads\/2023\/06\/20230612_144106-700x405.jpg 700w\" sizes=\"auto, (max-width: 300px) 100vw, 300px\" \/>Una idea que valoraron como muy positiva. Seg\u00fan comenta Magda son informaciones que tendr\u00e1n en cuenta para definir la Estrategia del Pacte Nacional per la Salut Mental.<\/p>\n<p>Entre estos \u00edtems hay una demanda muy reiterativa que es la de dispone de m\u00e1s ratos para hablan con profesionales y que su opini\u00f3n se tenga en cuenta. Tambi\u00e9n, de recibir m\u00e1s informaci\u00f3n sobre los tratamientos y sus efectos secundarios.<\/p>\n<p>Las personas atendidas tambi\u00e9n incidieron en la voluntad de que no hubiesen contenciones. Magda les explic\u00f3 que desde el Gobierno se est\u00e1 trabajando para llegar a las Contenciones 0 en los pr\u00f3ximos a\u00f1os.<\/p>\n<p>&nbsp;<\/p>\n<h3>El inter\u00e9s en nuestra tarea y la accesibilidad y la proximidad de Casamitjana<\/h3>\n<p><img loading=\"lazy\" decoding=\"async\" class=\"size-medium wp-image-72877 alignleft\" src=\"http:\/\/cfpmaresme.org\/wp-content\/uploads\/2023\/06\/20230612_143930-300x169.jpg\" alt=\"\" width=\"300\" height=\"169\" srcset=\"https:\/\/cfpmaresme.org\/wp-content\/uploads\/2023\/06\/20230612_143930-300x169.jpg 300w, https:\/\/cfpmaresme.org\/wp-content\/uploads\/2023\/06\/20230612_143930-1024x577.jpg 1024w, https:\/\/cfpmaresme.org\/wp-content\/uploads\/2023\/06\/20230612_143930-768x433.jpg 768w, https:\/\/cfpmaresme.org\/wp-content\/uploads\/2023\/06\/20230612_143930-1536x866.jpg 1536w, https:\/\/cfpmaresme.org\/wp-content\/uploads\/2023\/06\/20230612_143930-2048x1155.jpg 2048w, https:\/\/cfpmaresme.org\/wp-content\/uploads\/2023\/06\/20230612_143930-700x395.jpg 700w, https:\/\/cfpmaresme.org\/wp-content\/uploads\/2023\/06\/20230612_143930-539x303.jpg 539w\" sizes=\"auto, (max-width: 300px) 100vw, 300px\" \/>Despu\u00e9s de la reuni\u00f3n con personas usuarias, hicimos una de t\u00e9cnica con el Equipo Directivo de la \u00e1rea Sanitaria de la entidad y el Director General, Jaume Clup\u00e9s. Explicamos a Magda nuestra actividad, destacando el Grupo de j\u00f3venes, que hemos consolidado durante los \u00faltimos a\u00f1os. Tambi\u00e9n le comentamos proyectos que tenemos. Casamitjana se mostr\u00f3 con ganas de colaborar en todo momento y de facilitarnos informaci\u00f3n y soporte.<\/p>\n<p>De esta reuni\u00f3n y otros encuentros, sacamos la conclusi\u00f3n de que con una escucha tan activa y teniendo en cuenta la realidad y las opciones de personas atendidas y profesionales es como se puede definir una Estrategia adaptada a la realidad. Sentimos que somos parte de este Pacte Nacional de la Salut Mental.<\/p>\n","protected":false},"excerpt":{"rendered":"<p>Ayer recibimos a Magda Casamitjana, Directora del Pacte Nacional de Salut Mental, en el Servicio de Rehabilitaci\u00f3n Comunitaria. Una ma\u00f1ana compartida que const\u00f3 de dos partes: la asentada con personas usuarias, que le plantearon demandas y dudas, y la reuni\u00f3n t\u00e9cnica. &nbsp; Detalles de los&#8230;<\/p>\n","protected":false},"author":2,"featured_media":72866,"comment_status":"closed","ping_status":"closed","sticky":false,"template":"","format":"standard","meta":{"footnotes":""},"categories":[1259,1199],"tags":[],"class_list":["post-73155","post","type-post","status-publish","format-standard","has-post-thumbnail","hentry","category-publicaciones","category-servicios-de-rehabilitacion-comunitaria"],"yoast_head":"<!-- This site is optimized with the Yoast SEO plugin v27.4 - https:\/\/yoast.com\/product\/yoast-seo-wordpress\/ -->\n<title>Acabamos la visita de Magda Casamitjana sinti\u00e9ndonos parte de la construcci\u00f3n del Pacte Nacional de la salut mental | CFP Maresme<\/title>\n<meta name=\"robots\" content=\"index, follow, max-snippet:-1, max-image-preview:large, max-video-preview:-1\" \/>\n<link rel=\"canonical\" href=\"https:\/\/cfpmaresme.org\/es\/acabamos-la-visita-de-magda-casamitjana-sintiendonos-parte-de-la-construccion-del-pacte-nacional-de-la-salut-mental\/\" \/>\n<meta property=\"og:locale\" content=\"es_ES\" \/>\n<meta property=\"og:type\" content=\"article\" \/>\n<meta property=\"og:title\" content=\"Acabamos la visita de Magda Casamitjana sinti\u00e9ndonos parte de la construcci\u00f3n del Pacte Nacional de la salut mental | CFP Maresme\" \/>\n<meta property=\"og:description\" content=\"Ayer recibimos a Magda Casamitjana, Directora del Pacte Nacional de Salut Mental, en el Servicio de Rehabilitaci\u00f3n Comunitaria. Una ma\u00f1ana compartida que const\u00f3 de dos partes: la asentada con personas usuarias, que le plantearon demandas y dudas, y la reuni\u00f3n t\u00e9cnica. &nbsp; Detalles de los...\" \/>\n<meta property=\"og:url\" content=\"https:\/\/cfpmaresme.org\/es\/acabamos-la-visita-de-magda-casamitjana-sintiendonos-parte-de-la-construccion-del-pacte-nacional-de-la-salut-mental\/\" \/>\n<meta property=\"og:site_name\" content=\"CFP Maresme\" \/>\n<meta property=\"article:published_time\" content=\"2023-07-05T10:13:10+00:00\" \/>\n<meta property=\"article:modified_time\" content=\"2023-07-12T10:13:31+00:00\" \/>\n<meta property=\"og:image\" content=\"https:\/\/cfpmaresme.org\/wp-content\/uploads\/2023\/06\/20230613_124925-scaled.jpg\" \/>\n\t<meta property=\"og:image:width\" content=\"2560\" \/>\n\t<meta property=\"og:image:height\" content=\"1579\" \/>\n\t<meta property=\"og:image:type\" content=\"image\/jpeg\" \/>\n<meta name=\"author\" content=\"CFPMaresme\" \/>\n<meta name=\"twitter:card\" content=\"summary_large_image\" \/>\n<meta name=\"twitter:creator\" content=\"@cfpmaresme\" \/>\n<meta name=\"twitter:site\" content=\"@cfpmaresme\" \/>\n<meta name=\"twitter:label1\" content=\"Escrito por\" \/>\n\t<meta name=\"twitter:data1\" content=\"CFPMaresme\" \/>\n\t<meta name=\"twitter:label2\" content=\"Tiempo de lectura\" \/>\n\t<meta name=\"twitter:data2\" content=\"3 minutos\" \/>\n<script type=\"application\/ld+json\" class=\"yoast-schema-graph\">{\"@context\":\"https:\\\/\\\/schema.org\",\"@graph\":[{\"@type\":\"Article\",\"@id\":\"https:\\\/\\\/cfpmaresme.org\\\/es\\\/acabamos-la-visita-de-magda-casamitjana-sintiendonos-parte-de-la-construccion-del-pacte-nacional-de-la-salut-mental\\\/#article\",\"isPartOf\":{\"@id\":\"https:\\\/\\\/cfpmaresme.org\\\/es\\\/acabamos-la-visita-de-magda-casamitjana-sintiendonos-parte-de-la-construccion-del-pacte-nacional-de-la-salut-mental\\\/\"},\"author\":{\"name\":\"CFPMaresme\",\"@id\":\"https:\\\/\\\/cfpmaresme.org\\\/#\\\/schema\\\/person\\\/b2634bcd796fafc667ea4055f61b9b2c\"},\"headline\":\"Acabamos la visita de Magda Casamitjana sinti\u00e9ndonos parte de la construcci\u00f3n del Pacte Nacional de la salut mental\",\"datePublished\":\"2023-07-05T10:13:10+00:00\",\"dateModified\":\"2023-07-12T10:13:31+00:00\",\"mainEntityOfPage\":{\"@id\":\"https:\\\/\\\/cfpmaresme.org\\\/es\\\/acabamos-la-visita-de-magda-casamitjana-sintiendonos-parte-de-la-construccion-del-pacte-nacional-de-la-salut-mental\\\/\"},\"wordCount\":375,\"image\":{\"@id\":\"https:\\\/\\\/cfpmaresme.org\\\/es\\\/acabamos-la-visita-de-magda-casamitjana-sintiendonos-parte-de-la-construccion-del-pacte-nacional-de-la-salut-mental\\\/#primaryimage\"},\"thumbnailUrl\":\"https:\\\/\\\/cfpmaresme.org\\\/wp-content\\\/uploads\\\/2023\\\/06\\\/20230613_124925-scaled.jpg\",\"articleSection\":[\"Publicaciones\",\"Servicios de Rehabilitaci\u00f3n Comunitaria\"],\"inLanguage\":\"es\"},{\"@type\":\"WebPage\",\"@id\":\"https:\\\/\\\/cfpmaresme.org\\\/es\\\/acabamos-la-visita-de-magda-casamitjana-sintiendonos-parte-de-la-construccion-del-pacte-nacional-de-la-salut-mental\\\/\",\"url\":\"https:\\\/\\\/cfpmaresme.org\\\/es\\\/acabamos-la-visita-de-magda-casamitjana-sintiendonos-parte-de-la-construccion-del-pacte-nacional-de-la-salut-mental\\\/\",\"name\":\"Acabamos la visita de Magda Casamitjana sinti\u00e9ndonos parte de la construcci\u00f3n del Pacte Nacional de la salut mental | CFP Maresme\",\"isPartOf\":{\"@id\":\"https:\\\/\\\/cfpmaresme.org\\\/#website\"},\"primaryImageOfPage\":{\"@id\":\"https:\\\/\\\/cfpmaresme.org\\\/es\\\/acabamos-la-visita-de-magda-casamitjana-sintiendonos-parte-de-la-construccion-del-pacte-nacional-de-la-salut-mental\\\/#primaryimage\"},\"image\":{\"@id\":\"https:\\\/\\\/cfpmaresme.org\\\/es\\\/acabamos-la-visita-de-magda-casamitjana-sintiendonos-parte-de-la-construccion-del-pacte-nacional-de-la-salut-mental\\\/#primaryimage\"},\"thumbnailUrl\":\"https:\\\/\\\/cfpmaresme.org\\\/wp-content\\\/uploads\\\/2023\\\/06\\\/20230613_124925-scaled.jpg\",\"datePublished\":\"2023-07-05T10:13:10+00:00\",\"dateModified\":\"2023-07-12T10:13:31+00:00\",\"author\":{\"@id\":\"https:\\\/\\\/cfpmaresme.org\\\/#\\\/schema\\\/person\\\/b2634bcd796fafc667ea4055f61b9b2c\"},\"breadcrumb\":{\"@id\":\"https:\\\/\\\/cfpmaresme.org\\\/es\\\/acabamos-la-visita-de-magda-casamitjana-sintiendonos-parte-de-la-construccion-del-pacte-nacional-de-la-salut-mental\\\/#breadcrumb\"},\"inLanguage\":\"es\",\"potentialAction\":[{\"@type\":\"ReadAction\",\"target\":[\"https:\\\/\\\/cfpmaresme.org\\\/es\\\/acabamos-la-visita-de-magda-casamitjana-sintiendonos-parte-de-la-construccion-del-pacte-nacional-de-la-salut-mental\\\/\"]}]},{\"@type\":\"ImageObject\",\"inLanguage\":\"es\",\"@id\":\"https:\\\/\\\/cfpmaresme.org\\\/es\\\/acabamos-la-visita-de-magda-casamitjana-sintiendonos-parte-de-la-construccion-del-pacte-nacional-de-la-salut-mental\\\/#primaryimage\",\"url\":\"https:\\\/\\\/cfpmaresme.org\\\/wp-content\\\/uploads\\\/2023\\\/06\\\/20230613_124925-scaled.jpg\",\"contentUrl\":\"https:\\\/\\\/cfpmaresme.org\\\/wp-content\\\/uploads\\\/2023\\\/06\\\/20230613_124925-scaled.jpg\",\"width\":2560,\"height\":1579},{\"@type\":\"BreadcrumbList\",\"@id\":\"https:\\\/\\\/cfpmaresme.org\\\/es\\\/acabamos-la-visita-de-magda-casamitjana-sintiendonos-parte-de-la-construccion-del-pacte-nacional-de-la-salut-mental\\\/#breadcrumb\",\"itemListElement\":[{\"@type\":\"ListItem\",\"position\":1,\"name\":\"Home\",\"item\":\"https:\\\/\\\/cfpmaresme.org\\\/es\\\/\"},{\"@type\":\"ListItem\",\"position\":2,\"name\":\"Acabamos la visita de Magda Casamitjana sinti\u00e9ndonos parte de la construcci\u00f3n del Pacte Nacional de la salut mental\"}]},{\"@type\":\"WebSite\",\"@id\":\"https:\\\/\\\/cfpmaresme.org\\\/#website\",\"url\":\"https:\\\/\\\/cfpmaresme.org\\\/\",\"name\":\"CFP Maresme\",\"description\":\"Centre Formaci\u00f3 Prevenci\u00f3\",\"potentialAction\":[{\"@type\":\"SearchAction\",\"target\":{\"@type\":\"EntryPoint\",\"urlTemplate\":\"https:\\\/\\\/cfpmaresme.org\\\/?s={search_term_string}\"},\"query-input\":{\"@type\":\"PropertyValueSpecification\",\"valueRequired\":true,\"valueName\":\"search_term_string\"}}],\"inLanguage\":\"es\"},{\"@type\":\"Person\",\"@id\":\"https:\\\/\\\/cfpmaresme.org\\\/#\\\/schema\\\/person\\\/b2634bcd796fafc667ea4055f61b9b2c\",\"name\":\"CFPMaresme\"}]}<\/script>\n<!-- \/ Yoast SEO plugin. -->","yoast_head_json":{"title":"Acabamos la visita de Magda Casamitjana sinti\u00e9ndonos parte de la construcci\u00f3n del Pacte Nacional de la salut mental | CFP Maresme","robots":{"index":"index","follow":"follow","max-snippet":"max-snippet:-1","max-image-preview":"max-image-preview:large","max-video-preview":"max-video-preview:-1"},"canonical":"https:\/\/cfpmaresme.org\/es\/acabamos-la-visita-de-magda-casamitjana-sintiendonos-parte-de-la-construccion-del-pacte-nacional-de-la-salut-mental\/","og_locale":"es_ES","og_type":"article","og_title":"Acabamos la visita de Magda Casamitjana sinti\u00e9ndonos parte de la construcci\u00f3n del Pacte Nacional de la salut mental | CFP Maresme","og_description":"Ayer recibimos a Magda Casamitjana, Directora del Pacte Nacional de Salut Mental, en el Servicio de Rehabilitaci\u00f3n Comunitaria. Una ma\u00f1ana compartida que const\u00f3 de dos partes: la asentada con personas usuarias, que le plantearon demandas y dudas, y la reuni\u00f3n t\u00e9cnica. &nbsp; Detalles de los...","og_url":"https:\/\/cfpmaresme.org\/es\/acabamos-la-visita-de-magda-casamitjana-sintiendonos-parte-de-la-construccion-del-pacte-nacional-de-la-salut-mental\/","og_site_name":"CFP Maresme","article_published_time":"2023-07-05T10:13:10+00:00","article_modified_time":"2023-07-12T10:13:31+00:00","og_image":[{"width":2560,"height":1579,"url":"https:\/\/cfpmaresme.org\/wp-content\/uploads\/2023\/06\/20230613_124925-scaled.jpg","type":"image\/jpeg"}],"author":"CFPMaresme","twitter_card":"summary_large_image","twitter_creator":"@cfpmaresme","twitter_site":"@cfpmaresme","twitter_misc":{"Escrito por":"CFPMaresme","Tiempo de lectura":"3 minutos"},"schema":{"@context":"https:\/\/schema.org","@graph":[{"@type":"Article","@id":"https:\/\/cfpmaresme.org\/es\/acabamos-la-visita-de-magda-casamitjana-sintiendonos-parte-de-la-construccion-del-pacte-nacional-de-la-salut-mental\/#article","isPartOf":{"@id":"https:\/\/cfpmaresme.org\/es\/acabamos-la-visita-de-magda-casamitjana-sintiendonos-parte-de-la-construccion-del-pacte-nacional-de-la-salut-mental\/"},"author":{"name":"CFPMaresme","@id":"https:\/\/cfpmaresme.org\/#\/schema\/person\/b2634bcd796fafc667ea4055f61b9b2c"},"headline":"Acabamos la visita de Magda Casamitjana sinti\u00e9ndonos parte de la construcci\u00f3n del Pacte Nacional de la salut mental","datePublished":"2023-07-05T10:13:10+00:00","dateModified":"2023-07-12T10:13:31+00:00","mainEntityOfPage":{"@id":"https:\/\/cfpmaresme.org\/es\/acabamos-la-visita-de-magda-casamitjana-sintiendonos-parte-de-la-construccion-del-pacte-nacional-de-la-salut-mental\/"},"wordCount":375,"image":{"@id":"https:\/\/cfpmaresme.org\/es\/acabamos-la-visita-de-magda-casamitjana-sintiendonos-parte-de-la-construccion-del-pacte-nacional-de-la-salut-mental\/#primaryimage"},"thumbnailUrl":"https:\/\/cfpmaresme.org\/wp-content\/uploads\/2023\/06\/20230613_124925-scaled.jpg","articleSection":["Publicaciones","Servicios de Rehabilitaci\u00f3n Comunitaria"],"inLanguage":"es"},{"@type":"WebPage","@id":"https:\/\/cfpmaresme.org\/es\/acabamos-la-visita-de-magda-casamitjana-sintiendonos-parte-de-la-construccion-del-pacte-nacional-de-la-salut-mental\/","url":"https:\/\/cfpmaresme.org\/es\/acabamos-la-visita-de-magda-casamitjana-sintiendonos-parte-de-la-construccion-del-pacte-nacional-de-la-salut-mental\/","name":"Acabamos la visita de Magda Casamitjana sinti\u00e9ndonos parte de la construcci\u00f3n del Pacte Nacional de la salut mental | CFP Maresme","isPartOf":{"@id":"https:\/\/cfpmaresme.org\/#website"},"primaryImageOfPage":{"@id":"https:\/\/cfpmaresme.org\/es\/acabamos-la-visita-de-magda-casamitjana-sintiendonos-parte-de-la-construccion-del-pacte-nacional-de-la-salut-mental\/#primaryimage"},"image":{"@id":"https:\/\/cfpmaresme.org\/es\/acabamos-la-visita-de-magda-casamitjana-sintiendonos-parte-de-la-construccion-del-pacte-nacional-de-la-salut-mental\/#primaryimage"},"thumbnailUrl":"https:\/\/cfpmaresme.org\/wp-content\/uploads\/2023\/06\/20230613_124925-scaled.jpg","datePublished":"2023-07-05T10:13:10+00:00","dateModified":"2023-07-12T10:13:31+00:00","author":{"@id":"https:\/\/cfpmaresme.org\/#\/schema\/person\/b2634bcd796fafc667ea4055f61b9b2c"},"breadcrumb":{"@id":"https:\/\/cfpmaresme.org\/es\/acabamos-la-visita-de-magda-casamitjana-sintiendonos-parte-de-la-construccion-del-pacte-nacional-de-la-salut-mental\/#breadcrumb"},"inLanguage":"es","potentialAction":[{"@type":"ReadAction","target":["https:\/\/cfpmaresme.org\/es\/acabamos-la-visita-de-magda-casamitjana-sintiendonos-parte-de-la-construccion-del-pacte-nacional-de-la-salut-mental\/"]}]},{"@type":"ImageObject","inLanguage":"es","@id":"https:\/\/cfpmaresme.org\/es\/acabamos-la-visita-de-magda-casamitjana-sintiendonos-parte-de-la-construccion-del-pacte-nacional-de-la-salut-mental\/#primaryimage","url":"https:\/\/cfpmaresme.org\/wp-content\/uploads\/2023\/06\/20230613_124925-scaled.jpg","contentUrl":"https:\/\/cfpmaresme.org\/wp-content\/uploads\/2023\/06\/20230613_124925-scaled.jpg","width":2560,"height":1579},{"@type":"BreadcrumbList","@id":"https:\/\/cfpmaresme.org\/es\/acabamos-la-visita-de-magda-casamitjana-sintiendonos-parte-de-la-construccion-del-pacte-nacional-de-la-salut-mental\/#breadcrumb","itemListElement":[{"@type":"ListItem","position":1,"name":"Home","item":"https:\/\/cfpmaresme.org\/es\/"},{"@type":"ListItem","position":2,"name":"Acabamos la visita de Magda Casamitjana sinti\u00e9ndonos parte de la construcci\u00f3n del Pacte Nacional de la salut mental"}]},{"@type":"WebSite","@id":"https:\/\/cfpmaresme.org\/#website","url":"https:\/\/cfpmaresme.org\/","name":"CFP Maresme","description":"Centre Formaci\u00f3 Prevenci\u00f3","potentialAction":[{"@type":"SearchAction","target":{"@type":"EntryPoint","urlTemplate":"https:\/\/cfpmaresme.org\/?s={search_term_string}"},"query-input":{"@type":"PropertyValueSpecification","valueRequired":true,"valueName":"search_term_string"}}],"inLanguage":"es"},{"@type":"Person","@id":"https:\/\/cfpmaresme.org\/#\/schema\/person\/b2634bcd796fafc667ea4055f61b9b2c","name":"CFPMaresme"}]}},"_links":{"self":[{"href":"https:\/\/cfpmaresme.org\/es\/wp-json\/wp\/v2\/posts\/73155","targetHints":{"allow":["GET"]}}],"collection":[{"href":"https:\/\/cfpmaresme.org\/es\/wp-json\/wp\/v2\/posts"}],"about":[{"href":"https:\/\/cfpmaresme.org\/es\/wp-json\/wp\/v2\/types\/post"}],"author":[{"embeddable":true,"href":"https:\/\/cfpmaresme.org\/es\/wp-json\/wp\/v2\/users\/2"}],"replies":[{"embeddable":true,"href":"https:\/\/cfpmaresme.org\/es\/wp-json\/wp\/v2\/comments?post=73155"}],"version-history":[{"count":2,"href":"https:\/\/cfpmaresme.org\/es\/wp-json\/wp\/v2\/posts\/73155\/revisions"}],"predecessor-version":[{"id":73157,"href":"https:\/\/cfpmaresme.org\/es\/wp-json\/wp\/v2\/posts\/73155\/revisions\/73157"}],"wp:featuredmedia":[{"embeddable":true,"href":"https:\/\/cfpmaresme.org\/es\/wp-json\/wp\/v2\/media\/72866"}],"wp:attachment":[{"href":"https:\/\/cfpmaresme.org\/es\/wp-json\/wp\/v2\/media?parent=73155"}],"wp:term":[{"taxonomy":"category","embeddable":true,"href":"https:\/\/cfpmaresme.org\/es\/wp-json\/wp\/v2\/categories?post=73155"},{"taxonomy":"post_tag","embeddable":true,"href":"https:\/\/cfpmaresme.org\/es\/wp-json\/wp\/v2\/tags?post=73155"}],"curies":[{"name":"wp","href":"https:\/\/api.w.org\/{rel}","templated":true}]}}