{"id":73212,"date":"2023-05-14T12:18:55","date_gmt":"2023-05-14T10:18:55","guid":{"rendered":"https:\/\/cfpmaresme.org\/?p=73212"},"modified":"2023-07-19T12:20:05","modified_gmt":"2023-07-19T10:20:05","slug":"entregamos-los-premios-de-la-cuarta-edicion-dels-jocs-florals","status":"publish","type":"post","link":"https:\/\/cfpmaresme.org\/es\/entregamos-los-premios-de-la-cuarta-edicion-dels-jocs-florals\/","title":{"rendered":"ENTREGamos los premios de la cUARTA EDICI\u00d3n DELS JOCS FLORALS"},"content":{"rendered":"<p>La cuarta edici\u00f3n de los Jocs Florals, el certamen de poes\u00eda y narrativa breve que celebramos enmarcado en la Diada de Sant Jordi, va finaliz\u00f3 el viernes con la entrega de premios.<\/p>\n<p>Las organizadoras del concurso, Carla Bud\u00f3 y Carla Cruells, Educadora Social experta en salud mental y responsable de Comunicaci\u00f3n del CFP, respectivamente, explicaron que durante esta edici\u00f3n se ha tenido especialmente en cuenta dar protagonismo a las personas atendidas. A parte de ser el colectivo al que se destinan los Jocs Florals, han formado parte del jurado y tambi\u00e9n han hecho actuaciones durante el acto.<\/p>\n<p>Los Jocs Florals buscan colaborar en la recuperaci\u00f3n de las personas que conviven con una problem\u00e1tica de salud mental, ofreci\u00e9ndoles participar de esta actividad y mostrar las capacidades literarias que tienen. Tambi\u00e9n, crear sinergias entre entidades de la comarca y fortalecer el v\u00ednculo entre ellas. Este a\u00f1o han participado personas atendidas desde El Mol\u00ed d\u2019en Puigvert, Fundaci\u00f3 el Maresme, el Hospital de Matar\u00f3 y el CFP.<\/p>\n<p>&nbsp;<\/p>\n<h3>Presencia de personas atendidas, profesionales y representantes institucionales<\/h3>\n<p>La entrega de premios se hizo en la Biblioteca Pompeu Fabra de Matar\u00f3. Estuvieron presentes las <a href=\"https:\/\/cfpmaresme.org\/paz-en-el-mundo-i-los-siete-nudos-obres-guanyadores-dels-jocs-florals-cfp\/\" target=\"_blank\" rel=\"noopener\">personas ganadoras<\/a> y sus acompa\u00f1antes, representantes institucionales, como Laura Seijo y Pilar Guarde\u00f1o, Regidoras de Salud del Ayuntamiento de Matar\u00f3 y de Premi\u00e0 de Mar, profesionales del CFP, personas atendidas y personas vinculadas a la entidad de una manera u otra.<\/p>\n<p><img loading=\"lazy\" decoding=\"async\" class=\" wp-image-72631 alignright\" src=\"http:\/\/cfpmaresme.org\/wp-content\/uploads\/2023\/05\/Lectura-obres-guanyadores-300x219.jpg\" alt=\"\" width=\"452\" height=\"330\" srcset=\"https:\/\/cfpmaresme.org\/wp-content\/uploads\/2023\/05\/Lectura-obres-guanyadores-300x219.jpg 300w, https:\/\/cfpmaresme.org\/wp-content\/uploads\/2023\/05\/Lectura-obres-guanyadores.jpg 675w\" sizes=\"auto, (max-width: 452px) 100vw, 452px\" \/><\/p>\n<p>En total,\u00a0 sesenta personas compartimos este acto.<\/p>\n<h3><\/h3>\n<h3>M\u00e1s que una entrega de premios, un acto donde mostrar la capacidades creativas del colectivo<\/h3>\n<p>Como coment\u00e1bamos, la presencia de personas atendidas ha sido un elemento vital en todo el proceso. As\u00ed mismo fue la entrega de premios. El acto se inici\u00f3 con los parlamentos institucionales. El primero fue el de Jaume Clup\u00e9s, Director General del CFP, que destac\u00f3 que \u201cHoy dejamos de hablar de salud mental para hablar de creatividad\u00bb. Por su lado, Laura Seijo, Regidora de Salut i Benestar Social de l\u2019Ajuntament de Matar\u00f3, los cerr\u00f3 leyendo un emotivo fragmento de cada una de las obras ganadoras. Seguidamente, Daniel, que hab\u00eda estado vinculado a los recursos del CFP, present\u00f3 su poemario \u201cCom la vida s\u2019esmuny\u201d y personas que acompa\u00f1amos desde el SRC Maresme hicieron una representaci\u00f3n en homenaje a Jacint Verdaguer. Despu\u00e9s lleg\u00f3 el momento m\u00e1s esperado: la entrega de premios y la lectura de las obras ganadoras. El encuentro acab\u00f3 con la visita a la exposici\u00f3n Coletiva de Alterarte, que estaba expuesta en la biblioteca y rato distendido de piscolabis.<\/p>\n<p>&nbsp;<\/p>\n<p>Esperamos reencontrarnos el a\u00f1o que viene.<\/p>\n","protected":false},"excerpt":{"rendered":"<p>La cuarta edici\u00f3n de los Jocs Florals, el certamen de poes\u00eda y narrativa breve que celebramos enmarcado en la Diada de Sant Jordi, va finaliz\u00f3 el viernes con la entrega de premios. Las organizadoras del concurso, Carla Bud\u00f3 y Carla Cruells, Educadora Social experta en&#8230;<\/p>\n","protected":false},"author":2,"featured_media":72636,"comment_status":"closed","ping_status":"closed","sticky":false,"template":"","format":"standard","meta":{"footnotes":""},"categories":[1187,1259],"tags":[],"class_list":["post-73212","post","type-post","status-publish","format-standard","has-post-thumbnail","hentry","category-cfp-maresme-es","category-publicaciones"],"yoast_head":"<!-- This site is optimized with the Yoast SEO plugin v27.4 - https:\/\/yoast.com\/product\/yoast-seo-wordpress\/ -->\n<title>ENTREGamos los premios de la cUARTA EDICI\u00d3n DELS JOCS FLORALS | CFP Maresme<\/title>\n<meta name=\"robots\" content=\"index, follow, max-snippet:-1, max-image-preview:large, max-video-preview:-1\" \/>\n<link rel=\"canonical\" href=\"https:\/\/cfpmaresme.org\/es\/entregamos-los-premios-de-la-cuarta-edicion-dels-jocs-florals\/\" \/>\n<meta property=\"og:locale\" content=\"es_ES\" \/>\n<meta property=\"og:type\" content=\"article\" \/>\n<meta property=\"og:title\" content=\"ENTREGamos los premios de la cUARTA EDICI\u00d3n DELS JOCS FLORALS | CFP Maresme\" \/>\n<meta property=\"og:description\" content=\"La cuarta edici\u00f3n de los Jocs Florals, el certamen de poes\u00eda y narrativa breve que celebramos enmarcado en la Diada de Sant Jordi, va finaliz\u00f3 el viernes con la entrega de premios. Las organizadoras del concurso, Carla Bud\u00f3 y Carla Cruells, Educadora Social experta en...\" \/>\n<meta property=\"og:url\" content=\"https:\/\/cfpmaresme.org\/es\/entregamos-los-premios-de-la-cuarta-edicion-dels-jocs-florals\/\" \/>\n<meta property=\"og:site_name\" content=\"CFP Maresme\" \/>\n<meta property=\"article:published_time\" content=\"2023-05-14T10:18:55+00:00\" \/>\n<meta property=\"article:modified_time\" content=\"2023-07-19T10:20:05+00:00\" \/>\n<meta property=\"og:image\" content=\"https:\/\/cfpmaresme.org\/wp-content\/uploads\/2023\/05\/banner_color-retocat.jpg\" \/>\n\t<meta property=\"og:image:width\" content=\"1008\" \/>\n\t<meta property=\"og:image:height\" content=\"854\" \/>\n\t<meta property=\"og:image:type\" content=\"image\/jpeg\" \/>\n<meta name=\"author\" content=\"CFPMaresme\" \/>\n<meta name=\"twitter:card\" content=\"summary_large_image\" \/>\n<meta name=\"twitter:creator\" content=\"@cfpmaresme\" \/>\n<meta name=\"twitter:site\" content=\"@cfpmaresme\" \/>\n<meta name=\"twitter:label1\" content=\"Escrito por\" \/>\n\t<meta name=\"twitter:data1\" content=\"CFPMaresme\" \/>\n\t<meta name=\"twitter:label2\" content=\"Tiempo de lectura\" \/>\n\t<meta name=\"twitter:data2\" content=\"3 minutos\" \/>\n<script type=\"application\/ld+json\" class=\"yoast-schema-graph\">{\"@context\":\"https:\\\/\\\/schema.org\",\"@graph\":[{\"@type\":\"Article\",\"@id\":\"https:\\\/\\\/cfpmaresme.org\\\/es\\\/entregamos-los-premios-de-la-cuarta-edicion-dels-jocs-florals\\\/#article\",\"isPartOf\":{\"@id\":\"https:\\\/\\\/cfpmaresme.org\\\/es\\\/entregamos-los-premios-de-la-cuarta-edicion-dels-jocs-florals\\\/\"},\"author\":{\"name\":\"CFPMaresme\",\"@id\":\"https:\\\/\\\/cfpmaresme.org\\\/#\\\/schema\\\/person\\\/b2634bcd796fafc667ea4055f61b9b2c\"},\"headline\":\"ENTREGamos los premios de la cUARTA EDICI\u00d3n DELS JOCS FLORALS\",\"datePublished\":\"2023-05-14T10:18:55+00:00\",\"dateModified\":\"2023-07-19T10:20:05+00:00\",\"mainEntityOfPage\":{\"@id\":\"https:\\\/\\\/cfpmaresme.org\\\/es\\\/entregamos-los-premios-de-la-cuarta-edicion-dels-jocs-florals\\\/\"},\"wordCount\":453,\"image\":{\"@id\":\"https:\\\/\\\/cfpmaresme.org\\\/es\\\/entregamos-los-premios-de-la-cuarta-edicion-dels-jocs-florals\\\/#primaryimage\"},\"thumbnailUrl\":\"https:\\\/\\\/cfpmaresme.org\\\/wp-content\\\/uploads\\\/2023\\\/05\\\/banner_color-retocat.jpg\",\"articleSection\":[\"CFP Maresme\",\"Publicaciones\"],\"inLanguage\":\"es\"},{\"@type\":\"WebPage\",\"@id\":\"https:\\\/\\\/cfpmaresme.org\\\/es\\\/entregamos-los-premios-de-la-cuarta-edicion-dels-jocs-florals\\\/\",\"url\":\"https:\\\/\\\/cfpmaresme.org\\\/es\\\/entregamos-los-premios-de-la-cuarta-edicion-dels-jocs-florals\\\/\",\"name\":\"ENTREGamos los premios de la cUARTA EDICI\u00d3n DELS JOCS FLORALS | CFP Maresme\",\"isPartOf\":{\"@id\":\"https:\\\/\\\/cfpmaresme.org\\\/#website\"},\"primaryImageOfPage\":{\"@id\":\"https:\\\/\\\/cfpmaresme.org\\\/es\\\/entregamos-los-premios-de-la-cuarta-edicion-dels-jocs-florals\\\/#primaryimage\"},\"image\":{\"@id\":\"https:\\\/\\\/cfpmaresme.org\\\/es\\\/entregamos-los-premios-de-la-cuarta-edicion-dels-jocs-florals\\\/#primaryimage\"},\"thumbnailUrl\":\"https:\\\/\\\/cfpmaresme.org\\\/wp-content\\\/uploads\\\/2023\\\/05\\\/banner_color-retocat.jpg\",\"datePublished\":\"2023-05-14T10:18:55+00:00\",\"dateModified\":\"2023-07-19T10:20:05+00:00\",\"author\":{\"@id\":\"https:\\\/\\\/cfpmaresme.org\\\/#\\\/schema\\\/person\\\/b2634bcd796fafc667ea4055f61b9b2c\"},\"breadcrumb\":{\"@id\":\"https:\\\/\\\/cfpmaresme.org\\\/es\\\/entregamos-los-premios-de-la-cuarta-edicion-dels-jocs-florals\\\/#breadcrumb\"},\"inLanguage\":\"es\",\"potentialAction\":[{\"@type\":\"ReadAction\",\"target\":[\"https:\\\/\\\/cfpmaresme.org\\\/es\\\/entregamos-los-premios-de-la-cuarta-edicion-dels-jocs-florals\\\/\"]}]},{\"@type\":\"ImageObject\",\"inLanguage\":\"es\",\"@id\":\"https:\\\/\\\/cfpmaresme.org\\\/es\\\/entregamos-los-premios-de-la-cuarta-edicion-dels-jocs-florals\\\/#primaryimage\",\"url\":\"https:\\\/\\\/cfpmaresme.org\\\/wp-content\\\/uploads\\\/2023\\\/05\\\/banner_color-retocat.jpg\",\"contentUrl\":\"https:\\\/\\\/cfpmaresme.org\\\/wp-content\\\/uploads\\\/2023\\\/05\\\/banner_color-retocat.jpg\",\"width\":1008,\"height\":854},{\"@type\":\"BreadcrumbList\",\"@id\":\"https:\\\/\\\/cfpmaresme.org\\\/es\\\/entregamos-los-premios-de-la-cuarta-edicion-dels-jocs-florals\\\/#breadcrumb\",\"itemListElement\":[{\"@type\":\"ListItem\",\"position\":1,\"name\":\"Home\",\"item\":\"https:\\\/\\\/cfpmaresme.org\\\/es\\\/\"},{\"@type\":\"ListItem\",\"position\":2,\"name\":\"ENTREGamos los premios de la cUARTA EDICI\u00d3n DELS JOCS FLORALS\"}]},{\"@type\":\"WebSite\",\"@id\":\"https:\\\/\\\/cfpmaresme.org\\\/#website\",\"url\":\"https:\\\/\\\/cfpmaresme.org\\\/\",\"name\":\"CFP Maresme\",\"description\":\"Centre Formaci\u00f3 Prevenci\u00f3\",\"potentialAction\":[{\"@type\":\"SearchAction\",\"target\":{\"@type\":\"EntryPoint\",\"urlTemplate\":\"https:\\\/\\\/cfpmaresme.org\\\/?s={search_term_string}\"},\"query-input\":{\"@type\":\"PropertyValueSpecification\",\"valueRequired\":true,\"valueName\":\"search_term_string\"}}],\"inLanguage\":\"es\"},{\"@type\":\"Person\",\"@id\":\"https:\\\/\\\/cfpmaresme.org\\\/#\\\/schema\\\/person\\\/b2634bcd796fafc667ea4055f61b9b2c\",\"name\":\"CFPMaresme\"}]}<\/script>\n<!-- \/ Yoast SEO plugin. -->","yoast_head_json":{"title":"ENTREGamos los premios de la cUARTA EDICI\u00d3n DELS JOCS FLORALS | CFP Maresme","robots":{"index":"index","follow":"follow","max-snippet":"max-snippet:-1","max-image-preview":"max-image-preview:large","max-video-preview":"max-video-preview:-1"},"canonical":"https:\/\/cfpmaresme.org\/es\/entregamos-los-premios-de-la-cuarta-edicion-dels-jocs-florals\/","og_locale":"es_ES","og_type":"article","og_title":"ENTREGamos los premios de la cUARTA EDICI\u00d3n DELS JOCS FLORALS | CFP Maresme","og_description":"La cuarta edici\u00f3n de los Jocs Florals, el certamen de poes\u00eda y narrativa breve que celebramos enmarcado en la Diada de Sant Jordi, va finaliz\u00f3 el viernes con la entrega de premios. Las organizadoras del concurso, Carla Bud\u00f3 y Carla Cruells, Educadora Social experta en...","og_url":"https:\/\/cfpmaresme.org\/es\/entregamos-los-premios-de-la-cuarta-edicion-dels-jocs-florals\/","og_site_name":"CFP Maresme","article_published_time":"2023-05-14T10:18:55+00:00","article_modified_time":"2023-07-19T10:20:05+00:00","og_image":[{"width":1008,"height":854,"url":"https:\/\/cfpmaresme.org\/wp-content\/uploads\/2023\/05\/banner_color-retocat.jpg","type":"image\/jpeg"}],"author":"CFPMaresme","twitter_card":"summary_large_image","twitter_creator":"@cfpmaresme","twitter_site":"@cfpmaresme","twitter_misc":{"Escrito por":"CFPMaresme","Tiempo de lectura":"3 minutos"},"schema":{"@context":"https:\/\/schema.org","@graph":[{"@type":"Article","@id":"https:\/\/cfpmaresme.org\/es\/entregamos-los-premios-de-la-cuarta-edicion-dels-jocs-florals\/#article","isPartOf":{"@id":"https:\/\/cfpmaresme.org\/es\/entregamos-los-premios-de-la-cuarta-edicion-dels-jocs-florals\/"},"author":{"name":"CFPMaresme","@id":"https:\/\/cfpmaresme.org\/#\/schema\/person\/b2634bcd796fafc667ea4055f61b9b2c"},"headline":"ENTREGamos los premios de la cUARTA EDICI\u00d3n DELS JOCS FLORALS","datePublished":"2023-05-14T10:18:55+00:00","dateModified":"2023-07-19T10:20:05+00:00","mainEntityOfPage":{"@id":"https:\/\/cfpmaresme.org\/es\/entregamos-los-premios-de-la-cuarta-edicion-dels-jocs-florals\/"},"wordCount":453,"image":{"@id":"https:\/\/cfpmaresme.org\/es\/entregamos-los-premios-de-la-cuarta-edicion-dels-jocs-florals\/#primaryimage"},"thumbnailUrl":"https:\/\/cfpmaresme.org\/wp-content\/uploads\/2023\/05\/banner_color-retocat.jpg","articleSection":["CFP Maresme","Publicaciones"],"inLanguage":"es"},{"@type":"WebPage","@id":"https:\/\/cfpmaresme.org\/es\/entregamos-los-premios-de-la-cuarta-edicion-dels-jocs-florals\/","url":"https:\/\/cfpmaresme.org\/es\/entregamos-los-premios-de-la-cuarta-edicion-dels-jocs-florals\/","name":"ENTREGamos los premios de la cUARTA EDICI\u00d3n DELS JOCS FLORALS | CFP Maresme","isPartOf":{"@id":"https:\/\/cfpmaresme.org\/#website"},"primaryImageOfPage":{"@id":"https:\/\/cfpmaresme.org\/es\/entregamos-los-premios-de-la-cuarta-edicion-dels-jocs-florals\/#primaryimage"},"image":{"@id":"https:\/\/cfpmaresme.org\/es\/entregamos-los-premios-de-la-cuarta-edicion-dels-jocs-florals\/#primaryimage"},"thumbnailUrl":"https:\/\/cfpmaresme.org\/wp-content\/uploads\/2023\/05\/banner_color-retocat.jpg","datePublished":"2023-05-14T10:18:55+00:00","dateModified":"2023-07-19T10:20:05+00:00","author":{"@id":"https:\/\/cfpmaresme.org\/#\/schema\/person\/b2634bcd796fafc667ea4055f61b9b2c"},"breadcrumb":{"@id":"https:\/\/cfpmaresme.org\/es\/entregamos-los-premios-de-la-cuarta-edicion-dels-jocs-florals\/#breadcrumb"},"inLanguage":"es","potentialAction":[{"@type":"ReadAction","target":["https:\/\/cfpmaresme.org\/es\/entregamos-los-premios-de-la-cuarta-edicion-dels-jocs-florals\/"]}]},{"@type":"ImageObject","inLanguage":"es","@id":"https:\/\/cfpmaresme.org\/es\/entregamos-los-premios-de-la-cuarta-edicion-dels-jocs-florals\/#primaryimage","url":"https:\/\/cfpmaresme.org\/wp-content\/uploads\/2023\/05\/banner_color-retocat.jpg","contentUrl":"https:\/\/cfpmaresme.org\/wp-content\/uploads\/2023\/05\/banner_color-retocat.jpg","width":1008,"height":854},{"@type":"BreadcrumbList","@id":"https:\/\/cfpmaresme.org\/es\/entregamos-los-premios-de-la-cuarta-edicion-dels-jocs-florals\/#breadcrumb","itemListElement":[{"@type":"ListItem","position":1,"name":"Home","item":"https:\/\/cfpmaresme.org\/es\/"},{"@type":"ListItem","position":2,"name":"ENTREGamos los premios de la cUARTA EDICI\u00d3n DELS JOCS FLORALS"}]},{"@type":"WebSite","@id":"https:\/\/cfpmaresme.org\/#website","url":"https:\/\/cfpmaresme.org\/","name":"CFP Maresme","description":"Centre Formaci\u00f3 Prevenci\u00f3","potentialAction":[{"@type":"SearchAction","target":{"@type":"EntryPoint","urlTemplate":"https:\/\/cfpmaresme.org\/?s={search_term_string}"},"query-input":{"@type":"PropertyValueSpecification","valueRequired":true,"valueName":"search_term_string"}}],"inLanguage":"es"},{"@type":"Person","@id":"https:\/\/cfpmaresme.org\/#\/schema\/person\/b2634bcd796fafc667ea4055f61b9b2c","name":"CFPMaresme"}]}},"_links":{"self":[{"href":"https:\/\/cfpmaresme.org\/es\/wp-json\/wp\/v2\/posts\/73212","targetHints":{"allow":["GET"]}}],"collection":[{"href":"https:\/\/cfpmaresme.org\/es\/wp-json\/wp\/v2\/posts"}],"about":[{"href":"https:\/\/cfpmaresme.org\/es\/wp-json\/wp\/v2\/types\/post"}],"author":[{"embeddable":true,"href":"https:\/\/cfpmaresme.org\/es\/wp-json\/wp\/v2\/users\/2"}],"replies":[{"embeddable":true,"href":"https:\/\/cfpmaresme.org\/es\/wp-json\/wp\/v2\/comments?post=73212"}],"version-history":[{"count":1,"href":"https:\/\/cfpmaresme.org\/es\/wp-json\/wp\/v2\/posts\/73212\/revisions"}],"predecessor-version":[{"id":73213,"href":"https:\/\/cfpmaresme.org\/es\/wp-json\/wp\/v2\/posts\/73212\/revisions\/73213"}],"wp:featuredmedia":[{"embeddable":true,"href":"https:\/\/cfpmaresme.org\/es\/wp-json\/wp\/v2\/media\/72636"}],"wp:attachment":[{"href":"https:\/\/cfpmaresme.org\/es\/wp-json\/wp\/v2\/media?parent=73212"}],"wp:term":[{"taxonomy":"category","embeddable":true,"href":"https:\/\/cfpmaresme.org\/es\/wp-json\/wp\/v2\/categories?post=73212"},{"taxonomy":"post_tag","embeddable":true,"href":"https:\/\/cfpmaresme.org\/es\/wp-json\/wp\/v2\/tags?post=73212"}],"curies":[{"name":"wp","href":"https:\/\/api.w.org\/{rel}","templated":true}]}}