{"id":73608,"date":"2023-09-05T13:28:38","date_gmt":"2023-09-05T11:28:38","guid":{"rendered":"https:\/\/cfpmaresme.org\/?p=73608"},"modified":"2023-09-06T08:53:40","modified_gmt":"2023-09-06T06:53:40","slug":"creem-un-programa-de-grups-terapeutics-per-a-familiars-de-persones-que-atenem-des-de-recursos-de-salut-mental","status":"publish","type":"post","link":"https:\/\/cfpmaresme.org\/es\/creem-un-programa-de-grups-terapeutics-per-a-familiars-de-persones-que-atenem-des-de-recursos-de-salut-mental\/","title":{"rendered":"Nace el programa de Grupos terap\u00e9uticos para familiares de personas que atendemos desde recursos de salud mental"},"content":{"rendered":"<p>En los \u00faltimos a\u00f1os ha ido en aumento la preocupaci\u00f3n para la atenci\u00f3n y las curas hacia las personas que sufren alguna problem\u00e1tica de salud mental. Pero, \u00bfQui\u00e9n se encarga de los que cuidan? Teniendo en cuenta la importancia fundamental que representa el soporte afectivo de las personas atendidas, hemos creado un Programa de Grupos Familiares. As\u00ed, ampliamos la ya consolidada atenci\u00f3n familiar que hacemos con los Grupos Psicoeducativos y brindamos soporte y asesoramiento individual.<\/p>\n<p>Convivir con una persona con sufrimiento ps\u00edquico no es f\u00e1cil. Las din\u00e1micas familiares se ven afectadas por esta particularidad. Las tareas que tiene que asumir una madre, un padre, los hermanos o una pareja provocan, en muchos casos, una sobrecarga emocional que tambi\u00e9n tiene que ser cuidada. Con el objetivo de facilitar un espacio destinado a escuchar y reflexionar desde la singularidad de cada historia, hemos construido tres grupos de conversaci\u00f3n y soporte. Son espacios dirigidos a los cuidadores de personas atendidas desde el SRC Burriac, el SRC Maresme y el Grupo de J\u00f3venes.<\/p>\n<p>Mariana Leibner Alvarez, Silvia Angurell Purroy y Laura G\u00f3mez Quijada, profesionales de la salud mental que forman parte del equipo del CFP, trabajar\u00e1n para ofrecer un espacio terap\u00e9utico donde poder abocar angustias, inquietudes y preocupaciones vinculadas con la convivencia, a la vez que por reforzar o crear herramientas para el d\u00eda a d\u00eda. Con esta propuesta tambi\u00e9n pretendemos incidir en la mejora de la persona atendida a partir de la mejora de las din\u00e1micas familiares.<\/p>\n","protected":false},"excerpt":{"rendered":"<p>En los \u00faltimos a\u00f1os ha ido en aumento la preocupaci\u00f3n para la atenci\u00f3n y las curas hacia las personas que sufren alguna problem\u00e1tica de salud mental. Pero, \u00bfQui\u00e9n se encarga de los que cuidan? Teniendo en cuenta la importancia fundamental que representa el soporte afectivo&#8230;<\/p>\n","protected":false},"author":2,"featured_media":73601,"comment_status":"closed","ping_status":"closed","sticky":false,"template":"","format":"standard","meta":{"footnotes":""},"categories":[1259,1231,1199],"tags":[],"class_list":["post-73608","post","type-post","status-publish","format-standard","has-post-thumbnail","hentry","category-publicaciones","category-serveis-de-rehabilitacio-comunitaria-es","category-servicios-de-rehabilitacion-comunitaria"],"yoast_head":"<!-- This site is optimized with the Yoast SEO plugin v27.4 - https:\/\/yoast.com\/product\/yoast-seo-wordpress\/ -->\n<title>Nace el programa de Grupos terap\u00e9uticos para familiares de personas que atendemos desde recursos de salud mental | CFP Maresme<\/title>\n<meta name=\"robots\" content=\"index, follow, max-snippet:-1, max-image-preview:large, max-video-preview:-1\" \/>\n<link rel=\"canonical\" href=\"https:\/\/cfpmaresme.org\/es\/creem-un-programa-de-grups-terapeutics-per-a-familiars-de-persones-que-atenem-des-de-recursos-de-salut-mental\/\" \/>\n<meta property=\"og:locale\" content=\"es_ES\" \/>\n<meta property=\"og:type\" content=\"article\" \/>\n<meta property=\"og:title\" content=\"Nace el programa de Grupos terap\u00e9uticos para familiares de personas que atendemos desde recursos de salud mental | CFP Maresme\" \/>\n<meta property=\"og:description\" content=\"En los \u00faltimos a\u00f1os ha ido en aumento la preocupaci\u00f3n para la atenci\u00f3n y las curas hacia las personas que sufren alguna problem\u00e1tica de salud mental. Pero, \u00bfQui\u00e9n se encarga de los que cuidan? Teniendo en cuenta la importancia fundamental que representa el soporte afectivo...\" \/>\n<meta property=\"og:url\" content=\"https:\/\/cfpmaresme.org\/es\/creem-un-programa-de-grups-terapeutics-per-a-familiars-de-persones-que-atenem-des-de-recursos-de-salut-mental\/\" \/>\n<meta property=\"og:site_name\" content=\"CFP Maresme\" \/>\n<meta property=\"article:published_time\" content=\"2023-09-05T11:28:38+00:00\" \/>\n<meta property=\"article:modified_time\" content=\"2023-09-06T06:53:40+00:00\" \/>\n<meta property=\"og:image\" content=\"https:\/\/cfpmaresme.org\/wp-content\/uploads\/2023\/09\/Captura-de-pantalla-2023-09-05-125955.png\" \/>\n\t<meta property=\"og:image:width\" content=\"567\" \/>\n\t<meta property=\"og:image:height\" content=\"356\" \/>\n\t<meta property=\"og:image:type\" content=\"image\/png\" \/>\n<meta name=\"author\" content=\"CFPMaresme\" \/>\n<meta name=\"twitter:card\" content=\"summary_large_image\" \/>\n<meta name=\"twitter:creator\" content=\"@cfpmaresme\" \/>\n<meta name=\"twitter:site\" content=\"@cfpmaresme\" \/>\n<meta name=\"twitter:label1\" content=\"Escrito por\" \/>\n\t<meta name=\"twitter:data1\" content=\"CFPMaresme\" \/>\n\t<meta name=\"twitter:label2\" content=\"Tiempo de lectura\" \/>\n\t<meta name=\"twitter:data2\" content=\"2 minutos\" \/>\n<script type=\"application\/ld+json\" class=\"yoast-schema-graph\">{\"@context\":\"https:\\\/\\\/schema.org\",\"@graph\":[{\"@type\":\"Article\",\"@id\":\"https:\\\/\\\/cfpmaresme.org\\\/es\\\/creem-un-programa-de-grups-terapeutics-per-a-familiars-de-persones-que-atenem-des-de-recursos-de-salut-mental\\\/#article\",\"isPartOf\":{\"@id\":\"https:\\\/\\\/cfpmaresme.org\\\/es\\\/creem-un-programa-de-grups-terapeutics-per-a-familiars-de-persones-que-atenem-des-de-recursos-de-salut-mental\\\/\"},\"author\":{\"name\":\"CFPMaresme\",\"@id\":\"https:\\\/\\\/cfpmaresme.org\\\/#\\\/schema\\\/person\\\/b2634bcd796fafc667ea4055f61b9b2c\"},\"headline\":\"Nace el programa de Grupos terap\u00e9uticos para familiares de personas que atendemos desde recursos de salud mental\",\"datePublished\":\"2023-09-05T11:28:38+00:00\",\"dateModified\":\"2023-09-06T06:53:40+00:00\",\"mainEntityOfPage\":{\"@id\":\"https:\\\/\\\/cfpmaresme.org\\\/es\\\/creem-un-programa-de-grups-terapeutics-per-a-familiars-de-persones-que-atenem-des-de-recursos-de-salut-mental\\\/\"},\"wordCount\":281,\"image\":{\"@id\":\"https:\\\/\\\/cfpmaresme.org\\\/es\\\/creem-un-programa-de-grups-terapeutics-per-a-familiars-de-persones-que-atenem-des-de-recursos-de-salut-mental\\\/#primaryimage\"},\"thumbnailUrl\":\"https:\\\/\\\/cfpmaresme.org\\\/wp-content\\\/uploads\\\/2023\\\/09\\\/Captura-de-pantalla-2023-09-05-125955.png\",\"articleSection\":[\"Publicaciones\",\"Serveis de Rehabilitaci\u00f3 Comunit\u00e0ria\",\"Servicios de Rehabilitaci\u00f3n Comunitaria\"],\"inLanguage\":\"es\"},{\"@type\":\"WebPage\",\"@id\":\"https:\\\/\\\/cfpmaresme.org\\\/es\\\/creem-un-programa-de-grups-terapeutics-per-a-familiars-de-persones-que-atenem-des-de-recursos-de-salut-mental\\\/\",\"url\":\"https:\\\/\\\/cfpmaresme.org\\\/es\\\/creem-un-programa-de-grups-terapeutics-per-a-familiars-de-persones-que-atenem-des-de-recursos-de-salut-mental\\\/\",\"name\":\"Nace el programa de Grupos terap\u00e9uticos para familiares de personas que atendemos desde recursos de salud mental | CFP Maresme\",\"isPartOf\":{\"@id\":\"https:\\\/\\\/cfpmaresme.org\\\/#website\"},\"primaryImageOfPage\":{\"@id\":\"https:\\\/\\\/cfpmaresme.org\\\/es\\\/creem-un-programa-de-grups-terapeutics-per-a-familiars-de-persones-que-atenem-des-de-recursos-de-salut-mental\\\/#primaryimage\"},\"image\":{\"@id\":\"https:\\\/\\\/cfpmaresme.org\\\/es\\\/creem-un-programa-de-grups-terapeutics-per-a-familiars-de-persones-que-atenem-des-de-recursos-de-salut-mental\\\/#primaryimage\"},\"thumbnailUrl\":\"https:\\\/\\\/cfpmaresme.org\\\/wp-content\\\/uploads\\\/2023\\\/09\\\/Captura-de-pantalla-2023-09-05-125955.png\",\"datePublished\":\"2023-09-05T11:28:38+00:00\",\"dateModified\":\"2023-09-06T06:53:40+00:00\",\"author\":{\"@id\":\"https:\\\/\\\/cfpmaresme.org\\\/#\\\/schema\\\/person\\\/b2634bcd796fafc667ea4055f61b9b2c\"},\"breadcrumb\":{\"@id\":\"https:\\\/\\\/cfpmaresme.org\\\/es\\\/creem-un-programa-de-grups-terapeutics-per-a-familiars-de-persones-que-atenem-des-de-recursos-de-salut-mental\\\/#breadcrumb\"},\"inLanguage\":\"es\",\"potentialAction\":[{\"@type\":\"ReadAction\",\"target\":[\"https:\\\/\\\/cfpmaresme.org\\\/es\\\/creem-un-programa-de-grups-terapeutics-per-a-familiars-de-persones-que-atenem-des-de-recursos-de-salut-mental\\\/\"]}]},{\"@type\":\"ImageObject\",\"inLanguage\":\"es\",\"@id\":\"https:\\\/\\\/cfpmaresme.org\\\/es\\\/creem-un-programa-de-grups-terapeutics-per-a-familiars-de-persones-que-atenem-des-de-recursos-de-salut-mental\\\/#primaryimage\",\"url\":\"https:\\\/\\\/cfpmaresme.org\\\/wp-content\\\/uploads\\\/2023\\\/09\\\/Captura-de-pantalla-2023-09-05-125955.png\",\"contentUrl\":\"https:\\\/\\\/cfpmaresme.org\\\/wp-content\\\/uploads\\\/2023\\\/09\\\/Captura-de-pantalla-2023-09-05-125955.png\",\"width\":567,\"height\":356},{\"@type\":\"BreadcrumbList\",\"@id\":\"https:\\\/\\\/cfpmaresme.org\\\/es\\\/creem-un-programa-de-grups-terapeutics-per-a-familiars-de-persones-que-atenem-des-de-recursos-de-salut-mental\\\/#breadcrumb\",\"itemListElement\":[{\"@type\":\"ListItem\",\"position\":1,\"name\":\"Home\",\"item\":\"https:\\\/\\\/cfpmaresme.org\\\/es\\\/\"},{\"@type\":\"ListItem\",\"position\":2,\"name\":\"Nace el programa de Grupos terap\u00e9uticos para familiares de personas que atendemos desde recursos de salud mental\"}]},{\"@type\":\"WebSite\",\"@id\":\"https:\\\/\\\/cfpmaresme.org\\\/#website\",\"url\":\"https:\\\/\\\/cfpmaresme.org\\\/\",\"name\":\"CFP Maresme\",\"description\":\"Centre Formaci\u00f3 Prevenci\u00f3\",\"potentialAction\":[{\"@type\":\"SearchAction\",\"target\":{\"@type\":\"EntryPoint\",\"urlTemplate\":\"https:\\\/\\\/cfpmaresme.org\\\/?s={search_term_string}\"},\"query-input\":{\"@type\":\"PropertyValueSpecification\",\"valueRequired\":true,\"valueName\":\"search_term_string\"}}],\"inLanguage\":\"es\"},{\"@type\":\"Person\",\"@id\":\"https:\\\/\\\/cfpmaresme.org\\\/#\\\/schema\\\/person\\\/b2634bcd796fafc667ea4055f61b9b2c\",\"name\":\"CFPMaresme\"}]}<\/script>\n<!-- \/ Yoast SEO plugin. -->","yoast_head_json":{"title":"Nace el programa de Grupos terap\u00e9uticos para familiares de personas que atendemos desde recursos de salud mental | CFP Maresme","robots":{"index":"index","follow":"follow","max-snippet":"max-snippet:-1","max-image-preview":"max-image-preview:large","max-video-preview":"max-video-preview:-1"},"canonical":"https:\/\/cfpmaresme.org\/es\/creem-un-programa-de-grups-terapeutics-per-a-familiars-de-persones-que-atenem-des-de-recursos-de-salut-mental\/","og_locale":"es_ES","og_type":"article","og_title":"Nace el programa de Grupos terap\u00e9uticos para familiares de personas que atendemos desde recursos de salud mental | CFP Maresme","og_description":"En los \u00faltimos a\u00f1os ha ido en aumento la preocupaci\u00f3n para la atenci\u00f3n y las curas hacia las personas que sufren alguna problem\u00e1tica de salud mental. Pero, \u00bfQui\u00e9n se encarga de los que cuidan? Teniendo en cuenta la importancia fundamental que representa el soporte afectivo...","og_url":"https:\/\/cfpmaresme.org\/es\/creem-un-programa-de-grups-terapeutics-per-a-familiars-de-persones-que-atenem-des-de-recursos-de-salut-mental\/","og_site_name":"CFP Maresme","article_published_time":"2023-09-05T11:28:38+00:00","article_modified_time":"2023-09-06T06:53:40+00:00","og_image":[{"width":567,"height":356,"url":"https:\/\/cfpmaresme.org\/wp-content\/uploads\/2023\/09\/Captura-de-pantalla-2023-09-05-125955.png","type":"image\/png"}],"author":"CFPMaresme","twitter_card":"summary_large_image","twitter_creator":"@cfpmaresme","twitter_site":"@cfpmaresme","twitter_misc":{"Escrito por":"CFPMaresme","Tiempo de lectura":"2 minutos"},"schema":{"@context":"https:\/\/schema.org","@graph":[{"@type":"Article","@id":"https:\/\/cfpmaresme.org\/es\/creem-un-programa-de-grups-terapeutics-per-a-familiars-de-persones-que-atenem-des-de-recursos-de-salut-mental\/#article","isPartOf":{"@id":"https:\/\/cfpmaresme.org\/es\/creem-un-programa-de-grups-terapeutics-per-a-familiars-de-persones-que-atenem-des-de-recursos-de-salut-mental\/"},"author":{"name":"CFPMaresme","@id":"https:\/\/cfpmaresme.org\/#\/schema\/person\/b2634bcd796fafc667ea4055f61b9b2c"},"headline":"Nace el programa de Grupos terap\u00e9uticos para familiares de personas que atendemos desde recursos de salud mental","datePublished":"2023-09-05T11:28:38+00:00","dateModified":"2023-09-06T06:53:40+00:00","mainEntityOfPage":{"@id":"https:\/\/cfpmaresme.org\/es\/creem-un-programa-de-grups-terapeutics-per-a-familiars-de-persones-que-atenem-des-de-recursos-de-salut-mental\/"},"wordCount":281,"image":{"@id":"https:\/\/cfpmaresme.org\/es\/creem-un-programa-de-grups-terapeutics-per-a-familiars-de-persones-que-atenem-des-de-recursos-de-salut-mental\/#primaryimage"},"thumbnailUrl":"https:\/\/cfpmaresme.org\/wp-content\/uploads\/2023\/09\/Captura-de-pantalla-2023-09-05-125955.png","articleSection":["Publicaciones","Serveis de Rehabilitaci\u00f3 Comunit\u00e0ria","Servicios de Rehabilitaci\u00f3n Comunitaria"],"inLanguage":"es"},{"@type":"WebPage","@id":"https:\/\/cfpmaresme.org\/es\/creem-un-programa-de-grups-terapeutics-per-a-familiars-de-persones-que-atenem-des-de-recursos-de-salut-mental\/","url":"https:\/\/cfpmaresme.org\/es\/creem-un-programa-de-grups-terapeutics-per-a-familiars-de-persones-que-atenem-des-de-recursos-de-salut-mental\/","name":"Nace el programa de Grupos terap\u00e9uticos para familiares de personas que atendemos desde recursos de salud mental | CFP Maresme","isPartOf":{"@id":"https:\/\/cfpmaresme.org\/#website"},"primaryImageOfPage":{"@id":"https:\/\/cfpmaresme.org\/es\/creem-un-programa-de-grups-terapeutics-per-a-familiars-de-persones-que-atenem-des-de-recursos-de-salut-mental\/#primaryimage"},"image":{"@id":"https:\/\/cfpmaresme.org\/es\/creem-un-programa-de-grups-terapeutics-per-a-familiars-de-persones-que-atenem-des-de-recursos-de-salut-mental\/#primaryimage"},"thumbnailUrl":"https:\/\/cfpmaresme.org\/wp-content\/uploads\/2023\/09\/Captura-de-pantalla-2023-09-05-125955.png","datePublished":"2023-09-05T11:28:38+00:00","dateModified":"2023-09-06T06:53:40+00:00","author":{"@id":"https:\/\/cfpmaresme.org\/#\/schema\/person\/b2634bcd796fafc667ea4055f61b9b2c"},"breadcrumb":{"@id":"https:\/\/cfpmaresme.org\/es\/creem-un-programa-de-grups-terapeutics-per-a-familiars-de-persones-que-atenem-des-de-recursos-de-salut-mental\/#breadcrumb"},"inLanguage":"es","potentialAction":[{"@type":"ReadAction","target":["https:\/\/cfpmaresme.org\/es\/creem-un-programa-de-grups-terapeutics-per-a-familiars-de-persones-que-atenem-des-de-recursos-de-salut-mental\/"]}]},{"@type":"ImageObject","inLanguage":"es","@id":"https:\/\/cfpmaresme.org\/es\/creem-un-programa-de-grups-terapeutics-per-a-familiars-de-persones-que-atenem-des-de-recursos-de-salut-mental\/#primaryimage","url":"https:\/\/cfpmaresme.org\/wp-content\/uploads\/2023\/09\/Captura-de-pantalla-2023-09-05-125955.png","contentUrl":"https:\/\/cfpmaresme.org\/wp-content\/uploads\/2023\/09\/Captura-de-pantalla-2023-09-05-125955.png","width":567,"height":356},{"@type":"BreadcrumbList","@id":"https:\/\/cfpmaresme.org\/es\/creem-un-programa-de-grups-terapeutics-per-a-familiars-de-persones-que-atenem-des-de-recursos-de-salut-mental\/#breadcrumb","itemListElement":[{"@type":"ListItem","position":1,"name":"Home","item":"https:\/\/cfpmaresme.org\/es\/"},{"@type":"ListItem","position":2,"name":"Nace el programa de Grupos terap\u00e9uticos para familiares de personas que atendemos desde recursos de salud mental"}]},{"@type":"WebSite","@id":"https:\/\/cfpmaresme.org\/#website","url":"https:\/\/cfpmaresme.org\/","name":"CFP Maresme","description":"Centre Formaci\u00f3 Prevenci\u00f3","potentialAction":[{"@type":"SearchAction","target":{"@type":"EntryPoint","urlTemplate":"https:\/\/cfpmaresme.org\/?s={search_term_string}"},"query-input":{"@type":"PropertyValueSpecification","valueRequired":true,"valueName":"search_term_string"}}],"inLanguage":"es"},{"@type":"Person","@id":"https:\/\/cfpmaresme.org\/#\/schema\/person\/b2634bcd796fafc667ea4055f61b9b2c","name":"CFPMaresme"}]}},"_links":{"self":[{"href":"https:\/\/cfpmaresme.org\/es\/wp-json\/wp\/v2\/posts\/73608","targetHints":{"allow":["GET"]}}],"collection":[{"href":"https:\/\/cfpmaresme.org\/es\/wp-json\/wp\/v2\/posts"}],"about":[{"href":"https:\/\/cfpmaresme.org\/es\/wp-json\/wp\/v2\/types\/post"}],"author":[{"embeddable":true,"href":"https:\/\/cfpmaresme.org\/es\/wp-json\/wp\/v2\/users\/2"}],"replies":[{"embeddable":true,"href":"https:\/\/cfpmaresme.org\/es\/wp-json\/wp\/v2\/comments?post=73608"}],"version-history":[{"count":9,"href":"https:\/\/cfpmaresme.org\/es\/wp-json\/wp\/v2\/posts\/73608\/revisions"}],"predecessor-version":[{"id":73619,"href":"https:\/\/cfpmaresme.org\/es\/wp-json\/wp\/v2\/posts\/73608\/revisions\/73619"}],"wp:featuredmedia":[{"embeddable":true,"href":"https:\/\/cfpmaresme.org\/es\/wp-json\/wp\/v2\/media\/73601"}],"wp:attachment":[{"href":"https:\/\/cfpmaresme.org\/es\/wp-json\/wp\/v2\/media?parent=73608"}],"wp:term":[{"taxonomy":"category","embeddable":true,"href":"https:\/\/cfpmaresme.org\/es\/wp-json\/wp\/v2\/categories?post=73608"},{"taxonomy":"post_tag","embeddable":true,"href":"https:\/\/cfpmaresme.org\/es\/wp-json\/wp\/v2\/tags?post=73608"}],"curies":[{"name":"wp","href":"https:\/\/api.w.org\/{rel}","templated":true}]}}