{"id":73855,"date":"2023-11-08T17:12:21","date_gmt":"2023-11-08T15:12:21","guid":{"rendered":"https:\/\/cfpmaresme.org\/?p=73855"},"modified":"2023-11-08T17:18:29","modified_gmt":"2023-11-08T15:18:29","slug":"ester-sara-cabanes-directora-de-la-dgaia-participa-a-una-asemblea-de-los-infantes-y-adolescentes-del-crae","status":"publish","type":"post","link":"https:\/\/cfpmaresme.org\/es\/ester-sara-cabanes-directora-de-la-dgaia-participa-a-una-asemblea-de-los-infantes-y-adolescentes-del-crae\/","title":{"rendered":"Ester Sara Cabanes, Directora de la DGAIA, participa a una asamblea de los infantes y adolescentes del CRAE"},"content":{"rendered":"<p>Ayer recibimos la visita de la m\u00e1xima responsable de la Direcci\u00f3n General de Atenci\u00f3n a la Infancia y la Adolescencia (DGAIA), Ester Sara Cabanes. Fue a ra\u00edz de su inter\u00e9s para asistir a una <a href=\"https:\/\/cfpmaresme.org\/lassemblea-del-crae-organ-de-participacio-collectiva-i-de-preservacio-del-dret-dels-infants-i-adolescents-a-opinar\/\" target=\"_blank\" rel=\"noopener\">asamblea <\/a>de las que realizamos en el CRAE, con los 20 infantes y adolescentes que viven aqu\u00ed. Cabanes explic\u00f3 sus tareas a todos los asistentes. Los chicos quisieron preguntarle detalles de sus responsabilidades y funciones respeto las decisiones que afectan a ni\u00f1os y ni\u00f1as tutelados como ellos.<\/p>\n<p>La asamblea versaba sobre dos temas: el acceso a<a href=\"https:\/\/cfpmaresme.org\/pisos-assistits-per-a-joves\/\" target=\"_blank\" rel=\"noopener\"> Pisos asistidos para j\u00f3venes <\/a>por parte de adolescentes del CRAE y el acceso a m\u00f3viles. Para hablar sobre la posibilidad de que, cuando cumplan los 16 a\u00f1os, vivan en uno de los pisos para j\u00f3venes que regenta el CFP, pudieron escuchar la experiencia de B., una chica que ha vivido en el CRAE y ahora est\u00e1 en uno de los pisos. Para contextualizar el tema de la normativa de uso de los m\u00f3viles y la accesibilidad a ellos, vieron un v\u00eddeo. Despu\u00e9s conversaron sobre una cuesti\u00f3n de tanta actualidad como es \u00e9sta.<\/p>\n<p>Fue un espacio de intercambio de impresiones sobre aspectos importantes en el d\u00eda a d\u00eda de los infantes y adolescentes. Poderlo hacer con la presencia y aportaciones de la Sra. Cabanes ha sido una muy buena oportunidad. Desde aqu\u00ed queremos mostrar nuestro sincero agradecimiento.<\/p>\n","protected":false},"excerpt":{"rendered":"<p>Ayer recibimos la visita de la m\u00e1xima responsable de la Direcci\u00f3n General de Atenci\u00f3n a la Infancia y la Adolescencia (DGAIA), Ester Sara Cabanes. Fue a ra\u00edz de su inter\u00e9s para asistir a una asamblea de las que realizamos en el CRAE, con los 20&#8230;<\/p>\n","protected":false},"author":2,"featured_media":73851,"comment_status":"closed","ping_status":"closed","sticky":false,"template":"","format":"standard","meta":{"footnotes":""},"categories":[1243,1259],"tags":[],"class_list":["post-73855","post","type-post","status-publish","format-standard","has-post-thumbnail","hentry","category-crae","category-publicaciones"],"yoast_head":"<!-- This site is optimized with the Yoast SEO plugin v27.4 - https:\/\/yoast.com\/product\/yoast-seo-wordpress\/ -->\n<title>Ester Sara Cabanes, Directora de la DGAIA, participa a una asamblea de los infantes y adolescentes del CRAE | CFP Maresme<\/title>\n<meta name=\"robots\" content=\"index, follow, max-snippet:-1, max-image-preview:large, max-video-preview:-1\" \/>\n<link rel=\"canonical\" href=\"https:\/\/cfpmaresme.org\/es\/ester-sara-cabanes-directora-de-la-dgaia-participa-a-una-asemblea-de-los-infantes-y-adolescentes-del-crae\/\" \/>\n<meta property=\"og:locale\" content=\"es_ES\" \/>\n<meta property=\"og:type\" content=\"article\" \/>\n<meta property=\"og:title\" content=\"Ester Sara Cabanes, Directora de la DGAIA, participa a una asamblea de los infantes y adolescentes del CRAE | CFP Maresme\" \/>\n<meta property=\"og:description\" content=\"Ayer recibimos la visita de la m\u00e1xima responsable de la Direcci\u00f3n General de Atenci\u00f3n a la Infancia y la Adolescencia (DGAIA), Ester Sara Cabanes. Fue a ra\u00edz de su inter\u00e9s para asistir a una asamblea de las que realizamos en el CRAE, con los 20...\" \/>\n<meta property=\"og:url\" content=\"https:\/\/cfpmaresme.org\/es\/ester-sara-cabanes-directora-de-la-dgaia-participa-a-una-asemblea-de-los-infantes-y-adolescentes-del-crae\/\" \/>\n<meta property=\"og:site_name\" content=\"CFP Maresme\" \/>\n<meta property=\"article:published_time\" content=\"2023-11-08T15:12:21+00:00\" \/>\n<meta property=\"article:modified_time\" content=\"2023-11-08T15:18:29+00:00\" \/>\n<meta property=\"og:image\" content=\"https:\/\/cfpmaresme.org\/wp-content\/uploads\/2023\/11\/banner-pixelat-png-i-retallat.jpg\" \/>\n\t<meta property=\"og:image:width\" content=\"1592\" \/>\n\t<meta property=\"og:image:height\" content=\"797\" \/>\n\t<meta property=\"og:image:type\" content=\"image\/jpeg\" \/>\n<meta name=\"author\" content=\"CFPMaresme\" \/>\n<meta name=\"twitter:card\" content=\"summary_large_image\" \/>\n<meta name=\"twitter:creator\" content=\"@cfpmaresme\" \/>\n<meta name=\"twitter:site\" content=\"@cfpmaresme\" \/>\n<meta name=\"twitter:label1\" content=\"Escrito por\" \/>\n\t<meta name=\"twitter:data1\" content=\"CFPMaresme\" \/>\n\t<meta name=\"twitter:label2\" content=\"Tiempo de lectura\" \/>\n\t<meta name=\"twitter:data2\" content=\"2 minutos\" \/>\n<script type=\"application\/ld+json\" class=\"yoast-schema-graph\">{\"@context\":\"https:\\\/\\\/schema.org\",\"@graph\":[{\"@type\":\"Article\",\"@id\":\"https:\\\/\\\/cfpmaresme.org\\\/es\\\/ester-sara-cabanes-directora-de-la-dgaia-participa-a-una-asemblea-de-los-infantes-y-adolescentes-del-crae\\\/#article\",\"isPartOf\":{\"@id\":\"https:\\\/\\\/cfpmaresme.org\\\/es\\\/ester-sara-cabanes-directora-de-la-dgaia-participa-a-una-asemblea-de-los-infantes-y-adolescentes-del-crae\\\/\"},\"author\":{\"name\":\"CFPMaresme\",\"@id\":\"https:\\\/\\\/cfpmaresme.org\\\/#\\\/schema\\\/person\\\/b2634bcd796fafc667ea4055f61b9b2c\"},\"headline\":\"Ester Sara Cabanes, Directora de la DGAIA, participa a una asamblea de los infantes y adolescentes del CRAE\",\"datePublished\":\"2023-11-08T15:12:21+00:00\",\"dateModified\":\"2023-11-08T15:18:29+00:00\",\"mainEntityOfPage\":{\"@id\":\"https:\\\/\\\/cfpmaresme.org\\\/es\\\/ester-sara-cabanes-directora-de-la-dgaia-participa-a-una-asemblea-de-los-infantes-y-adolescentes-del-crae\\\/\"},\"wordCount\":259,\"image\":{\"@id\":\"https:\\\/\\\/cfpmaresme.org\\\/es\\\/ester-sara-cabanes-directora-de-la-dgaia-participa-a-una-asemblea-de-los-infantes-y-adolescentes-del-crae\\\/#primaryimage\"},\"thumbnailUrl\":\"https:\\\/\\\/cfpmaresme.org\\\/wp-content\\\/uploads\\\/2023\\\/11\\\/banner-pixelat-png-i-retallat.jpg\",\"articleSection\":[\"CRAE\",\"Publicaciones\"],\"inLanguage\":\"es\"},{\"@type\":\"WebPage\",\"@id\":\"https:\\\/\\\/cfpmaresme.org\\\/es\\\/ester-sara-cabanes-directora-de-la-dgaia-participa-a-una-asemblea-de-los-infantes-y-adolescentes-del-crae\\\/\",\"url\":\"https:\\\/\\\/cfpmaresme.org\\\/es\\\/ester-sara-cabanes-directora-de-la-dgaia-participa-a-una-asemblea-de-los-infantes-y-adolescentes-del-crae\\\/\",\"name\":\"Ester Sara Cabanes, Directora de la DGAIA, participa a una asamblea de los infantes y adolescentes del CRAE | CFP Maresme\",\"isPartOf\":{\"@id\":\"https:\\\/\\\/cfpmaresme.org\\\/#website\"},\"primaryImageOfPage\":{\"@id\":\"https:\\\/\\\/cfpmaresme.org\\\/es\\\/ester-sara-cabanes-directora-de-la-dgaia-participa-a-una-asemblea-de-los-infantes-y-adolescentes-del-crae\\\/#primaryimage\"},\"image\":{\"@id\":\"https:\\\/\\\/cfpmaresme.org\\\/es\\\/ester-sara-cabanes-directora-de-la-dgaia-participa-a-una-asemblea-de-los-infantes-y-adolescentes-del-crae\\\/#primaryimage\"},\"thumbnailUrl\":\"https:\\\/\\\/cfpmaresme.org\\\/wp-content\\\/uploads\\\/2023\\\/11\\\/banner-pixelat-png-i-retallat.jpg\",\"datePublished\":\"2023-11-08T15:12:21+00:00\",\"dateModified\":\"2023-11-08T15:18:29+00:00\",\"author\":{\"@id\":\"https:\\\/\\\/cfpmaresme.org\\\/#\\\/schema\\\/person\\\/b2634bcd796fafc667ea4055f61b9b2c\"},\"breadcrumb\":{\"@id\":\"https:\\\/\\\/cfpmaresme.org\\\/es\\\/ester-sara-cabanes-directora-de-la-dgaia-participa-a-una-asemblea-de-los-infantes-y-adolescentes-del-crae\\\/#breadcrumb\"},\"inLanguage\":\"es\",\"potentialAction\":[{\"@type\":\"ReadAction\",\"target\":[\"https:\\\/\\\/cfpmaresme.org\\\/es\\\/ester-sara-cabanes-directora-de-la-dgaia-participa-a-una-asemblea-de-los-infantes-y-adolescentes-del-crae\\\/\"]}]},{\"@type\":\"ImageObject\",\"inLanguage\":\"es\",\"@id\":\"https:\\\/\\\/cfpmaresme.org\\\/es\\\/ester-sara-cabanes-directora-de-la-dgaia-participa-a-una-asemblea-de-los-infantes-y-adolescentes-del-crae\\\/#primaryimage\",\"url\":\"https:\\\/\\\/cfpmaresme.org\\\/wp-content\\\/uploads\\\/2023\\\/11\\\/banner-pixelat-png-i-retallat.jpg\",\"contentUrl\":\"https:\\\/\\\/cfpmaresme.org\\\/wp-content\\\/uploads\\\/2023\\\/11\\\/banner-pixelat-png-i-retallat.jpg\",\"width\":1592,\"height\":797},{\"@type\":\"BreadcrumbList\",\"@id\":\"https:\\\/\\\/cfpmaresme.org\\\/es\\\/ester-sara-cabanes-directora-de-la-dgaia-participa-a-una-asemblea-de-los-infantes-y-adolescentes-del-crae\\\/#breadcrumb\",\"itemListElement\":[{\"@type\":\"ListItem\",\"position\":1,\"name\":\"Home\",\"item\":\"https:\\\/\\\/cfpmaresme.org\\\/es\\\/\"},{\"@type\":\"ListItem\",\"position\":2,\"name\":\"Ester Sara Cabanes, Directora de la DGAIA, participa a una asamblea de los infantes y adolescentes del CRAE\"}]},{\"@type\":\"WebSite\",\"@id\":\"https:\\\/\\\/cfpmaresme.org\\\/#website\",\"url\":\"https:\\\/\\\/cfpmaresme.org\\\/\",\"name\":\"CFP Maresme\",\"description\":\"Centre Formaci\u00f3 Prevenci\u00f3\",\"potentialAction\":[{\"@type\":\"SearchAction\",\"target\":{\"@type\":\"EntryPoint\",\"urlTemplate\":\"https:\\\/\\\/cfpmaresme.org\\\/?s={search_term_string}\"},\"query-input\":{\"@type\":\"PropertyValueSpecification\",\"valueRequired\":true,\"valueName\":\"search_term_string\"}}],\"inLanguage\":\"es\"},{\"@type\":\"Person\",\"@id\":\"https:\\\/\\\/cfpmaresme.org\\\/#\\\/schema\\\/person\\\/b2634bcd796fafc667ea4055f61b9b2c\",\"name\":\"CFPMaresme\"}]}<\/script>\n<!-- \/ Yoast SEO plugin. -->","yoast_head_json":{"title":"Ester Sara Cabanes, Directora de la DGAIA, participa a una asamblea de los infantes y adolescentes del CRAE | CFP Maresme","robots":{"index":"index","follow":"follow","max-snippet":"max-snippet:-1","max-image-preview":"max-image-preview:large","max-video-preview":"max-video-preview:-1"},"canonical":"https:\/\/cfpmaresme.org\/es\/ester-sara-cabanes-directora-de-la-dgaia-participa-a-una-asemblea-de-los-infantes-y-adolescentes-del-crae\/","og_locale":"es_ES","og_type":"article","og_title":"Ester Sara Cabanes, Directora de la DGAIA, participa a una asamblea de los infantes y adolescentes del CRAE | CFP Maresme","og_description":"Ayer recibimos la visita de la m\u00e1xima responsable de la Direcci\u00f3n General de Atenci\u00f3n a la Infancia y la Adolescencia (DGAIA), Ester Sara Cabanes. Fue a ra\u00edz de su inter\u00e9s para asistir a una asamblea de las que realizamos en el CRAE, con los 20...","og_url":"https:\/\/cfpmaresme.org\/es\/ester-sara-cabanes-directora-de-la-dgaia-participa-a-una-asemblea-de-los-infantes-y-adolescentes-del-crae\/","og_site_name":"CFP Maresme","article_published_time":"2023-11-08T15:12:21+00:00","article_modified_time":"2023-11-08T15:18:29+00:00","og_image":[{"width":1592,"height":797,"url":"https:\/\/cfpmaresme.org\/wp-content\/uploads\/2023\/11\/banner-pixelat-png-i-retallat.jpg","type":"image\/jpeg"}],"author":"CFPMaresme","twitter_card":"summary_large_image","twitter_creator":"@cfpmaresme","twitter_site":"@cfpmaresme","twitter_misc":{"Escrito por":"CFPMaresme","Tiempo de lectura":"2 minutos"},"schema":{"@context":"https:\/\/schema.org","@graph":[{"@type":"Article","@id":"https:\/\/cfpmaresme.org\/es\/ester-sara-cabanes-directora-de-la-dgaia-participa-a-una-asemblea-de-los-infantes-y-adolescentes-del-crae\/#article","isPartOf":{"@id":"https:\/\/cfpmaresme.org\/es\/ester-sara-cabanes-directora-de-la-dgaia-participa-a-una-asemblea-de-los-infantes-y-adolescentes-del-crae\/"},"author":{"name":"CFPMaresme","@id":"https:\/\/cfpmaresme.org\/#\/schema\/person\/b2634bcd796fafc667ea4055f61b9b2c"},"headline":"Ester Sara Cabanes, Directora de la DGAIA, participa a una asamblea de los infantes y adolescentes del CRAE","datePublished":"2023-11-08T15:12:21+00:00","dateModified":"2023-11-08T15:18:29+00:00","mainEntityOfPage":{"@id":"https:\/\/cfpmaresme.org\/es\/ester-sara-cabanes-directora-de-la-dgaia-participa-a-una-asemblea-de-los-infantes-y-adolescentes-del-crae\/"},"wordCount":259,"image":{"@id":"https:\/\/cfpmaresme.org\/es\/ester-sara-cabanes-directora-de-la-dgaia-participa-a-una-asemblea-de-los-infantes-y-adolescentes-del-crae\/#primaryimage"},"thumbnailUrl":"https:\/\/cfpmaresme.org\/wp-content\/uploads\/2023\/11\/banner-pixelat-png-i-retallat.jpg","articleSection":["CRAE","Publicaciones"],"inLanguage":"es"},{"@type":"WebPage","@id":"https:\/\/cfpmaresme.org\/es\/ester-sara-cabanes-directora-de-la-dgaia-participa-a-una-asemblea-de-los-infantes-y-adolescentes-del-crae\/","url":"https:\/\/cfpmaresme.org\/es\/ester-sara-cabanes-directora-de-la-dgaia-participa-a-una-asemblea-de-los-infantes-y-adolescentes-del-crae\/","name":"Ester Sara Cabanes, Directora de la DGAIA, participa a una asamblea de los infantes y adolescentes del CRAE | CFP Maresme","isPartOf":{"@id":"https:\/\/cfpmaresme.org\/#website"},"primaryImageOfPage":{"@id":"https:\/\/cfpmaresme.org\/es\/ester-sara-cabanes-directora-de-la-dgaia-participa-a-una-asemblea-de-los-infantes-y-adolescentes-del-crae\/#primaryimage"},"image":{"@id":"https:\/\/cfpmaresme.org\/es\/ester-sara-cabanes-directora-de-la-dgaia-participa-a-una-asemblea-de-los-infantes-y-adolescentes-del-crae\/#primaryimage"},"thumbnailUrl":"https:\/\/cfpmaresme.org\/wp-content\/uploads\/2023\/11\/banner-pixelat-png-i-retallat.jpg","datePublished":"2023-11-08T15:12:21+00:00","dateModified":"2023-11-08T15:18:29+00:00","author":{"@id":"https:\/\/cfpmaresme.org\/#\/schema\/person\/b2634bcd796fafc667ea4055f61b9b2c"},"breadcrumb":{"@id":"https:\/\/cfpmaresme.org\/es\/ester-sara-cabanes-directora-de-la-dgaia-participa-a-una-asemblea-de-los-infantes-y-adolescentes-del-crae\/#breadcrumb"},"inLanguage":"es","potentialAction":[{"@type":"ReadAction","target":["https:\/\/cfpmaresme.org\/es\/ester-sara-cabanes-directora-de-la-dgaia-participa-a-una-asemblea-de-los-infantes-y-adolescentes-del-crae\/"]}]},{"@type":"ImageObject","inLanguage":"es","@id":"https:\/\/cfpmaresme.org\/es\/ester-sara-cabanes-directora-de-la-dgaia-participa-a-una-asemblea-de-los-infantes-y-adolescentes-del-crae\/#primaryimage","url":"https:\/\/cfpmaresme.org\/wp-content\/uploads\/2023\/11\/banner-pixelat-png-i-retallat.jpg","contentUrl":"https:\/\/cfpmaresme.org\/wp-content\/uploads\/2023\/11\/banner-pixelat-png-i-retallat.jpg","width":1592,"height":797},{"@type":"BreadcrumbList","@id":"https:\/\/cfpmaresme.org\/es\/ester-sara-cabanes-directora-de-la-dgaia-participa-a-una-asemblea-de-los-infantes-y-adolescentes-del-crae\/#breadcrumb","itemListElement":[{"@type":"ListItem","position":1,"name":"Home","item":"https:\/\/cfpmaresme.org\/es\/"},{"@type":"ListItem","position":2,"name":"Ester Sara Cabanes, Directora de la DGAIA, participa a una asamblea de los infantes y adolescentes del CRAE"}]},{"@type":"WebSite","@id":"https:\/\/cfpmaresme.org\/#website","url":"https:\/\/cfpmaresme.org\/","name":"CFP Maresme","description":"Centre Formaci\u00f3 Prevenci\u00f3","potentialAction":[{"@type":"SearchAction","target":{"@type":"EntryPoint","urlTemplate":"https:\/\/cfpmaresme.org\/?s={search_term_string}"},"query-input":{"@type":"PropertyValueSpecification","valueRequired":true,"valueName":"search_term_string"}}],"inLanguage":"es"},{"@type":"Person","@id":"https:\/\/cfpmaresme.org\/#\/schema\/person\/b2634bcd796fafc667ea4055f61b9b2c","name":"CFPMaresme"}]}},"_links":{"self":[{"href":"https:\/\/cfpmaresme.org\/es\/wp-json\/wp\/v2\/posts\/73855","targetHints":{"allow":["GET"]}}],"collection":[{"href":"https:\/\/cfpmaresme.org\/es\/wp-json\/wp\/v2\/posts"}],"about":[{"href":"https:\/\/cfpmaresme.org\/es\/wp-json\/wp\/v2\/types\/post"}],"author":[{"embeddable":true,"href":"https:\/\/cfpmaresme.org\/es\/wp-json\/wp\/v2\/users\/2"}],"replies":[{"embeddable":true,"href":"https:\/\/cfpmaresme.org\/es\/wp-json\/wp\/v2\/comments?post=73855"}],"version-history":[{"count":4,"href":"https:\/\/cfpmaresme.org\/es\/wp-json\/wp\/v2\/posts\/73855\/revisions"}],"predecessor-version":[{"id":73859,"href":"https:\/\/cfpmaresme.org\/es\/wp-json\/wp\/v2\/posts\/73855\/revisions\/73859"}],"wp:featuredmedia":[{"embeddable":true,"href":"https:\/\/cfpmaresme.org\/es\/wp-json\/wp\/v2\/media\/73851"}],"wp:attachment":[{"href":"https:\/\/cfpmaresme.org\/es\/wp-json\/wp\/v2\/media?parent=73855"}],"wp:term":[{"taxonomy":"category","embeddable":true,"href":"https:\/\/cfpmaresme.org\/es\/wp-json\/wp\/v2\/categories?post=73855"},{"taxonomy":"post_tag","embeddable":true,"href":"https:\/\/cfpmaresme.org\/es\/wp-json\/wp\/v2\/tags?post=73855"}],"curies":[{"name":"wp","href":"https:\/\/api.w.org\/{rel}","templated":true}]}}