{"id":74097,"date":"2024-01-15T11:55:55","date_gmt":"2024-01-15T09:55:55","guid":{"rendered":"https:\/\/cfpmaresme.org\/?p=74097"},"modified":"2024-01-15T12:00:56","modified_gmt":"2024-01-15T10:00:56","slug":"el-equipo-de-mantenimiento-de-espacios-naturales-y-solares-trabaja-para-el-campeonato-de-cataluna-de-cros-celebrado-ayer-en-mataro","status":"publish","type":"post","link":"https:\/\/cfpmaresme.org\/es\/el-equipo-de-mantenimiento-de-espacios-naturales-y-solares-trabaja-para-el-campeonato-de-cataluna-de-cros-celebrado-ayer-en-mataro\/","title":{"rendered":"El equipo de Mantenimiento de espacios naturales y solares trabaja para el Campeonato de Catalu\u00f1a de cros, celebrado ayer en Matar\u00f3"},"content":{"rendered":"<p>Matar\u00f3 vivi\u00f3 ayer el Campeonato de Catalu\u00f1a de cros, un evento emmarcado en el trofeo Ciutat de Matar\u00f3 que organiza el Grupo de Atletismo Llu\u00efsos Matar\u00f3. Una cita imprescindible a la que es un placer estar presentes como profesionales y como entidad\u00a0 mataronina.<\/p>\n<p>El equipo de <a href=\"https:\/\/cfpmaresme.org\/es\/mantenimiento-espacios-naturales-solares\/\" target=\"_blank\" rel=\"noopener\">Mantenimiento de espacios naturales y solares<\/a>, un a\u00f1o m\u00e1s, se ha encargado de que el terreno estuviese preparado para que se pudiera disputar la prueba. Lo ha hecho realizando tareas de desbroce, retiro de herb\u00e1ceas y limpieza, tanto de la parte exterior como del circuito. Pod\u00e9is ver el antes y el despu\u00e9s en la siguiente imagen:<\/p>\n<p><img loading=\"lazy\" decoding=\"async\" class=\" wp-image-74093 aligncenter\" src=\"http:\/\/cfpmaresme.org\/wp-content\/uploads\/2024\/01\/GridArt_20240115_104318024-240x300.jpg\" alt=\"\" width=\"261\" height=\"326\" srcset=\"https:\/\/cfpmaresme.org\/wp-content\/uploads\/2024\/01\/GridArt_20240115_104318024-240x300.jpg 240w, https:\/\/cfpmaresme.org\/wp-content\/uploads\/2024\/01\/GridArt_20240115_104318024-819x1024.jpg 819w, https:\/\/cfpmaresme.org\/wp-content\/uploads\/2024\/01\/GridArt_20240115_104318024-768x960.jpg 768w, https:\/\/cfpmaresme.org\/wp-content\/uploads\/2024\/01\/GridArt_20240115_104318024-1229x1536.jpg 1229w, https:\/\/cfpmaresme.org\/wp-content\/uploads\/2024\/01\/GridArt_20240115_104318024-1638x2048.jpg 1638w, https:\/\/cfpmaresme.org\/wp-content\/uploads\/2024\/01\/GridArt_20240115_104318024-700x875.jpg 700w, https:\/\/cfpmaresme.org\/wp-content\/uploads\/2024\/01\/GridArt_20240115_104318024-scaled.jpg 2048w\" sizes=\"auto, (max-width: 261px) 100vw, 261px\" \/>El departamento Comercial del CFP cuenta, adem\u00e1s del servicio de Mantenimiento de espacios naturales y solares, con el de Repartimiento de publicidad, Jardiner\u00eda y vivero, Carga y descarga, Atenci\u00f3n y acogida al p\u00fablico y venta de entradas para espect\u00e1culos. Son servicios con una vertiente social pues favorecemos la inclusi\u00f3n laboral de personas que est\u00e1n en riesgo de exclusi\u00f3n social y\/o vinculadas a los servicios de nuestra entidad.<\/p>\n","protected":false},"excerpt":{"rendered":"<p>Matar\u00f3 vivi\u00f3 ayer el Campeonato de Catalu\u00f1a de cros, un evento emmarcado en el trofeo Ciutat de Matar\u00f3 que organiza el Grupo de Atletismo Llu\u00efsos Matar\u00f3. Una cita imprescindible a la que es un placer estar presentes como profesionales y como entidad\u00a0 mataronina. El equipo&#8230;<\/p>\n","protected":false},"author":2,"featured_media":74098,"comment_status":"closed","ping_status":"closed","sticky":false,"template":"","format":"standard","meta":{"footnotes":""},"categories":[1259,1232,1190],"tags":[],"class_list":["post-74097","post","type-post","status-publish","format-standard","has-post-thumbnail","hentry","category-publicaciones","category-serveis-a-les-empreses-es","category-servicios-a-las-empresas"],"yoast_head":"<!-- This site is optimized with the Yoast SEO plugin v27.4 - https:\/\/yoast.com\/product\/yoast-seo-wordpress\/ -->\n<title>El equipo de Mantenimiento de espacios naturales y solares trabaja para el Campeonato de Catalu\u00f1a de cros, celebrado ayer en Matar\u00f3 | CFP Maresme<\/title>\n<meta name=\"robots\" content=\"index, follow, max-snippet:-1, max-image-preview:large, max-video-preview:-1\" \/>\n<link rel=\"canonical\" href=\"https:\/\/cfpmaresme.org\/es\/el-equipo-de-mantenimiento-de-espacios-naturales-y-solares-trabaja-para-el-campeonato-de-cataluna-de-cros-celebrado-ayer-en-mataro\/\" \/>\n<meta property=\"og:locale\" content=\"es_ES\" \/>\n<meta property=\"og:type\" content=\"article\" \/>\n<meta property=\"og:title\" content=\"El equipo de Mantenimiento de espacios naturales y solares trabaja para el Campeonato de Catalu\u00f1a de cros, celebrado ayer en Matar\u00f3 | CFP Maresme\" \/>\n<meta property=\"og:description\" content=\"Matar\u00f3 vivi\u00f3 ayer el Campeonato de Catalu\u00f1a de cros, un evento emmarcado en el trofeo Ciutat de Matar\u00f3 que organiza el Grupo de Atletismo Llu\u00efsos Matar\u00f3. Una cita imprescindible a la que es un placer estar presentes como profesionales y como entidad\u00a0 mataronina. El equipo...\" \/>\n<meta property=\"og:url\" content=\"https:\/\/cfpmaresme.org\/es\/el-equipo-de-mantenimiento-de-espacios-naturales-y-solares-trabaja-para-el-campeonato-de-cataluna-de-cros-celebrado-ayer-en-mataro\/\" \/>\n<meta property=\"og:site_name\" content=\"CFP Maresme\" \/>\n<meta property=\"article:published_time\" content=\"2024-01-15T09:55:55+00:00\" \/>\n<meta property=\"article:modified_time\" content=\"2024-01-15T10:00:56+00:00\" \/>\n<meta property=\"og:image\" content=\"https:\/\/cfpmaresme.org\/wp-content\/uploads\/2024\/01\/Solars.-Circuuit-Cross-2024_1-1.jpg\" \/>\n\t<meta property=\"og:image:width\" content=\"1428\" \/>\n\t<meta property=\"og:image:height\" content=\"863\" \/>\n\t<meta property=\"og:image:type\" content=\"image\/jpeg\" \/>\n<meta name=\"author\" content=\"CFPMaresme\" \/>\n<meta name=\"twitter:card\" content=\"summary_large_image\" \/>\n<meta name=\"twitter:creator\" content=\"@cfpmaresme\" \/>\n<meta name=\"twitter:site\" content=\"@cfpmaresme\" \/>\n<meta name=\"twitter:label1\" content=\"Escrito por\" \/>\n\t<meta name=\"twitter:data1\" content=\"CFPMaresme\" \/>\n\t<meta name=\"twitter:label2\" content=\"Tiempo de lectura\" \/>\n\t<meta name=\"twitter:data2\" content=\"2 minutos\" \/>\n<script type=\"application\/ld+json\" class=\"yoast-schema-graph\">{\"@context\":\"https:\\\/\\\/schema.org\",\"@graph\":[{\"@type\":\"Article\",\"@id\":\"https:\\\/\\\/cfpmaresme.org\\\/es\\\/el-equipo-de-mantenimiento-de-espacios-naturales-y-solares-trabaja-para-el-campeonato-de-cataluna-de-cros-celebrado-ayer-en-mataro\\\/#article\",\"isPartOf\":{\"@id\":\"https:\\\/\\\/cfpmaresme.org\\\/es\\\/el-equipo-de-mantenimiento-de-espacios-naturales-y-solares-trabaja-para-el-campeonato-de-cataluna-de-cros-celebrado-ayer-en-mataro\\\/\"},\"author\":{\"name\":\"CFPMaresme\",\"@id\":\"https:\\\/\\\/cfpmaresme.org\\\/#\\\/schema\\\/person\\\/b2634bcd796fafc667ea4055f61b9b2c\"},\"headline\":\"El equipo de Mantenimiento de espacios naturales y solares trabaja para el Campeonato de Catalu\u00f1a de cros, celebrado ayer en Matar\u00f3\",\"datePublished\":\"2024-01-15T09:55:55+00:00\",\"dateModified\":\"2024-01-15T10:00:56+00:00\",\"mainEntityOfPage\":{\"@id\":\"https:\\\/\\\/cfpmaresme.org\\\/es\\\/el-equipo-de-mantenimiento-de-espacios-naturales-y-solares-trabaja-para-el-campeonato-de-cataluna-de-cros-celebrado-ayer-en-mataro\\\/\"},\"wordCount\":207,\"image\":{\"@id\":\"https:\\\/\\\/cfpmaresme.org\\\/es\\\/el-equipo-de-mantenimiento-de-espacios-naturales-y-solares-trabaja-para-el-campeonato-de-cataluna-de-cros-celebrado-ayer-en-mataro\\\/#primaryimage\"},\"thumbnailUrl\":\"https:\\\/\\\/cfpmaresme.org\\\/wp-content\\\/uploads\\\/2024\\\/01\\\/Solars.-Circuuit-Cross-2024_1-1.jpg\",\"articleSection\":[\"Publicaciones\",\"Serveis a les empreses\",\"Servicios a las empresas\"],\"inLanguage\":\"es\"},{\"@type\":\"WebPage\",\"@id\":\"https:\\\/\\\/cfpmaresme.org\\\/es\\\/el-equipo-de-mantenimiento-de-espacios-naturales-y-solares-trabaja-para-el-campeonato-de-cataluna-de-cros-celebrado-ayer-en-mataro\\\/\",\"url\":\"https:\\\/\\\/cfpmaresme.org\\\/es\\\/el-equipo-de-mantenimiento-de-espacios-naturales-y-solares-trabaja-para-el-campeonato-de-cataluna-de-cros-celebrado-ayer-en-mataro\\\/\",\"name\":\"El equipo de Mantenimiento de espacios naturales y solares trabaja para el Campeonato de Catalu\u00f1a de cros, celebrado ayer en Matar\u00f3 | CFP Maresme\",\"isPartOf\":{\"@id\":\"https:\\\/\\\/cfpmaresme.org\\\/#website\"},\"primaryImageOfPage\":{\"@id\":\"https:\\\/\\\/cfpmaresme.org\\\/es\\\/el-equipo-de-mantenimiento-de-espacios-naturales-y-solares-trabaja-para-el-campeonato-de-cataluna-de-cros-celebrado-ayer-en-mataro\\\/#primaryimage\"},\"image\":{\"@id\":\"https:\\\/\\\/cfpmaresme.org\\\/es\\\/el-equipo-de-mantenimiento-de-espacios-naturales-y-solares-trabaja-para-el-campeonato-de-cataluna-de-cros-celebrado-ayer-en-mataro\\\/#primaryimage\"},\"thumbnailUrl\":\"https:\\\/\\\/cfpmaresme.org\\\/wp-content\\\/uploads\\\/2024\\\/01\\\/Solars.-Circuuit-Cross-2024_1-1.jpg\",\"datePublished\":\"2024-01-15T09:55:55+00:00\",\"dateModified\":\"2024-01-15T10:00:56+00:00\",\"author\":{\"@id\":\"https:\\\/\\\/cfpmaresme.org\\\/#\\\/schema\\\/person\\\/b2634bcd796fafc667ea4055f61b9b2c\"},\"breadcrumb\":{\"@id\":\"https:\\\/\\\/cfpmaresme.org\\\/es\\\/el-equipo-de-mantenimiento-de-espacios-naturales-y-solares-trabaja-para-el-campeonato-de-cataluna-de-cros-celebrado-ayer-en-mataro\\\/#breadcrumb\"},\"inLanguage\":\"es\",\"potentialAction\":[{\"@type\":\"ReadAction\",\"target\":[\"https:\\\/\\\/cfpmaresme.org\\\/es\\\/el-equipo-de-mantenimiento-de-espacios-naturales-y-solares-trabaja-para-el-campeonato-de-cataluna-de-cros-celebrado-ayer-en-mataro\\\/\"]}]},{\"@type\":\"ImageObject\",\"inLanguage\":\"es\",\"@id\":\"https:\\\/\\\/cfpmaresme.org\\\/es\\\/el-equipo-de-mantenimiento-de-espacios-naturales-y-solares-trabaja-para-el-campeonato-de-cataluna-de-cros-celebrado-ayer-en-mataro\\\/#primaryimage\",\"url\":\"https:\\\/\\\/cfpmaresme.org\\\/wp-content\\\/uploads\\\/2024\\\/01\\\/Solars.-Circuuit-Cross-2024_1-1.jpg\",\"contentUrl\":\"https:\\\/\\\/cfpmaresme.org\\\/wp-content\\\/uploads\\\/2024\\\/01\\\/Solars.-Circuuit-Cross-2024_1-1.jpg\",\"width\":1428,\"height\":863},{\"@type\":\"BreadcrumbList\",\"@id\":\"https:\\\/\\\/cfpmaresme.org\\\/es\\\/el-equipo-de-mantenimiento-de-espacios-naturales-y-solares-trabaja-para-el-campeonato-de-cataluna-de-cros-celebrado-ayer-en-mataro\\\/#breadcrumb\",\"itemListElement\":[{\"@type\":\"ListItem\",\"position\":1,\"name\":\"Home\",\"item\":\"https:\\\/\\\/cfpmaresme.org\\\/es\\\/\"},{\"@type\":\"ListItem\",\"position\":2,\"name\":\"El equipo de Mantenimiento de espacios naturales y solares trabaja para el Campeonato de Catalu\u00f1a de cros, celebrado ayer en Matar\u00f3\"}]},{\"@type\":\"WebSite\",\"@id\":\"https:\\\/\\\/cfpmaresme.org\\\/#website\",\"url\":\"https:\\\/\\\/cfpmaresme.org\\\/\",\"name\":\"CFP Maresme\",\"description\":\"Centre Formaci\u00f3 Prevenci\u00f3\",\"potentialAction\":[{\"@type\":\"SearchAction\",\"target\":{\"@type\":\"EntryPoint\",\"urlTemplate\":\"https:\\\/\\\/cfpmaresme.org\\\/?s={search_term_string}\"},\"query-input\":{\"@type\":\"PropertyValueSpecification\",\"valueRequired\":true,\"valueName\":\"search_term_string\"}}],\"inLanguage\":\"es\"},{\"@type\":\"Person\",\"@id\":\"https:\\\/\\\/cfpmaresme.org\\\/#\\\/schema\\\/person\\\/b2634bcd796fafc667ea4055f61b9b2c\",\"name\":\"CFPMaresme\"}]}<\/script>\n<!-- \/ Yoast SEO plugin. -->","yoast_head_json":{"title":"El equipo de Mantenimiento de espacios naturales y solares trabaja para el Campeonato de Catalu\u00f1a de cros, celebrado ayer en Matar\u00f3 | CFP Maresme","robots":{"index":"index","follow":"follow","max-snippet":"max-snippet:-1","max-image-preview":"max-image-preview:large","max-video-preview":"max-video-preview:-1"},"canonical":"https:\/\/cfpmaresme.org\/es\/el-equipo-de-mantenimiento-de-espacios-naturales-y-solares-trabaja-para-el-campeonato-de-cataluna-de-cros-celebrado-ayer-en-mataro\/","og_locale":"es_ES","og_type":"article","og_title":"El equipo de Mantenimiento de espacios naturales y solares trabaja para el Campeonato de Catalu\u00f1a de cros, celebrado ayer en Matar\u00f3 | CFP Maresme","og_description":"Matar\u00f3 vivi\u00f3 ayer el Campeonato de Catalu\u00f1a de cros, un evento emmarcado en el trofeo Ciutat de Matar\u00f3 que organiza el Grupo de Atletismo Llu\u00efsos Matar\u00f3. Una cita imprescindible a la que es un placer estar presentes como profesionales y como entidad\u00a0 mataronina. El equipo...","og_url":"https:\/\/cfpmaresme.org\/es\/el-equipo-de-mantenimiento-de-espacios-naturales-y-solares-trabaja-para-el-campeonato-de-cataluna-de-cros-celebrado-ayer-en-mataro\/","og_site_name":"CFP Maresme","article_published_time":"2024-01-15T09:55:55+00:00","article_modified_time":"2024-01-15T10:00:56+00:00","og_image":[{"width":1428,"height":863,"url":"https:\/\/cfpmaresme.org\/wp-content\/uploads\/2024\/01\/Solars.-Circuuit-Cross-2024_1-1.jpg","type":"image\/jpeg"}],"author":"CFPMaresme","twitter_card":"summary_large_image","twitter_creator":"@cfpmaresme","twitter_site":"@cfpmaresme","twitter_misc":{"Escrito por":"CFPMaresme","Tiempo de lectura":"2 minutos"},"schema":{"@context":"https:\/\/schema.org","@graph":[{"@type":"Article","@id":"https:\/\/cfpmaresme.org\/es\/el-equipo-de-mantenimiento-de-espacios-naturales-y-solares-trabaja-para-el-campeonato-de-cataluna-de-cros-celebrado-ayer-en-mataro\/#article","isPartOf":{"@id":"https:\/\/cfpmaresme.org\/es\/el-equipo-de-mantenimiento-de-espacios-naturales-y-solares-trabaja-para-el-campeonato-de-cataluna-de-cros-celebrado-ayer-en-mataro\/"},"author":{"name":"CFPMaresme","@id":"https:\/\/cfpmaresme.org\/#\/schema\/person\/b2634bcd796fafc667ea4055f61b9b2c"},"headline":"El equipo de Mantenimiento de espacios naturales y solares trabaja para el Campeonato de Catalu\u00f1a de cros, celebrado ayer en Matar\u00f3","datePublished":"2024-01-15T09:55:55+00:00","dateModified":"2024-01-15T10:00:56+00:00","mainEntityOfPage":{"@id":"https:\/\/cfpmaresme.org\/es\/el-equipo-de-mantenimiento-de-espacios-naturales-y-solares-trabaja-para-el-campeonato-de-cataluna-de-cros-celebrado-ayer-en-mataro\/"},"wordCount":207,"image":{"@id":"https:\/\/cfpmaresme.org\/es\/el-equipo-de-mantenimiento-de-espacios-naturales-y-solares-trabaja-para-el-campeonato-de-cataluna-de-cros-celebrado-ayer-en-mataro\/#primaryimage"},"thumbnailUrl":"https:\/\/cfpmaresme.org\/wp-content\/uploads\/2024\/01\/Solars.-Circuuit-Cross-2024_1-1.jpg","articleSection":["Publicaciones","Serveis a les empreses","Servicios a las empresas"],"inLanguage":"es"},{"@type":"WebPage","@id":"https:\/\/cfpmaresme.org\/es\/el-equipo-de-mantenimiento-de-espacios-naturales-y-solares-trabaja-para-el-campeonato-de-cataluna-de-cros-celebrado-ayer-en-mataro\/","url":"https:\/\/cfpmaresme.org\/es\/el-equipo-de-mantenimiento-de-espacios-naturales-y-solares-trabaja-para-el-campeonato-de-cataluna-de-cros-celebrado-ayer-en-mataro\/","name":"El equipo de Mantenimiento de espacios naturales y solares trabaja para el Campeonato de Catalu\u00f1a de cros, celebrado ayer en Matar\u00f3 | CFP Maresme","isPartOf":{"@id":"https:\/\/cfpmaresme.org\/#website"},"primaryImageOfPage":{"@id":"https:\/\/cfpmaresme.org\/es\/el-equipo-de-mantenimiento-de-espacios-naturales-y-solares-trabaja-para-el-campeonato-de-cataluna-de-cros-celebrado-ayer-en-mataro\/#primaryimage"},"image":{"@id":"https:\/\/cfpmaresme.org\/es\/el-equipo-de-mantenimiento-de-espacios-naturales-y-solares-trabaja-para-el-campeonato-de-cataluna-de-cros-celebrado-ayer-en-mataro\/#primaryimage"},"thumbnailUrl":"https:\/\/cfpmaresme.org\/wp-content\/uploads\/2024\/01\/Solars.-Circuuit-Cross-2024_1-1.jpg","datePublished":"2024-01-15T09:55:55+00:00","dateModified":"2024-01-15T10:00:56+00:00","author":{"@id":"https:\/\/cfpmaresme.org\/#\/schema\/person\/b2634bcd796fafc667ea4055f61b9b2c"},"breadcrumb":{"@id":"https:\/\/cfpmaresme.org\/es\/el-equipo-de-mantenimiento-de-espacios-naturales-y-solares-trabaja-para-el-campeonato-de-cataluna-de-cros-celebrado-ayer-en-mataro\/#breadcrumb"},"inLanguage":"es","potentialAction":[{"@type":"ReadAction","target":["https:\/\/cfpmaresme.org\/es\/el-equipo-de-mantenimiento-de-espacios-naturales-y-solares-trabaja-para-el-campeonato-de-cataluna-de-cros-celebrado-ayer-en-mataro\/"]}]},{"@type":"ImageObject","inLanguage":"es","@id":"https:\/\/cfpmaresme.org\/es\/el-equipo-de-mantenimiento-de-espacios-naturales-y-solares-trabaja-para-el-campeonato-de-cataluna-de-cros-celebrado-ayer-en-mataro\/#primaryimage","url":"https:\/\/cfpmaresme.org\/wp-content\/uploads\/2024\/01\/Solars.-Circuuit-Cross-2024_1-1.jpg","contentUrl":"https:\/\/cfpmaresme.org\/wp-content\/uploads\/2024\/01\/Solars.-Circuuit-Cross-2024_1-1.jpg","width":1428,"height":863},{"@type":"BreadcrumbList","@id":"https:\/\/cfpmaresme.org\/es\/el-equipo-de-mantenimiento-de-espacios-naturales-y-solares-trabaja-para-el-campeonato-de-cataluna-de-cros-celebrado-ayer-en-mataro\/#breadcrumb","itemListElement":[{"@type":"ListItem","position":1,"name":"Home","item":"https:\/\/cfpmaresme.org\/es\/"},{"@type":"ListItem","position":2,"name":"El equipo de Mantenimiento de espacios naturales y solares trabaja para el Campeonato de Catalu\u00f1a de cros, celebrado ayer en Matar\u00f3"}]},{"@type":"WebSite","@id":"https:\/\/cfpmaresme.org\/#website","url":"https:\/\/cfpmaresme.org\/","name":"CFP Maresme","description":"Centre Formaci\u00f3 Prevenci\u00f3","potentialAction":[{"@type":"SearchAction","target":{"@type":"EntryPoint","urlTemplate":"https:\/\/cfpmaresme.org\/?s={search_term_string}"},"query-input":{"@type":"PropertyValueSpecification","valueRequired":true,"valueName":"search_term_string"}}],"inLanguage":"es"},{"@type":"Person","@id":"https:\/\/cfpmaresme.org\/#\/schema\/person\/b2634bcd796fafc667ea4055f61b9b2c","name":"CFPMaresme"}]}},"_links":{"self":[{"href":"https:\/\/cfpmaresme.org\/es\/wp-json\/wp\/v2\/posts\/74097","targetHints":{"allow":["GET"]}}],"collection":[{"href":"https:\/\/cfpmaresme.org\/es\/wp-json\/wp\/v2\/posts"}],"about":[{"href":"https:\/\/cfpmaresme.org\/es\/wp-json\/wp\/v2\/types\/post"}],"author":[{"embeddable":true,"href":"https:\/\/cfpmaresme.org\/es\/wp-json\/wp\/v2\/users\/2"}],"replies":[{"embeddable":true,"href":"https:\/\/cfpmaresme.org\/es\/wp-json\/wp\/v2\/comments?post=74097"}],"version-history":[{"count":3,"href":"https:\/\/cfpmaresme.org\/es\/wp-json\/wp\/v2\/posts\/74097\/revisions"}],"predecessor-version":[{"id":74102,"href":"https:\/\/cfpmaresme.org\/es\/wp-json\/wp\/v2\/posts\/74097\/revisions\/74102"}],"wp:featuredmedia":[{"embeddable":true,"href":"https:\/\/cfpmaresme.org\/es\/wp-json\/wp\/v2\/media\/74098"}],"wp:attachment":[{"href":"https:\/\/cfpmaresme.org\/es\/wp-json\/wp\/v2\/media?parent=74097"}],"wp:term":[{"taxonomy":"category","embeddable":true,"href":"https:\/\/cfpmaresme.org\/es\/wp-json\/wp\/v2\/categories?post=74097"},{"taxonomy":"post_tag","embeddable":true,"href":"https:\/\/cfpmaresme.org\/es\/wp-json\/wp\/v2\/tags?post=74097"}],"curies":[{"name":"wp","href":"https:\/\/api.w.org\/{rel}","templated":true}]}}