{"id":94335,"date":"2024-07-29T11:33:00","date_gmt":"2024-07-29T09:33:00","guid":{"rendered":"https:\/\/cfpmaresme.org\/?p=94335"},"modified":"2024-07-29T11:33:00","modified_gmt":"2024-07-29T09:33:00","slug":"el-equipo-comercial-da-soporte-al-departamento-de-cultura-del-ayuntamiento-de-mataro-durante-les-santes-un-ano-mas","status":"publish","type":"post","link":"https:\/\/cfpmaresme.org\/es\/el-equipo-comercial-da-soporte-al-departamento-de-cultura-del-ayuntamiento-de-mataro-durante-les-santes-un-ano-mas\/","title":{"rendered":"El Equipo Comercial da Soporte al Departamento de Cultura del Ayuntamiento de Matar\u00f3 durante Les Santes, un a\u00f1o m\u00e1s"},"content":{"rendered":"<p>D\u00edas de mucho trabajo y movimiento entre los profesionales de Carga y descarga y Repartimiento de publicidad de la entidad. Ya es tradici\u00f3n, pues hace d\u00e9cadas que prestamos este servicio.<\/p>\n<p>Poder participar desde esta posici\u00f3n en las Fiestas de la ciudad que ha visto nacer y crecer la entidad y dar trabajo a tanta gente durante estos d\u00edas es maravilloso.<\/p>\n<p>&nbsp;<\/p>\n<p>MIL gracias y Gl\u00f2ria a Les Santes!<\/p>\n","protected":false},"excerpt":{"rendered":"<p>D\u00edas de mucho trabajo y movimiento entre los profesionales de Carga y descarga y Repartimiento de publicidad de la entidad. Ya es tradici\u00f3n, pues hace d\u00e9cadas que prestamos este servicio. Poder participar desde esta posici\u00f3n en las Fiestas de la ciudad que ha visto nacer&#8230;<\/p>\n","protected":false},"author":2,"featured_media":94331,"comment_status":"closed","ping_status":"closed","sticky":false,"template":"","format":"standard","meta":{"footnotes":""},"categories":[1259,1190],"tags":[],"class_list":["post-94335","post","type-post","status-publish","format-standard","has-post-thumbnail","hentry","category-publicaciones","category-servicios-a-las-empresas"],"yoast_head":"<!-- This site is optimized with the Yoast SEO plugin v27.4 - https:\/\/yoast.com\/product\/yoast-seo-wordpress\/ -->\n<title>El Equipo Comercial da Soporte al Departamento de Cultura del Ayuntamiento de Matar\u00f3 durante Les Santes, un a\u00f1o m\u00e1s | CFP Maresme<\/title>\n<meta name=\"robots\" content=\"index, follow, max-snippet:-1, max-image-preview:large, max-video-preview:-1\" \/>\n<link rel=\"canonical\" href=\"https:\/\/cfpmaresme.org\/es\/el-equipo-comercial-da-soporte-al-departamento-de-cultura-del-ayuntamiento-de-mataro-durante-les-santes-un-ano-mas\/\" \/>\n<meta property=\"og:locale\" content=\"es_ES\" \/>\n<meta property=\"og:type\" content=\"article\" \/>\n<meta property=\"og:title\" content=\"El Equipo Comercial da Soporte al Departamento de Cultura del Ayuntamiento de Matar\u00f3 durante Les Santes, un a\u00f1o m\u00e1s | CFP Maresme\" \/>\n<meta property=\"og:description\" content=\"D\u00edas de mucho trabajo y movimiento entre los profesionales de Carga y descarga y Repartimiento de publicidad de la entidad. Ya es tradici\u00f3n, pues hace d\u00e9cadas que prestamos este servicio. Poder participar desde esta posici\u00f3n en las Fiestas de la ciudad que ha visto nacer...\" \/>\n<meta property=\"og:url\" content=\"https:\/\/cfpmaresme.org\/es\/el-equipo-comercial-da-soporte-al-departamento-de-cultura-del-ayuntamiento-de-mataro-durante-les-santes-un-ano-mas\/\" \/>\n<meta property=\"og:site_name\" content=\"CFP Maresme\" \/>\n<meta property=\"article:published_time\" content=\"2024-07-29T09:33:00+00:00\" \/>\n<meta property=\"og:image\" content=\"https:\/\/cfpmaresme.org\/wp-content\/uploads\/2024\/07\/Banner-Les-Santes.png\" \/>\n\t<meta property=\"og:image:width\" content=\"1135\" \/>\n\t<meta property=\"og:image:height\" content=\"531\" \/>\n\t<meta property=\"og:image:type\" content=\"image\/png\" \/>\n<meta name=\"author\" content=\"CFPMaresme\" \/>\n<meta name=\"twitter:card\" content=\"summary_large_image\" \/>\n<meta name=\"twitter:creator\" content=\"@cfpmaresme\" \/>\n<meta name=\"twitter:site\" content=\"@cfpmaresme\" \/>\n<meta name=\"twitter:label1\" content=\"Escrito por\" \/>\n\t<meta name=\"twitter:data1\" content=\"CFPMaresme\" \/>\n\t<meta name=\"twitter:label2\" content=\"Tiempo de lectura\" \/>\n\t<meta name=\"twitter:data2\" content=\"1 minuto\" \/>\n<script type=\"application\/ld+json\" class=\"yoast-schema-graph\">{\"@context\":\"https:\\\/\\\/schema.org\",\"@graph\":[{\"@type\":\"Article\",\"@id\":\"https:\\\/\\\/cfpmaresme.org\\\/es\\\/el-equipo-comercial-da-soporte-al-departamento-de-cultura-del-ayuntamiento-de-mataro-durante-les-santes-un-ano-mas\\\/#article\",\"isPartOf\":{\"@id\":\"https:\\\/\\\/cfpmaresme.org\\\/es\\\/el-equipo-comercial-da-soporte-al-departamento-de-cultura-del-ayuntamiento-de-mataro-durante-les-santes-un-ano-mas\\\/\"},\"author\":{\"name\":\"CFPMaresme\",\"@id\":\"https:\\\/\\\/cfpmaresme.org\\\/#\\\/schema\\\/person\\\/b2634bcd796fafc667ea4055f61b9b2c\"},\"headline\":\"El Equipo Comercial da Soporte al Departamento de Cultura del Ayuntamiento de Matar\u00f3 durante Les Santes, un a\u00f1o m\u00e1s\",\"datePublished\":\"2024-07-29T09:33:00+00:00\",\"mainEntityOfPage\":{\"@id\":\"https:\\\/\\\/cfpmaresme.org\\\/es\\\/el-equipo-comercial-da-soporte-al-departamento-de-cultura-del-ayuntamiento-de-mataro-durante-les-santes-un-ano-mas\\\/\"},\"wordCount\":95,\"image\":{\"@id\":\"https:\\\/\\\/cfpmaresme.org\\\/es\\\/el-equipo-comercial-da-soporte-al-departamento-de-cultura-del-ayuntamiento-de-mataro-durante-les-santes-un-ano-mas\\\/#primaryimage\"},\"thumbnailUrl\":\"https:\\\/\\\/cfpmaresme.org\\\/wp-content\\\/uploads\\\/2024\\\/07\\\/Banner-Les-Santes.png\",\"articleSection\":[\"Publicaciones\",\"Servicios a las empresas\"],\"inLanguage\":\"es\"},{\"@type\":\"WebPage\",\"@id\":\"https:\\\/\\\/cfpmaresme.org\\\/es\\\/el-equipo-comercial-da-soporte-al-departamento-de-cultura-del-ayuntamiento-de-mataro-durante-les-santes-un-ano-mas\\\/\",\"url\":\"https:\\\/\\\/cfpmaresme.org\\\/es\\\/el-equipo-comercial-da-soporte-al-departamento-de-cultura-del-ayuntamiento-de-mataro-durante-les-santes-un-ano-mas\\\/\",\"name\":\"El Equipo Comercial da Soporte al Departamento de Cultura del Ayuntamiento de Matar\u00f3 durante Les Santes, un a\u00f1o m\u00e1s | CFP Maresme\",\"isPartOf\":{\"@id\":\"https:\\\/\\\/cfpmaresme.org\\\/#website\"},\"primaryImageOfPage\":{\"@id\":\"https:\\\/\\\/cfpmaresme.org\\\/es\\\/el-equipo-comercial-da-soporte-al-departamento-de-cultura-del-ayuntamiento-de-mataro-durante-les-santes-un-ano-mas\\\/#primaryimage\"},\"image\":{\"@id\":\"https:\\\/\\\/cfpmaresme.org\\\/es\\\/el-equipo-comercial-da-soporte-al-departamento-de-cultura-del-ayuntamiento-de-mataro-durante-les-santes-un-ano-mas\\\/#primaryimage\"},\"thumbnailUrl\":\"https:\\\/\\\/cfpmaresme.org\\\/wp-content\\\/uploads\\\/2024\\\/07\\\/Banner-Les-Santes.png\",\"datePublished\":\"2024-07-29T09:33:00+00:00\",\"author\":{\"@id\":\"https:\\\/\\\/cfpmaresme.org\\\/#\\\/schema\\\/person\\\/b2634bcd796fafc667ea4055f61b9b2c\"},\"breadcrumb\":{\"@id\":\"https:\\\/\\\/cfpmaresme.org\\\/es\\\/el-equipo-comercial-da-soporte-al-departamento-de-cultura-del-ayuntamiento-de-mataro-durante-les-santes-un-ano-mas\\\/#breadcrumb\"},\"inLanguage\":\"es\",\"potentialAction\":[{\"@type\":\"ReadAction\",\"target\":[\"https:\\\/\\\/cfpmaresme.org\\\/es\\\/el-equipo-comercial-da-soporte-al-departamento-de-cultura-del-ayuntamiento-de-mataro-durante-les-santes-un-ano-mas\\\/\"]}]},{\"@type\":\"ImageObject\",\"inLanguage\":\"es\",\"@id\":\"https:\\\/\\\/cfpmaresme.org\\\/es\\\/el-equipo-comercial-da-soporte-al-departamento-de-cultura-del-ayuntamiento-de-mataro-durante-les-santes-un-ano-mas\\\/#primaryimage\",\"url\":\"https:\\\/\\\/cfpmaresme.org\\\/wp-content\\\/uploads\\\/2024\\\/07\\\/Banner-Les-Santes.png\",\"contentUrl\":\"https:\\\/\\\/cfpmaresme.org\\\/wp-content\\\/uploads\\\/2024\\\/07\\\/Banner-Les-Santes.png\",\"width\":1135,\"height\":531},{\"@type\":\"BreadcrumbList\",\"@id\":\"https:\\\/\\\/cfpmaresme.org\\\/es\\\/el-equipo-comercial-da-soporte-al-departamento-de-cultura-del-ayuntamiento-de-mataro-durante-les-santes-un-ano-mas\\\/#breadcrumb\",\"itemListElement\":[{\"@type\":\"ListItem\",\"position\":1,\"name\":\"Home\",\"item\":\"https:\\\/\\\/cfpmaresme.org\\\/es\\\/\"},{\"@type\":\"ListItem\",\"position\":2,\"name\":\"El Equipo Comercial da Soporte al Departamento de Cultura del Ayuntamiento de Matar\u00f3 durante Les Santes, un a\u00f1o m\u00e1s\"}]},{\"@type\":\"WebSite\",\"@id\":\"https:\\\/\\\/cfpmaresme.org\\\/#website\",\"url\":\"https:\\\/\\\/cfpmaresme.org\\\/\",\"name\":\"CFP Maresme\",\"description\":\"Centre Formaci\u00f3 Prevenci\u00f3\",\"potentialAction\":[{\"@type\":\"SearchAction\",\"target\":{\"@type\":\"EntryPoint\",\"urlTemplate\":\"https:\\\/\\\/cfpmaresme.org\\\/?s={search_term_string}\"},\"query-input\":{\"@type\":\"PropertyValueSpecification\",\"valueRequired\":true,\"valueName\":\"search_term_string\"}}],\"inLanguage\":\"es\"},{\"@type\":\"Person\",\"@id\":\"https:\\\/\\\/cfpmaresme.org\\\/#\\\/schema\\\/person\\\/b2634bcd796fafc667ea4055f61b9b2c\",\"name\":\"CFPMaresme\"}]}<\/script>\n<!-- \/ Yoast SEO plugin. -->","yoast_head_json":{"title":"El Equipo Comercial da Soporte al Departamento de Cultura del Ayuntamiento de Matar\u00f3 durante Les Santes, un a\u00f1o m\u00e1s | CFP Maresme","robots":{"index":"index","follow":"follow","max-snippet":"max-snippet:-1","max-image-preview":"max-image-preview:large","max-video-preview":"max-video-preview:-1"},"canonical":"https:\/\/cfpmaresme.org\/es\/el-equipo-comercial-da-soporte-al-departamento-de-cultura-del-ayuntamiento-de-mataro-durante-les-santes-un-ano-mas\/","og_locale":"es_ES","og_type":"article","og_title":"El Equipo Comercial da Soporte al Departamento de Cultura del Ayuntamiento de Matar\u00f3 durante Les Santes, un a\u00f1o m\u00e1s | CFP Maresme","og_description":"D\u00edas de mucho trabajo y movimiento entre los profesionales de Carga y descarga y Repartimiento de publicidad de la entidad. Ya es tradici\u00f3n, pues hace d\u00e9cadas que prestamos este servicio. Poder participar desde esta posici\u00f3n en las Fiestas de la ciudad que ha visto nacer...","og_url":"https:\/\/cfpmaresme.org\/es\/el-equipo-comercial-da-soporte-al-departamento-de-cultura-del-ayuntamiento-de-mataro-durante-les-santes-un-ano-mas\/","og_site_name":"CFP Maresme","article_published_time":"2024-07-29T09:33:00+00:00","og_image":[{"width":1135,"height":531,"url":"https:\/\/cfpmaresme.org\/wp-content\/uploads\/2024\/07\/Banner-Les-Santes.png","type":"image\/png"}],"author":"CFPMaresme","twitter_card":"summary_large_image","twitter_creator":"@cfpmaresme","twitter_site":"@cfpmaresme","twitter_misc":{"Escrito por":"CFPMaresme","Tiempo de lectura":"1 minuto"},"schema":{"@context":"https:\/\/schema.org","@graph":[{"@type":"Article","@id":"https:\/\/cfpmaresme.org\/es\/el-equipo-comercial-da-soporte-al-departamento-de-cultura-del-ayuntamiento-de-mataro-durante-les-santes-un-ano-mas\/#article","isPartOf":{"@id":"https:\/\/cfpmaresme.org\/es\/el-equipo-comercial-da-soporte-al-departamento-de-cultura-del-ayuntamiento-de-mataro-durante-les-santes-un-ano-mas\/"},"author":{"name":"CFPMaresme","@id":"https:\/\/cfpmaresme.org\/#\/schema\/person\/b2634bcd796fafc667ea4055f61b9b2c"},"headline":"El Equipo Comercial da Soporte al Departamento de Cultura del Ayuntamiento de Matar\u00f3 durante Les Santes, un a\u00f1o m\u00e1s","datePublished":"2024-07-29T09:33:00+00:00","mainEntityOfPage":{"@id":"https:\/\/cfpmaresme.org\/es\/el-equipo-comercial-da-soporte-al-departamento-de-cultura-del-ayuntamiento-de-mataro-durante-les-santes-un-ano-mas\/"},"wordCount":95,"image":{"@id":"https:\/\/cfpmaresme.org\/es\/el-equipo-comercial-da-soporte-al-departamento-de-cultura-del-ayuntamiento-de-mataro-durante-les-santes-un-ano-mas\/#primaryimage"},"thumbnailUrl":"https:\/\/cfpmaresme.org\/wp-content\/uploads\/2024\/07\/Banner-Les-Santes.png","articleSection":["Publicaciones","Servicios a las empresas"],"inLanguage":"es"},{"@type":"WebPage","@id":"https:\/\/cfpmaresme.org\/es\/el-equipo-comercial-da-soporte-al-departamento-de-cultura-del-ayuntamiento-de-mataro-durante-les-santes-un-ano-mas\/","url":"https:\/\/cfpmaresme.org\/es\/el-equipo-comercial-da-soporte-al-departamento-de-cultura-del-ayuntamiento-de-mataro-durante-les-santes-un-ano-mas\/","name":"El Equipo Comercial da Soporte al Departamento de Cultura del Ayuntamiento de Matar\u00f3 durante Les Santes, un a\u00f1o m\u00e1s | CFP Maresme","isPartOf":{"@id":"https:\/\/cfpmaresme.org\/#website"},"primaryImageOfPage":{"@id":"https:\/\/cfpmaresme.org\/es\/el-equipo-comercial-da-soporte-al-departamento-de-cultura-del-ayuntamiento-de-mataro-durante-les-santes-un-ano-mas\/#primaryimage"},"image":{"@id":"https:\/\/cfpmaresme.org\/es\/el-equipo-comercial-da-soporte-al-departamento-de-cultura-del-ayuntamiento-de-mataro-durante-les-santes-un-ano-mas\/#primaryimage"},"thumbnailUrl":"https:\/\/cfpmaresme.org\/wp-content\/uploads\/2024\/07\/Banner-Les-Santes.png","datePublished":"2024-07-29T09:33:00+00:00","author":{"@id":"https:\/\/cfpmaresme.org\/#\/schema\/person\/b2634bcd796fafc667ea4055f61b9b2c"},"breadcrumb":{"@id":"https:\/\/cfpmaresme.org\/es\/el-equipo-comercial-da-soporte-al-departamento-de-cultura-del-ayuntamiento-de-mataro-durante-les-santes-un-ano-mas\/#breadcrumb"},"inLanguage":"es","potentialAction":[{"@type":"ReadAction","target":["https:\/\/cfpmaresme.org\/es\/el-equipo-comercial-da-soporte-al-departamento-de-cultura-del-ayuntamiento-de-mataro-durante-les-santes-un-ano-mas\/"]}]},{"@type":"ImageObject","inLanguage":"es","@id":"https:\/\/cfpmaresme.org\/es\/el-equipo-comercial-da-soporte-al-departamento-de-cultura-del-ayuntamiento-de-mataro-durante-les-santes-un-ano-mas\/#primaryimage","url":"https:\/\/cfpmaresme.org\/wp-content\/uploads\/2024\/07\/Banner-Les-Santes.png","contentUrl":"https:\/\/cfpmaresme.org\/wp-content\/uploads\/2024\/07\/Banner-Les-Santes.png","width":1135,"height":531},{"@type":"BreadcrumbList","@id":"https:\/\/cfpmaresme.org\/es\/el-equipo-comercial-da-soporte-al-departamento-de-cultura-del-ayuntamiento-de-mataro-durante-les-santes-un-ano-mas\/#breadcrumb","itemListElement":[{"@type":"ListItem","position":1,"name":"Home","item":"https:\/\/cfpmaresme.org\/es\/"},{"@type":"ListItem","position":2,"name":"El Equipo Comercial da Soporte al Departamento de Cultura del Ayuntamiento de Matar\u00f3 durante Les Santes, un a\u00f1o m\u00e1s"}]},{"@type":"WebSite","@id":"https:\/\/cfpmaresme.org\/#website","url":"https:\/\/cfpmaresme.org\/","name":"CFP Maresme","description":"Centre Formaci\u00f3 Prevenci\u00f3","potentialAction":[{"@type":"SearchAction","target":{"@type":"EntryPoint","urlTemplate":"https:\/\/cfpmaresme.org\/?s={search_term_string}"},"query-input":{"@type":"PropertyValueSpecification","valueRequired":true,"valueName":"search_term_string"}}],"inLanguage":"es"},{"@type":"Person","@id":"https:\/\/cfpmaresme.org\/#\/schema\/person\/b2634bcd796fafc667ea4055f61b9b2c","name":"CFPMaresme"}]}},"_links":{"self":[{"href":"https:\/\/cfpmaresme.org\/es\/wp-json\/wp\/v2\/posts\/94335","targetHints":{"allow":["GET"]}}],"collection":[{"href":"https:\/\/cfpmaresme.org\/es\/wp-json\/wp\/v2\/posts"}],"about":[{"href":"https:\/\/cfpmaresme.org\/es\/wp-json\/wp\/v2\/types\/post"}],"author":[{"embeddable":true,"href":"https:\/\/cfpmaresme.org\/es\/wp-json\/wp\/v2\/users\/2"}],"replies":[{"embeddable":true,"href":"https:\/\/cfpmaresme.org\/es\/wp-json\/wp\/v2\/comments?post=94335"}],"version-history":[{"count":1,"href":"https:\/\/cfpmaresme.org\/es\/wp-json\/wp\/v2\/posts\/94335\/revisions"}],"predecessor-version":[{"id":94336,"href":"https:\/\/cfpmaresme.org\/es\/wp-json\/wp\/v2\/posts\/94335\/revisions\/94336"}],"wp:featuredmedia":[{"embeddable":true,"href":"https:\/\/cfpmaresme.org\/es\/wp-json\/wp\/v2\/media\/94331"}],"wp:attachment":[{"href":"https:\/\/cfpmaresme.org\/es\/wp-json\/wp\/v2\/media?parent=94335"}],"wp:term":[{"taxonomy":"category","embeddable":true,"href":"https:\/\/cfpmaresme.org\/es\/wp-json\/wp\/v2\/categories?post=94335"},{"taxonomy":"post_tag","embeddable":true,"href":"https:\/\/cfpmaresme.org\/es\/wp-json\/wp\/v2\/tags?post=94335"}],"curies":[{"name":"wp","href":"https:\/\/api.w.org\/{rel}","templated":true}]}}