{"id":94584,"date":"2024-10-08T13:45:22","date_gmt":"2024-10-08T11:45:22","guid":{"rendered":"https:\/\/cfpmaresme.org\/?p=94584"},"modified":"2024-10-08T14:29:22","modified_gmt":"2024-10-08T12:29:22","slug":"actividades-del-centre-de-formacio-i-prevencio-en-el-marco-del-dia-mundial-salud-mental","status":"publish","type":"post","link":"https:\/\/cfpmaresme.org\/es\/actividades-del-centre-de-formacio-i-prevencio-en-el-marco-del-dia-mundial-salud-mental\/","title":{"rendered":"Actividades del Centre de Formaci\u00f3 i Prevenci\u00f3 en el marco del D\u00eda Mundial de la Salud Mental"},"content":{"rendered":"<div class=\"xdj266r x11i5rnm xat24cr x1mh8g0r x1vvkbs x126k92a\">\n<div dir=\"auto\">\u00a0El 10 de octubre es el D\u00eda Mundial de la Salud Mental. Os presentamos los eventos que hemos preparado en el marco de este d\u00eda durante el mes de octubre.<\/div>\n<\/div>\n<div dir=\"auto\"><\/div>\n<p>&nbsp;<\/p>\n<div class=\"x11i5rnm xat24cr x1mh8g0r x1vvkbs xtlvy1s x126k92a\">\n<div dir=\"auto\"><strong>VERMUT MUSICAL:<\/strong> el acto central de la entidad.<\/div>\n<div dir=\"auto\"><span class=\"html-span xexx8yu x4uap5 x18d9i69 xkhd6sd x1hl2dhg x16tdsg8 x1vvkbs x3nfvp2 x1j61x8r x1fcty0u xdj266r xat24cr xgzva0m xhhsvwb xxymvpz xlup9mm x1kky2od\"><img loading=\"lazy\" decoding=\"async\" class=\"xz74otr\" src=\"https:\/\/static.xx.fbcdn.net\/images\/emoji.php\/v9\/t7e\/1\/16\/1f4c5.png\" alt=\"\ud83d\udcc5\" width=\"16\" height=\"16\" \/><\/span> 31 de octubre<\/div>\n<div dir=\"auto\"><span class=\"html-span xexx8yu x4uap5 x18d9i69 xkhd6sd x1hl2dhg x16tdsg8 x1vvkbs x3nfvp2 x1j61x8r x1fcty0u xdj266r xat24cr xgzva0m xhhsvwb xxymvpz xlup9mm x1kky2od\"><img loading=\"lazy\" decoding=\"async\" class=\"xz74otr\" src=\"https:\/\/static.xx.fbcdn.net\/images\/emoji.php\/v9\/tae\/1\/16\/1f556.png\" alt=\"\ud83d\udd56\" width=\"16\" height=\"16\" \/><\/span>11:00h a 14:30h<\/div>\n<div dir=\"auto\"><span class=\"html-span xexx8yu x4uap5 x18d9i69 xkhd6sd x1hl2dhg x16tdsg8 x1vvkbs x3nfvp2 x1j61x8r x1fcty0u xdj266r xat24cr xgzva0m xhhsvwb xxymvpz xlup9mm x1kky2od\"><img loading=\"lazy\" decoding=\"async\" class=\"xz74otr\" src=\"https:\/\/static.xx.fbcdn.net\/images\/emoji.php\/v9\/t2d\/1\/16\/1f4cd.png\" alt=\"\ud83d\udccd\" width=\"16\" height=\"16\" \/><\/span> Nau Gaud\u00ed (C\/ de la Cooperativa, 47. Matar\u00f3).<\/div>\n<div dir=\"auto\">Aforamento limitado.\u00a0 <a href=\"https:\/\/docs.google.com\/forms\/d\/e\/1FAIpQLSfIQk7NV2tXSSJQz_pefDrYOaKq8jzo1fDFgiimSAkr62NZRQ\/viewform?fbclid=IwY2xjawFx76JleHRuA2FlbQIxMAABHceBFLTPLRBB0lWmDMH-b5tjv7CHq97J1it10VCRjFAaRDH0eoK1nXmJ_w_aem_5XzH5L47DMN0hl5uyyuF9Q\" target=\"_blank\" rel=\"noopener\">Inscipci\u00f3n aqu\u00ed.\u00a0<\/a><\/div>\n<div dir=\"auto\">.<\/div>\n<div dir=\"auto\"><strong>INAUGURACI\u00d3N \u00abMONS INTERIORS\u00bb, exposici\u00f3n colectiva de artistas de Alterarte.<\/strong><\/div>\n<div dir=\"auto\"><span class=\"html-span xexx8yu x4uap5 x18d9i69 xkhd6sd x1hl2dhg x16tdsg8 x1vvkbs x3nfvp2 x1j61x8r x1fcty0u xdj266r xat24cr xgzva0m xhhsvwb xxymvpz xlup9mm x1kky2od\"><img loading=\"lazy\" decoding=\"async\" class=\"xz74otr\" src=\"https:\/\/static.xx.fbcdn.net\/images\/emoji.php\/v9\/t7e\/1\/16\/1f4c5.png\" alt=\"\ud83d\udcc5\" width=\"16\" height=\"16\" \/><\/span>10 de octubre<\/div>\n<div dir=\"auto\"><span class=\"html-span xexx8yu x4uap5 x18d9i69 xkhd6sd x1hl2dhg x16tdsg8 x1vvkbs x3nfvp2 x1j61x8r x1fcty0u xdj266r xat24cr xgzva0m xhhsvwb xxymvpz xlup9mm x1kky2od\"><img loading=\"lazy\" decoding=\"async\" class=\"xz74otr\" src=\"https:\/\/static.xx.fbcdn.net\/images\/emoji.php\/v9\/tae\/1\/16\/1f556.png\" alt=\"\ud83d\udd56\" width=\"16\" height=\"16\" \/><\/span>11:00h<\/div>\n<div dir=\"auto\"><span class=\"html-span xexx8yu x4uap5 x18d9i69 xkhd6sd x1hl2dhg x16tdsg8 x1vvkbs x3nfvp2 x1j61x8r x1fcty0u xdj266r xat24cr xgzva0m xhhsvwb xxymvpz xlup9mm x1kky2od\"><img loading=\"lazy\" decoding=\"async\" class=\"xz74otr\" src=\"https:\/\/static.xx.fbcdn.net\/images\/emoji.php\/v9\/t2d\/1\/16\/1f4cd.png\" alt=\"\ud83d\udccd\" width=\"16\" height=\"16\" \/> Biblioteca Mart\u00ed Rossell\u00f3 <\/span>(C\/ de Vilassar de Dalt, 100. Premi\u00e0 de Mar)<\/div>\n<div dir=\"auto\">.<\/div>\n<div dir=\"auto\"><strong>JUEGO INTERACTIVO \u00abQU\u00c8 EN SAPS TU DE LA SALUT MENTAL\u00bb.<\/strong><\/div>\n<div dir=\"auto\"><span class=\"html-span xexx8yu x4uap5 x18d9i69 xkhd6sd x1hl2dhg x16tdsg8 x1vvkbs x3nfvp2 x1j61x8r x1fcty0u xdj266r xat24cr xgzva0m xhhsvwb xxymvpz xlup9mm x1kky2od\"><img loading=\"lazy\" decoding=\"async\" class=\"xz74otr\" src=\"https:\/\/static.xx.fbcdn.net\/images\/emoji.php\/v9\/t7e\/1\/16\/1f4c5.png\" alt=\"\ud83d\udcc5\" width=\"16\" height=\"16\" \/><\/span> Del 10 al 22 de octubre.<\/div>\n<div dir=\"auto\"><span class=\"html-span xexx8yu x4uap5 x18d9i69 xkhd6sd x1hl2dhg x16tdsg8 x1vvkbs x3nfvp2 x1j61x8r x1fcty0u xdj266r xat24cr xgzva0m xhhsvwb xxymvpz xlup9mm x1kky2od\"><img loading=\"lazy\" decoding=\"async\" class=\"xz74otr\" src=\"https:\/\/static.xx.fbcdn.net\/images\/emoji.php\/v9\/t2d\/1\/16\/1f4cd.png\" alt=\"\ud83d\udccd\" width=\"16\" height=\"16\" \/><\/span> Biblioteca Ernest Lluch y Mart\u00edn Vilassar de Mar (C\/de Santa Eul\u00e0lia, 66. Vilassar de Mar).<\/div>\n<div dir=\"auto\">.<\/div>\n<div dir=\"auto\"><strong>ACTIVIDAD \u00abARTE Y SALUD MENTAL\u00bb.\u00a0<\/strong><\/div>\n<div dir=\"auto\"><span class=\"html-span xexx8yu x4uap5 x18d9i69 xkhd6sd x1hl2dhg x16tdsg8 x1vvkbs x3nfvp2 x1j61x8r x1fcty0u xdj266r xat24cr xgzva0m xhhsvwb xxymvpz xlup9mm x1kky2od\"><img loading=\"lazy\" decoding=\"async\" class=\"xz74otr\" src=\"https:\/\/static.xx.fbcdn.net\/images\/emoji.php\/v9\/t7e\/1\/16\/1f4c5.png\" alt=\"\ud83d\udcc5\" width=\"16\" height=\"16\" \/><\/span>15 de octubre<\/div>\n<div dir=\"auto\"><span class=\"html-span xexx8yu x4uap5 x18d9i69 xkhd6sd x1hl2dhg x16tdsg8 x1vvkbs x3nfvp2 x1j61x8r x1fcty0u xdj266r xat24cr xgzva0m xhhsvwb xxymvpz xlup9mm x1kky2od\"><img loading=\"lazy\" decoding=\"async\" class=\"xz74otr\" src=\"https:\/\/static.xx.fbcdn.net\/images\/emoji.php\/v9\/tae\/1\/16\/1f556.png\" alt=\"\ud83d\udd56\" width=\"16\" height=\"16\" \/><\/span>15:15h a 17:15h<\/div>\n<div dir=\"auto\"><span class=\"html-span xexx8yu x4uap5 x18d9i69 xkhd6sd x1hl2dhg x16tdsg8 x1vvkbs x3nfvp2 x1j61x8r x1fcty0u xdj266r xat24cr xgzva0m xhhsvwb xxymvpz xlup9mm x1kky2od\"><img loading=\"lazy\" decoding=\"async\" class=\"xz74otr\" src=\"https:\/\/static.xx.fbcdn.net\/images\/emoji.php\/v9\/t2d\/1\/16\/1f4cd.png\" alt=\"\ud83d\udccd\" width=\"16\" height=\"16\" \/><\/span> Casa de la Dona. (C\/ Joan XXIII, 2-8. Nau 1. Premi\u00e0 de Mar.)<\/div>\n<div dir=\"auto\">Inscripciones: casadeladona@premiademar.cat \/ 93 741 31 28.<\/div>\n<div dir=\"auto\"><\/div>\n<div dir=\"auto\"><\/div>\n<\/div>\n<div class=\"x11i5rnm xat24cr x1mh8g0r x1vvkbs xtlvy1s x126k92a\">\n<div dir=\"auto\">Os esperamos, reflexionemos juntos\/as sobre la salud mental y luchemos contra el estigma, porque\u00a0 <strong>No hay salud sin salud mental. <\/strong><\/div>\n<\/div>\n<p><img loading=\"lazy\" decoding=\"async\" class=\"alignnone size-medium wp-image-94570\" src=\"http:\/\/cfpmaresme.org\/wp-content\/uploads\/2024\/10\/7162b147-7840-4afd-b876-92e72cb7ca86-1-212x300.jpg\" alt=\"\" width=\"212\" height=\"300\" srcset=\"https:\/\/cfpmaresme.org\/wp-content\/uploads\/2024\/10\/7162b147-7840-4afd-b876-92e72cb7ca86-1-212x300.jpg 212w, https:\/\/cfpmaresme.org\/wp-content\/uploads\/2024\/10\/7162b147-7840-4afd-b876-92e72cb7ca86-1-724x1024.jpg 724w, https:\/\/cfpmaresme.org\/wp-content\/uploads\/2024\/10\/7162b147-7840-4afd-b876-92e72cb7ca86-1-768x1086.jpg 768w, https:\/\/cfpmaresme.org\/wp-content\/uploads\/2024\/10\/7162b147-7840-4afd-b876-92e72cb7ca86-1-1086x1536.jpg 1086w, https:\/\/cfpmaresme.org\/wp-content\/uploads\/2024\/10\/7162b147-7840-4afd-b876-92e72cb7ca86-1-700x990.jpg 700w, https:\/\/cfpmaresme.org\/wp-content\/uploads\/2024\/10\/7162b147-7840-4afd-b876-92e72cb7ca86-1.jpg 1240w\" sizes=\"auto, (max-width: 212px) 100vw, 212px\" \/><img loading=\"lazy\" decoding=\"async\" class=\"alignnone size-medium wp-image-94572\" src=\"http:\/\/cfpmaresme.org\/wp-content\/uploads\/2024\/10\/Cartell-Art-i-salut-mental-003-1-212x300.png\" alt=\"\" width=\"212\" height=\"300\" srcset=\"https:\/\/cfpmaresme.org\/wp-content\/uploads\/2024\/10\/Cartell-Art-i-salut-mental-003-1-212x300.png 212w, https:\/\/cfpmaresme.org\/wp-content\/uploads\/2024\/10\/Cartell-Art-i-salut-mental-003-1-724x1024.png 724w, https:\/\/cfpmaresme.org\/wp-content\/uploads\/2024\/10\/Cartell-Art-i-salut-mental-003-1-768x1086.png 768w, https:\/\/cfpmaresme.org\/wp-content\/uploads\/2024\/10\/Cartell-Art-i-salut-mental-003-1-1086x1536.png 1086w, https:\/\/cfpmaresme.org\/wp-content\/uploads\/2024\/10\/Cartell-Art-i-salut-mental-003-1-700x990.png 700w, https:\/\/cfpmaresme.org\/wp-content\/uploads\/2024\/10\/Cartell-Art-i-salut-mental-003-1.png 1414w\" sizes=\"auto, (max-width: 212px) 100vw, 212px\" \/><img loading=\"lazy\" decoding=\"async\" class=\"alignnone size-medium wp-image-94574\" src=\"http:\/\/cfpmaresme.org\/wp-content\/uploads\/2024\/10\/Vermut-musical_Cartell-1-300x251.png\" alt=\"\" width=\"300\" height=\"251\" srcset=\"https:\/\/cfpmaresme.org\/wp-content\/uploads\/2024\/10\/Vermut-musical_Cartell-1-300x251.png 300w, https:\/\/cfpmaresme.org\/wp-content\/uploads\/2024\/10\/Vermut-musical_Cartell-1-768x644.png 768w, https:\/\/cfpmaresme.org\/wp-content\/uploads\/2024\/10\/Vermut-musical_Cartell-1-700x587.png 700w, https:\/\/cfpmaresme.org\/wp-content\/uploads\/2024\/10\/Vermut-musical_Cartell-1.png 940w\" sizes=\"auto, (max-width: 300px) 100vw, 300px\" \/><\/p>\n","protected":false},"excerpt":{"rendered":"<p>\u00a0El 10 de octubre es el D\u00eda Mundial de la Salud Mental. Os presentamos los eventos que hemos preparado en el marco de este d\u00eda durante el mes de octubre. &nbsp; VERMUT MUSICAL: el acto central de la entidad. 31 de octubre 11:00h a 14:30h&#8230;<\/p>\n","protected":false},"author":2,"featured_media":94589,"comment_status":"closed","ping_status":"closed","sticky":false,"template":"","format":"standard","meta":{"footnotes":""},"categories":[1187],"tags":[],"class_list":["post-94584","post","type-post","status-publish","format-standard","has-post-thumbnail","hentry","category-cfp-maresme-es"],"yoast_head":"<!-- This site is optimized with the Yoast SEO plugin v27.4 - https:\/\/yoast.com\/product\/yoast-seo-wordpress\/ -->\n<title>Actividades del Centre de Formaci\u00f3 i Prevenci\u00f3 en el marco del D\u00eda Mundial de la Salud Mental | CFP Maresme<\/title>\n<meta name=\"robots\" content=\"index, follow, max-snippet:-1, max-image-preview:large, max-video-preview:-1\" \/>\n<link rel=\"canonical\" href=\"https:\/\/cfpmaresme.org\/es\/actividades-del-centre-de-formacio-i-prevencio-en-el-marco-del-dia-mundial-salud-mental\/\" \/>\n<meta property=\"og:locale\" content=\"es_ES\" \/>\n<meta property=\"og:type\" content=\"article\" \/>\n<meta property=\"og:title\" content=\"Actividades del Centre de Formaci\u00f3 i Prevenci\u00f3 en el marco del D\u00eda Mundial de la Salud Mental | CFP Maresme\" \/>\n<meta property=\"og:description\" content=\"\u00a0El 10 de octubre es el D\u00eda Mundial de la Salud Mental. Os presentamos los eventos que hemos preparado en el marco de este d\u00eda durante el mes de octubre. &nbsp; VERMUT MUSICAL: el acto central de la entidad. 31 de octubre 11:00h a 14:30h...\" \/>\n<meta property=\"og:url\" content=\"https:\/\/cfpmaresme.org\/es\/actividades-del-centre-de-formacio-i-prevencio-en-el-marco-del-dia-mundial-salud-mental\/\" \/>\n<meta property=\"og:site_name\" content=\"CFP Maresme\" \/>\n<meta property=\"article:published_time\" content=\"2024-10-08T11:45:22+00:00\" \/>\n<meta property=\"article:modified_time\" content=\"2024-10-08T12:29:22+00:00\" \/>\n<meta property=\"og:image\" content=\"https:\/\/cfpmaresme.org\/wp-content\/uploads\/2024\/10\/Banner-castella-1.png\" \/>\n\t<meta property=\"og:image:width\" content=\"759\" \/>\n\t<meta property=\"og:image:height\" content=\"292\" \/>\n\t<meta property=\"og:image:type\" content=\"image\/png\" \/>\n<meta name=\"author\" content=\"CFPMaresme\" \/>\n<meta name=\"twitter:card\" content=\"summary_large_image\" \/>\n<meta name=\"twitter:creator\" content=\"@cfpmaresme\" \/>\n<meta name=\"twitter:site\" content=\"@cfpmaresme\" \/>\n<meta name=\"twitter:label1\" content=\"Escrito por\" \/>\n\t<meta name=\"twitter:data1\" content=\"CFPMaresme\" \/>\n\t<meta name=\"twitter:label2\" content=\"Tiempo de lectura\" \/>\n\t<meta name=\"twitter:data2\" content=\"4 minutos\" \/>\n<script type=\"application\/ld+json\" class=\"yoast-schema-graph\">{\"@context\":\"https:\\\/\\\/schema.org\",\"@graph\":[{\"@type\":\"Article\",\"@id\":\"https:\\\/\\\/cfpmaresme.org\\\/es\\\/actividades-del-centre-de-formacio-i-prevencio-en-el-marco-del-dia-mundial-salud-mental\\\/#article\",\"isPartOf\":{\"@id\":\"https:\\\/\\\/cfpmaresme.org\\\/es\\\/actividades-del-centre-de-formacio-i-prevencio-en-el-marco-del-dia-mundial-salud-mental\\\/\"},\"author\":{\"name\":\"CFPMaresme\",\"@id\":\"https:\\\/\\\/cfpmaresme.org\\\/#\\\/schema\\\/person\\\/b2634bcd796fafc667ea4055f61b9b2c\"},\"headline\":\"Actividades del Centre de Formaci\u00f3 i Prevenci\u00f3 en el marco del D\u00eda Mundial de la Salud Mental\",\"datePublished\":\"2024-10-08T11:45:22+00:00\",\"dateModified\":\"2024-10-08T12:29:22+00:00\",\"mainEntityOfPage\":{\"@id\":\"https:\\\/\\\/cfpmaresme.org\\\/es\\\/actividades-del-centre-de-formacio-i-prevencio-en-el-marco-del-dia-mundial-salud-mental\\\/\"},\"wordCount\":178,\"image\":{\"@id\":\"https:\\\/\\\/cfpmaresme.org\\\/es\\\/actividades-del-centre-de-formacio-i-prevencio-en-el-marco-del-dia-mundial-salud-mental\\\/#primaryimage\"},\"thumbnailUrl\":\"https:\\\/\\\/cfpmaresme.org\\\/wp-content\\\/uploads\\\/2024\\\/10\\\/Banner-castella-1.png\",\"articleSection\":[\"CFP Maresme\"],\"inLanguage\":\"es\"},{\"@type\":\"WebPage\",\"@id\":\"https:\\\/\\\/cfpmaresme.org\\\/es\\\/actividades-del-centre-de-formacio-i-prevencio-en-el-marco-del-dia-mundial-salud-mental\\\/\",\"url\":\"https:\\\/\\\/cfpmaresme.org\\\/es\\\/actividades-del-centre-de-formacio-i-prevencio-en-el-marco-del-dia-mundial-salud-mental\\\/\",\"name\":\"Actividades del Centre de Formaci\u00f3 i Prevenci\u00f3 en el marco del D\u00eda Mundial de la Salud Mental | CFP Maresme\",\"isPartOf\":{\"@id\":\"https:\\\/\\\/cfpmaresme.org\\\/#website\"},\"primaryImageOfPage\":{\"@id\":\"https:\\\/\\\/cfpmaresme.org\\\/es\\\/actividades-del-centre-de-formacio-i-prevencio-en-el-marco-del-dia-mundial-salud-mental\\\/#primaryimage\"},\"image\":{\"@id\":\"https:\\\/\\\/cfpmaresme.org\\\/es\\\/actividades-del-centre-de-formacio-i-prevencio-en-el-marco-del-dia-mundial-salud-mental\\\/#primaryimage\"},\"thumbnailUrl\":\"https:\\\/\\\/cfpmaresme.org\\\/wp-content\\\/uploads\\\/2024\\\/10\\\/Banner-castella-1.png\",\"datePublished\":\"2024-10-08T11:45:22+00:00\",\"dateModified\":\"2024-10-08T12:29:22+00:00\",\"author\":{\"@id\":\"https:\\\/\\\/cfpmaresme.org\\\/#\\\/schema\\\/person\\\/b2634bcd796fafc667ea4055f61b9b2c\"},\"breadcrumb\":{\"@id\":\"https:\\\/\\\/cfpmaresme.org\\\/es\\\/actividades-del-centre-de-formacio-i-prevencio-en-el-marco-del-dia-mundial-salud-mental\\\/#breadcrumb\"},\"inLanguage\":\"es\",\"potentialAction\":[{\"@type\":\"ReadAction\",\"target\":[\"https:\\\/\\\/cfpmaresme.org\\\/es\\\/actividades-del-centre-de-formacio-i-prevencio-en-el-marco-del-dia-mundial-salud-mental\\\/\"]}]},{\"@type\":\"ImageObject\",\"inLanguage\":\"es\",\"@id\":\"https:\\\/\\\/cfpmaresme.org\\\/es\\\/actividades-del-centre-de-formacio-i-prevencio-en-el-marco-del-dia-mundial-salud-mental\\\/#primaryimage\",\"url\":\"https:\\\/\\\/cfpmaresme.org\\\/wp-content\\\/uploads\\\/2024\\\/10\\\/Banner-castella-1.png\",\"contentUrl\":\"https:\\\/\\\/cfpmaresme.org\\\/wp-content\\\/uploads\\\/2024\\\/10\\\/Banner-castella-1.png\",\"width\":759,\"height\":292},{\"@type\":\"BreadcrumbList\",\"@id\":\"https:\\\/\\\/cfpmaresme.org\\\/es\\\/actividades-del-centre-de-formacio-i-prevencio-en-el-marco-del-dia-mundial-salud-mental\\\/#breadcrumb\",\"itemListElement\":[{\"@type\":\"ListItem\",\"position\":1,\"name\":\"Home\",\"item\":\"https:\\\/\\\/cfpmaresme.org\\\/es\\\/\"},{\"@type\":\"ListItem\",\"position\":2,\"name\":\"Actividades del Centre de Formaci\u00f3 i Prevenci\u00f3 en el marco del D\u00eda Mundial de la Salud Mental\"}]},{\"@type\":\"WebSite\",\"@id\":\"https:\\\/\\\/cfpmaresme.org\\\/#website\",\"url\":\"https:\\\/\\\/cfpmaresme.org\\\/\",\"name\":\"CFP Maresme\",\"description\":\"Centre Formaci\u00f3 Prevenci\u00f3\",\"potentialAction\":[{\"@type\":\"SearchAction\",\"target\":{\"@type\":\"EntryPoint\",\"urlTemplate\":\"https:\\\/\\\/cfpmaresme.org\\\/?s={search_term_string}\"},\"query-input\":{\"@type\":\"PropertyValueSpecification\",\"valueRequired\":true,\"valueName\":\"search_term_string\"}}],\"inLanguage\":\"es\"},{\"@type\":\"Person\",\"@id\":\"https:\\\/\\\/cfpmaresme.org\\\/#\\\/schema\\\/person\\\/b2634bcd796fafc667ea4055f61b9b2c\",\"name\":\"CFPMaresme\"}]}<\/script>\n<!-- \/ Yoast SEO plugin. -->","yoast_head_json":{"title":"Actividades del Centre de Formaci\u00f3 i Prevenci\u00f3 en el marco del D\u00eda Mundial de la Salud Mental | CFP Maresme","robots":{"index":"index","follow":"follow","max-snippet":"max-snippet:-1","max-image-preview":"max-image-preview:large","max-video-preview":"max-video-preview:-1"},"canonical":"https:\/\/cfpmaresme.org\/es\/actividades-del-centre-de-formacio-i-prevencio-en-el-marco-del-dia-mundial-salud-mental\/","og_locale":"es_ES","og_type":"article","og_title":"Actividades del Centre de Formaci\u00f3 i Prevenci\u00f3 en el marco del D\u00eda Mundial de la Salud Mental | CFP Maresme","og_description":"\u00a0El 10 de octubre es el D\u00eda Mundial de la Salud Mental. Os presentamos los eventos que hemos preparado en el marco de este d\u00eda durante el mes de octubre. &nbsp; VERMUT MUSICAL: el acto central de la entidad. 31 de octubre 11:00h a 14:30h...","og_url":"https:\/\/cfpmaresme.org\/es\/actividades-del-centre-de-formacio-i-prevencio-en-el-marco-del-dia-mundial-salud-mental\/","og_site_name":"CFP Maresme","article_published_time":"2024-10-08T11:45:22+00:00","article_modified_time":"2024-10-08T12:29:22+00:00","og_image":[{"width":759,"height":292,"url":"https:\/\/cfpmaresme.org\/wp-content\/uploads\/2024\/10\/Banner-castella-1.png","type":"image\/png"}],"author":"CFPMaresme","twitter_card":"summary_large_image","twitter_creator":"@cfpmaresme","twitter_site":"@cfpmaresme","twitter_misc":{"Escrito por":"CFPMaresme","Tiempo de lectura":"4 minutos"},"schema":{"@context":"https:\/\/schema.org","@graph":[{"@type":"Article","@id":"https:\/\/cfpmaresme.org\/es\/actividades-del-centre-de-formacio-i-prevencio-en-el-marco-del-dia-mundial-salud-mental\/#article","isPartOf":{"@id":"https:\/\/cfpmaresme.org\/es\/actividades-del-centre-de-formacio-i-prevencio-en-el-marco-del-dia-mundial-salud-mental\/"},"author":{"name":"CFPMaresme","@id":"https:\/\/cfpmaresme.org\/#\/schema\/person\/b2634bcd796fafc667ea4055f61b9b2c"},"headline":"Actividades del Centre de Formaci\u00f3 i Prevenci\u00f3 en el marco del D\u00eda Mundial de la Salud Mental","datePublished":"2024-10-08T11:45:22+00:00","dateModified":"2024-10-08T12:29:22+00:00","mainEntityOfPage":{"@id":"https:\/\/cfpmaresme.org\/es\/actividades-del-centre-de-formacio-i-prevencio-en-el-marco-del-dia-mundial-salud-mental\/"},"wordCount":178,"image":{"@id":"https:\/\/cfpmaresme.org\/es\/actividades-del-centre-de-formacio-i-prevencio-en-el-marco-del-dia-mundial-salud-mental\/#primaryimage"},"thumbnailUrl":"https:\/\/cfpmaresme.org\/wp-content\/uploads\/2024\/10\/Banner-castella-1.png","articleSection":["CFP Maresme"],"inLanguage":"es"},{"@type":"WebPage","@id":"https:\/\/cfpmaresme.org\/es\/actividades-del-centre-de-formacio-i-prevencio-en-el-marco-del-dia-mundial-salud-mental\/","url":"https:\/\/cfpmaresme.org\/es\/actividades-del-centre-de-formacio-i-prevencio-en-el-marco-del-dia-mundial-salud-mental\/","name":"Actividades del Centre de Formaci\u00f3 i Prevenci\u00f3 en el marco del D\u00eda Mundial de la Salud Mental | CFP Maresme","isPartOf":{"@id":"https:\/\/cfpmaresme.org\/#website"},"primaryImageOfPage":{"@id":"https:\/\/cfpmaresme.org\/es\/actividades-del-centre-de-formacio-i-prevencio-en-el-marco-del-dia-mundial-salud-mental\/#primaryimage"},"image":{"@id":"https:\/\/cfpmaresme.org\/es\/actividades-del-centre-de-formacio-i-prevencio-en-el-marco-del-dia-mundial-salud-mental\/#primaryimage"},"thumbnailUrl":"https:\/\/cfpmaresme.org\/wp-content\/uploads\/2024\/10\/Banner-castella-1.png","datePublished":"2024-10-08T11:45:22+00:00","dateModified":"2024-10-08T12:29:22+00:00","author":{"@id":"https:\/\/cfpmaresme.org\/#\/schema\/person\/b2634bcd796fafc667ea4055f61b9b2c"},"breadcrumb":{"@id":"https:\/\/cfpmaresme.org\/es\/actividades-del-centre-de-formacio-i-prevencio-en-el-marco-del-dia-mundial-salud-mental\/#breadcrumb"},"inLanguage":"es","potentialAction":[{"@type":"ReadAction","target":["https:\/\/cfpmaresme.org\/es\/actividades-del-centre-de-formacio-i-prevencio-en-el-marco-del-dia-mundial-salud-mental\/"]}]},{"@type":"ImageObject","inLanguage":"es","@id":"https:\/\/cfpmaresme.org\/es\/actividades-del-centre-de-formacio-i-prevencio-en-el-marco-del-dia-mundial-salud-mental\/#primaryimage","url":"https:\/\/cfpmaresme.org\/wp-content\/uploads\/2024\/10\/Banner-castella-1.png","contentUrl":"https:\/\/cfpmaresme.org\/wp-content\/uploads\/2024\/10\/Banner-castella-1.png","width":759,"height":292},{"@type":"BreadcrumbList","@id":"https:\/\/cfpmaresme.org\/es\/actividades-del-centre-de-formacio-i-prevencio-en-el-marco-del-dia-mundial-salud-mental\/#breadcrumb","itemListElement":[{"@type":"ListItem","position":1,"name":"Home","item":"https:\/\/cfpmaresme.org\/es\/"},{"@type":"ListItem","position":2,"name":"Actividades del Centre de Formaci\u00f3 i Prevenci\u00f3 en el marco del D\u00eda Mundial de la Salud Mental"}]},{"@type":"WebSite","@id":"https:\/\/cfpmaresme.org\/#website","url":"https:\/\/cfpmaresme.org\/","name":"CFP Maresme","description":"Centre Formaci\u00f3 Prevenci\u00f3","potentialAction":[{"@type":"SearchAction","target":{"@type":"EntryPoint","urlTemplate":"https:\/\/cfpmaresme.org\/?s={search_term_string}"},"query-input":{"@type":"PropertyValueSpecification","valueRequired":true,"valueName":"search_term_string"}}],"inLanguage":"es"},{"@type":"Person","@id":"https:\/\/cfpmaresme.org\/#\/schema\/person\/b2634bcd796fafc667ea4055f61b9b2c","name":"CFPMaresme"}]}},"_links":{"self":[{"href":"https:\/\/cfpmaresme.org\/es\/wp-json\/wp\/v2\/posts\/94584","targetHints":{"allow":["GET"]}}],"collection":[{"href":"https:\/\/cfpmaresme.org\/es\/wp-json\/wp\/v2\/posts"}],"about":[{"href":"https:\/\/cfpmaresme.org\/es\/wp-json\/wp\/v2\/types\/post"}],"author":[{"embeddable":true,"href":"https:\/\/cfpmaresme.org\/es\/wp-json\/wp\/v2\/users\/2"}],"replies":[{"embeddable":true,"href":"https:\/\/cfpmaresme.org\/es\/wp-json\/wp\/v2\/comments?post=94584"}],"version-history":[{"count":2,"href":"https:\/\/cfpmaresme.org\/es\/wp-json\/wp\/v2\/posts\/94584\/revisions"}],"predecessor-version":[{"id":94588,"href":"https:\/\/cfpmaresme.org\/es\/wp-json\/wp\/v2\/posts\/94584\/revisions\/94588"}],"wp:featuredmedia":[{"embeddable":true,"href":"https:\/\/cfpmaresme.org\/es\/wp-json\/wp\/v2\/media\/94589"}],"wp:attachment":[{"href":"https:\/\/cfpmaresme.org\/es\/wp-json\/wp\/v2\/media?parent=94584"}],"wp:term":[{"taxonomy":"category","embeddable":true,"href":"https:\/\/cfpmaresme.org\/es\/wp-json\/wp\/v2\/categories?post=94584"},{"taxonomy":"post_tag","embeddable":true,"href":"https:\/\/cfpmaresme.org\/es\/wp-json\/wp\/v2\/tags?post=94584"}],"curies":[{"name":"wp","href":"https:\/\/api.w.org\/{rel}","templated":true}]}}