{"id":94888,"date":"2024-11-18T16:02:17","date_gmt":"2024-11-18T14:02:17","guid":{"rendered":"https:\/\/cfpmaresme.org\/?p=94888"},"modified":"2024-11-18T16:02:17","modified_gmt":"2024-11-18T14:02:17","slug":"1169-personas-caminan-en-la-12a-marcha-para-la-salud-mental-de-mataro","status":"publish","type":"post","link":"https:\/\/cfpmaresme.org\/es\/1169-personas-caminan-en-la-12a-marcha-para-la-salud-mental-de-mataro\/","title":{"rendered":"1169 personas caminan en la 12a Marcha para la Salud mental de Matar\u00f3"},"content":{"rendered":"<p>Esto supone 340 participantes m\u00e1s que el a\u00f1o pasado. Solamente podemos decir: \u00a1GRACIAS!<\/p>\n<p>La caminata se inici\u00f3 a las nueve de la ma\u00f1ana y ofreci\u00f3, como cada a\u00f1o, dos opciones: una de 8 Kms por el paseo mar\u00edtimo y una de 13 Kms hasta la Ermita de Sant Mart\u00ed de Mata. Las personas participantes gozaron de desayuno, batucada, concierto y una t\u00f3mbola solidaria.<\/p>\n<p>La Marcha cont\u00f3 con la presencia de representantes consistoriales como David Bote, alcalde de Matar\u00f3 y responsables de la mayor\u00eda de consejal\u00edas de la ciudad de Matar\u00f3.<\/p>\n<p>La Marcha para la Salud mental est\u00e1 organizada por Forum Salud Mental y tres entidades mataroninas: ACFEM, la <strong>Asociaci\u00f3n<\/strong> para el cuidado del cuidador y <strong>familiares<\/strong> en salud mental, la asociaci\u00f3n en primera persona Viure y nosotros, el Centre de Formaci\u00f3 i Prevenci\u00f3. Tirar adelante este proyecto no ser\u00eda posible sin la colaboraci\u00f3n voluntaria de los incansables Maimakansu y Matar\u00f3 Camina, y un largo listado de personas y entidades como son Albertplas, Hoko, Bar La Morera, Club Social Tu Tries, AFA L\u2019Arbo\u00e7, Tres x 3, Ametller Origen y QH.<\/p>\n<p><iframe loading=\"lazy\" title=\"12a Marxa per la Salut Mental de Matar\u00f3\" width=\"1060\" height=\"596\" src=\"https:\/\/www.youtube.com\/embed\/q1YvTTFInGo?feature=oembed\" frameborder=\"0\" allow=\"accelerometer; autoplay; clipboard-write; encrypted-media; gyroscope; picture-in-picture; web-share\" referrerpolicy=\"strict-origin-when-cross-origin\" allowfullscreen><\/iframe><\/p>\n<p>1169 GRACIAS por caminar con nosotros por la salud mental. El a\u00f1o que viene m\u00e1s y mejor.<\/p>\n","protected":false},"excerpt":{"rendered":"<p>Esto supone 340 participantes m\u00e1s que el a\u00f1o pasado. Solamente podemos decir: \u00a1GRACIAS! La caminata se inici\u00f3 a las nueve de la ma\u00f1ana y ofreci\u00f3, como cada a\u00f1o, dos opciones: una de 8 Kms por el paseo mar\u00edtimo y una de 13 Kms hasta la&#8230;<\/p>\n","protected":false},"author":2,"featured_media":94886,"comment_status":"closed","ping_status":"closed","sticky":false,"template":"","format":"standard","meta":{"footnotes":""},"categories":[1187,1259],"tags":[],"class_list":["post-94888","post","type-post","status-publish","format-standard","has-post-thumbnail","hentry","category-cfp-maresme-es","category-publicaciones"],"yoast_head":"<!-- This site is optimized with the Yoast SEO plugin v27.4 - https:\/\/yoast.com\/product\/yoast-seo-wordpress\/ -->\n<title>1169 personas caminan en la 12a Marcha para la Salud mental de Matar\u00f3 | CFP Maresme<\/title>\n<meta name=\"robots\" content=\"index, follow, max-snippet:-1, max-image-preview:large, max-video-preview:-1\" \/>\n<link rel=\"canonical\" href=\"https:\/\/cfpmaresme.org\/es\/1169-personas-caminan-en-la-12a-marcha-para-la-salud-mental-de-mataro\/\" \/>\n<meta property=\"og:locale\" content=\"es_ES\" \/>\n<meta property=\"og:type\" content=\"article\" \/>\n<meta property=\"og:title\" content=\"1169 personas caminan en la 12a Marcha para la Salud mental de Matar\u00f3 | CFP Maresme\" \/>\n<meta property=\"og:description\" content=\"Esto supone 340 participantes m\u00e1s que el a\u00f1o pasado. Solamente podemos decir: \u00a1GRACIAS! La caminata se inici\u00f3 a las nueve de la ma\u00f1ana y ofreci\u00f3, como cada a\u00f1o, dos opciones: una de 8 Kms por el paseo mar\u00edtimo y una de 13 Kms hasta la...\" \/>\n<meta property=\"og:url\" content=\"https:\/\/cfpmaresme.org\/es\/1169-personas-caminan-en-la-12a-marcha-para-la-salud-mental-de-mataro\/\" \/>\n<meta property=\"og:site_name\" content=\"CFP Maresme\" \/>\n<meta property=\"article:published_time\" content=\"2024-11-18T14:02:17+00:00\" \/>\n<meta property=\"og:image\" content=\"https:\/\/cfpmaresme.org\/wp-content\/uploads\/2024\/11\/941b8ea0-d25b-4d6e-ae1c-e23e8519fa5d.jpg\" \/>\n\t<meta property=\"og:image:width\" content=\"2016\" \/>\n\t<meta property=\"og:image:height\" content=\"1512\" \/>\n\t<meta property=\"og:image:type\" content=\"image\/jpeg\" \/>\n<meta name=\"author\" content=\"CFPMaresme\" \/>\n<meta name=\"twitter:card\" content=\"summary_large_image\" \/>\n<meta name=\"twitter:creator\" content=\"@cfpmaresme\" \/>\n<meta name=\"twitter:site\" content=\"@cfpmaresme\" \/>\n<meta name=\"twitter:label1\" content=\"Escrito por\" \/>\n\t<meta name=\"twitter:data1\" content=\"CFPMaresme\" \/>\n\t<meta name=\"twitter:label2\" content=\"Tiempo de lectura\" \/>\n\t<meta name=\"twitter:data2\" content=\"2 minutos\" \/>\n<script type=\"application\/ld+json\" class=\"yoast-schema-graph\">{\"@context\":\"https:\\\/\\\/schema.org\",\"@graph\":[{\"@type\":\"Article\",\"@id\":\"https:\\\/\\\/cfpmaresme.org\\\/es\\\/1169-personas-caminan-en-la-12a-marcha-para-la-salud-mental-de-mataro\\\/#article\",\"isPartOf\":{\"@id\":\"https:\\\/\\\/cfpmaresme.org\\\/es\\\/1169-personas-caminan-en-la-12a-marcha-para-la-salud-mental-de-mataro\\\/\"},\"author\":{\"name\":\"CFPMaresme\",\"@id\":\"https:\\\/\\\/cfpmaresme.org\\\/#\\\/schema\\\/person\\\/b2634bcd796fafc667ea4055f61b9b2c\"},\"headline\":\"1169 personas caminan en la 12a Marcha para la Salud mental de Matar\u00f3\",\"datePublished\":\"2024-11-18T14:02:17+00:00\",\"mainEntityOfPage\":{\"@id\":\"https:\\\/\\\/cfpmaresme.org\\\/es\\\/1169-personas-caminan-en-la-12a-marcha-para-la-salud-mental-de-mataro\\\/\"},\"wordCount\":229,\"image\":{\"@id\":\"https:\\\/\\\/cfpmaresme.org\\\/es\\\/1169-personas-caminan-en-la-12a-marcha-para-la-salud-mental-de-mataro\\\/#primaryimage\"},\"thumbnailUrl\":\"https:\\\/\\\/cfpmaresme.org\\\/wp-content\\\/uploads\\\/2024\\\/11\\\/941b8ea0-d25b-4d6e-ae1c-e23e8519fa5d.jpg\",\"articleSection\":[\"CFP Maresme\",\"Publicaciones\"],\"inLanguage\":\"es\"},{\"@type\":\"WebPage\",\"@id\":\"https:\\\/\\\/cfpmaresme.org\\\/es\\\/1169-personas-caminan-en-la-12a-marcha-para-la-salud-mental-de-mataro\\\/\",\"url\":\"https:\\\/\\\/cfpmaresme.org\\\/es\\\/1169-personas-caminan-en-la-12a-marcha-para-la-salud-mental-de-mataro\\\/\",\"name\":\"1169 personas caminan en la 12a Marcha para la Salud mental de Matar\u00f3 | CFP Maresme\",\"isPartOf\":{\"@id\":\"https:\\\/\\\/cfpmaresme.org\\\/#website\"},\"primaryImageOfPage\":{\"@id\":\"https:\\\/\\\/cfpmaresme.org\\\/es\\\/1169-personas-caminan-en-la-12a-marcha-para-la-salud-mental-de-mataro\\\/#primaryimage\"},\"image\":{\"@id\":\"https:\\\/\\\/cfpmaresme.org\\\/es\\\/1169-personas-caminan-en-la-12a-marcha-para-la-salud-mental-de-mataro\\\/#primaryimage\"},\"thumbnailUrl\":\"https:\\\/\\\/cfpmaresme.org\\\/wp-content\\\/uploads\\\/2024\\\/11\\\/941b8ea0-d25b-4d6e-ae1c-e23e8519fa5d.jpg\",\"datePublished\":\"2024-11-18T14:02:17+00:00\",\"author\":{\"@id\":\"https:\\\/\\\/cfpmaresme.org\\\/#\\\/schema\\\/person\\\/b2634bcd796fafc667ea4055f61b9b2c\"},\"breadcrumb\":{\"@id\":\"https:\\\/\\\/cfpmaresme.org\\\/es\\\/1169-personas-caminan-en-la-12a-marcha-para-la-salud-mental-de-mataro\\\/#breadcrumb\"},\"inLanguage\":\"es\",\"potentialAction\":[{\"@type\":\"ReadAction\",\"target\":[\"https:\\\/\\\/cfpmaresme.org\\\/es\\\/1169-personas-caminan-en-la-12a-marcha-para-la-salud-mental-de-mataro\\\/\"]}]},{\"@type\":\"ImageObject\",\"inLanguage\":\"es\",\"@id\":\"https:\\\/\\\/cfpmaresme.org\\\/es\\\/1169-personas-caminan-en-la-12a-marcha-para-la-salud-mental-de-mataro\\\/#primaryimage\",\"url\":\"https:\\\/\\\/cfpmaresme.org\\\/wp-content\\\/uploads\\\/2024\\\/11\\\/941b8ea0-d25b-4d6e-ae1c-e23e8519fa5d.jpg\",\"contentUrl\":\"https:\\\/\\\/cfpmaresme.org\\\/wp-content\\\/uploads\\\/2024\\\/11\\\/941b8ea0-d25b-4d6e-ae1c-e23e8519fa5d.jpg\",\"width\":2016,\"height\":1512},{\"@type\":\"BreadcrumbList\",\"@id\":\"https:\\\/\\\/cfpmaresme.org\\\/es\\\/1169-personas-caminan-en-la-12a-marcha-para-la-salud-mental-de-mataro\\\/#breadcrumb\",\"itemListElement\":[{\"@type\":\"ListItem\",\"position\":1,\"name\":\"Home\",\"item\":\"https:\\\/\\\/cfpmaresme.org\\\/es\\\/\"},{\"@type\":\"ListItem\",\"position\":2,\"name\":\"1169 personas caminan en la 12a Marcha para la Salud mental de Matar\u00f3\"}]},{\"@type\":\"WebSite\",\"@id\":\"https:\\\/\\\/cfpmaresme.org\\\/#website\",\"url\":\"https:\\\/\\\/cfpmaresme.org\\\/\",\"name\":\"CFP Maresme\",\"description\":\"Centre Formaci\u00f3 Prevenci\u00f3\",\"potentialAction\":[{\"@type\":\"SearchAction\",\"target\":{\"@type\":\"EntryPoint\",\"urlTemplate\":\"https:\\\/\\\/cfpmaresme.org\\\/?s={search_term_string}\"},\"query-input\":{\"@type\":\"PropertyValueSpecification\",\"valueRequired\":true,\"valueName\":\"search_term_string\"}}],\"inLanguage\":\"es\"},{\"@type\":\"Person\",\"@id\":\"https:\\\/\\\/cfpmaresme.org\\\/#\\\/schema\\\/person\\\/b2634bcd796fafc667ea4055f61b9b2c\",\"name\":\"CFPMaresme\"}]}<\/script>\n<!-- \/ Yoast SEO plugin. -->","yoast_head_json":{"title":"1169 personas caminan en la 12a Marcha para la Salud mental de Matar\u00f3 | CFP Maresme","robots":{"index":"index","follow":"follow","max-snippet":"max-snippet:-1","max-image-preview":"max-image-preview:large","max-video-preview":"max-video-preview:-1"},"canonical":"https:\/\/cfpmaresme.org\/es\/1169-personas-caminan-en-la-12a-marcha-para-la-salud-mental-de-mataro\/","og_locale":"es_ES","og_type":"article","og_title":"1169 personas caminan en la 12a Marcha para la Salud mental de Matar\u00f3 | CFP Maresme","og_description":"Esto supone 340 participantes m\u00e1s que el a\u00f1o pasado. Solamente podemos decir: \u00a1GRACIAS! La caminata se inici\u00f3 a las nueve de la ma\u00f1ana y ofreci\u00f3, como cada a\u00f1o, dos opciones: una de 8 Kms por el paseo mar\u00edtimo y una de 13 Kms hasta la...","og_url":"https:\/\/cfpmaresme.org\/es\/1169-personas-caminan-en-la-12a-marcha-para-la-salud-mental-de-mataro\/","og_site_name":"CFP Maresme","article_published_time":"2024-11-18T14:02:17+00:00","og_image":[{"width":2016,"height":1512,"url":"https:\/\/cfpmaresme.org\/wp-content\/uploads\/2024\/11\/941b8ea0-d25b-4d6e-ae1c-e23e8519fa5d.jpg","type":"image\/jpeg"}],"author":"CFPMaresme","twitter_card":"summary_large_image","twitter_creator":"@cfpmaresme","twitter_site":"@cfpmaresme","twitter_misc":{"Escrito por":"CFPMaresme","Tiempo de lectura":"2 minutos"},"schema":{"@context":"https:\/\/schema.org","@graph":[{"@type":"Article","@id":"https:\/\/cfpmaresme.org\/es\/1169-personas-caminan-en-la-12a-marcha-para-la-salud-mental-de-mataro\/#article","isPartOf":{"@id":"https:\/\/cfpmaresme.org\/es\/1169-personas-caminan-en-la-12a-marcha-para-la-salud-mental-de-mataro\/"},"author":{"name":"CFPMaresme","@id":"https:\/\/cfpmaresme.org\/#\/schema\/person\/b2634bcd796fafc667ea4055f61b9b2c"},"headline":"1169 personas caminan en la 12a Marcha para la Salud mental de Matar\u00f3","datePublished":"2024-11-18T14:02:17+00:00","mainEntityOfPage":{"@id":"https:\/\/cfpmaresme.org\/es\/1169-personas-caminan-en-la-12a-marcha-para-la-salud-mental-de-mataro\/"},"wordCount":229,"image":{"@id":"https:\/\/cfpmaresme.org\/es\/1169-personas-caminan-en-la-12a-marcha-para-la-salud-mental-de-mataro\/#primaryimage"},"thumbnailUrl":"https:\/\/cfpmaresme.org\/wp-content\/uploads\/2024\/11\/941b8ea0-d25b-4d6e-ae1c-e23e8519fa5d.jpg","articleSection":["CFP Maresme","Publicaciones"],"inLanguage":"es"},{"@type":"WebPage","@id":"https:\/\/cfpmaresme.org\/es\/1169-personas-caminan-en-la-12a-marcha-para-la-salud-mental-de-mataro\/","url":"https:\/\/cfpmaresme.org\/es\/1169-personas-caminan-en-la-12a-marcha-para-la-salud-mental-de-mataro\/","name":"1169 personas caminan en la 12a Marcha para la Salud mental de Matar\u00f3 | CFP Maresme","isPartOf":{"@id":"https:\/\/cfpmaresme.org\/#website"},"primaryImageOfPage":{"@id":"https:\/\/cfpmaresme.org\/es\/1169-personas-caminan-en-la-12a-marcha-para-la-salud-mental-de-mataro\/#primaryimage"},"image":{"@id":"https:\/\/cfpmaresme.org\/es\/1169-personas-caminan-en-la-12a-marcha-para-la-salud-mental-de-mataro\/#primaryimage"},"thumbnailUrl":"https:\/\/cfpmaresme.org\/wp-content\/uploads\/2024\/11\/941b8ea0-d25b-4d6e-ae1c-e23e8519fa5d.jpg","datePublished":"2024-11-18T14:02:17+00:00","author":{"@id":"https:\/\/cfpmaresme.org\/#\/schema\/person\/b2634bcd796fafc667ea4055f61b9b2c"},"breadcrumb":{"@id":"https:\/\/cfpmaresme.org\/es\/1169-personas-caminan-en-la-12a-marcha-para-la-salud-mental-de-mataro\/#breadcrumb"},"inLanguage":"es","potentialAction":[{"@type":"ReadAction","target":["https:\/\/cfpmaresme.org\/es\/1169-personas-caminan-en-la-12a-marcha-para-la-salud-mental-de-mataro\/"]}]},{"@type":"ImageObject","inLanguage":"es","@id":"https:\/\/cfpmaresme.org\/es\/1169-personas-caminan-en-la-12a-marcha-para-la-salud-mental-de-mataro\/#primaryimage","url":"https:\/\/cfpmaresme.org\/wp-content\/uploads\/2024\/11\/941b8ea0-d25b-4d6e-ae1c-e23e8519fa5d.jpg","contentUrl":"https:\/\/cfpmaresme.org\/wp-content\/uploads\/2024\/11\/941b8ea0-d25b-4d6e-ae1c-e23e8519fa5d.jpg","width":2016,"height":1512},{"@type":"BreadcrumbList","@id":"https:\/\/cfpmaresme.org\/es\/1169-personas-caminan-en-la-12a-marcha-para-la-salud-mental-de-mataro\/#breadcrumb","itemListElement":[{"@type":"ListItem","position":1,"name":"Home","item":"https:\/\/cfpmaresme.org\/es\/"},{"@type":"ListItem","position":2,"name":"1169 personas caminan en la 12a Marcha para la Salud mental de Matar\u00f3"}]},{"@type":"WebSite","@id":"https:\/\/cfpmaresme.org\/#website","url":"https:\/\/cfpmaresme.org\/","name":"CFP Maresme","description":"Centre Formaci\u00f3 Prevenci\u00f3","potentialAction":[{"@type":"SearchAction","target":{"@type":"EntryPoint","urlTemplate":"https:\/\/cfpmaresme.org\/?s={search_term_string}"},"query-input":{"@type":"PropertyValueSpecification","valueRequired":true,"valueName":"search_term_string"}}],"inLanguage":"es"},{"@type":"Person","@id":"https:\/\/cfpmaresme.org\/#\/schema\/person\/b2634bcd796fafc667ea4055f61b9b2c","name":"CFPMaresme"}]}},"_links":{"self":[{"href":"https:\/\/cfpmaresme.org\/es\/wp-json\/wp\/v2\/posts\/94888","targetHints":{"allow":["GET"]}}],"collection":[{"href":"https:\/\/cfpmaresme.org\/es\/wp-json\/wp\/v2\/posts"}],"about":[{"href":"https:\/\/cfpmaresme.org\/es\/wp-json\/wp\/v2\/types\/post"}],"author":[{"embeddable":true,"href":"https:\/\/cfpmaresme.org\/es\/wp-json\/wp\/v2\/users\/2"}],"replies":[{"embeddable":true,"href":"https:\/\/cfpmaresme.org\/es\/wp-json\/wp\/v2\/comments?post=94888"}],"version-history":[{"count":1,"href":"https:\/\/cfpmaresme.org\/es\/wp-json\/wp\/v2\/posts\/94888\/revisions"}],"predecessor-version":[{"id":94889,"href":"https:\/\/cfpmaresme.org\/es\/wp-json\/wp\/v2\/posts\/94888\/revisions\/94889"}],"wp:featuredmedia":[{"embeddable":true,"href":"https:\/\/cfpmaresme.org\/es\/wp-json\/wp\/v2\/media\/94886"}],"wp:attachment":[{"href":"https:\/\/cfpmaresme.org\/es\/wp-json\/wp\/v2\/media?parent=94888"}],"wp:term":[{"taxonomy":"category","embeddable":true,"href":"https:\/\/cfpmaresme.org\/es\/wp-json\/wp\/v2\/categories?post=94888"},{"taxonomy":"post_tag","embeddable":true,"href":"https:\/\/cfpmaresme.org\/es\/wp-json\/wp\/v2\/tags?post=94888"}],"curies":[{"name":"wp","href":"https:\/\/api.w.org\/{rel}","templated":true}]}}