{"id":95082,"date":"2025-01-10T11:02:09","date_gmt":"2025-01-10T09:02:09","guid":{"rendered":"https:\/\/cfpmaresme.org\/?p=95082"},"modified":"2025-01-10T11:22:25","modified_gmt":"2025-01-10T09:22:25","slug":"la-aplicacion-de-la-inteligencia-artificial-en-el-campo-de-la-salud-mental","status":"publish","type":"post","link":"https:\/\/cfpmaresme.org\/es\/la-aplicacion-de-la-inteligencia-artificial-en-el-campo-de-la-salud-mental\/","title":{"rendered":"LA APLICACI\u00d3N DE LA INTELIGENCIA ARTIFICIAL EN EL CAMPO DE LA SALUD MENTAL"},"content":{"rendered":"<h4>Por Laura G\u00f3mez Quijada, psic\u00f3loga sanitaria colegiada n\u00fam. 22965 con orientaci\u00f3n psicoanal\u00edtica. Jefa del Servei de Rehabilitaci\u00f3 Comunit\u00e0ria (SRC) Burriac de Premi\u00e0 de Mar, del Centre Formaci\u00f3 i Prevenci\u00f3, desde su inicio en 2002. M\u00e1s de 25 a\u00f1os de experiencia en la atenci\u00f3n a personas que sufren Trastornos Mentales Severos (TMS). <a>l.gomez@cfpmaresme.org<\/a><\/h4>\n<p>&nbsp;<\/p>\n<p>\u00daltimamente, y cada vez m\u00e1s, estoy escuchando m\u00e1s noticias y ponencias en jornadas que hablan de la implementaci\u00f3n de la inteligencia artificial (IA) de una manera u otra en el tratamiento de personas que sufren problemas de salud mental.<\/p>\n<p>Cada vez m\u00e1s se extienden los chatbots, programas inform\u00e1ticos que pueden mantener una conversaci\u00f3n con una persona a trav\u00e9s de un chat. Es decir, el individuo dialoga con una m\u00e1quina. Se est\u00e1 intentando mejorar la IA para conseguir que el programa inform\u00e1tico pueda relacionarse mejor con la persona que le habla, adaptando el estilo a ella y teniendo m\u00e1s empat\u00eda. Es la IA generativa, que puede crear nuevos contenidos para responder a lo que le pregunta la persona a trav\u00e9s de algoritmos que aprenden de anteriores conversaciones.<\/p>\n<p>Seg\u00fan lo que escuch\u00e9 en un coloquio de las Jornadas de Psicoterapia en la Psicosis de La Otra Psiquiatr\u00eda (2024), en Silicon Valley las empresas tecnol\u00f3gicas ya se est\u00e1n frotando las manos con esta idea desde hace tiempo. Se est\u00e1n invirtiendo millones y millones de d\u00f3lares para poder explotar esta tecnolog\u00eda. Seg\u00fan el informe de Polaris Market Research, en 2023 la IA movi\u00f3 920 millones de d\u00f3lares en Salud Mental. Pero en 2032 pasar\u00e1 a casi 10.335 millones de d\u00f3lares.<\/p>\n<p>Los chatbots en salud mental existen desde ELIZA, que se cre\u00f3 entre 1964 y 1966. El guion m\u00e1s famoso era para mantener una conversaci\u00f3n con un terapeuta de la escuela rogeriana.<\/p>\n<p>As\u00ed hay diversas herramientas: Woebot, Replika, Wysa, Youper&#8230; Todas pretenden apoyar emocionalmente a las personas aplicando t\u00e9cnicas de terapia psicol\u00f3gica. Y se venden con la idea de ser complementarias al tratamiento psicoterap\u00e9utico, accesibles 24 horas al d\u00eda, los 365 d\u00edas del a\u00f1o. Intentan atender a personas con depresi\u00f3n, ansiedad, drogodependencias, con tendencia suicida&#8230;<\/p>\n<p>El boom de la IA en los \u00faltimos a\u00f1os ha creado en Espa\u00f1a diversas Star Ups que aplican esta tecnolog\u00eda a la Salud Mental. Destaca Aimentia, empresa nacida en Catalunya. Otros proyectos en Espa\u00f1a son Brain, Joy y Eholo. Este \u00faltimo tiene su sede en el TecnoCampus de Matar\u00f3 e intenta ayudar en gestiones administrativas a los profesionales, para que estos se puedan centrar m\u00e1s en los pacientes.<\/p>\n<p>&nbsp;<\/p>\n<h3>REFLEXIONES<\/h3>\n<p>Estamos en unos momentos en los que las personas nos relacionamos m\u00e1s con m\u00e1quinas que con otros individuos. Y si nos relacionamos entre nosotros, a menudo es con una pantalla por medio con videoconferencias, chats de WhatsApp, videojuegos online&#8230; Perdemos de vista la importancia de tener delante una persona de piel y huesos, que muestre una actitud cercana. Proliferan las adicciones a las pantallas y a la tecnolog\u00eda.<\/p>\n<p>Si encima estamos hablando de alguien que tiene problemas mentales de alg\u00fan tipo, estamos delante de una persona en un estado de fragilidad importante. En estos casos es sumamente importante la presencia f\u00edsica de un profesional delante. Esta persona puede captar el sentido del humor, la iron\u00eda, el sarcasmo, la expresi\u00f3n gestual humana&#8230; Puede aportar calidez, empat\u00eda, comprensi\u00f3n emocional y escucha fina. No se puede perder de vista la importancia de la vertiente emocional entre personas. La relaci\u00f3n, el v\u00ednculo, la transferencia es el embri\u00f3n necesario para poder iniciar un proceso terap\u00e9utico y que \u00e9ste funcione y tenga efectos.<\/p>\n<p>Muchas veces se defiende estos chatbots para personas que sienten que un tratamiento psicoterap\u00e9utico est\u00e1 estigmatizado, no se lo pueden permitir econ\u00f3micamente o viven en zonas rurales lejos de lugares donde hacer una terapia. En todo caso, es mejor el trato con otra persona. Es muy importante en estos casos el apoyo de la comunidad: vecinos, m\u00e9dicos, amigos, sacerdotes o el tel\u00e9fono de la Esperanza incluso. Estos chatbots no pueden ofrecer lo m\u00e1s importante en una terapia: la parte humana del terapeuta. Las personas son seres sociales, no lo olvidemos. La conexi\u00f3n humana es necesaria para tener una mejora terap\u00e9utica, la IA no puede replicar este v\u00ednculo de ninguna manera.<\/p>\n<p>El tratamiento con un programa inform\u00e1tico implica frialdad y ciertos peligrosos que no se pueden obviar. Un programa inform\u00e1tico no puede replicar la \u00e9tica profesional e implica la deshumanizaci\u00f3n del v\u00ednculo.<\/p>\n<p>S\u00f3lo expongo algunos datos. En 2023 una persona suicid\u00f3 despu\u00e9s de que un chatbot le animase a hacerlo. Por otro lado, la Asociaci\u00f3n Nacional de Trastornos Alimentarios (NEDA) de EEUU suspendi\u00f3 Tessa, chatbot sobre trastornos alimentarios, por dar consejos perjudiciales sobre dietas. Este octubre del 2024, un chico en EEUU se suicid\u00f3 para unirse a su amada virtual creada en un chatbot. Pienso que ser\u00eda importante poder vigilar de cerca estas herramientas para evitar m\u00e1s tragedias en este mundo tan poco humano, tan artificial y tecnol\u00f3gico.<\/p>\n<p>Dif\u00edcilmente un programa inform\u00e1tico puede hacer una orientaci\u00f3n diagn\u00f3stica de una persona. Por tanto, estamos delante de una situaci\u00f3n bien arriesgada. Una m\u00e1quina no puede valorar el riesgo de pasaje al acto de un individuo. El trabajo del terapeuta es valorar cada paciente en su singularidad, porque es \u00fanico&#8230; m\u00e1s all\u00e1 de etiquetas diagn\u00f3sticas y terapias centradas \u00fanicamente en la patolog\u00eda. Nos tenemos que escapar de la idea de que una persona est\u00e1 dentro de un pack de personas con el mismo diagn\u00f3stico, como si fueran creaciones en serie. La historia de cada individuo le hace ser \u00fanico, por eso la importancia de la pericia del terapeuta.<\/p>\n<p>La utilizaci\u00f3n d\u2019IA se apoya en la idea que plantea informes de la OMS de que \u201cuna de cada cuatro personas sufrir\u00e1 alg\u00fan trastorno mental a lo largo de su vida\u201d. Esta alta prevalencia, juntamente con el hecho de que la salud mental es la segunda causa de baja laboral en Espa\u00f1a, incita a pensar que hacen falta m\u00e1s herramientas para atender. Como si no hubiese suficientes profesionales trabajando, cosa totalmente cierta. Tal vez, en lugar de invertir tantos millones de euros en programas inform\u00e1ticos se podr\u00eda contratar m\u00e1s personal.<\/p>\n<p>En estos momentos, los m\u00e9dicos visitan a los pacientes sin mirarlos a la cara. Se pasan los pocos minutos de consulta que tienen mirando la pantalla del ordenador en lugar de hablar con el paciente. Y, encima, se ha instaurado la Telemedicina. A los pacientes se les atiende por tel\u00e9fono o plataformas como La Meva Salut en Catalunya.<\/p>\n<p>Tal vez un programa inform\u00e1tico podr\u00eda ayudar a cruzar los datos de anal\u00edticas, patolog\u00edas f\u00edsicas, efectos adversos de los medicamentos&#8230; Igual aqu\u00ed s\u00ed podr\u00eda ser una herramienta de trabajo importante, para resolver tambi\u00e9n burocracia o dar el mont\u00f3n de datos cuantitativos que pide la Administraci\u00f3n. As\u00ed el profesional podr\u00eda centrarse en lo que es m\u00e1s importante: preguntar al paciente sobre qu\u00e9 siente, qu\u00e9 lo preocupa, por qu\u00e9 raz\u00f3n viene a la consulta&#8230; Cuidar el cara a cara, como se hac\u00eda antiguamente, cuando los m\u00e9dicos conoc\u00edan incluso la vida personal del paciente y a toda su familia. Cuando los m\u00e9dicos de familia eran realmente lo que indican estas palabras.<\/p>\n<p>Mi experiencia durante la \u00e9poca de confinamiento estricto por el Covid es que la atenci\u00f3n en salud mental sin presencia es menos efectiva. En aquellos momentos era necesario m\u00e1s sesiones telef\u00f3nicas para mantener la estabilidad de los pacientes que con presencialidad. Si encima, el que atiende no es una persona el efecto ser\u00e1 peor.<\/p>\n<p>Esperemos que se vigilen de cerca estas herramientas para luchar por la seguridad de las personas que sufren alg\u00fan problema mental. No olvidemos la importancia de los v\u00ednculos humanos en nuestra vida, ya sean profesionales o personales.<\/p>\n<p>Por una salud mental humanizada y lejos de las tecnolog\u00edas. De humano a humano. De persona a persona.<\/p>\n<p>&nbsp;<\/p>\n<h3>REFERENCIAS:<\/h3>\n<p><a href=\"https:\/\/www.ibm.com\/es-es\/topics\/chatbots\">https:\/\/www.ibm.com\/es-es\/topics\/chatbots<\/a><\/p>\n<p><a href=\"https:\/\/www.nationalgeographic.es\/ciencia\/2024\/07\/inteligencia-artificial-problemas-salud-mental-peligros-oportunidades-uso-chatbots\">https:\/\/www.nationalgeographic.es\/ciencia\/2024\/07\/inteligencia-artificial-problemas-salud-mental-peligros-oportunidades-uso-chatbots<\/a><\/p>\n<p><a href=\"https:\/\/ca.wikipedia.org\/wiki\/ELIZA\">https:\/\/ca.wikipedia.org\/wiki\/ELIZA<\/a><\/p>\n<p><a href=\"https:\/\/icomportamiento.com\/blog\/el-impacto-de-la-inteligencia-artificial-en-la-salud-mental.html\">https:\/\/icomportamiento.com\/blog\/el-impacto-de-la-inteligencia-artificial-en-la-salud-mental.html<\/a><\/p>\n<p><a href=\"https:\/\/www.ebiseducation.com\/replika-ai-que-es-como-funciona-y-cuanto-cuesta\">https:\/\/www.ebiseducation.com\/replika-ai-que-es-como-funciona-y-cuanto-cuesta<\/a><\/p>\n<p><a href=\"https:\/\/isocial.cat\/woebot-xat-dauto-ajuda-per-afrontar-situacions-de-malestar-mental-i-emocional\/\">https:\/\/isocial.cat\/woebot-xat-dauto-ajuda-per-afrontar-situacions-de-malestar-mental-i-emocional\/<\/a><\/p>\n<p><a href=\"https:\/\/www.uoc.edu\/es\/news\/2023\/037-IA-salud-mental\">https:\/\/www.uoc.edu\/es\/news\/2023\/037-IA-salud-mental<\/a><\/p>\n<p><a href=\"https:\/\/www.plantadoce.com\/entorno\/la-ia-tambien-revolucionara-la-salud-mental-asi-lo-creen-estas-start-ups-espanolas\">https:\/\/www.plantadoce.com\/entorno\/la-ia-tambien-revolucionara-la-salud-mental-asi-lo-creen-estas-start-ups-espanolas<\/a><\/p>\n<p><a href=\"https:\/\/biotechmagazineandnews.com\/el-desafio-de-la-inteligencia-artificial-en-psicologia-y-salud-mental\/\">https:\/\/biotechmagazineandnews.com\/el-desafio-de-la-inteligencia-artificial-en-psicologia-y-salud-mental\/<\/a><\/p>\n","protected":false},"excerpt":{"rendered":"<p>Por Laura G\u00f3mez Quijada, psic\u00f3loga sanitaria colegiada n\u00fam. 22965 con orientaci\u00f3n psicoanal\u00edtica. Jefa del Servei de Rehabilitaci\u00f3 Comunit\u00e0ria (SRC) Burriac de Premi\u00e0 de Mar, del Centre Formaci\u00f3 i Prevenci\u00f3, desde su inicio en 2002. M\u00e1s de 25 a\u00f1os de experiencia en la atenci\u00f3n a personas&#8230;<\/p>\n","protected":false},"author":2,"featured_media":95090,"comment_status":"closed","ping_status":"closed","sticky":false,"template":"","format":"standard","meta":{"footnotes":""},"categories":[1256],"tags":[],"class_list":["post-95082","post","type-post","status-publish","format-standard","has-post-thumbnail","hentry","category-articulos-profesionales"],"yoast_head":"<!-- This site is optimized with the Yoast SEO plugin v27.4 - https:\/\/yoast.com\/product\/yoast-seo-wordpress\/ -->\n<title>LA APLICACI\u00d3N DE LA INTELIGENCIA ARTIFICIAL EN EL CAMPO DE LA SALUD MENTAL | CFP Maresme<\/title>\n<meta name=\"robots\" content=\"index, follow, max-snippet:-1, max-image-preview:large, max-video-preview:-1\" \/>\n<link rel=\"canonical\" href=\"https:\/\/cfpmaresme.org\/es\/la-aplicacion-de-la-inteligencia-artificial-en-el-campo-de-la-salud-mental\/\" \/>\n<meta property=\"og:locale\" content=\"es_ES\" \/>\n<meta property=\"og:type\" content=\"article\" \/>\n<meta property=\"og:title\" content=\"LA APLICACI\u00d3N DE LA INTELIGENCIA ARTIFICIAL EN EL CAMPO DE LA SALUD MENTAL | CFP Maresme\" \/>\n<meta property=\"og:description\" content=\"Por Laura G\u00f3mez Quijada, psic\u00f3loga sanitaria colegiada n\u00fam. 22965 con orientaci\u00f3n psicoanal\u00edtica. Jefa del Servei de Rehabilitaci\u00f3 Comunit\u00e0ria (SRC) Burriac de Premi\u00e0 de Mar, del Centre Formaci\u00f3 i Prevenci\u00f3, desde su inicio en 2002. M\u00e1s de 25 a\u00f1os de experiencia en la atenci\u00f3n a personas...\" \/>\n<meta property=\"og:url\" content=\"https:\/\/cfpmaresme.org\/es\/la-aplicacion-de-la-inteligencia-artificial-en-el-campo-de-la-salud-mental\/\" \/>\n<meta property=\"og:site_name\" content=\"CFP Maresme\" \/>\n<meta property=\"article:published_time\" content=\"2025-01-10T09:02:09+00:00\" \/>\n<meta property=\"article:modified_time\" content=\"2025-01-10T09:22:25+00:00\" \/>\n<meta property=\"og:image\" content=\"https:\/\/cfpmaresme.org\/wp-content\/uploads\/2025\/01\/Banner_-en-cast-scaled.jpg\" \/>\n\t<meta property=\"og:image:width\" content=\"2560\" \/>\n\t<meta property=\"og:image:height\" content=\"1280\" \/>\n\t<meta property=\"og:image:type\" content=\"image\/jpeg\" \/>\n<meta name=\"author\" content=\"CFPMaresme\" \/>\n<meta name=\"twitter:card\" content=\"summary_large_image\" \/>\n<meta name=\"twitter:creator\" content=\"@cfpmaresme\" \/>\n<meta name=\"twitter:site\" content=\"@cfpmaresme\" \/>\n<meta name=\"twitter:label1\" content=\"Escrito por\" \/>\n\t<meta name=\"twitter:data1\" content=\"CFPMaresme\" \/>\n\t<meta name=\"twitter:label2\" content=\"Tiempo de lectura\" \/>\n\t<meta name=\"twitter:data2\" content=\"8 minutos\" \/>\n<script type=\"application\/ld+json\" class=\"yoast-schema-graph\">{\"@context\":\"https:\\\/\\\/schema.org\",\"@graph\":[{\"@type\":\"Article\",\"@id\":\"https:\\\/\\\/cfpmaresme.org\\\/es\\\/la-aplicacion-de-la-inteligencia-artificial-en-el-campo-de-la-salud-mental\\\/#article\",\"isPartOf\":{\"@id\":\"https:\\\/\\\/cfpmaresme.org\\\/es\\\/la-aplicacion-de-la-inteligencia-artificial-en-el-campo-de-la-salud-mental\\\/\"},\"author\":{\"name\":\"CFPMaresme\",\"@id\":\"https:\\\/\\\/cfpmaresme.org\\\/#\\\/schema\\\/person\\\/b2634bcd796fafc667ea4055f61b9b2c\"},\"headline\":\"LA APLICACI\u00d3N DE LA INTELIGENCIA ARTIFICIAL EN EL CAMPO DE LA SALUD MENTAL\",\"datePublished\":\"2025-01-10T09:02:09+00:00\",\"dateModified\":\"2025-01-10T09:22:25+00:00\",\"mainEntityOfPage\":{\"@id\":\"https:\\\/\\\/cfpmaresme.org\\\/es\\\/la-aplicacion-de-la-inteligencia-artificial-en-el-campo-de-la-salud-mental\\\/\"},\"wordCount\":1453,\"image\":{\"@id\":\"https:\\\/\\\/cfpmaresme.org\\\/es\\\/la-aplicacion-de-la-inteligencia-artificial-en-el-campo-de-la-salud-mental\\\/#primaryimage\"},\"thumbnailUrl\":\"https:\\\/\\\/cfpmaresme.org\\\/wp-content\\\/uploads\\\/2025\\\/01\\\/Banner_-en-cast-scaled.jpg\",\"articleSection\":[\"Art\u00edculos profesionales\"],\"inLanguage\":\"es\"},{\"@type\":\"WebPage\",\"@id\":\"https:\\\/\\\/cfpmaresme.org\\\/es\\\/la-aplicacion-de-la-inteligencia-artificial-en-el-campo-de-la-salud-mental\\\/\",\"url\":\"https:\\\/\\\/cfpmaresme.org\\\/es\\\/la-aplicacion-de-la-inteligencia-artificial-en-el-campo-de-la-salud-mental\\\/\",\"name\":\"LA APLICACI\u00d3N DE LA INTELIGENCIA ARTIFICIAL EN EL CAMPO DE LA SALUD MENTAL | CFP Maresme\",\"isPartOf\":{\"@id\":\"https:\\\/\\\/cfpmaresme.org\\\/#website\"},\"primaryImageOfPage\":{\"@id\":\"https:\\\/\\\/cfpmaresme.org\\\/es\\\/la-aplicacion-de-la-inteligencia-artificial-en-el-campo-de-la-salud-mental\\\/#primaryimage\"},\"image\":{\"@id\":\"https:\\\/\\\/cfpmaresme.org\\\/es\\\/la-aplicacion-de-la-inteligencia-artificial-en-el-campo-de-la-salud-mental\\\/#primaryimage\"},\"thumbnailUrl\":\"https:\\\/\\\/cfpmaresme.org\\\/wp-content\\\/uploads\\\/2025\\\/01\\\/Banner_-en-cast-scaled.jpg\",\"datePublished\":\"2025-01-10T09:02:09+00:00\",\"dateModified\":\"2025-01-10T09:22:25+00:00\",\"author\":{\"@id\":\"https:\\\/\\\/cfpmaresme.org\\\/#\\\/schema\\\/person\\\/b2634bcd796fafc667ea4055f61b9b2c\"},\"breadcrumb\":{\"@id\":\"https:\\\/\\\/cfpmaresme.org\\\/es\\\/la-aplicacion-de-la-inteligencia-artificial-en-el-campo-de-la-salud-mental\\\/#breadcrumb\"},\"inLanguage\":\"es\",\"potentialAction\":[{\"@type\":\"ReadAction\",\"target\":[\"https:\\\/\\\/cfpmaresme.org\\\/es\\\/la-aplicacion-de-la-inteligencia-artificial-en-el-campo-de-la-salud-mental\\\/\"]}]},{\"@type\":\"ImageObject\",\"inLanguage\":\"es\",\"@id\":\"https:\\\/\\\/cfpmaresme.org\\\/es\\\/la-aplicacion-de-la-inteligencia-artificial-en-el-campo-de-la-salud-mental\\\/#primaryimage\",\"url\":\"https:\\\/\\\/cfpmaresme.org\\\/wp-content\\\/uploads\\\/2025\\\/01\\\/Banner_-en-cast-scaled.jpg\",\"contentUrl\":\"https:\\\/\\\/cfpmaresme.org\\\/wp-content\\\/uploads\\\/2025\\\/01\\\/Banner_-en-cast-scaled.jpg\",\"width\":2560,\"height\":1280},{\"@type\":\"BreadcrumbList\",\"@id\":\"https:\\\/\\\/cfpmaresme.org\\\/es\\\/la-aplicacion-de-la-inteligencia-artificial-en-el-campo-de-la-salud-mental\\\/#breadcrumb\",\"itemListElement\":[{\"@type\":\"ListItem\",\"position\":1,\"name\":\"Home\",\"item\":\"https:\\\/\\\/cfpmaresme.org\\\/es\\\/\"},{\"@type\":\"ListItem\",\"position\":2,\"name\":\"LA APLICACI\u00d3N DE LA INTELIGENCIA ARTIFICIAL EN EL CAMPO DE LA SALUD MENTAL\"}]},{\"@type\":\"WebSite\",\"@id\":\"https:\\\/\\\/cfpmaresme.org\\\/#website\",\"url\":\"https:\\\/\\\/cfpmaresme.org\\\/\",\"name\":\"CFP Maresme\",\"description\":\"Centre Formaci\u00f3 Prevenci\u00f3\",\"potentialAction\":[{\"@type\":\"SearchAction\",\"target\":{\"@type\":\"EntryPoint\",\"urlTemplate\":\"https:\\\/\\\/cfpmaresme.org\\\/?s={search_term_string}\"},\"query-input\":{\"@type\":\"PropertyValueSpecification\",\"valueRequired\":true,\"valueName\":\"search_term_string\"}}],\"inLanguage\":\"es\"},{\"@type\":\"Person\",\"@id\":\"https:\\\/\\\/cfpmaresme.org\\\/#\\\/schema\\\/person\\\/b2634bcd796fafc667ea4055f61b9b2c\",\"name\":\"CFPMaresme\"}]}<\/script>\n<!-- \/ Yoast SEO plugin. -->","yoast_head_json":{"title":"LA APLICACI\u00d3N DE LA INTELIGENCIA ARTIFICIAL EN EL CAMPO DE LA SALUD MENTAL | CFP Maresme","robots":{"index":"index","follow":"follow","max-snippet":"max-snippet:-1","max-image-preview":"max-image-preview:large","max-video-preview":"max-video-preview:-1"},"canonical":"https:\/\/cfpmaresme.org\/es\/la-aplicacion-de-la-inteligencia-artificial-en-el-campo-de-la-salud-mental\/","og_locale":"es_ES","og_type":"article","og_title":"LA APLICACI\u00d3N DE LA INTELIGENCIA ARTIFICIAL EN EL CAMPO DE LA SALUD MENTAL | CFP Maresme","og_description":"Por Laura G\u00f3mez Quijada, psic\u00f3loga sanitaria colegiada n\u00fam. 22965 con orientaci\u00f3n psicoanal\u00edtica. Jefa del Servei de Rehabilitaci\u00f3 Comunit\u00e0ria (SRC) Burriac de Premi\u00e0 de Mar, del Centre Formaci\u00f3 i Prevenci\u00f3, desde su inicio en 2002. M\u00e1s de 25 a\u00f1os de experiencia en la atenci\u00f3n a personas...","og_url":"https:\/\/cfpmaresme.org\/es\/la-aplicacion-de-la-inteligencia-artificial-en-el-campo-de-la-salud-mental\/","og_site_name":"CFP Maresme","article_published_time":"2025-01-10T09:02:09+00:00","article_modified_time":"2025-01-10T09:22:25+00:00","og_image":[{"width":2560,"height":1280,"url":"https:\/\/cfpmaresme.org\/wp-content\/uploads\/2025\/01\/Banner_-en-cast-scaled.jpg","type":"image\/jpeg"}],"author":"CFPMaresme","twitter_card":"summary_large_image","twitter_creator":"@cfpmaresme","twitter_site":"@cfpmaresme","twitter_misc":{"Escrito por":"CFPMaresme","Tiempo de lectura":"8 minutos"},"schema":{"@context":"https:\/\/schema.org","@graph":[{"@type":"Article","@id":"https:\/\/cfpmaresme.org\/es\/la-aplicacion-de-la-inteligencia-artificial-en-el-campo-de-la-salud-mental\/#article","isPartOf":{"@id":"https:\/\/cfpmaresme.org\/es\/la-aplicacion-de-la-inteligencia-artificial-en-el-campo-de-la-salud-mental\/"},"author":{"name":"CFPMaresme","@id":"https:\/\/cfpmaresme.org\/#\/schema\/person\/b2634bcd796fafc667ea4055f61b9b2c"},"headline":"LA APLICACI\u00d3N DE LA INTELIGENCIA ARTIFICIAL EN EL CAMPO DE LA SALUD MENTAL","datePublished":"2025-01-10T09:02:09+00:00","dateModified":"2025-01-10T09:22:25+00:00","mainEntityOfPage":{"@id":"https:\/\/cfpmaresme.org\/es\/la-aplicacion-de-la-inteligencia-artificial-en-el-campo-de-la-salud-mental\/"},"wordCount":1453,"image":{"@id":"https:\/\/cfpmaresme.org\/es\/la-aplicacion-de-la-inteligencia-artificial-en-el-campo-de-la-salud-mental\/#primaryimage"},"thumbnailUrl":"https:\/\/cfpmaresme.org\/wp-content\/uploads\/2025\/01\/Banner_-en-cast-scaled.jpg","articleSection":["Art\u00edculos profesionales"],"inLanguage":"es"},{"@type":"WebPage","@id":"https:\/\/cfpmaresme.org\/es\/la-aplicacion-de-la-inteligencia-artificial-en-el-campo-de-la-salud-mental\/","url":"https:\/\/cfpmaresme.org\/es\/la-aplicacion-de-la-inteligencia-artificial-en-el-campo-de-la-salud-mental\/","name":"LA APLICACI\u00d3N DE LA INTELIGENCIA ARTIFICIAL EN EL CAMPO DE LA SALUD MENTAL | CFP Maresme","isPartOf":{"@id":"https:\/\/cfpmaresme.org\/#website"},"primaryImageOfPage":{"@id":"https:\/\/cfpmaresme.org\/es\/la-aplicacion-de-la-inteligencia-artificial-en-el-campo-de-la-salud-mental\/#primaryimage"},"image":{"@id":"https:\/\/cfpmaresme.org\/es\/la-aplicacion-de-la-inteligencia-artificial-en-el-campo-de-la-salud-mental\/#primaryimage"},"thumbnailUrl":"https:\/\/cfpmaresme.org\/wp-content\/uploads\/2025\/01\/Banner_-en-cast-scaled.jpg","datePublished":"2025-01-10T09:02:09+00:00","dateModified":"2025-01-10T09:22:25+00:00","author":{"@id":"https:\/\/cfpmaresme.org\/#\/schema\/person\/b2634bcd796fafc667ea4055f61b9b2c"},"breadcrumb":{"@id":"https:\/\/cfpmaresme.org\/es\/la-aplicacion-de-la-inteligencia-artificial-en-el-campo-de-la-salud-mental\/#breadcrumb"},"inLanguage":"es","potentialAction":[{"@type":"ReadAction","target":["https:\/\/cfpmaresme.org\/es\/la-aplicacion-de-la-inteligencia-artificial-en-el-campo-de-la-salud-mental\/"]}]},{"@type":"ImageObject","inLanguage":"es","@id":"https:\/\/cfpmaresme.org\/es\/la-aplicacion-de-la-inteligencia-artificial-en-el-campo-de-la-salud-mental\/#primaryimage","url":"https:\/\/cfpmaresme.org\/wp-content\/uploads\/2025\/01\/Banner_-en-cast-scaled.jpg","contentUrl":"https:\/\/cfpmaresme.org\/wp-content\/uploads\/2025\/01\/Banner_-en-cast-scaled.jpg","width":2560,"height":1280},{"@type":"BreadcrumbList","@id":"https:\/\/cfpmaresme.org\/es\/la-aplicacion-de-la-inteligencia-artificial-en-el-campo-de-la-salud-mental\/#breadcrumb","itemListElement":[{"@type":"ListItem","position":1,"name":"Home","item":"https:\/\/cfpmaresme.org\/es\/"},{"@type":"ListItem","position":2,"name":"LA APLICACI\u00d3N DE LA INTELIGENCIA ARTIFICIAL EN EL CAMPO DE LA SALUD MENTAL"}]},{"@type":"WebSite","@id":"https:\/\/cfpmaresme.org\/#website","url":"https:\/\/cfpmaresme.org\/","name":"CFP Maresme","description":"Centre Formaci\u00f3 Prevenci\u00f3","potentialAction":[{"@type":"SearchAction","target":{"@type":"EntryPoint","urlTemplate":"https:\/\/cfpmaresme.org\/?s={search_term_string}"},"query-input":{"@type":"PropertyValueSpecification","valueRequired":true,"valueName":"search_term_string"}}],"inLanguage":"es"},{"@type":"Person","@id":"https:\/\/cfpmaresme.org\/#\/schema\/person\/b2634bcd796fafc667ea4055f61b9b2c","name":"CFPMaresme"}]}},"_links":{"self":[{"href":"https:\/\/cfpmaresme.org\/es\/wp-json\/wp\/v2\/posts\/95082","targetHints":{"allow":["GET"]}}],"collection":[{"href":"https:\/\/cfpmaresme.org\/es\/wp-json\/wp\/v2\/posts"}],"about":[{"href":"https:\/\/cfpmaresme.org\/es\/wp-json\/wp\/v2\/types\/post"}],"author":[{"embeddable":true,"href":"https:\/\/cfpmaresme.org\/es\/wp-json\/wp\/v2\/users\/2"}],"replies":[{"embeddable":true,"href":"https:\/\/cfpmaresme.org\/es\/wp-json\/wp\/v2\/comments?post=95082"}],"version-history":[{"count":5,"href":"https:\/\/cfpmaresme.org\/es\/wp-json\/wp\/v2\/posts\/95082\/revisions"}],"predecessor-version":[{"id":95087,"href":"https:\/\/cfpmaresme.org\/es\/wp-json\/wp\/v2\/posts\/95082\/revisions\/95087"}],"wp:featuredmedia":[{"embeddable":true,"href":"https:\/\/cfpmaresme.org\/es\/wp-json\/wp\/v2\/media\/95090"}],"wp:attachment":[{"href":"https:\/\/cfpmaresme.org\/es\/wp-json\/wp\/v2\/media?parent=95082"}],"wp:term":[{"taxonomy":"category","embeddable":true,"href":"https:\/\/cfpmaresme.org\/es\/wp-json\/wp\/v2\/categories?post=95082"},{"taxonomy":"post_tag","embeddable":true,"href":"https:\/\/cfpmaresme.org\/es\/wp-json\/wp\/v2\/tags?post=95082"}],"curies":[{"name":"wp","href":"https:\/\/api.w.org\/{rel}","templated":true}]}}